{"id":25590,"date":"2014-10-21T22:11:19","date_gmt":"2014-10-22T01:11:19","guid":{"rendered":"http:\/\/www.notibras.com\/site\/?p=25590"},"modified":"2014-10-21T22:12:09","modified_gmt":"2014-10-22T01:12:09","slug":"embraer-apresenta-o-kc-390-uma-especie-de-quartel-ambulante","status":"publish","type":"post","link":"https:\/\/www.notibras.com\/site\/embraer-apresenta-o-kc-390-uma-especie-de-quartel-ambulante\/","title":{"rendered":"Embraer apresenta o KC-390, uma esp\u00e9cie de &#8220;quartel ambulante&#8221;"},"content":{"rendered":"<p>A Empresa Brasileira de Aeron\u00e1utica (Embraer) lan\u00e7ou nesta ter\u00e7a 21 o primeiro prot\u00f3tipo do avi\u00e3o de transporte militar KC-390, que \u00e9 produzido na unidade de Gavi\u00e3o Peixoto (SP) . Conforme o Minist\u00e9rio da Defesa, esta \u00e9 a maior e mais moderna aeronave j\u00e1 fabricada no pa\u00eds.<\/p>\n<p>O prot\u00f3tipo \u00e9 um projeto conjunto entre a Embraer e a For\u00e7a A\u00e9rea Brasileira (FAB) e foi apresentado hoje \u00e0 imprensa, durante evento que contou com as presen\u00e7as do ministro da Defesa, Celso Amorim, e do comandante da FAB, tenente-brigadeiro do ar Juniti Saito. &#8220;Momentos como este nos enchem de orgulho. Esta aeronave \u00e9 um prod\u00edgio de avan\u00e7o tecnol\u00f3gico&#8221;, disse o ministro.<\/p>\n<p>Segundo a companhia, a aeronave ainda deve passar por testes em solo antes de fazer seu primeiro voo, previsto para ocorrer at\u00e9 o fim do ano. \u201cO KC-390 ser\u00e1 a espinha dorsal da avia\u00e7\u00e3o de transporte da FAB. Ele poder\u00e1 operar tanto na Amaz\u00f4nia quanto na Ant\u00e1rtida. As turbinas a jato conferem bastante agilidade ao avi\u00e3o, que cumprir\u00e1 todas as miss\u00f5es com mais agilidade\u201d, salientou o comandante da Aeron\u00e1utica.<\/p>\n<blockquote><p>De acordo com o Minist\u00e9rio da Defesa, o KC-390 \u00e9 capaz de levar tropas a qualquer regi\u00e3o do pa\u00eds com rapidez. Al\u00e9m disso, pode transportar equipamentos militares desmontados, tais como o novo blindado Guarani, produzido para o Ex\u00e9rcito Brasileiro. Ele substituir\u00e1 o Hercules C-130, que \u00e9 utilizado em opera\u00e7\u00f5es como miss\u00f5es de busca e reabastecimento de outras aeronaves em voo.<\/p><\/blockquote>\n<p>Representantes da Embraer revelaram que este \u00e9 o primeiro de dois prot\u00f3tipos que ser\u00e3o usados \u201cnas campanhas de desenvolvimento, testes de solo e de voo e certifica\u00e7\u00e3o\u201d. Segundo a empresa, trata-se de um avi\u00e3o de transporte militar t\u00e1tico e de reabastecimento em voo, que \u201crepresenta um avan\u00e7o significativo em termos de tecnologia e inova\u00e7\u00e3o para a ind\u00fastria aeron\u00e1utica brasileira\u201d. O KC-390 foi projetado para ter menor custo operacional e para transportar e lan\u00e7ar cargas e tropas, al\u00e9m de buscar, resgatar e combater inc\u00eandios florestais, entre outras miss\u00f5es.<\/p>\n<p>Em maio deste ano, a Embraer e a FAB assinaram contrato de produ\u00e7\u00e3o em s\u00e9rie da aeronave, com previs\u00e3o de entrega de 28 modelos para dez anos. O Minist\u00e9rio da Defesa informou que a primeira remessa est\u00e1 programada para 2016. A Embraer j\u00e1 recebeu inten\u00e7\u00f5es de compra do KC-390 de pa\u00edses como o Chile, a Argentina, Col\u00f4mbia, Rep\u00fablica Checa e Portugal.<\/p>\n<p><strong>Elaine Patr\u00edcia Cruz, ABr<\/strong><\/p>\n","protected":false},"excerpt":{"rendered":"<p>A Empresa Brasileira de Aeron\u00e1utica (Embraer) lan\u00e7ou nesta ter\u00e7a 21 o primeiro prot\u00f3tipo do avi\u00e3o de transporte militar KC-390, que \u00e9 produzido na unidade de Gavi\u00e3o Peixoto (SP) . Conforme o Minist\u00e9rio da Defesa, esta \u00e9 a maior e mais moderna aeronave j\u00e1 fabricada no pa\u00eds. O prot\u00f3tipo \u00e9 um projeto conjunto entre a Embraer [&hellip;]<\/p>\n","protected":false},"author":2,"featured_media":25591,"comment_status":"open","ping_status":"closed","sticky":false,"template":"","format":"standard","meta":{"_acf_changed":false,"footnotes":""},"categories":[16],"tags":[],"class_list":["post-25590","post","type-post","status-publish","format-standard","has-post-thumbnail","hentry","category-brasil"],"acf":[],"yoast_head":"<!-- This site is optimized with the Yoast SEO plugin v27.5 - https:\/\/yoast.com\/product\/yoast-seo-wordpress\/ -->\n<title>Embraer apresenta o KC-390, uma esp\u00e9cie de &quot;quartel ambulante&quot; - Notibras<\/title>\n<meta name=\"robots\" content=\"index, follow, max-snippet:-1, max-image-preview:large, max-video-preview:-1\" \/>\n<link rel=\"canonical\" href=\"https:\/\/www.notibras.com\/site\/embraer-apresenta-o-kc-390-uma-especie-de-quartel-ambulante\/\" \/>\n<meta property=\"og:locale\" content=\"pt_BR\" \/>\n<meta property=\"og:type\" content=\"article\" \/>\n<meta property=\"og:title\" content=\"Embraer apresenta o KC-390, uma esp\u00e9cie de &quot;quartel ambulante&quot; - Notibras\" \/>\n<meta property=\"og:description\" content=\"A Empresa Brasileira de Aeron\u00e1utica (Embraer) lan\u00e7ou nesta ter\u00e7a 21 o primeiro prot\u00f3tipo do avi\u00e3o de transporte militar KC-390, que \u00e9 produzido na unidade de Gavi\u00e3o Peixoto (SP) . Conforme o Minist\u00e9rio da Defesa, esta \u00e9 a maior e mais moderna aeronave j\u00e1 fabricada no pa\u00eds. O prot\u00f3tipo \u00e9 um projeto conjunto entre a Embraer [&hellip;]\" \/>\n<meta property=\"og:url\" content=\"https:\/\/www.notibras.com\/site\/embraer-apresenta-o-kc-390-uma-especie-de-quartel-ambulante\/\" \/>\n<meta property=\"og:site_name\" content=\"Notibras\" \/>\n<meta property=\"article:publisher\" content=\"https:\/\/www.facebook.com\/notibras\/\" \/>\n<meta property=\"article:published_time\" content=\"2014-10-22T01:11:19+00:00\" \/>\n<meta property=\"article:modified_time\" content=\"2014-10-22T01:12:09+00:00\" \/>\n<meta property=\"og:image\" content=\"https:\/\/www.notibras.com\/site\/wp-content\/uploads\/2014\/10\/kc390.jpg\" \/>\n\t<meta property=\"og:image:width\" content=\"580\" \/>\n\t<meta property=\"og:image:height\" content=\"388\" \/>\n\t<meta property=\"og:image:type\" content=\"image\/jpeg\" \/>\n<meta name=\"author\" content=\"Reda\u00e7\u00e3o\" \/>\n<meta name=\"twitter:card\" content=\"summary_large_image\" \/>\n<meta name=\"twitter:creator\" content=\"@Notibras\" \/>\n<meta name=\"twitter:site\" content=\"@Notibras\" \/>\n<meta name=\"twitter:label1\" content=\"Escrito por\" \/>\n\t<meta name=\"twitter:data1\" content=\"Reda\u00e7\u00e3o\" \/>\n\t<meta name=\"twitter:label2\" content=\"Est. tempo de leitura\" \/>\n\t<meta name=\"twitter:data2\" content=\"2 minutos\" \/>\n<script type=\"application\/ld+json\" class=\"yoast-schema-graph\">{\"@context\":\"https:\\\/\\\/schema.org\",\"@graph\":[{\"@type\":\"Article\",\"@id\":\"https:\\\/\\\/www.notibras.com\\\/site\\\/embraer-apresenta-o-kc-390-uma-especie-de-quartel-ambulante\\\/#article\",\"isPartOf\":{\"@id\":\"https:\\\/\\\/www.notibras.com\\\/site\\\/embraer-apresenta-o-kc-390-uma-especie-de-quartel-ambulante\\\/\"},\"author\":{\"name\":\"Reda\u00e7\u00e3o\",\"@id\":\"https:\\\/\\\/www.notibras.com\\\/site\\\/#\\\/schema\\\/person\\\/36ab0979449956132d3e5b517ea76ac8\"},\"headline\":\"Embraer apresenta o KC-390, uma esp\u00e9cie de &#8220;quartel ambulante&#8221;\",\"datePublished\":\"2014-10-22T01:11:19+00:00\",\"dateModified\":\"2014-10-22T01:12:09+00:00\",\"mainEntityOfPage\":{\"@id\":\"https:\\\/\\\/www.notibras.com\\\/site\\\/embraer-apresenta-o-kc-390-uma-especie-de-quartel-ambulante\\\/\"},\"wordCount\":437,\"commentCount\":0,\"publisher\":{\"@id\":\"https:\\\/\\\/www.notibras.com\\\/site\\\/#organization\"},\"image\":{\"@id\":\"https:\\\/\\\/www.notibras.com\\\/site\\\/embraer-apresenta-o-kc-390-uma-especie-de-quartel-ambulante\\\/#primaryimage\"},\"thumbnailUrl\":\"https:\\\/\\\/www.notibras.com\\\/site\\\/wp-content\\\/uploads\\\/2014\\\/10\\\/kc390.jpg\",\"articleSection\":[\"Brasil\"],\"inLanguage\":\"pt-BR\",\"potentialAction\":[{\"@type\":\"CommentAction\",\"name\":\"Comment\",\"target\":[\"https:\\\/\\\/www.notibras.com\\\/site\\\/embraer-apresenta-o-kc-390-uma-especie-de-quartel-ambulante\\\/#respond\"]}]},{\"@type\":\"WebPage\",\"@id\":\"https:\\\/\\\/www.notibras.com\\\/site\\\/embraer-apresenta-o-kc-390-uma-especie-de-quartel-ambulante\\\/\",\"url\":\"https:\\\/\\\/www.notibras.com\\\/site\\\/embraer-apresenta-o-kc-390-uma-especie-de-quartel-ambulante\\\/\",\"name\":\"Embraer apresenta o KC-390, uma esp\u00e9cie de \\\"quartel ambulante\\\" - Notibras\",\"isPartOf\":{\"@id\":\"https:\\\/\\\/www.notibras.com\\\/site\\\/#website\"},\"primaryImageOfPage\":{\"@id\":\"https:\\\/\\\/www.notibras.com\\\/site\\\/embraer-apresenta-o-kc-390-uma-especie-de-quartel-ambulante\\\/#primaryimage\"},\"image\":{\"@id\":\"https:\\\/\\\/www.notibras.com\\\/site\\\/embraer-apresenta-o-kc-390-uma-especie-de-quartel-ambulante\\\/#primaryimage\"},\"thumbnailUrl\":\"https:\\\/\\\/www.notibras.com\\\/site\\\/wp-content\\\/uploads\\\/2014\\\/10\\\/kc390.jpg\",\"datePublished\":\"2014-10-22T01:11:19+00:00\",\"dateModified\":\"2014-10-22T01:12:09+00:00\",\"breadcrumb\":{\"@id\":\"https:\\\/\\\/www.notibras.com\\\/site\\\/embraer-apresenta-o-kc-390-uma-especie-de-quartel-ambulante\\\/#breadcrumb\"},\"inLanguage\":\"pt-BR\",\"potentialAction\":[{\"@type\":\"ReadAction\",\"target\":[\"https:\\\/\\\/www.notibras.com\\\/site\\\/embraer-apresenta-o-kc-390-uma-especie-de-quartel-ambulante\\\/\"]}]},{\"@type\":\"ImageObject\",\"inLanguage\":\"pt-BR\",\"@id\":\"https:\\\/\\\/www.notibras.com\\\/site\\\/embraer-apresenta-o-kc-390-uma-especie-de-quartel-ambulante\\\/#primaryimage\",\"url\":\"https:\\\/\\\/www.notibras.com\\\/site\\\/wp-content\\\/uploads\\\/2014\\\/10\\\/kc390.jpg\",\"contentUrl\":\"https:\\\/\\\/www.notibras.com\\\/site\\\/wp-content\\\/uploads\\\/2014\\\/10\\\/kc390.jpg\",\"width\":580,\"height\":388},{\"@type\":\"BreadcrumbList\",\"@id\":\"https:\\\/\\\/www.notibras.com\\\/site\\\/embraer-apresenta-o-kc-390-uma-especie-de-quartel-ambulante\\\/#breadcrumb\",\"itemListElement\":[{\"@type\":\"ListItem\",\"position\":1,\"name\":\"In\u00edcio\",\"item\":\"https:\\\/\\\/www.notibras.com\\\/site\\\/\"},{\"@type\":\"ListItem\",\"position\":2,\"name\":\"Embraer apresenta o KC-390, uma esp\u00e9cie de &#8220;quartel ambulante&#8221;\"}]},{\"@type\":\"WebSite\",\"@id\":\"https:\\\/\\\/www.notibras.com\\\/site\\\/#website\",\"url\":\"https:\\\/\\\/www.notibras.com\\\/site\\\/\",\"name\":\"Notibras\",\"description\":\"Not\u00edcias de Bras\u00edlia, do Brasil e do Mundo\",\"publisher\":{\"@id\":\"https:\\\/\\\/www.notibras.com\\\/site\\\/#organization\"},\"potentialAction\":[{\"@type\":\"SearchAction\",\"target\":{\"@type\":\"EntryPoint\",\"urlTemplate\":\"https:\\\/\\\/www.notibras.com\\\/site\\\/?s={search_term_string}\"},\"query-input\":{\"@type\":\"PropertyValueSpecification\",\"valueRequired\":true,\"valueName\":\"search_term_string\"}}],\"inLanguage\":\"pt-BR\"},{\"@type\":\"Organization\",\"@id\":\"https:\\\/\\\/www.notibras.com\\\/site\\\/#organization\",\"name\":\"Grupo Notibras de Comunica\u00e7\u00e3o\",\"url\":\"https:\\\/\\\/www.notibras.com\\\/site\\\/\",\"logo\":{\"@type\":\"ImageObject\",\"inLanguage\":\"pt-BR\",\"@id\":\"https:\\\/\\\/www.notibras.com\\\/site\\\/#\\\/schema\\\/logo\\\/image\\\/\",\"url\":\"https:\\\/\\\/www.notibras.com\\\/site\\\/wp-content\\\/uploads\\\/2023\\\/01\\\/notibras23.png\",\"contentUrl\":\"https:\\\/\\\/www.notibras.com\\\/site\\\/wp-content\\\/uploads\\\/2023\\\/01\\\/notibras23.png\",\"width\":350,\"height\":87,\"caption\":\"Grupo Notibras de Comunica\u00e7\u00e3o\"},\"image\":{\"@id\":\"https:\\\/\\\/www.notibras.com\\\/site\\\/#\\\/schema\\\/logo\\\/image\\\/\"},\"sameAs\":[\"https:\\\/\\\/www.facebook.com\\\/notibras\\\/\",\"https:\\\/\\\/x.com\\\/Notibras\",\"https:\\\/\\\/www.instagram.com\\\/notibras\\\/\"]},{\"@type\":\"Person\",\"@id\":\"https:\\\/\\\/www.notibras.com\\\/site\\\/#\\\/schema\\\/person\\\/36ab0979449956132d3e5b517ea76ac8\",\"name\":\"Reda\u00e7\u00e3o\",\"image\":{\"@type\":\"ImageObject\",\"inLanguage\":\"pt-BR\",\"@id\":\"https:\\\/\\\/secure.gravatar.com\\\/avatar\\\/e0a867bdedb85fd243eadf09663511f96fc81e0720a4a42581f334ad4303aa6b?s=96&d=mm&r=g\",\"url\":\"https:\\\/\\\/secure.gravatar.com\\\/avatar\\\/e0a867bdedb85fd243eadf09663511f96fc81e0720a4a42581f334ad4303aa6b?s=96&d=mm&r=g\",\"contentUrl\":\"https:\\\/\\\/secure.gravatar.com\\\/avatar\\\/e0a867bdedb85fd243eadf09663511f96fc81e0720a4a42581f334ad4303aa6b?s=96&d=mm&r=g\",\"caption\":\"Reda\u00e7\u00e3o\"}}]}<\/script>\n<!-- \/ Yoast SEO plugin. -->","yoast_head_json":{"title":"Embraer apresenta o KC-390, uma esp\u00e9cie de \"quartel ambulante\" - Notibras","robots":{"index":"index","follow":"follow","max-snippet":"max-snippet:-1","max-image-preview":"max-image-preview:large","max-video-preview":"max-video-preview:-1"},"canonical":"https:\/\/www.notibras.com\/site\/embraer-apresenta-o-kc-390-uma-especie-de-quartel-ambulante\/","og_locale":"pt_BR","og_type":"article","og_title":"Embraer apresenta o KC-390, uma esp\u00e9cie de \"quartel ambulante\" - Notibras","og_description":"A Empresa Brasileira de Aeron\u00e1utica (Embraer) lan\u00e7ou nesta ter\u00e7a 21 o primeiro prot\u00f3tipo do avi\u00e3o de transporte militar KC-390, que \u00e9 produzido na unidade de Gavi\u00e3o Peixoto (SP) . Conforme o Minist\u00e9rio da Defesa, esta \u00e9 a maior e mais moderna aeronave j\u00e1 fabricada no pa\u00eds. O prot\u00f3tipo \u00e9 um projeto conjunto entre a Embraer [&hellip;]","og_url":"https:\/\/www.notibras.com\/site\/embraer-apresenta-o-kc-390-uma-especie-de-quartel-ambulante\/","og_site_name":"Notibras","article_publisher":"https:\/\/www.facebook.com\/notibras\/","article_published_time":"2014-10-22T01:11:19+00:00","article_modified_time":"2014-10-22T01:12:09+00:00","og_image":[{"width":580,"height":388,"url":"https:\/\/www.notibras.com\/site\/wp-content\/uploads\/2014\/10\/kc390.jpg","type":"image\/jpeg"}],"author":"Reda\u00e7\u00e3o","twitter_card":"summary_large_image","twitter_creator":"@Notibras","twitter_site":"@Notibras","twitter_misc":{"Escrito por":"Reda\u00e7\u00e3o","Est. tempo de leitura":"2 minutos"},"schema":{"@context":"https:\/\/schema.org","@graph":[{"@type":"Article","@id":"https:\/\/www.notibras.com\/site\/embraer-apresenta-o-kc-390-uma-especie-de-quartel-ambulante\/#article","isPartOf":{"@id":"https:\/\/www.notibras.com\/site\/embraer-apresenta-o-kc-390-uma-especie-de-quartel-ambulante\/"},"author":{"name":"Reda\u00e7\u00e3o","@id":"https:\/\/www.notibras.com\/site\/#\/schema\/person\/36ab0979449956132d3e5b517ea76ac8"},"headline":"Embraer apresenta o KC-390, uma esp\u00e9cie de &#8220;quartel ambulante&#8221;","datePublished":"2014-10-22T01:11:19+00:00","dateModified":"2014-10-22T01:12:09+00:00","mainEntityOfPage":{"@id":"https:\/\/www.notibras.com\/site\/embraer-apresenta-o-kc-390-uma-especie-de-quartel-ambulante\/"},"wordCount":437,"commentCount":0,"publisher":{"@id":"https:\/\/www.notibras.com\/site\/#organization"},"image":{"@id":"https:\/\/www.notibras.com\/site\/embraer-apresenta-o-kc-390-uma-especie-de-quartel-ambulante\/#primaryimage"},"thumbnailUrl":"https:\/\/www.notibras.com\/site\/wp-content\/uploads\/2014\/10\/kc390.jpg","articleSection":["Brasil"],"inLanguage":"pt-BR","potentialAction":[{"@type":"CommentAction","name":"Comment","target":["https:\/\/www.notibras.com\/site\/embraer-apresenta-o-kc-390-uma-especie-de-quartel-ambulante\/#respond"]}]},{"@type":"WebPage","@id":"https:\/\/www.notibras.com\/site\/embraer-apresenta-o-kc-390-uma-especie-de-quartel-ambulante\/","url":"https:\/\/www.notibras.com\/site\/embraer-apresenta-o-kc-390-uma-especie-de-quartel-ambulante\/","name":"Embraer apresenta o KC-390, uma esp\u00e9cie de \"quartel ambulante\" - Notibras","isPartOf":{"@id":"https:\/\/www.notibras.com\/site\/#website"},"primaryImageOfPage":{"@id":"https:\/\/www.notibras.com\/site\/embraer-apresenta-o-kc-390-uma-especie-de-quartel-ambulante\/#primaryimage"},"image":{"@id":"https:\/\/www.notibras.com\/site\/embraer-apresenta-o-kc-390-uma-especie-de-quartel-ambulante\/#primaryimage"},"thumbnailUrl":"https:\/\/www.notibras.com\/site\/wp-content\/uploads\/2014\/10\/kc390.jpg","datePublished":"2014-10-22T01:11:19+00:00","dateModified":"2014-10-22T01:12:09+00:00","breadcrumb":{"@id":"https:\/\/www.notibras.com\/site\/embraer-apresenta-o-kc-390-uma-especie-de-quartel-ambulante\/#breadcrumb"},"inLanguage":"pt-BR","potentialAction":[{"@type":"ReadAction","target":["https:\/\/www.notibras.com\/site\/embraer-apresenta-o-kc-390-uma-especie-de-quartel-ambulante\/"]}]},{"@type":"ImageObject","inLanguage":"pt-BR","@id":"https:\/\/www.notibras.com\/site\/embraer-apresenta-o-kc-390-uma-especie-de-quartel-ambulante\/#primaryimage","url":"https:\/\/www.notibras.com\/site\/wp-content\/uploads\/2014\/10\/kc390.jpg","contentUrl":"https:\/\/www.notibras.com\/site\/wp-content\/uploads\/2014\/10\/kc390.jpg","width":580,"height":388},{"@type":"BreadcrumbList","@id":"https:\/\/www.notibras.com\/site\/embraer-apresenta-o-kc-390-uma-especie-de-quartel-ambulante\/#breadcrumb","itemListElement":[{"@type":"ListItem","position":1,"name":"In\u00edcio","item":"https:\/\/www.notibras.com\/site\/"},{"@type":"ListItem","position":2,"name":"Embraer apresenta o KC-390, uma esp\u00e9cie de &#8220;quartel ambulante&#8221;"}]},{"@type":"WebSite","@id":"https:\/\/www.notibras.com\/site\/#website","url":"https:\/\/www.notibras.com\/site\/","name":"Notibras","description":"Not\u00edcias de Bras\u00edlia, do Brasil e do Mundo","publisher":{"@id":"https:\/\/www.notibras.com\/site\/#organization"},"potentialAction":[{"@type":"SearchAction","target":{"@type":"EntryPoint","urlTemplate":"https:\/\/www.notibras.com\/site\/?s={search_term_string}"},"query-input":{"@type":"PropertyValueSpecification","valueRequired":true,"valueName":"search_term_string"}}],"inLanguage":"pt-BR"},{"@type":"Organization","@id":"https:\/\/www.notibras.com\/site\/#organization","name":"Grupo Notibras de Comunica\u00e7\u00e3o","url":"https:\/\/www.notibras.com\/site\/","logo":{"@type":"ImageObject","inLanguage":"pt-BR","@id":"https:\/\/www.notibras.com\/site\/#\/schema\/logo\/image\/","url":"https:\/\/www.notibras.com\/site\/wp-content\/uploads\/2023\/01\/notibras23.png","contentUrl":"https:\/\/www.notibras.com\/site\/wp-content\/uploads\/2023\/01\/notibras23.png","width":350,"height":87,"caption":"Grupo Notibras de Comunica\u00e7\u00e3o"},"image":{"@id":"https:\/\/www.notibras.com\/site\/#\/schema\/logo\/image\/"},"sameAs":["https:\/\/www.facebook.com\/notibras\/","https:\/\/x.com\/Notibras","https:\/\/www.instagram.com\/notibras\/"]},{"@type":"Person","@id":"https:\/\/www.notibras.com\/site\/#\/schema\/person\/36ab0979449956132d3e5b517ea76ac8","name":"Reda\u00e7\u00e3o","image":{"@type":"ImageObject","inLanguage":"pt-BR","@id":"https:\/\/secure.gravatar.com\/avatar\/e0a867bdedb85fd243eadf09663511f96fc81e0720a4a42581f334ad4303aa6b?s=96&d=mm&r=g","url":"https:\/\/secure.gravatar.com\/avatar\/e0a867bdedb85fd243eadf09663511f96fc81e0720a4a42581f334ad4303aa6b?s=96&d=mm&r=g","contentUrl":"https:\/\/secure.gravatar.com\/avatar\/e0a867bdedb85fd243eadf09663511f96fc81e0720a4a42581f334ad4303aa6b?s=96&d=mm&r=g","caption":"Reda\u00e7\u00e3o"}}]}},"amp_enabled":true,"_links":{"self":[{"href":"https:\/\/www.notibras.com\/site\/wp-json\/wp\/v2\/posts\/25590","targetHints":{"allow":["GET"]}}],"collection":[{"href":"https:\/\/www.notibras.com\/site\/wp-json\/wp\/v2\/posts"}],"about":[{"href":"https:\/\/www.notibras.com\/site\/wp-json\/wp\/v2\/types\/post"}],"author":[{"embeddable":true,"href":"https:\/\/www.notibras.com\/site\/wp-json\/wp\/v2\/users\/2"}],"replies":[{"embeddable":true,"href":"https:\/\/www.notibras.com\/site\/wp-json\/wp\/v2\/comments?post=25590"}],"version-history":[{"count":0,"href":"https:\/\/www.notibras.com\/site\/wp-json\/wp\/v2\/posts\/25590\/revisions"}],"wp:featuredmedia":[{"embeddable":true,"href":"https:\/\/www.notibras.com\/site\/wp-json\/wp\/v2\/media\/25591"}],"wp:attachment":[{"href":"https:\/\/www.notibras.com\/site\/wp-json\/wp\/v2\/media?parent=25590"}],"wp:term":[{"taxonomy":"category","embeddable":true,"href":"https:\/\/www.notibras.com\/site\/wp-json\/wp\/v2\/categories?post=25590"},{"taxonomy":"post_tag","embeddable":true,"href":"https:\/\/www.notibras.com\/site\/wp-json\/wp\/v2\/tags?post=25590"}],"curies":[{"name":"wp","href":"https:\/\/api.w.org\/{rel}","templated":true}]}}