{"id":25646,"date":"2014-10-21T22:41:44","date_gmt":"2014-10-22T01:41:44","guid":{"rendered":"http:\/\/www.notibras.com\/site\/?p=25646"},"modified":"2014-10-22T07:46:07","modified_gmt":"2014-10-22T10:46:07","slug":"dilma-pede-a-pernambucanos-que-nao-deixem-os-tucanos-voar","status":"publish","type":"post","link":"https:\/\/www.notibras.com\/site\/dilma-pede-a-pernambucanos-que-nao-deixem-os-tucanos-voar\/","title":{"rendered":"Dilma pede a pernambucanos que n\u00e3o deixem os tucanos al\u00e7ar voo"},"content":{"rendered":"<p>A presidente Dilma Rousseff (PT) pediu nesta ter\u00e7a-feira 21 aos pernambucanos que n\u00e3o deixem o retrocesso tomar conta do Brasil, em uma refer\u00eancia aos advers\u00e1rios do PSDB.<\/p>\n<p>\u201cDia 26 vamos dar uma derrota em regra nos tucanos. N\u00e3o vamos deixar nenhuma pena de tucano presa por a\u00ed. Vamos deixar elas espalhadas\u201d, alfinetou a candidata petista \u00e0 reelei\u00e7\u00e3o, em com\u00edcio no centro do Recife.<\/p>\n<blockquote><p>No discurso, a presidente repetiu que o Brasil n\u00e3o se ajoelha diante do FMI e prometeu que a mudan\u00e7a iria continuar, com mais seguran\u00e7a, mais educa\u00e7\u00e3o, mais obras, contra a \u2018heran\u00e7a maldita\u2019 dos tucanos.<\/p><\/blockquote>\n<p>Ela tamb\u00e9m disse que ajudou Pernambuco porque precisava tirar o atraso dos tucanos, al\u00e9m de ter feito uma associa\u00e7\u00e3o direta com a f\u00e1brica da Fiat, em Goiana.<\/p>\n","protected":false},"excerpt":{"rendered":"<p>A presidente Dilma Rousseff (PT) pediu nesta ter\u00e7a-feira 21 aos pernambucanos que n\u00e3o deixem o retrocesso tomar conta do Brasil, em uma refer\u00eancia aos advers\u00e1rios do PSDB. \u201cDia 26 vamos dar uma derrota em regra nos tucanos. N\u00e3o vamos deixar nenhuma pena de tucano presa por a\u00ed. Vamos deixar elas espalhadas\u201d, alfinetou a candidata petista [&hellip;]<\/p>\n","protected":false},"author":2,"featured_media":25647,"comment_status":"open","ping_status":"closed","sticky":false,"template":"","format":"standard","meta":{"_acf_changed":false,"footnotes":""},"categories":[33],"tags":[],"class_list":["post-25646","post","type-post","status-publish","format-standard","has-post-thumbnail","hentry","category-eleicoes-2014"],"acf":[],"yoast_head":"<!-- This site is optimized with the Yoast SEO plugin v27.5 - https:\/\/yoast.com\/product\/yoast-seo-wordpress\/ -->\n<title>Dilma pede a pernambucanos que n\u00e3o deixem os tucanos al\u00e7ar voo - Notibras<\/title>\n<meta name=\"robots\" content=\"index, follow, max-snippet:-1, max-image-preview:large, max-video-preview:-1\" \/>\n<link rel=\"canonical\" href=\"https:\/\/www.notibras.com\/site\/dilma-pede-a-pernambucanos-que-nao-deixem-os-tucanos-voar\/\" \/>\n<meta property=\"og:locale\" content=\"pt_BR\" \/>\n<meta property=\"og:type\" content=\"article\" \/>\n<meta property=\"og:title\" content=\"Dilma pede a pernambucanos que n\u00e3o deixem os tucanos al\u00e7ar voo - Notibras\" \/>\n<meta property=\"og:description\" content=\"A presidente Dilma Rousseff (PT) pediu nesta ter\u00e7a-feira 21 aos pernambucanos que n\u00e3o deixem o retrocesso tomar conta do Brasil, em uma refer\u00eancia aos advers\u00e1rios do PSDB. \u201cDia 26 vamos dar uma derrota em regra nos tucanos. N\u00e3o vamos deixar nenhuma pena de tucano presa por a\u00ed. Vamos deixar elas espalhadas\u201d, alfinetou a candidata petista [&hellip;]\" \/>\n<meta property=\"og:url\" content=\"https:\/\/www.notibras.com\/site\/dilma-pede-a-pernambucanos-que-nao-deixem-os-tucanos-voar\/\" \/>\n<meta property=\"og:site_name\" content=\"Notibras\" \/>\n<meta property=\"article:publisher\" content=\"https:\/\/www.facebook.com\/notibras\/\" \/>\n<meta property=\"article:published_time\" content=\"2014-10-22T01:41:44+00:00\" \/>\n<meta property=\"article:modified_time\" content=\"2014-10-22T10:46:07+00:00\" \/>\n<meta property=\"og:image\" content=\"https:\/\/www.notibras.com\/site\/wp-content\/uploads\/2014\/10\/e22.jpg\" \/>\n\t<meta property=\"og:image:width\" content=\"810\" \/>\n\t<meta property=\"og:image:height\" content=\"455\" \/>\n\t<meta property=\"og:image:type\" content=\"image\/jpeg\" \/>\n<meta name=\"author\" content=\"Reda\u00e7\u00e3o\" \/>\n<meta name=\"twitter:card\" content=\"summary_large_image\" \/>\n<meta name=\"twitter:creator\" content=\"@Notibras\" \/>\n<meta name=\"twitter:site\" content=\"@Notibras\" \/>\n<meta name=\"twitter:label1\" content=\"Escrito por\" \/>\n\t<meta name=\"twitter:data1\" content=\"Reda\u00e7\u00e3o\" \/>\n\t<meta name=\"twitter:label2\" content=\"Est. tempo de leitura\" \/>\n\t<meta name=\"twitter:data2\" content=\"1 minuto\" \/>\n<script type=\"application\/ld+json\" class=\"yoast-schema-graph\">{\"@context\":\"https:\\\/\\\/schema.org\",\"@graph\":[{\"@type\":\"Article\",\"@id\":\"https:\\\/\\\/www.notibras.com\\\/site\\\/dilma-pede-a-pernambucanos-que-nao-deixem-os-tucanos-voar\\\/#article\",\"isPartOf\":{\"@id\":\"https:\\\/\\\/www.notibras.com\\\/site\\\/dilma-pede-a-pernambucanos-que-nao-deixem-os-tucanos-voar\\\/\"},\"author\":{\"name\":\"Reda\u00e7\u00e3o\",\"@id\":\"https:\\\/\\\/www.notibras.com\\\/site\\\/#\\\/schema\\\/person\\\/36ab0979449956132d3e5b517ea76ac8\"},\"headline\":\"Dilma pede a pernambucanos que n\u00e3o deixem os tucanos al\u00e7ar voo\",\"datePublished\":\"2014-10-22T01:41:44+00:00\",\"dateModified\":\"2014-10-22T10:46:07+00:00\",\"mainEntityOfPage\":{\"@id\":\"https:\\\/\\\/www.notibras.com\\\/site\\\/dilma-pede-a-pernambucanos-que-nao-deixem-os-tucanos-voar\\\/\"},\"wordCount\":150,\"commentCount\":0,\"publisher\":{\"@id\":\"https:\\\/\\\/www.notibras.com\\\/site\\\/#organization\"},\"image\":{\"@id\":\"https:\\\/\\\/www.notibras.com\\\/site\\\/dilma-pede-a-pernambucanos-que-nao-deixem-os-tucanos-voar\\\/#primaryimage\"},\"thumbnailUrl\":\"https:\\\/\\\/www.notibras.com\\\/site\\\/wp-content\\\/uploads\\\/2014\\\/10\\\/e22.jpg\",\"articleSection\":[\"Elei\u00e7\u00f5es 2014\"],\"inLanguage\":\"pt-BR\",\"potentialAction\":[{\"@type\":\"CommentAction\",\"name\":\"Comment\",\"target\":[\"https:\\\/\\\/www.notibras.com\\\/site\\\/dilma-pede-a-pernambucanos-que-nao-deixem-os-tucanos-voar\\\/#respond\"]}]},{\"@type\":\"WebPage\",\"@id\":\"https:\\\/\\\/www.notibras.com\\\/site\\\/dilma-pede-a-pernambucanos-que-nao-deixem-os-tucanos-voar\\\/\",\"url\":\"https:\\\/\\\/www.notibras.com\\\/site\\\/dilma-pede-a-pernambucanos-que-nao-deixem-os-tucanos-voar\\\/\",\"name\":\"Dilma pede a pernambucanos que n\u00e3o deixem os tucanos al\u00e7ar voo - Notibras\",\"isPartOf\":{\"@id\":\"https:\\\/\\\/www.notibras.com\\\/site\\\/#website\"},\"primaryImageOfPage\":{\"@id\":\"https:\\\/\\\/www.notibras.com\\\/site\\\/dilma-pede-a-pernambucanos-que-nao-deixem-os-tucanos-voar\\\/#primaryimage\"},\"image\":{\"@id\":\"https:\\\/\\\/www.notibras.com\\\/site\\\/dilma-pede-a-pernambucanos-que-nao-deixem-os-tucanos-voar\\\/#primaryimage\"},\"thumbnailUrl\":\"https:\\\/\\\/www.notibras.com\\\/site\\\/wp-content\\\/uploads\\\/2014\\\/10\\\/e22.jpg\",\"datePublished\":\"2014-10-22T01:41:44+00:00\",\"dateModified\":\"2014-10-22T10:46:07+00:00\",\"breadcrumb\":{\"@id\":\"https:\\\/\\\/www.notibras.com\\\/site\\\/dilma-pede-a-pernambucanos-que-nao-deixem-os-tucanos-voar\\\/#breadcrumb\"},\"inLanguage\":\"pt-BR\",\"potentialAction\":[{\"@type\":\"ReadAction\",\"target\":[\"https:\\\/\\\/www.notibras.com\\\/site\\\/dilma-pede-a-pernambucanos-que-nao-deixem-os-tucanos-voar\\\/\"]}]},{\"@type\":\"ImageObject\",\"inLanguage\":\"pt-BR\",\"@id\":\"https:\\\/\\\/www.notibras.com\\\/site\\\/dilma-pede-a-pernambucanos-que-nao-deixem-os-tucanos-voar\\\/#primaryimage\",\"url\":\"https:\\\/\\\/www.notibras.com\\\/site\\\/wp-content\\\/uploads\\\/2014\\\/10\\\/e22.jpg\",\"contentUrl\":\"https:\\\/\\\/www.notibras.com\\\/site\\\/wp-content\\\/uploads\\\/2014\\\/10\\\/e22.jpg\",\"width\":810,\"height\":455},{\"@type\":\"BreadcrumbList\",\"@id\":\"https:\\\/\\\/www.notibras.com\\\/site\\\/dilma-pede-a-pernambucanos-que-nao-deixem-os-tucanos-voar\\\/#breadcrumb\",\"itemListElement\":[{\"@type\":\"ListItem\",\"position\":1,\"name\":\"In\u00edcio\",\"item\":\"https:\\\/\\\/www.notibras.com\\\/site\\\/\"},{\"@type\":\"ListItem\",\"position\":2,\"name\":\"Dilma pede a pernambucanos que n\u00e3o deixem os tucanos al\u00e7ar voo\"}]},{\"@type\":\"WebSite\",\"@id\":\"https:\\\/\\\/www.notibras.com\\\/site\\\/#website\",\"url\":\"https:\\\/\\\/www.notibras.com\\\/site\\\/\",\"name\":\"Notibras\",\"description\":\"Not\u00edcias de Bras\u00edlia, do Brasil e do Mundo\",\"publisher\":{\"@id\":\"https:\\\/\\\/www.notibras.com\\\/site\\\/#organization\"},\"potentialAction\":[{\"@type\":\"SearchAction\",\"target\":{\"@type\":\"EntryPoint\",\"urlTemplate\":\"https:\\\/\\\/www.notibras.com\\\/site\\\/?s={search_term_string}\"},\"query-input\":{\"@type\":\"PropertyValueSpecification\",\"valueRequired\":true,\"valueName\":\"search_term_string\"}}],\"inLanguage\":\"pt-BR\"},{\"@type\":\"Organization\",\"@id\":\"https:\\\/\\\/www.notibras.com\\\/site\\\/#organization\",\"name\":\"Grupo Notibras de Comunica\u00e7\u00e3o\",\"url\":\"https:\\\/\\\/www.notibras.com\\\/site\\\/\",\"logo\":{\"@type\":\"ImageObject\",\"inLanguage\":\"pt-BR\",\"@id\":\"https:\\\/\\\/www.notibras.com\\\/site\\\/#\\\/schema\\\/logo\\\/image\\\/\",\"url\":\"https:\\\/\\\/www.notibras.com\\\/site\\\/wp-content\\\/uploads\\\/2023\\\/01\\\/notibras23.png\",\"contentUrl\":\"https:\\\/\\\/www.notibras.com\\\/site\\\/wp-content\\\/uploads\\\/2023\\\/01\\\/notibras23.png\",\"width\":350,\"height\":87,\"caption\":\"Grupo Notibras de Comunica\u00e7\u00e3o\"},\"image\":{\"@id\":\"https:\\\/\\\/www.notibras.com\\\/site\\\/#\\\/schema\\\/logo\\\/image\\\/\"},\"sameAs\":[\"https:\\\/\\\/www.facebook.com\\\/notibras\\\/\",\"https:\\\/\\\/x.com\\\/Notibras\",\"https:\\\/\\\/www.instagram.com\\\/notibras\\\/\"]},{\"@type\":\"Person\",\"@id\":\"https:\\\/\\\/www.notibras.com\\\/site\\\/#\\\/schema\\\/person\\\/36ab0979449956132d3e5b517ea76ac8\",\"name\":\"Reda\u00e7\u00e3o\",\"image\":{\"@type\":\"ImageObject\",\"inLanguage\":\"pt-BR\",\"@id\":\"https:\\\/\\\/secure.gravatar.com\\\/avatar\\\/e0a867bdedb85fd243eadf09663511f96fc81e0720a4a42581f334ad4303aa6b?s=96&d=mm&r=g\",\"url\":\"https:\\\/\\\/secure.gravatar.com\\\/avatar\\\/e0a867bdedb85fd243eadf09663511f96fc81e0720a4a42581f334ad4303aa6b?s=96&d=mm&r=g\",\"contentUrl\":\"https:\\\/\\\/secure.gravatar.com\\\/avatar\\\/e0a867bdedb85fd243eadf09663511f96fc81e0720a4a42581f334ad4303aa6b?s=96&d=mm&r=g\",\"caption\":\"Reda\u00e7\u00e3o\"}}]}<\/script>\n<!-- \/ Yoast SEO plugin. -->","yoast_head_json":{"title":"Dilma pede a pernambucanos que n\u00e3o deixem os tucanos al\u00e7ar voo - Notibras","robots":{"index":"index","follow":"follow","max-snippet":"max-snippet:-1","max-image-preview":"max-image-preview:large","max-video-preview":"max-video-preview:-1"},"canonical":"https:\/\/www.notibras.com\/site\/dilma-pede-a-pernambucanos-que-nao-deixem-os-tucanos-voar\/","og_locale":"pt_BR","og_type":"article","og_title":"Dilma pede a pernambucanos que n\u00e3o deixem os tucanos al\u00e7ar voo - Notibras","og_description":"A presidente Dilma Rousseff (PT) pediu nesta ter\u00e7a-feira 21 aos pernambucanos que n\u00e3o deixem o retrocesso tomar conta do Brasil, em uma refer\u00eancia aos advers\u00e1rios do PSDB. \u201cDia 26 vamos dar uma derrota em regra nos tucanos. N\u00e3o vamos deixar nenhuma pena de tucano presa por a\u00ed. Vamos deixar elas espalhadas\u201d, alfinetou a candidata petista [&hellip;]","og_url":"https:\/\/www.notibras.com\/site\/dilma-pede-a-pernambucanos-que-nao-deixem-os-tucanos-voar\/","og_site_name":"Notibras","article_publisher":"https:\/\/www.facebook.com\/notibras\/","article_published_time":"2014-10-22T01:41:44+00:00","article_modified_time":"2014-10-22T10:46:07+00:00","og_image":[{"width":810,"height":455,"url":"https:\/\/www.notibras.com\/site\/wp-content\/uploads\/2014\/10\/e22.jpg","type":"image\/jpeg"}],"author":"Reda\u00e7\u00e3o","twitter_card":"summary_large_image","twitter_creator":"@Notibras","twitter_site":"@Notibras","twitter_misc":{"Escrito por":"Reda\u00e7\u00e3o","Est. tempo de leitura":"1 minuto"},"schema":{"@context":"https:\/\/schema.org","@graph":[{"@type":"Article","@id":"https:\/\/www.notibras.com\/site\/dilma-pede-a-pernambucanos-que-nao-deixem-os-tucanos-voar\/#article","isPartOf":{"@id":"https:\/\/www.notibras.com\/site\/dilma-pede-a-pernambucanos-que-nao-deixem-os-tucanos-voar\/"},"author":{"name":"Reda\u00e7\u00e3o","@id":"https:\/\/www.notibras.com\/site\/#\/schema\/person\/36ab0979449956132d3e5b517ea76ac8"},"headline":"Dilma pede a pernambucanos que n\u00e3o deixem os tucanos al\u00e7ar voo","datePublished":"2014-10-22T01:41:44+00:00","dateModified":"2014-10-22T10:46:07+00:00","mainEntityOfPage":{"@id":"https:\/\/www.notibras.com\/site\/dilma-pede-a-pernambucanos-que-nao-deixem-os-tucanos-voar\/"},"wordCount":150,"commentCount":0,"publisher":{"@id":"https:\/\/www.notibras.com\/site\/#organization"},"image":{"@id":"https:\/\/www.notibras.com\/site\/dilma-pede-a-pernambucanos-que-nao-deixem-os-tucanos-voar\/#primaryimage"},"thumbnailUrl":"https:\/\/www.notibras.com\/site\/wp-content\/uploads\/2014\/10\/e22.jpg","articleSection":["Elei\u00e7\u00f5es 2014"],"inLanguage":"pt-BR","potentialAction":[{"@type":"CommentAction","name":"Comment","target":["https:\/\/www.notibras.com\/site\/dilma-pede-a-pernambucanos-que-nao-deixem-os-tucanos-voar\/#respond"]}]},{"@type":"WebPage","@id":"https:\/\/www.notibras.com\/site\/dilma-pede-a-pernambucanos-que-nao-deixem-os-tucanos-voar\/","url":"https:\/\/www.notibras.com\/site\/dilma-pede-a-pernambucanos-que-nao-deixem-os-tucanos-voar\/","name":"Dilma pede a pernambucanos que n\u00e3o deixem os tucanos al\u00e7ar voo - Notibras","isPartOf":{"@id":"https:\/\/www.notibras.com\/site\/#website"},"primaryImageOfPage":{"@id":"https:\/\/www.notibras.com\/site\/dilma-pede-a-pernambucanos-que-nao-deixem-os-tucanos-voar\/#primaryimage"},"image":{"@id":"https:\/\/www.notibras.com\/site\/dilma-pede-a-pernambucanos-que-nao-deixem-os-tucanos-voar\/#primaryimage"},"thumbnailUrl":"https:\/\/www.notibras.com\/site\/wp-content\/uploads\/2014\/10\/e22.jpg","datePublished":"2014-10-22T01:41:44+00:00","dateModified":"2014-10-22T10:46:07+00:00","breadcrumb":{"@id":"https:\/\/www.notibras.com\/site\/dilma-pede-a-pernambucanos-que-nao-deixem-os-tucanos-voar\/#breadcrumb"},"inLanguage":"pt-BR","potentialAction":[{"@type":"ReadAction","target":["https:\/\/www.notibras.com\/site\/dilma-pede-a-pernambucanos-que-nao-deixem-os-tucanos-voar\/"]}]},{"@type":"ImageObject","inLanguage":"pt-BR","@id":"https:\/\/www.notibras.com\/site\/dilma-pede-a-pernambucanos-que-nao-deixem-os-tucanos-voar\/#primaryimage","url":"https:\/\/www.notibras.com\/site\/wp-content\/uploads\/2014\/10\/e22.jpg","contentUrl":"https:\/\/www.notibras.com\/site\/wp-content\/uploads\/2014\/10\/e22.jpg","width":810,"height":455},{"@type":"BreadcrumbList","@id":"https:\/\/www.notibras.com\/site\/dilma-pede-a-pernambucanos-que-nao-deixem-os-tucanos-voar\/#breadcrumb","itemListElement":[{"@type":"ListItem","position":1,"name":"In\u00edcio","item":"https:\/\/www.notibras.com\/site\/"},{"@type":"ListItem","position":2,"name":"Dilma pede a pernambucanos que n\u00e3o deixem os tucanos al\u00e7ar voo"}]},{"@type":"WebSite","@id":"https:\/\/www.notibras.com\/site\/#website","url":"https:\/\/www.notibras.com\/site\/","name":"Notibras","description":"Not\u00edcias de Bras\u00edlia, do Brasil e do Mundo","publisher":{"@id":"https:\/\/www.notibras.com\/site\/#organization"},"potentialAction":[{"@type":"SearchAction","target":{"@type":"EntryPoint","urlTemplate":"https:\/\/www.notibras.com\/site\/?s={search_term_string}"},"query-input":{"@type":"PropertyValueSpecification","valueRequired":true,"valueName":"search_term_string"}}],"inLanguage":"pt-BR"},{"@type":"Organization","@id":"https:\/\/www.notibras.com\/site\/#organization","name":"Grupo Notibras de Comunica\u00e7\u00e3o","url":"https:\/\/www.notibras.com\/site\/","logo":{"@type":"ImageObject","inLanguage":"pt-BR","@id":"https:\/\/www.notibras.com\/site\/#\/schema\/logo\/image\/","url":"https:\/\/www.notibras.com\/site\/wp-content\/uploads\/2023\/01\/notibras23.png","contentUrl":"https:\/\/www.notibras.com\/site\/wp-content\/uploads\/2023\/01\/notibras23.png","width":350,"height":87,"caption":"Grupo Notibras de Comunica\u00e7\u00e3o"},"image":{"@id":"https:\/\/www.notibras.com\/site\/#\/schema\/logo\/image\/"},"sameAs":["https:\/\/www.facebook.com\/notibras\/","https:\/\/x.com\/Notibras","https:\/\/www.instagram.com\/notibras\/"]},{"@type":"Person","@id":"https:\/\/www.notibras.com\/site\/#\/schema\/person\/36ab0979449956132d3e5b517ea76ac8","name":"Reda\u00e7\u00e3o","image":{"@type":"ImageObject","inLanguage":"pt-BR","@id":"https:\/\/secure.gravatar.com\/avatar\/e0a867bdedb85fd243eadf09663511f96fc81e0720a4a42581f334ad4303aa6b?s=96&d=mm&r=g","url":"https:\/\/secure.gravatar.com\/avatar\/e0a867bdedb85fd243eadf09663511f96fc81e0720a4a42581f334ad4303aa6b?s=96&d=mm&r=g","contentUrl":"https:\/\/secure.gravatar.com\/avatar\/e0a867bdedb85fd243eadf09663511f96fc81e0720a4a42581f334ad4303aa6b?s=96&d=mm&r=g","caption":"Reda\u00e7\u00e3o"}}]}},"amp_enabled":true,"_links":{"self":[{"href":"https:\/\/www.notibras.com\/site\/wp-json\/wp\/v2\/posts\/25646","targetHints":{"allow":["GET"]}}],"collection":[{"href":"https:\/\/www.notibras.com\/site\/wp-json\/wp\/v2\/posts"}],"about":[{"href":"https:\/\/www.notibras.com\/site\/wp-json\/wp\/v2\/types\/post"}],"author":[{"embeddable":true,"href":"https:\/\/www.notibras.com\/site\/wp-json\/wp\/v2\/users\/2"}],"replies":[{"embeddable":true,"href":"https:\/\/www.notibras.com\/site\/wp-json\/wp\/v2\/comments?post=25646"}],"version-history":[{"count":0,"href":"https:\/\/www.notibras.com\/site\/wp-json\/wp\/v2\/posts\/25646\/revisions"}],"wp:featuredmedia":[{"embeddable":true,"href":"https:\/\/www.notibras.com\/site\/wp-json\/wp\/v2\/media\/25647"}],"wp:attachment":[{"href":"https:\/\/www.notibras.com\/site\/wp-json\/wp\/v2\/media?parent=25646"}],"wp:term":[{"taxonomy":"category","embeddable":true,"href":"https:\/\/www.notibras.com\/site\/wp-json\/wp\/v2\/categories?post=25646"},{"taxonomy":"post_tag","embeddable":true,"href":"https:\/\/www.notibras.com\/site\/wp-json\/wp\/v2\/tags?post=25646"}],"curies":[{"name":"wp","href":"https:\/\/api.w.org\/{rel}","templated":true}]}}