{"id":25663,"date":"2014-10-23T09:00:42","date_gmt":"2014-10-23T12:00:42","guid":{"rendered":"http:\/\/www.notibras.com\/site\/?p=25663"},"modified":"2014-10-23T09:27:04","modified_gmt":"2014-10-23T12:27:04","slug":"agnelo-trai-amigos-e-articula-renuncia-em-novembro-para-virar-conselheiro-do-tribunal-de-contas","status":"publish","type":"post","link":"https:\/\/www.notibras.com\/site\/agnelo-trai-amigos-e-articula-renuncia-em-novembro-para-virar-conselheiro-do-tribunal-de-contas\/","title":{"rendered":"Agnelo trai os amigos e articula ren\u00fancia para virar conselheiro"},"content":{"rendered":"<p>O governador Agnelo Queiroz (PT) est\u00e1 articulando sua ren\u00fancia para meados de novembro. A ideia \u00e9 ceder a cadeira ao vice Tadeu Filippelli para um mandato tamp\u00e3o de 45, no m\u00e1ximo 50 dias. Se a jogada der certo, com lances inspirados na cartilha de Maquiavel, Bras\u00edlia assistir\u00e1 ao maior golpe de toda a sua hist\u00f3ria.<\/p>\n<p>O enredo n\u00e3o \u00e9 s\u00f3 maquiav\u00e9lico, como hollywoodiano. O roteiro, ressalvada a busca de resultados, talvez n\u00e3o se associe a Golpe de Mestre, filme protagonizado por Paul Newman e Robert Redford. Mas que se trata de uma brilhante rasteira na sociedade (e na classe pol\u00edtica), n\u00e3o resta nenhuma d\u00favida.<\/p>\n<p>O alvo do projeto arquitetado por Agnelo Queiroz \u00e9 uma das sete cadeiras do Tribunal de Contas do Distrito Federal. Um cargo vital\u00edcio, que confere ao ocupante in\u00fameras vantagens. Mas que fere, na eventualidade de a ideia vingar, o princ\u00edpio da segrega\u00e7\u00e3o de fun\u00e7\u00f5es na administra\u00e7\u00e3o p\u00fablica.<\/p>\n<p>\u00c9 verdade que n\u00e3o existe na lei nada que regule esse princ\u00edpio, de forma a vetar nomea\u00e7\u00f5es de autoridades para postos vital\u00edcios. Por\u00e9m, quando se trata do servi\u00e7o p\u00fablico, a Constitui\u00e7\u00e3o adverte governantes quanto a legalidade, impessoalidade e moralidade dos seus gestos.<\/p>\n<blockquote><p>Se levar seu plano adiante, Agnelo Queiroz estar\u00e1 confrontando o princ\u00edpio da moralidade. E n\u00e3o vai separar sua condi\u00e7\u00e3o de ex-governador com a de juiz dos seus atos. Porque, como conselheiro, caber\u00e1 a ele, com outros seis colegas, julgar as pr\u00f3prias contas. Vai condenar a legalidade, matar a impessoalidade e enterrar a moralidade.<\/p><\/blockquote>\n<p>Isso porque, mesmo que se abstivesse de julg\u00e1-las por incontest\u00e1vel suspei\u00e7\u00e3o, ainda assim estaria presente seu evidente interesse pessoal na quest\u00e3o.<\/p>\n<p>A descoberta desse novo lado maquiav\u00e9lico de Agnelo Queiroz provocou duas baixas imediatas entre aqueles at\u00e9 ent\u00e3o tidos como merecedores do respeito e da amizade do governador. S\u00e3o Cl\u00e1udio Monteiro, que, para tocar a reelei\u00e7\u00e3o, desistiu de concorrer a uma vaga praticamente garantida na C\u00e2mara Legislativa; e o deputado Wasny de Roure, presidente daquela Casa.<\/p>\n<p>Agnelo havia sinalizado aos dois que, reeleito, abra\u00e7aria as duas candidaturas para as vagas de Manoel Andrade e Domingos Lamoglia. O primeiro est\u00e1 se aposentando. E o segundo, prestes a ser afastado das fun\u00e7\u00f5es que ocupa gra\u00e7as a uma manobra esp\u00faria do ent\u00e3o governador Jos\u00e9 Roberto Arruda.<\/p>\n<p>Mas h\u00e1 um outro personagem em cena que articula um nome diferente do de Agnelo Queiroz para uma das vagas. \u00c9 o conselheiro Paulo Tadeu. Ele tem confidenciado a amigos pr\u00f3ximos que alimenta cada vez mais o sonho de, em 2018, trocar o gabinete do Tribunal de Contas pela cadeira mais alta do Pal\u00e1cio do Buriti.<\/p>\n<blockquote><p>Paulo Tadeu colocou as cartas na mesa. Para se fortalecer dentro do PT, precisa recompor seu grupo na C\u00e2mara Legislativa, onde ter\u00e1 na pr\u00f3xima legislatura o irm\u00e3o Ricardo Vale como fiel escudeiro. O pr\u00f3ximo passo ser\u00e1 trabalhar para fazer de Wasny de Roure conselheiro. Com isso, devolve o mandato a Cl\u00e1udio Abrantes, primeiro suplente das hostes petistas e de cuja fidelidade ningu\u00e9m duvida.<\/p><\/blockquote>\n<p>\u00c9 aqui que entra a parte hollywoodiana do roteiro tra\u00e7ado por Agnelo Queiroz. Se aceitar assumir o resto do mal tra\u00e7ado caminho da alian\u00e7a PT-PMDB, Tadeu Filippelli vai ter muitas falas, e o p\u00fablico, muito o que falar dele, como com certeza j\u00e1 falam do governador.<\/p>\n<p>E Golpe de Mestre ganhar\u00e1 um novo cen\u00e1rio. Talvez o do Buriti n\u00e3o seja t\u00e3o diferente quanto o de Hollywood, que assistiu a dois vigaristas passarem a rasteira no assessor de um mafioso, embolsando uma bolada. O problema \u00e9 que o chefe da quadrilha decidiu se vingar. Da\u00ed a se repetir o conto do vig\u00e1rio, n\u00e3o vai muita dist\u00e2ncia.<\/p>\n<p><strong>Jos\u00e9 Seabra<\/strong><\/p>\n","protected":false},"excerpt":{"rendered":"<p>O governador Agnelo Queiroz (PT) est\u00e1 articulando sua ren\u00fancia para meados de novembro. A ideia \u00e9 ceder a cadeira ao vice Tadeu Filippelli para um mandato tamp\u00e3o de 45, no m\u00e1ximo 50 dias. Se a jogada der certo, com lances inspirados na cartilha de Maquiavel, Bras\u00edlia assistir\u00e1 ao maior golpe de toda a sua hist\u00f3ria. [&hellip;]<\/p>\n","protected":false},"author":2,"featured_media":25664,"comment_status":"open","ping_status":"closed","sticky":false,"template":"","format":"standard","meta":{"_acf_changed":false,"footnotes":""},"categories":[33],"tags":[],"class_list":["post-25663","post","type-post","status-publish","format-standard","has-post-thumbnail","hentry","category-eleicoes-2014"],"acf":[],"yoast_head":"<!-- This site is optimized with the Yoast SEO plugin v27.5 - https:\/\/yoast.com\/product\/yoast-seo-wordpress\/ -->\n<title>Agnelo trai os amigos e articula ren\u00fancia para virar conselheiro - Notibras<\/title>\n<meta name=\"robots\" content=\"index, follow, max-snippet:-1, max-image-preview:large, max-video-preview:-1\" \/>\n<link rel=\"canonical\" href=\"https:\/\/www.notibras.com\/site\/agnelo-trai-amigos-e-articula-renuncia-em-novembro-para-virar-conselheiro-do-tribunal-de-contas\/\" \/>\n<meta property=\"og:locale\" content=\"pt_BR\" \/>\n<meta property=\"og:type\" content=\"article\" \/>\n<meta property=\"og:title\" content=\"Agnelo trai os amigos e articula ren\u00fancia para virar conselheiro - Notibras\" \/>\n<meta property=\"og:description\" content=\"O governador Agnelo Queiroz (PT) est\u00e1 articulando sua ren\u00fancia para meados de novembro. A ideia \u00e9 ceder a cadeira ao vice Tadeu Filippelli para um mandato tamp\u00e3o de 45, no m\u00e1ximo 50 dias. Se a jogada der certo, com lances inspirados na cartilha de Maquiavel, Bras\u00edlia assistir\u00e1 ao maior golpe de toda a sua hist\u00f3ria. [&hellip;]\" \/>\n<meta property=\"og:url\" content=\"https:\/\/www.notibras.com\/site\/agnelo-trai-amigos-e-articula-renuncia-em-novembro-para-virar-conselheiro-do-tribunal-de-contas\/\" \/>\n<meta property=\"og:site_name\" content=\"Notibras\" \/>\n<meta property=\"article:publisher\" content=\"https:\/\/www.facebook.com\/notibras\/\" \/>\n<meta property=\"article:published_time\" content=\"2014-10-23T12:00:42+00:00\" \/>\n<meta property=\"article:modified_time\" content=\"2014-10-23T12:27:04+00:00\" \/>\n<meta property=\"og:image\" content=\"https:\/\/www.notibras.com\/site\/wp-content\/uploads\/2014\/10\/aq.jpg\" \/>\n\t<meta property=\"og:image:width\" content=\"755\" \/>\n\t<meta property=\"og:image:height\" content=\"457\" \/>\n\t<meta property=\"og:image:type\" content=\"image\/jpeg\" \/>\n<meta name=\"author\" content=\"Reda\u00e7\u00e3o\" \/>\n<meta name=\"twitter:card\" content=\"summary_large_image\" \/>\n<meta name=\"twitter:creator\" content=\"@Notibras\" \/>\n<meta name=\"twitter:site\" content=\"@Notibras\" \/>\n<meta name=\"twitter:label1\" content=\"Escrito por\" \/>\n\t<meta name=\"twitter:data1\" content=\"Reda\u00e7\u00e3o\" \/>\n\t<meta name=\"twitter:label2\" content=\"Est. tempo de leitura\" \/>\n\t<meta name=\"twitter:data2\" content=\"3 minutos\" \/>\n<script type=\"application\/ld+json\" class=\"yoast-schema-graph\">{\"@context\":\"https:\\\/\\\/schema.org\",\"@graph\":[{\"@type\":\"Article\",\"@id\":\"https:\\\/\\\/www.notibras.com\\\/site\\\/agnelo-trai-amigos-e-articula-renuncia-em-novembro-para-virar-conselheiro-do-tribunal-de-contas\\\/#article\",\"isPartOf\":{\"@id\":\"https:\\\/\\\/www.notibras.com\\\/site\\\/agnelo-trai-amigos-e-articula-renuncia-em-novembro-para-virar-conselheiro-do-tribunal-de-contas\\\/\"},\"author\":{\"name\":\"Reda\u00e7\u00e3o\",\"@id\":\"https:\\\/\\\/www.notibras.com\\\/site\\\/#\\\/schema\\\/person\\\/36ab0979449956132d3e5b517ea76ac8\"},\"headline\":\"Agnelo trai os amigos e articula ren\u00fancia para virar conselheiro\",\"datePublished\":\"2014-10-23T12:00:42+00:00\",\"dateModified\":\"2014-10-23T12:27:04+00:00\",\"mainEntityOfPage\":{\"@id\":\"https:\\\/\\\/www.notibras.com\\\/site\\\/agnelo-trai-amigos-e-articula-renuncia-em-novembro-para-virar-conselheiro-do-tribunal-de-contas\\\/\"},\"wordCount\":659,\"commentCount\":0,\"publisher\":{\"@id\":\"https:\\\/\\\/www.notibras.com\\\/site\\\/#organization\"},\"image\":{\"@id\":\"https:\\\/\\\/www.notibras.com\\\/site\\\/agnelo-trai-amigos-e-articula-renuncia-em-novembro-para-virar-conselheiro-do-tribunal-de-contas\\\/#primaryimage\"},\"thumbnailUrl\":\"https:\\\/\\\/www.notibras.com\\\/site\\\/wp-content\\\/uploads\\\/2014\\\/10\\\/aq.jpg\",\"articleSection\":[\"Elei\u00e7\u00f5es 2014\"],\"inLanguage\":\"pt-BR\",\"potentialAction\":[{\"@type\":\"CommentAction\",\"name\":\"Comment\",\"target\":[\"https:\\\/\\\/www.notibras.com\\\/site\\\/agnelo-trai-amigos-e-articula-renuncia-em-novembro-para-virar-conselheiro-do-tribunal-de-contas\\\/#respond\"]}]},{\"@type\":\"WebPage\",\"@id\":\"https:\\\/\\\/www.notibras.com\\\/site\\\/agnelo-trai-amigos-e-articula-renuncia-em-novembro-para-virar-conselheiro-do-tribunal-de-contas\\\/\",\"url\":\"https:\\\/\\\/www.notibras.com\\\/site\\\/agnelo-trai-amigos-e-articula-renuncia-em-novembro-para-virar-conselheiro-do-tribunal-de-contas\\\/\",\"name\":\"Agnelo trai os amigos e articula ren\u00fancia para virar conselheiro - Notibras\",\"isPartOf\":{\"@id\":\"https:\\\/\\\/www.notibras.com\\\/site\\\/#website\"},\"primaryImageOfPage\":{\"@id\":\"https:\\\/\\\/www.notibras.com\\\/site\\\/agnelo-trai-amigos-e-articula-renuncia-em-novembro-para-virar-conselheiro-do-tribunal-de-contas\\\/#primaryimage\"},\"image\":{\"@id\":\"https:\\\/\\\/www.notibras.com\\\/site\\\/agnelo-trai-amigos-e-articula-renuncia-em-novembro-para-virar-conselheiro-do-tribunal-de-contas\\\/#primaryimage\"},\"thumbnailUrl\":\"https:\\\/\\\/www.notibras.com\\\/site\\\/wp-content\\\/uploads\\\/2014\\\/10\\\/aq.jpg\",\"datePublished\":\"2014-10-23T12:00:42+00:00\",\"dateModified\":\"2014-10-23T12:27:04+00:00\",\"breadcrumb\":{\"@id\":\"https:\\\/\\\/www.notibras.com\\\/site\\\/agnelo-trai-amigos-e-articula-renuncia-em-novembro-para-virar-conselheiro-do-tribunal-de-contas\\\/#breadcrumb\"},\"inLanguage\":\"pt-BR\",\"potentialAction\":[{\"@type\":\"ReadAction\",\"target\":[\"https:\\\/\\\/www.notibras.com\\\/site\\\/agnelo-trai-amigos-e-articula-renuncia-em-novembro-para-virar-conselheiro-do-tribunal-de-contas\\\/\"]}]},{\"@type\":\"ImageObject\",\"inLanguage\":\"pt-BR\",\"@id\":\"https:\\\/\\\/www.notibras.com\\\/site\\\/agnelo-trai-amigos-e-articula-renuncia-em-novembro-para-virar-conselheiro-do-tribunal-de-contas\\\/#primaryimage\",\"url\":\"https:\\\/\\\/www.notibras.com\\\/site\\\/wp-content\\\/uploads\\\/2014\\\/10\\\/aq.jpg\",\"contentUrl\":\"https:\\\/\\\/www.notibras.com\\\/site\\\/wp-content\\\/uploads\\\/2014\\\/10\\\/aq.jpg\",\"width\":755,\"height\":457},{\"@type\":\"BreadcrumbList\",\"@id\":\"https:\\\/\\\/www.notibras.com\\\/site\\\/agnelo-trai-amigos-e-articula-renuncia-em-novembro-para-virar-conselheiro-do-tribunal-de-contas\\\/#breadcrumb\",\"itemListElement\":[{\"@type\":\"ListItem\",\"position\":1,\"name\":\"In\u00edcio\",\"item\":\"https:\\\/\\\/www.notibras.com\\\/site\\\/\"},{\"@type\":\"ListItem\",\"position\":2,\"name\":\"Agnelo trai os amigos e articula ren\u00fancia para virar conselheiro\"}]},{\"@type\":\"WebSite\",\"@id\":\"https:\\\/\\\/www.notibras.com\\\/site\\\/#website\",\"url\":\"https:\\\/\\\/www.notibras.com\\\/site\\\/\",\"name\":\"Notibras\",\"description\":\"Not\u00edcias de Bras\u00edlia, do Brasil e do Mundo\",\"publisher\":{\"@id\":\"https:\\\/\\\/www.notibras.com\\\/site\\\/#organization\"},\"potentialAction\":[{\"@type\":\"SearchAction\",\"target\":{\"@type\":\"EntryPoint\",\"urlTemplate\":\"https:\\\/\\\/www.notibras.com\\\/site\\\/?s={search_term_string}\"},\"query-input\":{\"@type\":\"PropertyValueSpecification\",\"valueRequired\":true,\"valueName\":\"search_term_string\"}}],\"inLanguage\":\"pt-BR\"},{\"@type\":\"Organization\",\"@id\":\"https:\\\/\\\/www.notibras.com\\\/site\\\/#organization\",\"name\":\"Grupo Notibras de Comunica\u00e7\u00e3o\",\"url\":\"https:\\\/\\\/www.notibras.com\\\/site\\\/\",\"logo\":{\"@type\":\"ImageObject\",\"inLanguage\":\"pt-BR\",\"@id\":\"https:\\\/\\\/www.notibras.com\\\/site\\\/#\\\/schema\\\/logo\\\/image\\\/\",\"url\":\"https:\\\/\\\/www.notibras.com\\\/site\\\/wp-content\\\/uploads\\\/2023\\\/01\\\/notibras23.png\",\"contentUrl\":\"https:\\\/\\\/www.notibras.com\\\/site\\\/wp-content\\\/uploads\\\/2023\\\/01\\\/notibras23.png\",\"width\":350,\"height\":87,\"caption\":\"Grupo Notibras de Comunica\u00e7\u00e3o\"},\"image\":{\"@id\":\"https:\\\/\\\/www.notibras.com\\\/site\\\/#\\\/schema\\\/logo\\\/image\\\/\"},\"sameAs\":[\"https:\\\/\\\/www.facebook.com\\\/notibras\\\/\",\"https:\\\/\\\/x.com\\\/Notibras\",\"https:\\\/\\\/www.instagram.com\\\/notibras\\\/\"]},{\"@type\":\"Person\",\"@id\":\"https:\\\/\\\/www.notibras.com\\\/site\\\/#\\\/schema\\\/person\\\/36ab0979449956132d3e5b517ea76ac8\",\"name\":\"Reda\u00e7\u00e3o\",\"image\":{\"@type\":\"ImageObject\",\"inLanguage\":\"pt-BR\",\"@id\":\"https:\\\/\\\/secure.gravatar.com\\\/avatar\\\/e0a867bdedb85fd243eadf09663511f96fc81e0720a4a42581f334ad4303aa6b?s=96&d=mm&r=g\",\"url\":\"https:\\\/\\\/secure.gravatar.com\\\/avatar\\\/e0a867bdedb85fd243eadf09663511f96fc81e0720a4a42581f334ad4303aa6b?s=96&d=mm&r=g\",\"contentUrl\":\"https:\\\/\\\/secure.gravatar.com\\\/avatar\\\/e0a867bdedb85fd243eadf09663511f96fc81e0720a4a42581f334ad4303aa6b?s=96&d=mm&r=g\",\"caption\":\"Reda\u00e7\u00e3o\"}}]}<\/script>\n<!-- \/ Yoast SEO plugin. -->","yoast_head_json":{"title":"Agnelo trai os amigos e articula ren\u00fancia para virar conselheiro - Notibras","robots":{"index":"index","follow":"follow","max-snippet":"max-snippet:-1","max-image-preview":"max-image-preview:large","max-video-preview":"max-video-preview:-1"},"canonical":"https:\/\/www.notibras.com\/site\/agnelo-trai-amigos-e-articula-renuncia-em-novembro-para-virar-conselheiro-do-tribunal-de-contas\/","og_locale":"pt_BR","og_type":"article","og_title":"Agnelo trai os amigos e articula ren\u00fancia para virar conselheiro - Notibras","og_description":"O governador Agnelo Queiroz (PT) est\u00e1 articulando sua ren\u00fancia para meados de novembro. A ideia \u00e9 ceder a cadeira ao vice Tadeu Filippelli para um mandato tamp\u00e3o de 45, no m\u00e1ximo 50 dias. Se a jogada der certo, com lances inspirados na cartilha de Maquiavel, Bras\u00edlia assistir\u00e1 ao maior golpe de toda a sua hist\u00f3ria. [&hellip;]","og_url":"https:\/\/www.notibras.com\/site\/agnelo-trai-amigos-e-articula-renuncia-em-novembro-para-virar-conselheiro-do-tribunal-de-contas\/","og_site_name":"Notibras","article_publisher":"https:\/\/www.facebook.com\/notibras\/","article_published_time":"2014-10-23T12:00:42+00:00","article_modified_time":"2014-10-23T12:27:04+00:00","og_image":[{"width":755,"height":457,"url":"https:\/\/www.notibras.com\/site\/wp-content\/uploads\/2014\/10\/aq.jpg","type":"image\/jpeg"}],"author":"Reda\u00e7\u00e3o","twitter_card":"summary_large_image","twitter_creator":"@Notibras","twitter_site":"@Notibras","twitter_misc":{"Escrito por":"Reda\u00e7\u00e3o","Est. tempo de leitura":"3 minutos"},"schema":{"@context":"https:\/\/schema.org","@graph":[{"@type":"Article","@id":"https:\/\/www.notibras.com\/site\/agnelo-trai-amigos-e-articula-renuncia-em-novembro-para-virar-conselheiro-do-tribunal-de-contas\/#article","isPartOf":{"@id":"https:\/\/www.notibras.com\/site\/agnelo-trai-amigos-e-articula-renuncia-em-novembro-para-virar-conselheiro-do-tribunal-de-contas\/"},"author":{"name":"Reda\u00e7\u00e3o","@id":"https:\/\/www.notibras.com\/site\/#\/schema\/person\/36ab0979449956132d3e5b517ea76ac8"},"headline":"Agnelo trai os amigos e articula ren\u00fancia para virar conselheiro","datePublished":"2014-10-23T12:00:42+00:00","dateModified":"2014-10-23T12:27:04+00:00","mainEntityOfPage":{"@id":"https:\/\/www.notibras.com\/site\/agnelo-trai-amigos-e-articula-renuncia-em-novembro-para-virar-conselheiro-do-tribunal-de-contas\/"},"wordCount":659,"commentCount":0,"publisher":{"@id":"https:\/\/www.notibras.com\/site\/#organization"},"image":{"@id":"https:\/\/www.notibras.com\/site\/agnelo-trai-amigos-e-articula-renuncia-em-novembro-para-virar-conselheiro-do-tribunal-de-contas\/#primaryimage"},"thumbnailUrl":"https:\/\/www.notibras.com\/site\/wp-content\/uploads\/2014\/10\/aq.jpg","articleSection":["Elei\u00e7\u00f5es 2014"],"inLanguage":"pt-BR","potentialAction":[{"@type":"CommentAction","name":"Comment","target":["https:\/\/www.notibras.com\/site\/agnelo-trai-amigos-e-articula-renuncia-em-novembro-para-virar-conselheiro-do-tribunal-de-contas\/#respond"]}]},{"@type":"WebPage","@id":"https:\/\/www.notibras.com\/site\/agnelo-trai-amigos-e-articula-renuncia-em-novembro-para-virar-conselheiro-do-tribunal-de-contas\/","url":"https:\/\/www.notibras.com\/site\/agnelo-trai-amigos-e-articula-renuncia-em-novembro-para-virar-conselheiro-do-tribunal-de-contas\/","name":"Agnelo trai os amigos e articula ren\u00fancia para virar conselheiro - Notibras","isPartOf":{"@id":"https:\/\/www.notibras.com\/site\/#website"},"primaryImageOfPage":{"@id":"https:\/\/www.notibras.com\/site\/agnelo-trai-amigos-e-articula-renuncia-em-novembro-para-virar-conselheiro-do-tribunal-de-contas\/#primaryimage"},"image":{"@id":"https:\/\/www.notibras.com\/site\/agnelo-trai-amigos-e-articula-renuncia-em-novembro-para-virar-conselheiro-do-tribunal-de-contas\/#primaryimage"},"thumbnailUrl":"https:\/\/www.notibras.com\/site\/wp-content\/uploads\/2014\/10\/aq.jpg","datePublished":"2014-10-23T12:00:42+00:00","dateModified":"2014-10-23T12:27:04+00:00","breadcrumb":{"@id":"https:\/\/www.notibras.com\/site\/agnelo-trai-amigos-e-articula-renuncia-em-novembro-para-virar-conselheiro-do-tribunal-de-contas\/#breadcrumb"},"inLanguage":"pt-BR","potentialAction":[{"@type":"ReadAction","target":["https:\/\/www.notibras.com\/site\/agnelo-trai-amigos-e-articula-renuncia-em-novembro-para-virar-conselheiro-do-tribunal-de-contas\/"]}]},{"@type":"ImageObject","inLanguage":"pt-BR","@id":"https:\/\/www.notibras.com\/site\/agnelo-trai-amigos-e-articula-renuncia-em-novembro-para-virar-conselheiro-do-tribunal-de-contas\/#primaryimage","url":"https:\/\/www.notibras.com\/site\/wp-content\/uploads\/2014\/10\/aq.jpg","contentUrl":"https:\/\/www.notibras.com\/site\/wp-content\/uploads\/2014\/10\/aq.jpg","width":755,"height":457},{"@type":"BreadcrumbList","@id":"https:\/\/www.notibras.com\/site\/agnelo-trai-amigos-e-articula-renuncia-em-novembro-para-virar-conselheiro-do-tribunal-de-contas\/#breadcrumb","itemListElement":[{"@type":"ListItem","position":1,"name":"In\u00edcio","item":"https:\/\/www.notibras.com\/site\/"},{"@type":"ListItem","position":2,"name":"Agnelo trai os amigos e articula ren\u00fancia para virar conselheiro"}]},{"@type":"WebSite","@id":"https:\/\/www.notibras.com\/site\/#website","url":"https:\/\/www.notibras.com\/site\/","name":"Notibras","description":"Not\u00edcias de Bras\u00edlia, do Brasil e do Mundo","publisher":{"@id":"https:\/\/www.notibras.com\/site\/#organization"},"potentialAction":[{"@type":"SearchAction","target":{"@type":"EntryPoint","urlTemplate":"https:\/\/www.notibras.com\/site\/?s={search_term_string}"},"query-input":{"@type":"PropertyValueSpecification","valueRequired":true,"valueName":"search_term_string"}}],"inLanguage":"pt-BR"},{"@type":"Organization","@id":"https:\/\/www.notibras.com\/site\/#organization","name":"Grupo Notibras de Comunica\u00e7\u00e3o","url":"https:\/\/www.notibras.com\/site\/","logo":{"@type":"ImageObject","inLanguage":"pt-BR","@id":"https:\/\/www.notibras.com\/site\/#\/schema\/logo\/image\/","url":"https:\/\/www.notibras.com\/site\/wp-content\/uploads\/2023\/01\/notibras23.png","contentUrl":"https:\/\/www.notibras.com\/site\/wp-content\/uploads\/2023\/01\/notibras23.png","width":350,"height":87,"caption":"Grupo Notibras de Comunica\u00e7\u00e3o"},"image":{"@id":"https:\/\/www.notibras.com\/site\/#\/schema\/logo\/image\/"},"sameAs":["https:\/\/www.facebook.com\/notibras\/","https:\/\/x.com\/Notibras","https:\/\/www.instagram.com\/notibras\/"]},{"@type":"Person","@id":"https:\/\/www.notibras.com\/site\/#\/schema\/person\/36ab0979449956132d3e5b517ea76ac8","name":"Reda\u00e7\u00e3o","image":{"@type":"ImageObject","inLanguage":"pt-BR","@id":"https:\/\/secure.gravatar.com\/avatar\/e0a867bdedb85fd243eadf09663511f96fc81e0720a4a42581f334ad4303aa6b?s=96&d=mm&r=g","url":"https:\/\/secure.gravatar.com\/avatar\/e0a867bdedb85fd243eadf09663511f96fc81e0720a4a42581f334ad4303aa6b?s=96&d=mm&r=g","contentUrl":"https:\/\/secure.gravatar.com\/avatar\/e0a867bdedb85fd243eadf09663511f96fc81e0720a4a42581f334ad4303aa6b?s=96&d=mm&r=g","caption":"Reda\u00e7\u00e3o"}}]}},"amp_enabled":true,"_links":{"self":[{"href":"https:\/\/www.notibras.com\/site\/wp-json\/wp\/v2\/posts\/25663","targetHints":{"allow":["GET"]}}],"collection":[{"href":"https:\/\/www.notibras.com\/site\/wp-json\/wp\/v2\/posts"}],"about":[{"href":"https:\/\/www.notibras.com\/site\/wp-json\/wp\/v2\/types\/post"}],"author":[{"embeddable":true,"href":"https:\/\/www.notibras.com\/site\/wp-json\/wp\/v2\/users\/2"}],"replies":[{"embeddable":true,"href":"https:\/\/www.notibras.com\/site\/wp-json\/wp\/v2\/comments?post=25663"}],"version-history":[{"count":0,"href":"https:\/\/www.notibras.com\/site\/wp-json\/wp\/v2\/posts\/25663\/revisions"}],"wp:featuredmedia":[{"embeddable":true,"href":"https:\/\/www.notibras.com\/site\/wp-json\/wp\/v2\/media\/25664"}],"wp:attachment":[{"href":"https:\/\/www.notibras.com\/site\/wp-json\/wp\/v2\/media?parent=25663"}],"wp:term":[{"taxonomy":"category","embeddable":true,"href":"https:\/\/www.notibras.com\/site\/wp-json\/wp\/v2\/categories?post=25663"},{"taxonomy":"post_tag","embeddable":true,"href":"https:\/\/www.notibras.com\/site\/wp-json\/wp\/v2\/tags?post=25663"}],"curies":[{"name":"wp","href":"https:\/\/api.w.org\/{rel}","templated":true}]}}