{"id":25683,"date":"2014-10-22T20:09:23","date_gmt":"2014-10-22T23:09:23","guid":{"rendered":"http:\/\/www.notibras.com\/site\/?p=25683"},"modified":"2014-10-22T21:14:05","modified_gmt":"2014-10-23T00:14:05","slug":"corinthians-bate-vitoria-por-2x1-em-cuiaba-e-pula-para-terceiro","status":"publish","type":"post","link":"https:\/\/www.notibras.com\/site\/corinthians-bate-vitoria-por-2x1-em-cuiaba-e-pula-para-terceiro\/","title":{"rendered":"Corinthians bate Vit\u00f3ria por 2&#215;1 em Cuiab\u00e1 e pula para terceiro"},"content":{"rendered":"<p class=\"text\">Na Arena Pantanal de Cuiab\u00e1, onde cumpriu pena de uma perda de mando de campo imposta pelo STJD, o Corinthians finalmente conseguiu vencer um time em situa\u00e7\u00e3o ruim na tabela. O time de Mano Menezes, que se tornou o quarto treinador a mais vezes comandar os paulistas, fez boa atua\u00e7\u00e3o e, apesar de susto no final, venceu o Vit\u00f3ria por 2 a 1 para voltar ao G-4 ap\u00f3s dez rodadas fora do grupo.<\/p>\n<p class=\"text\">A \u00faltima apari\u00e7\u00e3o corintiana entre os quatro primeiros ocorreu na 20\u00aa rodada. Desde ent\u00e3o, o time alvinegro sofreu com a irregularidade e ficou fora. A quarta vit\u00f3ria corintiana em cinco jogos, contudo, foi suficiente para levar o Corinthians aos 52 pontos, na terceira coloca\u00e7\u00e3o, a oito do l\u00edder Cruzeiro. Os baianos ficam com apenas 31 pontos, momentaneamente na 16\u00aa coloca\u00e7\u00e3o.<\/p>\n<p class=\"text\">Ambos os times voltam a campo pelo Brasileiro no pr\u00f3ximo s\u00e1bado, j\u00e1 que domingo n\u00e3o haver\u00e1 jogos por causa das elei\u00e7\u00f5es. \u00c0s 16h20, o time de Mano pegar\u00e1 o rival Palmeiras, em jogo que provavelmente ser\u00e1 o \u00faltimo d\u00e9rbi do Pacaembu. J\u00e1 \u00e0s 18h30, o Vit\u00f3ria tem duelo direto contra o rebaixamento contra o Crici\u00fama, no Barrad\u00e3o.<\/p>\n<blockquote>\n<p class=\"text\">Desfalcado\u00a0de C\u00e1ssio e Guerrero, dois dos destaques da equipe, o Corinthians come\u00e7ou o duelo desta quarta disposto a apagar a fama de \u201cRobin Hood\u201d do Brasileiro. Logo aos 3min, Romero, substituto do peruano, perdeu \u00f3tima chance clara ao escorar cruzamento de Renato Augusto para fora. Aos 12min, foi a vez de Bruno Henrique arriscar de fora da \u00e1rea e dar trabalho para Wilson.<\/p>\n<\/blockquote>\n<p class=\"text\">A superioridade corintiana foi transformada em gol aos 18min, quando F\u00e1bio Santos aproveitou sobra pela esquerda para fuzilar para as redes. A equipe alvinegra diminuiu o ritmo at\u00e9 o intervalo, mas ainda assim criou uma chance: aos 40min, Elias deu belo lan\u00e7amento para Ferrugem, que serviu Jadson. O meio-campista chutou por cima do gol, com perigo. O Vit\u00f3ria pouco saiu para o jogo e quase n\u00e3o exigiu o goleiro Walter.<\/p>\n<p class=\"text\">Para o segundo tempo, o Corinthians voltou em um ritmo morno, mas mesmo assim teve a primeira chance perigosa: aos 20min, Jadson cobrou escanteio e Anderson Martins cabeceou na trave. O segundo gol corintiano surgiu pouco depois,\u00a0em jogada espetacular. Aos 36min, Malcom tocou de calcanhar para F\u00e1bio Santos, que cruzou para Renato Augusto. Em um espa\u00e7o m\u00ednimo, o meia serviu Luciano, que driblou um defensor advers\u00e1rio e mandou para o gol. Mais um do &#8220;xod\u00f3&#8221; ap\u00f3s entrar no segundo tempo.<\/p>\n<p class=\"text\">O Corinthians quase aumentou pouco depois em chute de Malcom que parou em defesa com o p\u00e9 de Wilson. No entanto, os pouco mais de sete mil torcedores que assistiram ao jogo in loco ainda sofreram um susto: Aos 39min, Edno cobrou falta com categoria e diminuiu para dar emo\u00e7\u00e3o nos minutos finais. O time baiano n\u00e3o teve for\u00e7as para buscar o empate e seguiu em situa\u00e7\u00e3o complicada na tabela.<\/p>\n","protected":false},"excerpt":{"rendered":"<p>Na Arena Pantanal de Cuiab\u00e1, onde cumpriu pena de uma perda de mando de campo imposta pelo STJD, o Corinthians finalmente conseguiu vencer um time em situa\u00e7\u00e3o ruim na tabela. O time de Mano Menezes, que se tornou o quarto treinador a mais vezes comandar os paulistas, fez boa atua\u00e7\u00e3o e, apesar de susto no [&hellip;]<\/p>\n","protected":false},"author":2,"featured_media":25684,"comment_status":"open","ping_status":"closed","sticky":false,"template":"","format":"standard","meta":{"_acf_changed":false,"footnotes":""},"categories":[19,29],"tags":[],"class_list":["post-25683","post","type-post","status-publish","format-standard","has-post-thumbnail","hentry","category-esportes","category-futebol"],"acf":[],"yoast_head":"<!-- This site is optimized with the Yoast SEO plugin v27.2 - https:\/\/yoast.com\/product\/yoast-seo-wordpress\/ -->\n<title>Corinthians bate Vit\u00f3ria por 2x1 em Cuiab\u00e1 e pula para terceiro - Notibras<\/title>\n<meta name=\"robots\" content=\"index, follow, max-snippet:-1, max-image-preview:large, max-video-preview:-1\" \/>\n<link rel=\"canonical\" href=\"https:\/\/www.notibras.com\/site\/corinthians-bate-vitoria-por-2x1-em-cuiaba-e-pula-para-terceiro\/\" \/>\n<meta property=\"og:locale\" content=\"pt_BR\" \/>\n<meta property=\"og:type\" content=\"article\" \/>\n<meta property=\"og:title\" content=\"Corinthians bate Vit\u00f3ria por 2x1 em Cuiab\u00e1 e pula para terceiro - Notibras\" \/>\n<meta property=\"og:description\" content=\"Na Arena Pantanal de Cuiab\u00e1, onde cumpriu pena de uma perda de mando de campo imposta pelo STJD, o Corinthians finalmente conseguiu vencer um time em situa\u00e7\u00e3o ruim na tabela. O time de Mano Menezes, que se tornou o quarto treinador a mais vezes comandar os paulistas, fez boa atua\u00e7\u00e3o e, apesar de susto no [&hellip;]\" \/>\n<meta property=\"og:url\" content=\"https:\/\/www.notibras.com\/site\/corinthians-bate-vitoria-por-2x1-em-cuiaba-e-pula-para-terceiro\/\" \/>\n<meta property=\"og:site_name\" content=\"Notibras\" \/>\n<meta property=\"article:publisher\" content=\"https:\/\/www.facebook.com\/notibras\/\" \/>\n<meta property=\"article:published_time\" content=\"2014-10-22T23:09:23+00:00\" \/>\n<meta property=\"article:modified_time\" content=\"2014-10-23T00:14:05+00:00\" \/>\n<meta property=\"og:image\" content=\"https:\/\/www.notibras.com\/site\/wp-content\/uploads\/2014\/10\/cor.jpg\" \/>\n\t<meta property=\"og:image:width\" content=\"620\" \/>\n\t<meta property=\"og:image:height\" content=\"465\" \/>\n\t<meta property=\"og:image:type\" content=\"image\/jpeg\" \/>\n<meta name=\"author\" content=\"Reda\u00e7\u00e3o\" \/>\n<meta name=\"twitter:card\" content=\"summary_large_image\" \/>\n<meta name=\"twitter:creator\" content=\"@Notibras\" \/>\n<meta name=\"twitter:site\" content=\"@Notibras\" \/>\n<meta name=\"twitter:label1\" content=\"Escrito por\" \/>\n\t<meta name=\"twitter:data1\" content=\"Reda\u00e7\u00e3o\" \/>\n\t<meta name=\"twitter:label2\" content=\"Est. tempo de leitura\" \/>\n\t<meta name=\"twitter:data2\" content=\"3 minutos\" \/>\n<script type=\"application\/ld+json\" class=\"yoast-schema-graph\">{\"@context\":\"https:\/\/schema.org\",\"@graph\":[{\"@type\":\"Article\",\"@id\":\"https:\/\/www.notibras.com\/site\/corinthians-bate-vitoria-por-2x1-em-cuiaba-e-pula-para-terceiro\/#article\",\"isPartOf\":{\"@id\":\"https:\/\/www.notibras.com\/site\/corinthians-bate-vitoria-por-2x1-em-cuiaba-e-pula-para-terceiro\/\"},\"author\":{\"name\":\"Reda\u00e7\u00e3o\",\"@id\":\"https:\/\/www.notibras.com\/site\/#\/schema\/person\/36ab0979449956132d3e5b517ea76ac8\"},\"headline\":\"Corinthians bate Vit\u00f3ria por 2&#215;1 em Cuiab\u00e1 e pula para terceiro\",\"datePublished\":\"2014-10-22T23:09:23+00:00\",\"dateModified\":\"2014-10-23T00:14:05+00:00\",\"mainEntityOfPage\":{\"@id\":\"https:\/\/www.notibras.com\/site\/corinthians-bate-vitoria-por-2x1-em-cuiaba-e-pula-para-terceiro\/\"},\"wordCount\":514,\"commentCount\":0,\"publisher\":{\"@id\":\"https:\/\/www.notibras.com\/site\/#organization\"},\"image\":{\"@id\":\"https:\/\/www.notibras.com\/site\/corinthians-bate-vitoria-por-2x1-em-cuiaba-e-pula-para-terceiro\/#primaryimage\"},\"thumbnailUrl\":\"https:\/\/www.notibras.com\/site\/wp-content\/uploads\/2014\/10\/cor.jpg\",\"articleSection\":[\"Esportes\",\"Futebol\"],\"inLanguage\":\"pt-BR\",\"potentialAction\":[{\"@type\":\"CommentAction\",\"name\":\"Comment\",\"target\":[\"https:\/\/www.notibras.com\/site\/corinthians-bate-vitoria-por-2x1-em-cuiaba-e-pula-para-terceiro\/#respond\"]}]},{\"@type\":\"WebPage\",\"@id\":\"https:\/\/www.notibras.com\/site\/corinthians-bate-vitoria-por-2x1-em-cuiaba-e-pula-para-terceiro\/\",\"url\":\"https:\/\/www.notibras.com\/site\/corinthians-bate-vitoria-por-2x1-em-cuiaba-e-pula-para-terceiro\/\",\"name\":\"Corinthians bate Vit\u00f3ria por 2x1 em Cuiab\u00e1 e pula para terceiro - Notibras\",\"isPartOf\":{\"@id\":\"https:\/\/www.notibras.com\/site\/#website\"},\"primaryImageOfPage\":{\"@id\":\"https:\/\/www.notibras.com\/site\/corinthians-bate-vitoria-por-2x1-em-cuiaba-e-pula-para-terceiro\/#primaryimage\"},\"image\":{\"@id\":\"https:\/\/www.notibras.com\/site\/corinthians-bate-vitoria-por-2x1-em-cuiaba-e-pula-para-terceiro\/#primaryimage\"},\"thumbnailUrl\":\"https:\/\/www.notibras.com\/site\/wp-content\/uploads\/2014\/10\/cor.jpg\",\"datePublished\":\"2014-10-22T23:09:23+00:00\",\"dateModified\":\"2014-10-23T00:14:05+00:00\",\"breadcrumb\":{\"@id\":\"https:\/\/www.notibras.com\/site\/corinthians-bate-vitoria-por-2x1-em-cuiaba-e-pula-para-terceiro\/#breadcrumb\"},\"inLanguage\":\"pt-BR\",\"potentialAction\":[{\"@type\":\"ReadAction\",\"target\":[\"https:\/\/www.notibras.com\/site\/corinthians-bate-vitoria-por-2x1-em-cuiaba-e-pula-para-terceiro\/\"]}]},{\"@type\":\"ImageObject\",\"inLanguage\":\"pt-BR\",\"@id\":\"https:\/\/www.notibras.com\/site\/corinthians-bate-vitoria-por-2x1-em-cuiaba-e-pula-para-terceiro\/#primaryimage\",\"url\":\"https:\/\/www.notibras.com\/site\/wp-content\/uploads\/2014\/10\/cor.jpg\",\"contentUrl\":\"https:\/\/www.notibras.com\/site\/wp-content\/uploads\/2014\/10\/cor.jpg\",\"width\":620,\"height\":465},{\"@type\":\"BreadcrumbList\",\"@id\":\"https:\/\/www.notibras.com\/site\/corinthians-bate-vitoria-por-2x1-em-cuiaba-e-pula-para-terceiro\/#breadcrumb\",\"itemListElement\":[{\"@type\":\"ListItem\",\"position\":1,\"name\":\"In\u00edcio\",\"item\":\"https:\/\/www.notibras.com\/site\/\"},{\"@type\":\"ListItem\",\"position\":2,\"name\":\"Corinthians bate Vit\u00f3ria por 2&#215;1 em Cuiab\u00e1 e pula para terceiro\"}]},{\"@type\":\"WebSite\",\"@id\":\"https:\/\/www.notibras.com\/site\/#website\",\"url\":\"https:\/\/www.notibras.com\/site\/\",\"name\":\"Notibras\",\"description\":\"Not\u00edcias de Bras\u00edlia, do Brasil e do Mundo\",\"publisher\":{\"@id\":\"https:\/\/www.notibras.com\/site\/#organization\"},\"potentialAction\":[{\"@type\":\"SearchAction\",\"target\":{\"@type\":\"EntryPoint\",\"urlTemplate\":\"https:\/\/www.notibras.com\/site\/?s={search_term_string}\"},\"query-input\":{\"@type\":\"PropertyValueSpecification\",\"valueRequired\":true,\"valueName\":\"search_term_string\"}}],\"inLanguage\":\"pt-BR\"},{\"@type\":\"Organization\",\"@id\":\"https:\/\/www.notibras.com\/site\/#organization\",\"name\":\"Grupo Notibras de Comunica\u00e7\u00e3o\",\"url\":\"https:\/\/www.notibras.com\/site\/\",\"logo\":{\"@type\":\"ImageObject\",\"inLanguage\":\"pt-BR\",\"@id\":\"https:\/\/www.notibras.com\/site\/#\/schema\/logo\/image\/\",\"url\":\"https:\/\/www.notibras.com\/site\/wp-content\/uploads\/2023\/01\/notibras23.png\",\"contentUrl\":\"https:\/\/www.notibras.com\/site\/wp-content\/uploads\/2023\/01\/notibras23.png\",\"width\":350,\"height\":87,\"caption\":\"Grupo Notibras de Comunica\u00e7\u00e3o\"},\"image\":{\"@id\":\"https:\/\/www.notibras.com\/site\/#\/schema\/logo\/image\/\"},\"sameAs\":[\"https:\/\/www.facebook.com\/notibras\/\",\"https:\/\/x.com\/Notibras\",\"https:\/\/www.instagram.com\/notibras\/\"]},{\"@type\":\"Person\",\"@id\":\"https:\/\/www.notibras.com\/site\/#\/schema\/person\/36ab0979449956132d3e5b517ea76ac8\",\"name\":\"Reda\u00e7\u00e3o\",\"image\":{\"@type\":\"ImageObject\",\"inLanguage\":\"pt-BR\",\"@id\":\"https:\/\/secure.gravatar.com\/avatar\/e0a867bdedb85fd243eadf09663511f96fc81e0720a4a42581f334ad4303aa6b?s=96&d=mm&r=g\",\"url\":\"https:\/\/secure.gravatar.com\/avatar\/e0a867bdedb85fd243eadf09663511f96fc81e0720a4a42581f334ad4303aa6b?s=96&d=mm&r=g\",\"contentUrl\":\"https:\/\/secure.gravatar.com\/avatar\/e0a867bdedb85fd243eadf09663511f96fc81e0720a4a42581f334ad4303aa6b?s=96&d=mm&r=g\",\"caption\":\"Reda\u00e7\u00e3o\"}}]}<\/script>\n<!-- \/ Yoast SEO plugin. -->","yoast_head_json":{"title":"Corinthians bate Vit\u00f3ria por 2x1 em Cuiab\u00e1 e pula para terceiro - Notibras","robots":{"index":"index","follow":"follow","max-snippet":"max-snippet:-1","max-image-preview":"max-image-preview:large","max-video-preview":"max-video-preview:-1"},"canonical":"https:\/\/www.notibras.com\/site\/corinthians-bate-vitoria-por-2x1-em-cuiaba-e-pula-para-terceiro\/","og_locale":"pt_BR","og_type":"article","og_title":"Corinthians bate Vit\u00f3ria por 2x1 em Cuiab\u00e1 e pula para terceiro - Notibras","og_description":"Na Arena Pantanal de Cuiab\u00e1, onde cumpriu pena de uma perda de mando de campo imposta pelo STJD, o Corinthians finalmente conseguiu vencer um time em situa\u00e7\u00e3o ruim na tabela. O time de Mano Menezes, que se tornou o quarto treinador a mais vezes comandar os paulistas, fez boa atua\u00e7\u00e3o e, apesar de susto no [&hellip;]","og_url":"https:\/\/www.notibras.com\/site\/corinthians-bate-vitoria-por-2x1-em-cuiaba-e-pula-para-terceiro\/","og_site_name":"Notibras","article_publisher":"https:\/\/www.facebook.com\/notibras\/","article_published_time":"2014-10-22T23:09:23+00:00","article_modified_time":"2014-10-23T00:14:05+00:00","og_image":[{"width":620,"height":465,"url":"https:\/\/www.notibras.com\/site\/wp-content\/uploads\/2014\/10\/cor.jpg","type":"image\/jpeg"}],"author":"Reda\u00e7\u00e3o","twitter_card":"summary_large_image","twitter_creator":"@Notibras","twitter_site":"@Notibras","twitter_misc":{"Escrito por":"Reda\u00e7\u00e3o","Est. tempo de leitura":"3 minutos"},"schema":{"@context":"https:\/\/schema.org","@graph":[{"@type":"Article","@id":"https:\/\/www.notibras.com\/site\/corinthians-bate-vitoria-por-2x1-em-cuiaba-e-pula-para-terceiro\/#article","isPartOf":{"@id":"https:\/\/www.notibras.com\/site\/corinthians-bate-vitoria-por-2x1-em-cuiaba-e-pula-para-terceiro\/"},"author":{"name":"Reda\u00e7\u00e3o","@id":"https:\/\/www.notibras.com\/site\/#\/schema\/person\/36ab0979449956132d3e5b517ea76ac8"},"headline":"Corinthians bate Vit\u00f3ria por 2&#215;1 em Cuiab\u00e1 e pula para terceiro","datePublished":"2014-10-22T23:09:23+00:00","dateModified":"2014-10-23T00:14:05+00:00","mainEntityOfPage":{"@id":"https:\/\/www.notibras.com\/site\/corinthians-bate-vitoria-por-2x1-em-cuiaba-e-pula-para-terceiro\/"},"wordCount":514,"commentCount":0,"publisher":{"@id":"https:\/\/www.notibras.com\/site\/#organization"},"image":{"@id":"https:\/\/www.notibras.com\/site\/corinthians-bate-vitoria-por-2x1-em-cuiaba-e-pula-para-terceiro\/#primaryimage"},"thumbnailUrl":"https:\/\/www.notibras.com\/site\/wp-content\/uploads\/2014\/10\/cor.jpg","articleSection":["Esportes","Futebol"],"inLanguage":"pt-BR","potentialAction":[{"@type":"CommentAction","name":"Comment","target":["https:\/\/www.notibras.com\/site\/corinthians-bate-vitoria-por-2x1-em-cuiaba-e-pula-para-terceiro\/#respond"]}]},{"@type":"WebPage","@id":"https:\/\/www.notibras.com\/site\/corinthians-bate-vitoria-por-2x1-em-cuiaba-e-pula-para-terceiro\/","url":"https:\/\/www.notibras.com\/site\/corinthians-bate-vitoria-por-2x1-em-cuiaba-e-pula-para-terceiro\/","name":"Corinthians bate Vit\u00f3ria por 2x1 em Cuiab\u00e1 e pula para terceiro - Notibras","isPartOf":{"@id":"https:\/\/www.notibras.com\/site\/#website"},"primaryImageOfPage":{"@id":"https:\/\/www.notibras.com\/site\/corinthians-bate-vitoria-por-2x1-em-cuiaba-e-pula-para-terceiro\/#primaryimage"},"image":{"@id":"https:\/\/www.notibras.com\/site\/corinthians-bate-vitoria-por-2x1-em-cuiaba-e-pula-para-terceiro\/#primaryimage"},"thumbnailUrl":"https:\/\/www.notibras.com\/site\/wp-content\/uploads\/2014\/10\/cor.jpg","datePublished":"2014-10-22T23:09:23+00:00","dateModified":"2014-10-23T00:14:05+00:00","breadcrumb":{"@id":"https:\/\/www.notibras.com\/site\/corinthians-bate-vitoria-por-2x1-em-cuiaba-e-pula-para-terceiro\/#breadcrumb"},"inLanguage":"pt-BR","potentialAction":[{"@type":"ReadAction","target":["https:\/\/www.notibras.com\/site\/corinthians-bate-vitoria-por-2x1-em-cuiaba-e-pula-para-terceiro\/"]}]},{"@type":"ImageObject","inLanguage":"pt-BR","@id":"https:\/\/www.notibras.com\/site\/corinthians-bate-vitoria-por-2x1-em-cuiaba-e-pula-para-terceiro\/#primaryimage","url":"https:\/\/www.notibras.com\/site\/wp-content\/uploads\/2014\/10\/cor.jpg","contentUrl":"https:\/\/www.notibras.com\/site\/wp-content\/uploads\/2014\/10\/cor.jpg","width":620,"height":465},{"@type":"BreadcrumbList","@id":"https:\/\/www.notibras.com\/site\/corinthians-bate-vitoria-por-2x1-em-cuiaba-e-pula-para-terceiro\/#breadcrumb","itemListElement":[{"@type":"ListItem","position":1,"name":"In\u00edcio","item":"https:\/\/www.notibras.com\/site\/"},{"@type":"ListItem","position":2,"name":"Corinthians bate Vit\u00f3ria por 2&#215;1 em Cuiab\u00e1 e pula para terceiro"}]},{"@type":"WebSite","@id":"https:\/\/www.notibras.com\/site\/#website","url":"https:\/\/www.notibras.com\/site\/","name":"Notibras","description":"Not\u00edcias de Bras\u00edlia, do Brasil e do Mundo","publisher":{"@id":"https:\/\/www.notibras.com\/site\/#organization"},"potentialAction":[{"@type":"SearchAction","target":{"@type":"EntryPoint","urlTemplate":"https:\/\/www.notibras.com\/site\/?s={search_term_string}"},"query-input":{"@type":"PropertyValueSpecification","valueRequired":true,"valueName":"search_term_string"}}],"inLanguage":"pt-BR"},{"@type":"Organization","@id":"https:\/\/www.notibras.com\/site\/#organization","name":"Grupo Notibras de Comunica\u00e7\u00e3o","url":"https:\/\/www.notibras.com\/site\/","logo":{"@type":"ImageObject","inLanguage":"pt-BR","@id":"https:\/\/www.notibras.com\/site\/#\/schema\/logo\/image\/","url":"https:\/\/www.notibras.com\/site\/wp-content\/uploads\/2023\/01\/notibras23.png","contentUrl":"https:\/\/www.notibras.com\/site\/wp-content\/uploads\/2023\/01\/notibras23.png","width":350,"height":87,"caption":"Grupo Notibras de Comunica\u00e7\u00e3o"},"image":{"@id":"https:\/\/www.notibras.com\/site\/#\/schema\/logo\/image\/"},"sameAs":["https:\/\/www.facebook.com\/notibras\/","https:\/\/x.com\/Notibras","https:\/\/www.instagram.com\/notibras\/"]},{"@type":"Person","@id":"https:\/\/www.notibras.com\/site\/#\/schema\/person\/36ab0979449956132d3e5b517ea76ac8","name":"Reda\u00e7\u00e3o","image":{"@type":"ImageObject","inLanguage":"pt-BR","@id":"https:\/\/secure.gravatar.com\/avatar\/e0a867bdedb85fd243eadf09663511f96fc81e0720a4a42581f334ad4303aa6b?s=96&d=mm&r=g","url":"https:\/\/secure.gravatar.com\/avatar\/e0a867bdedb85fd243eadf09663511f96fc81e0720a4a42581f334ad4303aa6b?s=96&d=mm&r=g","contentUrl":"https:\/\/secure.gravatar.com\/avatar\/e0a867bdedb85fd243eadf09663511f96fc81e0720a4a42581f334ad4303aa6b?s=96&d=mm&r=g","caption":"Reda\u00e7\u00e3o"}}]}},"amp_enabled":true,"_links":{"self":[{"href":"https:\/\/www.notibras.com\/site\/wp-json\/wp\/v2\/posts\/25683","targetHints":{"allow":["GET"]}}],"collection":[{"href":"https:\/\/www.notibras.com\/site\/wp-json\/wp\/v2\/posts"}],"about":[{"href":"https:\/\/www.notibras.com\/site\/wp-json\/wp\/v2\/types\/post"}],"author":[{"embeddable":true,"href":"https:\/\/www.notibras.com\/site\/wp-json\/wp\/v2\/users\/2"}],"replies":[{"embeddable":true,"href":"https:\/\/www.notibras.com\/site\/wp-json\/wp\/v2\/comments?post=25683"}],"version-history":[{"count":0,"href":"https:\/\/www.notibras.com\/site\/wp-json\/wp\/v2\/posts\/25683\/revisions"}],"wp:featuredmedia":[{"embeddable":true,"href":"https:\/\/www.notibras.com\/site\/wp-json\/wp\/v2\/media\/25684"}],"wp:attachment":[{"href":"https:\/\/www.notibras.com\/site\/wp-json\/wp\/v2\/media?parent=25683"}],"wp:term":[{"taxonomy":"category","embeddable":true,"href":"https:\/\/www.notibras.com\/site\/wp-json\/wp\/v2\/categories?post=25683"},{"taxonomy":"post_tag","embeddable":true,"href":"https:\/\/www.notibras.com\/site\/wp-json\/wp\/v2\/tags?post=25683"}],"curies":[{"name":"wp","href":"https:\/\/api.w.org\/{rel}","templated":true}]}}