{"id":25696,"date":"2014-10-22T22:26:32","date_gmt":"2014-10-23T01:26:32","guid":{"rendered":"http:\/\/www.notibras.com\/site\/?p=25696"},"modified":"2014-10-23T13:48:52","modified_gmt":"2014-10-23T16:48:52","slug":"mae-deprimida-degola-filha-de-4-anos-e-atenta-contra-a-propria-vida","status":"publish","type":"post","link":"https:\/\/www.notibras.com\/site\/mae-deprimida-degola-filha-de-4-anos-e-atenta-contra-a-propria-vida\/","title":{"rendered":"M\u00e3e deprimida degola filha de 4 anos e atenta contra a vida"},"content":{"rendered":"<div class=\"articledata article__txt textBlock\">\n<p class=\"text\">Uma dona de casa de 25 anos foi internada em estado grave no hospital da cidade de L\u00e1brea,\u00a0 a 710 km de Manaus, ap\u00f3s degolar a filha de 4 anos e tentar suic\u00eddio. O caso macabro aconteceu nesta ter\u00e7a-feira\u00a0e chocou moradores e a pol\u00edcia local.<\/p>\n<p class=\"text\">A dona de casa Vanuza do Nascimento da Silva, 25 anos, matou a filha com uma faca de cortar carne e, quando tentava tirar a pr\u00f3pria vida, foi impedida por policiais militares. Ela segue internada no Hospital Regional da cidade sob a guarda de dois PMs.<\/p>\n<p class=\"text\">Segundo a pol\u00edcia,\u00a0Vanuza vinha sofrendo de depress\u00e3o. De acordo com hist\u00f3rias apuradas pela pol\u00edcia com os parentes da dona de casa, ela chegou a alert\u00e1-los sobre o crime. &#8220;Ningu\u00e9m acreditou muito quando ela falou\u00a0isso. Mas quando ouviram a crian\u00e7a gritar, chamaram logo a pol\u00edcia&#8221;,\u00a0 contou o delegado Bruno Hitotuzi, por telefone.<\/p>\n<blockquote><p>Na \u00faltima segunda-feira, uma psic\u00f3loga chegou a conversar com Vanuza para tentar entender porque ela vinha alardeando aos parentes que poderia se matar e matar a filha. No entanto, a profissional de sa\u00fade n\u00e3o teria conseguido fazer com que a dona de casa revelasse o que lhe aflingia. Hitotuzi informou ainda que a fam\u00edlia de Vanuza disse que a acusada n\u00e3o tinha problemas com \u00e1lcool ou drogas.<\/p><\/blockquote>\n<p>De acordo com a pol\u00edcia, quando os PMs chegaram na casa onde o crime aconteceu, a garotinha j\u00e1 estava morta sobre a cama. &#8220;A m\u00e3e cortou o pesco\u00e7o da filha. Ela ainda tentou se matar depois, mas os PMs chegaram a tempo&#8221;, relatou Hitotuzi. O delegado disse ainda que os familiares relataram que a dona tamb\u00e9m tinha dist\u00farbios mentais. &#8220;Isso n\u00e3o est\u00e1 confirmado, mas a fam\u00edlia disse&#8221;, afirmou o delegado.<\/p>\n<p>Vanuza foi presa em flagrante no hospital da cidade, mas assim que receber alta ser\u00e1 encaminhada \u00e0 delegacia. &#8220;J\u00e1 autuamos ela por homic\u00eddio qualificado por motivo f\u00fatil. Assim que receber alta, dona Vanuza ser\u00e1 trazida para a delegacia onde ficar\u00e1 presa&#8221;, concluiu o delegado.<\/p>\n<p>De acordo com a dire\u00e7\u00e3o do Hospital Regional de L\u00e1brea, a dona de casa deu entrada na unidade com a traqu\u00e9ia cortada e perdendo muito sangue. Exames de sangue constataram a ingest\u00e3o de uma grande quantidade de medicamento antidepressivo por parte de Vanuza que permanecer\u00e1 em coma induzido pelos pr\u00f3ximos tr\u00eas dias.<\/p>\n<\/div>\n","protected":false},"excerpt":{"rendered":"<p>Uma dona de casa de 25 anos foi internada em estado grave no hospital da cidade de L\u00e1brea,\u00a0 a 710 km de Manaus, ap\u00f3s degolar a filha de 4 anos e tentar suic\u00eddio. O caso macabro aconteceu nesta ter\u00e7a-feira\u00a0e chocou moradores e a pol\u00edcia local. A dona de casa Vanuza do Nascimento da Silva, 25 [&hellip;]<\/p>\n","protected":false},"author":2,"featured_media":25697,"comment_status":"open","ping_status":"closed","sticky":false,"template":"","format":"standard","meta":{"_acf_changed":false,"footnotes":""},"categories":[16],"tags":[],"class_list":["post-25696","post","type-post","status-publish","format-standard","has-post-thumbnail","hentry","category-brasil"],"acf":[],"yoast_head":"<!-- This site is optimized with the Yoast SEO plugin v27.5 - https:\/\/yoast.com\/product\/yoast-seo-wordpress\/ -->\n<title>M\u00e3e deprimida degola filha de 4 anos e atenta contra a vida - Notibras<\/title>\n<meta name=\"robots\" content=\"index, follow, max-snippet:-1, max-image-preview:large, max-video-preview:-1\" \/>\n<link rel=\"canonical\" href=\"https:\/\/www.notibras.com\/site\/mae-deprimida-degola-filha-de-4-anos-e-atenta-contra-a-propria-vida\/\" \/>\n<meta property=\"og:locale\" content=\"pt_BR\" \/>\n<meta property=\"og:type\" content=\"article\" \/>\n<meta property=\"og:title\" content=\"M\u00e3e deprimida degola filha de 4 anos e atenta contra a vida - Notibras\" \/>\n<meta property=\"og:description\" content=\"Uma dona de casa de 25 anos foi internada em estado grave no hospital da cidade de L\u00e1brea,\u00a0 a 710 km de Manaus, ap\u00f3s degolar a filha de 4 anos e tentar suic\u00eddio. O caso macabro aconteceu nesta ter\u00e7a-feira\u00a0e chocou moradores e a pol\u00edcia local. A dona de casa Vanuza do Nascimento da Silva, 25 [&hellip;]\" \/>\n<meta property=\"og:url\" content=\"https:\/\/www.notibras.com\/site\/mae-deprimida-degola-filha-de-4-anos-e-atenta-contra-a-propria-vida\/\" \/>\n<meta property=\"og:site_name\" content=\"Notibras\" \/>\n<meta property=\"article:publisher\" content=\"https:\/\/www.facebook.com\/notibras\/\" \/>\n<meta property=\"article:published_time\" content=\"2014-10-23T01:26:32+00:00\" \/>\n<meta property=\"article:modified_time\" content=\"2014-10-23T16:48:52+00:00\" \/>\n<meta property=\"og:image\" content=\"https:\/\/www.notibras.com\/site\/wp-content\/uploads\/2014\/10\/br5.jpg\" \/>\n\t<meta property=\"og:image:width\" content=\"460\" \/>\n\t<meta property=\"og:image:height\" content=\"340\" \/>\n\t<meta property=\"og:image:type\" content=\"image\/jpeg\" \/>\n<meta name=\"author\" content=\"Reda\u00e7\u00e3o\" \/>\n<meta name=\"twitter:card\" content=\"summary_large_image\" \/>\n<meta name=\"twitter:creator\" content=\"@Notibras\" \/>\n<meta name=\"twitter:site\" content=\"@Notibras\" \/>\n<meta name=\"twitter:label1\" content=\"Escrito por\" \/>\n\t<meta name=\"twitter:data1\" content=\"Reda\u00e7\u00e3o\" \/>\n\t<meta name=\"twitter:label2\" content=\"Est. tempo de leitura\" \/>\n\t<meta name=\"twitter:data2\" content=\"2 minutos\" \/>\n<script type=\"application\/ld+json\" class=\"yoast-schema-graph\">{\"@context\":\"https:\\\/\\\/schema.org\",\"@graph\":[{\"@type\":\"Article\",\"@id\":\"https:\\\/\\\/www.notibras.com\\\/site\\\/mae-deprimida-degola-filha-de-4-anos-e-atenta-contra-a-propria-vida\\\/#article\",\"isPartOf\":{\"@id\":\"https:\\\/\\\/www.notibras.com\\\/site\\\/mae-deprimida-degola-filha-de-4-anos-e-atenta-contra-a-propria-vida\\\/\"},\"author\":{\"name\":\"Reda\u00e7\u00e3o\",\"@id\":\"https:\\\/\\\/www.notibras.com\\\/site\\\/#\\\/schema\\\/person\\\/36ab0979449956132d3e5b517ea76ac8\"},\"headline\":\"M\u00e3e deprimida degola filha de 4 anos e atenta contra a vida\",\"datePublished\":\"2014-10-23T01:26:32+00:00\",\"dateModified\":\"2014-10-23T16:48:52+00:00\",\"mainEntityOfPage\":{\"@id\":\"https:\\\/\\\/www.notibras.com\\\/site\\\/mae-deprimida-degola-filha-de-4-anos-e-atenta-contra-a-propria-vida\\\/\"},\"wordCount\":419,\"commentCount\":0,\"publisher\":{\"@id\":\"https:\\\/\\\/www.notibras.com\\\/site\\\/#organization\"},\"image\":{\"@id\":\"https:\\\/\\\/www.notibras.com\\\/site\\\/mae-deprimida-degola-filha-de-4-anos-e-atenta-contra-a-propria-vida\\\/#primaryimage\"},\"thumbnailUrl\":\"https:\\\/\\\/www.notibras.com\\\/site\\\/wp-content\\\/uploads\\\/2014\\\/10\\\/br5.jpg\",\"articleSection\":[\"Brasil\"],\"inLanguage\":\"pt-BR\",\"potentialAction\":[{\"@type\":\"CommentAction\",\"name\":\"Comment\",\"target\":[\"https:\\\/\\\/www.notibras.com\\\/site\\\/mae-deprimida-degola-filha-de-4-anos-e-atenta-contra-a-propria-vida\\\/#respond\"]}]},{\"@type\":\"WebPage\",\"@id\":\"https:\\\/\\\/www.notibras.com\\\/site\\\/mae-deprimida-degola-filha-de-4-anos-e-atenta-contra-a-propria-vida\\\/\",\"url\":\"https:\\\/\\\/www.notibras.com\\\/site\\\/mae-deprimida-degola-filha-de-4-anos-e-atenta-contra-a-propria-vida\\\/\",\"name\":\"M\u00e3e deprimida degola filha de 4 anos e atenta contra a vida - Notibras\",\"isPartOf\":{\"@id\":\"https:\\\/\\\/www.notibras.com\\\/site\\\/#website\"},\"primaryImageOfPage\":{\"@id\":\"https:\\\/\\\/www.notibras.com\\\/site\\\/mae-deprimida-degola-filha-de-4-anos-e-atenta-contra-a-propria-vida\\\/#primaryimage\"},\"image\":{\"@id\":\"https:\\\/\\\/www.notibras.com\\\/site\\\/mae-deprimida-degola-filha-de-4-anos-e-atenta-contra-a-propria-vida\\\/#primaryimage\"},\"thumbnailUrl\":\"https:\\\/\\\/www.notibras.com\\\/site\\\/wp-content\\\/uploads\\\/2014\\\/10\\\/br5.jpg\",\"datePublished\":\"2014-10-23T01:26:32+00:00\",\"dateModified\":\"2014-10-23T16:48:52+00:00\",\"breadcrumb\":{\"@id\":\"https:\\\/\\\/www.notibras.com\\\/site\\\/mae-deprimida-degola-filha-de-4-anos-e-atenta-contra-a-propria-vida\\\/#breadcrumb\"},\"inLanguage\":\"pt-BR\",\"potentialAction\":[{\"@type\":\"ReadAction\",\"target\":[\"https:\\\/\\\/www.notibras.com\\\/site\\\/mae-deprimida-degola-filha-de-4-anos-e-atenta-contra-a-propria-vida\\\/\"]}]},{\"@type\":\"ImageObject\",\"inLanguage\":\"pt-BR\",\"@id\":\"https:\\\/\\\/www.notibras.com\\\/site\\\/mae-deprimida-degola-filha-de-4-anos-e-atenta-contra-a-propria-vida\\\/#primaryimage\",\"url\":\"https:\\\/\\\/www.notibras.com\\\/site\\\/wp-content\\\/uploads\\\/2014\\\/10\\\/br5.jpg\",\"contentUrl\":\"https:\\\/\\\/www.notibras.com\\\/site\\\/wp-content\\\/uploads\\\/2014\\\/10\\\/br5.jpg\",\"width\":460,\"height\":340},{\"@type\":\"BreadcrumbList\",\"@id\":\"https:\\\/\\\/www.notibras.com\\\/site\\\/mae-deprimida-degola-filha-de-4-anos-e-atenta-contra-a-propria-vida\\\/#breadcrumb\",\"itemListElement\":[{\"@type\":\"ListItem\",\"position\":1,\"name\":\"In\u00edcio\",\"item\":\"https:\\\/\\\/www.notibras.com\\\/site\\\/\"},{\"@type\":\"ListItem\",\"position\":2,\"name\":\"M\u00e3e deprimida degola filha de 4 anos e atenta contra a vida\"}]},{\"@type\":\"WebSite\",\"@id\":\"https:\\\/\\\/www.notibras.com\\\/site\\\/#website\",\"url\":\"https:\\\/\\\/www.notibras.com\\\/site\\\/\",\"name\":\"Notibras\",\"description\":\"Not\u00edcias de Bras\u00edlia, do Brasil e do Mundo\",\"publisher\":{\"@id\":\"https:\\\/\\\/www.notibras.com\\\/site\\\/#organization\"},\"potentialAction\":[{\"@type\":\"SearchAction\",\"target\":{\"@type\":\"EntryPoint\",\"urlTemplate\":\"https:\\\/\\\/www.notibras.com\\\/site\\\/?s={search_term_string}\"},\"query-input\":{\"@type\":\"PropertyValueSpecification\",\"valueRequired\":true,\"valueName\":\"search_term_string\"}}],\"inLanguage\":\"pt-BR\"},{\"@type\":\"Organization\",\"@id\":\"https:\\\/\\\/www.notibras.com\\\/site\\\/#organization\",\"name\":\"Grupo Notibras de Comunica\u00e7\u00e3o\",\"url\":\"https:\\\/\\\/www.notibras.com\\\/site\\\/\",\"logo\":{\"@type\":\"ImageObject\",\"inLanguage\":\"pt-BR\",\"@id\":\"https:\\\/\\\/www.notibras.com\\\/site\\\/#\\\/schema\\\/logo\\\/image\\\/\",\"url\":\"https:\\\/\\\/www.notibras.com\\\/site\\\/wp-content\\\/uploads\\\/2023\\\/01\\\/notibras23.png\",\"contentUrl\":\"https:\\\/\\\/www.notibras.com\\\/site\\\/wp-content\\\/uploads\\\/2023\\\/01\\\/notibras23.png\",\"width\":350,\"height\":87,\"caption\":\"Grupo Notibras de Comunica\u00e7\u00e3o\"},\"image\":{\"@id\":\"https:\\\/\\\/www.notibras.com\\\/site\\\/#\\\/schema\\\/logo\\\/image\\\/\"},\"sameAs\":[\"https:\\\/\\\/www.facebook.com\\\/notibras\\\/\",\"https:\\\/\\\/x.com\\\/Notibras\",\"https:\\\/\\\/www.instagram.com\\\/notibras\\\/\"]},{\"@type\":\"Person\",\"@id\":\"https:\\\/\\\/www.notibras.com\\\/site\\\/#\\\/schema\\\/person\\\/36ab0979449956132d3e5b517ea76ac8\",\"name\":\"Reda\u00e7\u00e3o\",\"image\":{\"@type\":\"ImageObject\",\"inLanguage\":\"pt-BR\",\"@id\":\"https:\\\/\\\/secure.gravatar.com\\\/avatar\\\/e0a867bdedb85fd243eadf09663511f96fc81e0720a4a42581f334ad4303aa6b?s=96&d=mm&r=g\",\"url\":\"https:\\\/\\\/secure.gravatar.com\\\/avatar\\\/e0a867bdedb85fd243eadf09663511f96fc81e0720a4a42581f334ad4303aa6b?s=96&d=mm&r=g\",\"contentUrl\":\"https:\\\/\\\/secure.gravatar.com\\\/avatar\\\/e0a867bdedb85fd243eadf09663511f96fc81e0720a4a42581f334ad4303aa6b?s=96&d=mm&r=g\",\"caption\":\"Reda\u00e7\u00e3o\"}}]}<\/script>\n<!-- \/ Yoast SEO plugin. -->","yoast_head_json":{"title":"M\u00e3e deprimida degola filha de 4 anos e atenta contra a vida - Notibras","robots":{"index":"index","follow":"follow","max-snippet":"max-snippet:-1","max-image-preview":"max-image-preview:large","max-video-preview":"max-video-preview:-1"},"canonical":"https:\/\/www.notibras.com\/site\/mae-deprimida-degola-filha-de-4-anos-e-atenta-contra-a-propria-vida\/","og_locale":"pt_BR","og_type":"article","og_title":"M\u00e3e deprimida degola filha de 4 anos e atenta contra a vida - Notibras","og_description":"Uma dona de casa de 25 anos foi internada em estado grave no hospital da cidade de L\u00e1brea,\u00a0 a 710 km de Manaus, ap\u00f3s degolar a filha de 4 anos e tentar suic\u00eddio. O caso macabro aconteceu nesta ter\u00e7a-feira\u00a0e chocou moradores e a pol\u00edcia local. A dona de casa Vanuza do Nascimento da Silva, 25 [&hellip;]","og_url":"https:\/\/www.notibras.com\/site\/mae-deprimida-degola-filha-de-4-anos-e-atenta-contra-a-propria-vida\/","og_site_name":"Notibras","article_publisher":"https:\/\/www.facebook.com\/notibras\/","article_published_time":"2014-10-23T01:26:32+00:00","article_modified_time":"2014-10-23T16:48:52+00:00","og_image":[{"width":460,"height":340,"url":"https:\/\/www.notibras.com\/site\/wp-content\/uploads\/2014\/10\/br5.jpg","type":"image\/jpeg"}],"author":"Reda\u00e7\u00e3o","twitter_card":"summary_large_image","twitter_creator":"@Notibras","twitter_site":"@Notibras","twitter_misc":{"Escrito por":"Reda\u00e7\u00e3o","Est. tempo de leitura":"2 minutos"},"schema":{"@context":"https:\/\/schema.org","@graph":[{"@type":"Article","@id":"https:\/\/www.notibras.com\/site\/mae-deprimida-degola-filha-de-4-anos-e-atenta-contra-a-propria-vida\/#article","isPartOf":{"@id":"https:\/\/www.notibras.com\/site\/mae-deprimida-degola-filha-de-4-anos-e-atenta-contra-a-propria-vida\/"},"author":{"name":"Reda\u00e7\u00e3o","@id":"https:\/\/www.notibras.com\/site\/#\/schema\/person\/36ab0979449956132d3e5b517ea76ac8"},"headline":"M\u00e3e deprimida degola filha de 4 anos e atenta contra a vida","datePublished":"2014-10-23T01:26:32+00:00","dateModified":"2014-10-23T16:48:52+00:00","mainEntityOfPage":{"@id":"https:\/\/www.notibras.com\/site\/mae-deprimida-degola-filha-de-4-anos-e-atenta-contra-a-propria-vida\/"},"wordCount":419,"commentCount":0,"publisher":{"@id":"https:\/\/www.notibras.com\/site\/#organization"},"image":{"@id":"https:\/\/www.notibras.com\/site\/mae-deprimida-degola-filha-de-4-anos-e-atenta-contra-a-propria-vida\/#primaryimage"},"thumbnailUrl":"https:\/\/www.notibras.com\/site\/wp-content\/uploads\/2014\/10\/br5.jpg","articleSection":["Brasil"],"inLanguage":"pt-BR","potentialAction":[{"@type":"CommentAction","name":"Comment","target":["https:\/\/www.notibras.com\/site\/mae-deprimida-degola-filha-de-4-anos-e-atenta-contra-a-propria-vida\/#respond"]}]},{"@type":"WebPage","@id":"https:\/\/www.notibras.com\/site\/mae-deprimida-degola-filha-de-4-anos-e-atenta-contra-a-propria-vida\/","url":"https:\/\/www.notibras.com\/site\/mae-deprimida-degola-filha-de-4-anos-e-atenta-contra-a-propria-vida\/","name":"M\u00e3e deprimida degola filha de 4 anos e atenta contra a vida - Notibras","isPartOf":{"@id":"https:\/\/www.notibras.com\/site\/#website"},"primaryImageOfPage":{"@id":"https:\/\/www.notibras.com\/site\/mae-deprimida-degola-filha-de-4-anos-e-atenta-contra-a-propria-vida\/#primaryimage"},"image":{"@id":"https:\/\/www.notibras.com\/site\/mae-deprimida-degola-filha-de-4-anos-e-atenta-contra-a-propria-vida\/#primaryimage"},"thumbnailUrl":"https:\/\/www.notibras.com\/site\/wp-content\/uploads\/2014\/10\/br5.jpg","datePublished":"2014-10-23T01:26:32+00:00","dateModified":"2014-10-23T16:48:52+00:00","breadcrumb":{"@id":"https:\/\/www.notibras.com\/site\/mae-deprimida-degola-filha-de-4-anos-e-atenta-contra-a-propria-vida\/#breadcrumb"},"inLanguage":"pt-BR","potentialAction":[{"@type":"ReadAction","target":["https:\/\/www.notibras.com\/site\/mae-deprimida-degola-filha-de-4-anos-e-atenta-contra-a-propria-vida\/"]}]},{"@type":"ImageObject","inLanguage":"pt-BR","@id":"https:\/\/www.notibras.com\/site\/mae-deprimida-degola-filha-de-4-anos-e-atenta-contra-a-propria-vida\/#primaryimage","url":"https:\/\/www.notibras.com\/site\/wp-content\/uploads\/2014\/10\/br5.jpg","contentUrl":"https:\/\/www.notibras.com\/site\/wp-content\/uploads\/2014\/10\/br5.jpg","width":460,"height":340},{"@type":"BreadcrumbList","@id":"https:\/\/www.notibras.com\/site\/mae-deprimida-degola-filha-de-4-anos-e-atenta-contra-a-propria-vida\/#breadcrumb","itemListElement":[{"@type":"ListItem","position":1,"name":"In\u00edcio","item":"https:\/\/www.notibras.com\/site\/"},{"@type":"ListItem","position":2,"name":"M\u00e3e deprimida degola filha de 4 anos e atenta contra a vida"}]},{"@type":"WebSite","@id":"https:\/\/www.notibras.com\/site\/#website","url":"https:\/\/www.notibras.com\/site\/","name":"Notibras","description":"Not\u00edcias de Bras\u00edlia, do Brasil e do Mundo","publisher":{"@id":"https:\/\/www.notibras.com\/site\/#organization"},"potentialAction":[{"@type":"SearchAction","target":{"@type":"EntryPoint","urlTemplate":"https:\/\/www.notibras.com\/site\/?s={search_term_string}"},"query-input":{"@type":"PropertyValueSpecification","valueRequired":true,"valueName":"search_term_string"}}],"inLanguage":"pt-BR"},{"@type":"Organization","@id":"https:\/\/www.notibras.com\/site\/#organization","name":"Grupo Notibras de Comunica\u00e7\u00e3o","url":"https:\/\/www.notibras.com\/site\/","logo":{"@type":"ImageObject","inLanguage":"pt-BR","@id":"https:\/\/www.notibras.com\/site\/#\/schema\/logo\/image\/","url":"https:\/\/www.notibras.com\/site\/wp-content\/uploads\/2023\/01\/notibras23.png","contentUrl":"https:\/\/www.notibras.com\/site\/wp-content\/uploads\/2023\/01\/notibras23.png","width":350,"height":87,"caption":"Grupo Notibras de Comunica\u00e7\u00e3o"},"image":{"@id":"https:\/\/www.notibras.com\/site\/#\/schema\/logo\/image\/"},"sameAs":["https:\/\/www.facebook.com\/notibras\/","https:\/\/x.com\/Notibras","https:\/\/www.instagram.com\/notibras\/"]},{"@type":"Person","@id":"https:\/\/www.notibras.com\/site\/#\/schema\/person\/36ab0979449956132d3e5b517ea76ac8","name":"Reda\u00e7\u00e3o","image":{"@type":"ImageObject","inLanguage":"pt-BR","@id":"https:\/\/secure.gravatar.com\/avatar\/e0a867bdedb85fd243eadf09663511f96fc81e0720a4a42581f334ad4303aa6b?s=96&d=mm&r=g","url":"https:\/\/secure.gravatar.com\/avatar\/e0a867bdedb85fd243eadf09663511f96fc81e0720a4a42581f334ad4303aa6b?s=96&d=mm&r=g","contentUrl":"https:\/\/secure.gravatar.com\/avatar\/e0a867bdedb85fd243eadf09663511f96fc81e0720a4a42581f334ad4303aa6b?s=96&d=mm&r=g","caption":"Reda\u00e7\u00e3o"}}]}},"amp_enabled":true,"_links":{"self":[{"href":"https:\/\/www.notibras.com\/site\/wp-json\/wp\/v2\/posts\/25696","targetHints":{"allow":["GET"]}}],"collection":[{"href":"https:\/\/www.notibras.com\/site\/wp-json\/wp\/v2\/posts"}],"about":[{"href":"https:\/\/www.notibras.com\/site\/wp-json\/wp\/v2\/types\/post"}],"author":[{"embeddable":true,"href":"https:\/\/www.notibras.com\/site\/wp-json\/wp\/v2\/users\/2"}],"replies":[{"embeddable":true,"href":"https:\/\/www.notibras.com\/site\/wp-json\/wp\/v2\/comments?post=25696"}],"version-history":[{"count":0,"href":"https:\/\/www.notibras.com\/site\/wp-json\/wp\/v2\/posts\/25696\/revisions"}],"wp:featuredmedia":[{"embeddable":true,"href":"https:\/\/www.notibras.com\/site\/wp-json\/wp\/v2\/media\/25697"}],"wp:attachment":[{"href":"https:\/\/www.notibras.com\/site\/wp-json\/wp\/v2\/media?parent=25696"}],"wp:term":[{"taxonomy":"category","embeddable":true,"href":"https:\/\/www.notibras.com\/site\/wp-json\/wp\/v2\/categories?post=25696"},{"taxonomy":"post_tag","embeddable":true,"href":"https:\/\/www.notibras.com\/site\/wp-json\/wp\/v2\/tags?post=25696"}],"curies":[{"name":"wp","href":"https:\/\/api.w.org\/{rel}","templated":true}]}}