{"id":25707,"date":"2014-10-23T07:54:06","date_gmt":"2014-10-23T10:54:06","guid":{"rendered":"http:\/\/www.notibras.com\/site\/?p=25707"},"modified":"2014-10-23T07:54:06","modified_gmt":"2014-10-23T10:54:06","slug":"ato-pro-aecio-solta-o-verbo-em-sao-paulo-e-grita-fora-dilma-terrorista","status":"publish","type":"post","link":"https:\/\/www.notibras.com\/site\/ato-pro-aecio-solta-o-verbo-em-sao-paulo-e-grita-fora-dilma-terrorista\/","title":{"rendered":"Ato pr\u00f3-A\u00e9cio solta o verbo em S\u00e3o Paulo e grita &#8216;fora, Dilma terrorista&#8217;"},"content":{"rendered":"<p>Simpatizantes do candidato \u00e0 Presid\u00eancia A\u00e9cio Neves (PSDB) realizaram uma passeata na avenida Brigadeiro Faria Lima, zona oeste de S\u00e3o Paulo, na noite desta quarta-feira (22). De cima do carro de som, o deputado federal Paulinho da For\u00e7a (SD), puxava os gritos de &#8220;fora, PT&#8221;. Ao lado dele estavam o ex-jogador Ronaldo, a cantora Wanessa Camargo, o humorista Juca Chaves e o vereador Floriano Pesaro (PSDB),<\/p>\n<p>O ex-presidente Fernando Henrique Cardoso apareceu durante a concentra\u00e7\u00e3o, no largo da Batata, mas n\u00e3o continuou no ato. Milton Fl\u00e1vio, presidente do PSDB paulistano, disse acreditar que cerca de 20 mil militantes estiveram no evento, que, segundo ele, n\u00e3o foi organizado pelo partido.<\/p>\n<p>&#8220;Um ato convocado pela sociedade civil, que n\u00e3o tem liga\u00e7\u00e3o com nenhum partido, mas que reuniu todos aqueles que clamam por uma mudan\u00e7a e pedem que o Brasil volte a ser o que era.&#8221;<\/p>\n<blockquote><p>O repert\u00f3rio de xingamentos a Dilma Rousseff (PT), ao PT e a s\u00edmbolos da esquerda foi vasto. &#8220;Dilma terrorista!&#8221; \/ &#8220;Ei, ebola, leva a Dilma embora&#8221; \/ &#8220;Ai que maravilha, a Dilma vai pra Cuba e o A\u00e9cio pra Bras\u00edlia&#8221;. Sobrou tamb\u00e9m para o compositor Chico Buarque, apoiador da candidata petista. &#8220;Chico Buarque, vai cantar Geni na m*&#8221;.<\/p><\/blockquote>\n<p>A preocupa\u00e7\u00e3o com o comunismo permeou todo o ato: &#8220;A nossa bandeira jamais ser\u00e1 vermelha&#8221;, gritavam os mais exaltados. Um cartaz com os dizeres &#8220;Viva a liberdade! Fora o comunismo!&#8221; foi afixado na frente do carro de som que levava as celebridades.<\/p>\n<p>Os simpatizantes do tucano tamb\u00e9m fizeram uma vers\u00e3o de &#8220;Pra n\u00e3o dizer que n\u00e3o falei de flores&#8221;, de Geraldo Vandr\u00e9, hino da resist\u00eancia \u00e0 ditadura militar. &#8220;Dilma vai embora que o Brasil n\u00e3o quer voc\u00ea \/ aproveita e leva embora os vagabundos do PT.&#8221;<\/p>\n<p>O ato foi convocado pelas redes sociais, em especial pelo WhatsApp, como uma tentativa tucana de reeditar os dos protestos de junho de 2013. Tanto \u00e9 que o local escolhido, a avenida Faria Lima, foi um dos cen\u00e1rios mais recorrentes das numerosas manifesta\u00e7\u00f5es do ano passado. Um cinegrafista da campanha do PSDB pedia para os presentes cantarem o &#8220;vem pra rua&#8221;, mas a resposta era sempre &#8220;fora, PT&#8221;.<\/p>\n<p>O ponto alto da manifesta\u00e7\u00e3o foi o hino nacional, puxado por Wanessa Camargo e cantado pela multid\u00e3o em frente ao Shopping Iguatemi, um dos mais luxuosos da cidade.<\/p>\n","protected":false},"excerpt":{"rendered":"<p>Simpatizantes do candidato \u00e0 Presid\u00eancia A\u00e9cio Neves (PSDB) realizaram uma passeata na avenida Brigadeiro Faria Lima, zona oeste de S\u00e3o Paulo, na noite desta quarta-feira (22). De cima do carro de som, o deputado federal Paulinho da For\u00e7a (SD), puxava os gritos de &#8220;fora, PT&#8221;. Ao lado dele estavam o ex-jogador Ronaldo, a cantora Wanessa [&hellip;]<\/p>\n","protected":false},"author":2,"featured_media":25708,"comment_status":"open","ping_status":"closed","sticky":false,"template":"","format":"standard","meta":{"_acf_changed":false,"footnotes":""},"categories":[33],"tags":[],"class_list":["post-25707","post","type-post","status-publish","format-standard","has-post-thumbnail","hentry","category-eleicoes-2014"],"acf":[],"yoast_head":"<!-- This site is optimized with the Yoast SEO plugin v27.5 - https:\/\/yoast.com\/product\/yoast-seo-wordpress\/ -->\n<title>Ato pr\u00f3-A\u00e9cio solta o verbo em S\u00e3o Paulo e grita &#039;fora, Dilma terrorista&#039; - Notibras<\/title>\n<meta name=\"robots\" content=\"index, follow, max-snippet:-1, max-image-preview:large, max-video-preview:-1\" \/>\n<link rel=\"canonical\" href=\"https:\/\/www.notibras.com\/site\/ato-pro-aecio-solta-o-verbo-em-sao-paulo-e-grita-fora-dilma-terrorista\/\" \/>\n<meta property=\"og:locale\" content=\"pt_BR\" \/>\n<meta property=\"og:type\" content=\"article\" \/>\n<meta property=\"og:title\" content=\"Ato pr\u00f3-A\u00e9cio solta o verbo em S\u00e3o Paulo e grita &#039;fora, Dilma terrorista&#039; - Notibras\" \/>\n<meta property=\"og:description\" content=\"Simpatizantes do candidato \u00e0 Presid\u00eancia A\u00e9cio Neves (PSDB) realizaram uma passeata na avenida Brigadeiro Faria Lima, zona oeste de S\u00e3o Paulo, na noite desta quarta-feira (22). De cima do carro de som, o deputado federal Paulinho da For\u00e7a (SD), puxava os gritos de &#8220;fora, PT&#8221;. Ao lado dele estavam o ex-jogador Ronaldo, a cantora Wanessa [&hellip;]\" \/>\n<meta property=\"og:url\" content=\"https:\/\/www.notibras.com\/site\/ato-pro-aecio-solta-o-verbo-em-sao-paulo-e-grita-fora-dilma-terrorista\/\" \/>\n<meta property=\"og:site_name\" content=\"Notibras\" \/>\n<meta property=\"article:publisher\" content=\"https:\/\/www.facebook.com\/notibras\/\" \/>\n<meta property=\"article:published_time\" content=\"2014-10-23T10:54:06+00:00\" \/>\n<meta property=\"og:image\" content=\"https:\/\/www.notibras.com\/site\/wp-content\/uploads\/2014\/10\/ae.jpeg\" \/>\n\t<meta property=\"og:image:width\" content=\"460\" \/>\n\t<meta property=\"og:image:height\" content=\"305\" \/>\n\t<meta property=\"og:image:type\" content=\"image\/jpeg\" \/>\n<meta name=\"author\" content=\"Reda\u00e7\u00e3o\" \/>\n<meta name=\"twitter:card\" content=\"summary_large_image\" \/>\n<meta name=\"twitter:creator\" content=\"@Notibras\" \/>\n<meta name=\"twitter:site\" content=\"@Notibras\" \/>\n<meta name=\"twitter:label1\" content=\"Escrito por\" \/>\n\t<meta name=\"twitter:data1\" content=\"Reda\u00e7\u00e3o\" \/>\n\t<meta name=\"twitter:label2\" content=\"Est. tempo de leitura\" \/>\n\t<meta name=\"twitter:data2\" content=\"2 minutos\" \/>\n<script type=\"application\/ld+json\" class=\"yoast-schema-graph\">{\"@context\":\"https:\\\/\\\/schema.org\",\"@graph\":[{\"@type\":\"Article\",\"@id\":\"https:\\\/\\\/www.notibras.com\\\/site\\\/ato-pro-aecio-solta-o-verbo-em-sao-paulo-e-grita-fora-dilma-terrorista\\\/#article\",\"isPartOf\":{\"@id\":\"https:\\\/\\\/www.notibras.com\\\/site\\\/ato-pro-aecio-solta-o-verbo-em-sao-paulo-e-grita-fora-dilma-terrorista\\\/\"},\"author\":{\"name\":\"Reda\u00e7\u00e3o\",\"@id\":\"https:\\\/\\\/www.notibras.com\\\/site\\\/#\\\/schema\\\/person\\\/36ab0979449956132d3e5b517ea76ac8\"},\"headline\":\"Ato pr\u00f3-A\u00e9cio solta o verbo em S\u00e3o Paulo e grita &#8216;fora, Dilma terrorista&#8217;\",\"datePublished\":\"2014-10-23T10:54:06+00:00\",\"mainEntityOfPage\":{\"@id\":\"https:\\\/\\\/www.notibras.com\\\/site\\\/ato-pro-aecio-solta-o-verbo-em-sao-paulo-e-grita-fora-dilma-terrorista\\\/\"},\"wordCount\":417,\"commentCount\":0,\"publisher\":{\"@id\":\"https:\\\/\\\/www.notibras.com\\\/site\\\/#organization\"},\"image\":{\"@id\":\"https:\\\/\\\/www.notibras.com\\\/site\\\/ato-pro-aecio-solta-o-verbo-em-sao-paulo-e-grita-fora-dilma-terrorista\\\/#primaryimage\"},\"thumbnailUrl\":\"https:\\\/\\\/www.notibras.com\\\/site\\\/wp-content\\\/uploads\\\/2014\\\/10\\\/ae.jpeg\",\"articleSection\":[\"Elei\u00e7\u00f5es 2014\"],\"inLanguage\":\"pt-BR\",\"potentialAction\":[{\"@type\":\"CommentAction\",\"name\":\"Comment\",\"target\":[\"https:\\\/\\\/www.notibras.com\\\/site\\\/ato-pro-aecio-solta-o-verbo-em-sao-paulo-e-grita-fora-dilma-terrorista\\\/#respond\"]}]},{\"@type\":\"WebPage\",\"@id\":\"https:\\\/\\\/www.notibras.com\\\/site\\\/ato-pro-aecio-solta-o-verbo-em-sao-paulo-e-grita-fora-dilma-terrorista\\\/\",\"url\":\"https:\\\/\\\/www.notibras.com\\\/site\\\/ato-pro-aecio-solta-o-verbo-em-sao-paulo-e-grita-fora-dilma-terrorista\\\/\",\"name\":\"Ato pr\u00f3-A\u00e9cio solta o verbo em S\u00e3o Paulo e grita 'fora, Dilma terrorista' - Notibras\",\"isPartOf\":{\"@id\":\"https:\\\/\\\/www.notibras.com\\\/site\\\/#website\"},\"primaryImageOfPage\":{\"@id\":\"https:\\\/\\\/www.notibras.com\\\/site\\\/ato-pro-aecio-solta-o-verbo-em-sao-paulo-e-grita-fora-dilma-terrorista\\\/#primaryimage\"},\"image\":{\"@id\":\"https:\\\/\\\/www.notibras.com\\\/site\\\/ato-pro-aecio-solta-o-verbo-em-sao-paulo-e-grita-fora-dilma-terrorista\\\/#primaryimage\"},\"thumbnailUrl\":\"https:\\\/\\\/www.notibras.com\\\/site\\\/wp-content\\\/uploads\\\/2014\\\/10\\\/ae.jpeg\",\"datePublished\":\"2014-10-23T10:54:06+00:00\",\"breadcrumb\":{\"@id\":\"https:\\\/\\\/www.notibras.com\\\/site\\\/ato-pro-aecio-solta-o-verbo-em-sao-paulo-e-grita-fora-dilma-terrorista\\\/#breadcrumb\"},\"inLanguage\":\"pt-BR\",\"potentialAction\":[{\"@type\":\"ReadAction\",\"target\":[\"https:\\\/\\\/www.notibras.com\\\/site\\\/ato-pro-aecio-solta-o-verbo-em-sao-paulo-e-grita-fora-dilma-terrorista\\\/\"]}]},{\"@type\":\"ImageObject\",\"inLanguage\":\"pt-BR\",\"@id\":\"https:\\\/\\\/www.notibras.com\\\/site\\\/ato-pro-aecio-solta-o-verbo-em-sao-paulo-e-grita-fora-dilma-terrorista\\\/#primaryimage\",\"url\":\"https:\\\/\\\/www.notibras.com\\\/site\\\/wp-content\\\/uploads\\\/2014\\\/10\\\/ae.jpeg\",\"contentUrl\":\"https:\\\/\\\/www.notibras.com\\\/site\\\/wp-content\\\/uploads\\\/2014\\\/10\\\/ae.jpeg\",\"width\":460,\"height\":305},{\"@type\":\"BreadcrumbList\",\"@id\":\"https:\\\/\\\/www.notibras.com\\\/site\\\/ato-pro-aecio-solta-o-verbo-em-sao-paulo-e-grita-fora-dilma-terrorista\\\/#breadcrumb\",\"itemListElement\":[{\"@type\":\"ListItem\",\"position\":1,\"name\":\"In\u00edcio\",\"item\":\"https:\\\/\\\/www.notibras.com\\\/site\\\/\"},{\"@type\":\"ListItem\",\"position\":2,\"name\":\"Ato pr\u00f3-A\u00e9cio solta o verbo em S\u00e3o Paulo e grita &#8216;fora, Dilma terrorista&#8217;\"}]},{\"@type\":\"WebSite\",\"@id\":\"https:\\\/\\\/www.notibras.com\\\/site\\\/#website\",\"url\":\"https:\\\/\\\/www.notibras.com\\\/site\\\/\",\"name\":\"Notibras\",\"description\":\"Not\u00edcias de Bras\u00edlia, do Brasil e do Mundo\",\"publisher\":{\"@id\":\"https:\\\/\\\/www.notibras.com\\\/site\\\/#organization\"},\"potentialAction\":[{\"@type\":\"SearchAction\",\"target\":{\"@type\":\"EntryPoint\",\"urlTemplate\":\"https:\\\/\\\/www.notibras.com\\\/site\\\/?s={search_term_string}\"},\"query-input\":{\"@type\":\"PropertyValueSpecification\",\"valueRequired\":true,\"valueName\":\"search_term_string\"}}],\"inLanguage\":\"pt-BR\"},{\"@type\":\"Organization\",\"@id\":\"https:\\\/\\\/www.notibras.com\\\/site\\\/#organization\",\"name\":\"Grupo Notibras de Comunica\u00e7\u00e3o\",\"url\":\"https:\\\/\\\/www.notibras.com\\\/site\\\/\",\"logo\":{\"@type\":\"ImageObject\",\"inLanguage\":\"pt-BR\",\"@id\":\"https:\\\/\\\/www.notibras.com\\\/site\\\/#\\\/schema\\\/logo\\\/image\\\/\",\"url\":\"https:\\\/\\\/www.notibras.com\\\/site\\\/wp-content\\\/uploads\\\/2023\\\/01\\\/notibras23.png\",\"contentUrl\":\"https:\\\/\\\/www.notibras.com\\\/site\\\/wp-content\\\/uploads\\\/2023\\\/01\\\/notibras23.png\",\"width\":350,\"height\":87,\"caption\":\"Grupo Notibras de Comunica\u00e7\u00e3o\"},\"image\":{\"@id\":\"https:\\\/\\\/www.notibras.com\\\/site\\\/#\\\/schema\\\/logo\\\/image\\\/\"},\"sameAs\":[\"https:\\\/\\\/www.facebook.com\\\/notibras\\\/\",\"https:\\\/\\\/x.com\\\/Notibras\",\"https:\\\/\\\/www.instagram.com\\\/notibras\\\/\"]},{\"@type\":\"Person\",\"@id\":\"https:\\\/\\\/www.notibras.com\\\/site\\\/#\\\/schema\\\/person\\\/36ab0979449956132d3e5b517ea76ac8\",\"name\":\"Reda\u00e7\u00e3o\",\"image\":{\"@type\":\"ImageObject\",\"inLanguage\":\"pt-BR\",\"@id\":\"https:\\\/\\\/secure.gravatar.com\\\/avatar\\\/e0a867bdedb85fd243eadf09663511f96fc81e0720a4a42581f334ad4303aa6b?s=96&d=mm&r=g\",\"url\":\"https:\\\/\\\/secure.gravatar.com\\\/avatar\\\/e0a867bdedb85fd243eadf09663511f96fc81e0720a4a42581f334ad4303aa6b?s=96&d=mm&r=g\",\"contentUrl\":\"https:\\\/\\\/secure.gravatar.com\\\/avatar\\\/e0a867bdedb85fd243eadf09663511f96fc81e0720a4a42581f334ad4303aa6b?s=96&d=mm&r=g\",\"caption\":\"Reda\u00e7\u00e3o\"}}]}<\/script>\n<!-- \/ Yoast SEO plugin. -->","yoast_head_json":{"title":"Ato pr\u00f3-A\u00e9cio solta o verbo em S\u00e3o Paulo e grita 'fora, Dilma terrorista' - Notibras","robots":{"index":"index","follow":"follow","max-snippet":"max-snippet:-1","max-image-preview":"max-image-preview:large","max-video-preview":"max-video-preview:-1"},"canonical":"https:\/\/www.notibras.com\/site\/ato-pro-aecio-solta-o-verbo-em-sao-paulo-e-grita-fora-dilma-terrorista\/","og_locale":"pt_BR","og_type":"article","og_title":"Ato pr\u00f3-A\u00e9cio solta o verbo em S\u00e3o Paulo e grita 'fora, Dilma terrorista' - Notibras","og_description":"Simpatizantes do candidato \u00e0 Presid\u00eancia A\u00e9cio Neves (PSDB) realizaram uma passeata na avenida Brigadeiro Faria Lima, zona oeste de S\u00e3o Paulo, na noite desta quarta-feira (22). De cima do carro de som, o deputado federal Paulinho da For\u00e7a (SD), puxava os gritos de &#8220;fora, PT&#8221;. Ao lado dele estavam o ex-jogador Ronaldo, a cantora Wanessa [&hellip;]","og_url":"https:\/\/www.notibras.com\/site\/ato-pro-aecio-solta-o-verbo-em-sao-paulo-e-grita-fora-dilma-terrorista\/","og_site_name":"Notibras","article_publisher":"https:\/\/www.facebook.com\/notibras\/","article_published_time":"2014-10-23T10:54:06+00:00","og_image":[{"width":460,"height":305,"url":"https:\/\/www.notibras.com\/site\/wp-content\/uploads\/2014\/10\/ae.jpeg","type":"image\/jpeg"}],"author":"Reda\u00e7\u00e3o","twitter_card":"summary_large_image","twitter_creator":"@Notibras","twitter_site":"@Notibras","twitter_misc":{"Escrito por":"Reda\u00e7\u00e3o","Est. tempo de leitura":"2 minutos"},"schema":{"@context":"https:\/\/schema.org","@graph":[{"@type":"Article","@id":"https:\/\/www.notibras.com\/site\/ato-pro-aecio-solta-o-verbo-em-sao-paulo-e-grita-fora-dilma-terrorista\/#article","isPartOf":{"@id":"https:\/\/www.notibras.com\/site\/ato-pro-aecio-solta-o-verbo-em-sao-paulo-e-grita-fora-dilma-terrorista\/"},"author":{"name":"Reda\u00e7\u00e3o","@id":"https:\/\/www.notibras.com\/site\/#\/schema\/person\/36ab0979449956132d3e5b517ea76ac8"},"headline":"Ato pr\u00f3-A\u00e9cio solta o verbo em S\u00e3o Paulo e grita &#8216;fora, Dilma terrorista&#8217;","datePublished":"2014-10-23T10:54:06+00:00","mainEntityOfPage":{"@id":"https:\/\/www.notibras.com\/site\/ato-pro-aecio-solta-o-verbo-em-sao-paulo-e-grita-fora-dilma-terrorista\/"},"wordCount":417,"commentCount":0,"publisher":{"@id":"https:\/\/www.notibras.com\/site\/#organization"},"image":{"@id":"https:\/\/www.notibras.com\/site\/ato-pro-aecio-solta-o-verbo-em-sao-paulo-e-grita-fora-dilma-terrorista\/#primaryimage"},"thumbnailUrl":"https:\/\/www.notibras.com\/site\/wp-content\/uploads\/2014\/10\/ae.jpeg","articleSection":["Elei\u00e7\u00f5es 2014"],"inLanguage":"pt-BR","potentialAction":[{"@type":"CommentAction","name":"Comment","target":["https:\/\/www.notibras.com\/site\/ato-pro-aecio-solta-o-verbo-em-sao-paulo-e-grita-fora-dilma-terrorista\/#respond"]}]},{"@type":"WebPage","@id":"https:\/\/www.notibras.com\/site\/ato-pro-aecio-solta-o-verbo-em-sao-paulo-e-grita-fora-dilma-terrorista\/","url":"https:\/\/www.notibras.com\/site\/ato-pro-aecio-solta-o-verbo-em-sao-paulo-e-grita-fora-dilma-terrorista\/","name":"Ato pr\u00f3-A\u00e9cio solta o verbo em S\u00e3o Paulo e grita 'fora, Dilma terrorista' - Notibras","isPartOf":{"@id":"https:\/\/www.notibras.com\/site\/#website"},"primaryImageOfPage":{"@id":"https:\/\/www.notibras.com\/site\/ato-pro-aecio-solta-o-verbo-em-sao-paulo-e-grita-fora-dilma-terrorista\/#primaryimage"},"image":{"@id":"https:\/\/www.notibras.com\/site\/ato-pro-aecio-solta-o-verbo-em-sao-paulo-e-grita-fora-dilma-terrorista\/#primaryimage"},"thumbnailUrl":"https:\/\/www.notibras.com\/site\/wp-content\/uploads\/2014\/10\/ae.jpeg","datePublished":"2014-10-23T10:54:06+00:00","breadcrumb":{"@id":"https:\/\/www.notibras.com\/site\/ato-pro-aecio-solta-o-verbo-em-sao-paulo-e-grita-fora-dilma-terrorista\/#breadcrumb"},"inLanguage":"pt-BR","potentialAction":[{"@type":"ReadAction","target":["https:\/\/www.notibras.com\/site\/ato-pro-aecio-solta-o-verbo-em-sao-paulo-e-grita-fora-dilma-terrorista\/"]}]},{"@type":"ImageObject","inLanguage":"pt-BR","@id":"https:\/\/www.notibras.com\/site\/ato-pro-aecio-solta-o-verbo-em-sao-paulo-e-grita-fora-dilma-terrorista\/#primaryimage","url":"https:\/\/www.notibras.com\/site\/wp-content\/uploads\/2014\/10\/ae.jpeg","contentUrl":"https:\/\/www.notibras.com\/site\/wp-content\/uploads\/2014\/10\/ae.jpeg","width":460,"height":305},{"@type":"BreadcrumbList","@id":"https:\/\/www.notibras.com\/site\/ato-pro-aecio-solta-o-verbo-em-sao-paulo-e-grita-fora-dilma-terrorista\/#breadcrumb","itemListElement":[{"@type":"ListItem","position":1,"name":"In\u00edcio","item":"https:\/\/www.notibras.com\/site\/"},{"@type":"ListItem","position":2,"name":"Ato pr\u00f3-A\u00e9cio solta o verbo em S\u00e3o Paulo e grita &#8216;fora, Dilma terrorista&#8217;"}]},{"@type":"WebSite","@id":"https:\/\/www.notibras.com\/site\/#website","url":"https:\/\/www.notibras.com\/site\/","name":"Notibras","description":"Not\u00edcias de Bras\u00edlia, do Brasil e do Mundo","publisher":{"@id":"https:\/\/www.notibras.com\/site\/#organization"},"potentialAction":[{"@type":"SearchAction","target":{"@type":"EntryPoint","urlTemplate":"https:\/\/www.notibras.com\/site\/?s={search_term_string}"},"query-input":{"@type":"PropertyValueSpecification","valueRequired":true,"valueName":"search_term_string"}}],"inLanguage":"pt-BR"},{"@type":"Organization","@id":"https:\/\/www.notibras.com\/site\/#organization","name":"Grupo Notibras de Comunica\u00e7\u00e3o","url":"https:\/\/www.notibras.com\/site\/","logo":{"@type":"ImageObject","inLanguage":"pt-BR","@id":"https:\/\/www.notibras.com\/site\/#\/schema\/logo\/image\/","url":"https:\/\/www.notibras.com\/site\/wp-content\/uploads\/2023\/01\/notibras23.png","contentUrl":"https:\/\/www.notibras.com\/site\/wp-content\/uploads\/2023\/01\/notibras23.png","width":350,"height":87,"caption":"Grupo Notibras de Comunica\u00e7\u00e3o"},"image":{"@id":"https:\/\/www.notibras.com\/site\/#\/schema\/logo\/image\/"},"sameAs":["https:\/\/www.facebook.com\/notibras\/","https:\/\/x.com\/Notibras","https:\/\/www.instagram.com\/notibras\/"]},{"@type":"Person","@id":"https:\/\/www.notibras.com\/site\/#\/schema\/person\/36ab0979449956132d3e5b517ea76ac8","name":"Reda\u00e7\u00e3o","image":{"@type":"ImageObject","inLanguage":"pt-BR","@id":"https:\/\/secure.gravatar.com\/avatar\/e0a867bdedb85fd243eadf09663511f96fc81e0720a4a42581f334ad4303aa6b?s=96&d=mm&r=g","url":"https:\/\/secure.gravatar.com\/avatar\/e0a867bdedb85fd243eadf09663511f96fc81e0720a4a42581f334ad4303aa6b?s=96&d=mm&r=g","contentUrl":"https:\/\/secure.gravatar.com\/avatar\/e0a867bdedb85fd243eadf09663511f96fc81e0720a4a42581f334ad4303aa6b?s=96&d=mm&r=g","caption":"Reda\u00e7\u00e3o"}}]}},"amp_enabled":true,"_links":{"self":[{"href":"https:\/\/www.notibras.com\/site\/wp-json\/wp\/v2\/posts\/25707","targetHints":{"allow":["GET"]}}],"collection":[{"href":"https:\/\/www.notibras.com\/site\/wp-json\/wp\/v2\/posts"}],"about":[{"href":"https:\/\/www.notibras.com\/site\/wp-json\/wp\/v2\/types\/post"}],"author":[{"embeddable":true,"href":"https:\/\/www.notibras.com\/site\/wp-json\/wp\/v2\/users\/2"}],"replies":[{"embeddable":true,"href":"https:\/\/www.notibras.com\/site\/wp-json\/wp\/v2\/comments?post=25707"}],"version-history":[{"count":0,"href":"https:\/\/www.notibras.com\/site\/wp-json\/wp\/v2\/posts\/25707\/revisions"}],"wp:featuredmedia":[{"embeddable":true,"href":"https:\/\/www.notibras.com\/site\/wp-json\/wp\/v2\/media\/25708"}],"wp:attachment":[{"href":"https:\/\/www.notibras.com\/site\/wp-json\/wp\/v2\/media?parent=25707"}],"wp:term":[{"taxonomy":"category","embeddable":true,"href":"https:\/\/www.notibras.com\/site\/wp-json\/wp\/v2\/categories?post=25707"},{"taxonomy":"post_tag","embeddable":true,"href":"https:\/\/www.notibras.com\/site\/wp-json\/wp\/v2\/tags?post=25707"}],"curies":[{"name":"wp","href":"https:\/\/api.w.org\/{rel}","templated":true}]}}