{"id":25755,"date":"2014-10-23T13:30:40","date_gmt":"2014-10-23T16:30:40","guid":{"rendered":"http:\/\/www.notibras.com\/site\/?p=25755"},"modified":"2014-10-24T06:38:09","modified_gmt":"2014-10-24T09:38:09","slug":"debate-sobre-eleicoes-nas-redes-sociais-gera-briga-e-cria-figura-dos-orfaos-de-parentes-e-amigos","status":"publish","type":"post","link":"https:\/\/www.notibras.com\/site\/debate-sobre-eleicoes-nas-redes-sociais-gera-briga-e-cria-figura-dos-orfaos-de-parentes-e-amigos\/","title":{"rendered":"Debate sobre as elei\u00e7\u00f5es nas redes sociais gera briga e cria \u00f3rf\u00e3o virtual"},"content":{"rendered":"<p>O intenso uso das redes sociais para expressar apoio pol\u00edtico nestas elei\u00e7\u00f5es e o acirramento das tens\u00f5es devido \u00e0 proximidade do segundo turno, marcado para o pr\u00f3ximo domingo (26), t\u00eam afetado amizades e rela\u00e7\u00f5es familiares. Uma usu\u00e1ria do Twitter resumiu a situa\u00e7\u00e3o em um <em>post <\/em>que lhe rendeu mais de 17 mil curtidas: &#8220;gente, quem perdeu fam\u00edlia ou amigos por causa dessa elei\u00e7\u00e3o vamos combinar de passar o Natal juntos&#8221;.<\/p>\n<p>Pesquisa Datafolha divulgada na \u00faltima quarta-feira (22) mostrou aumento no \u00edndice de pessoas que disseram ter interesse nas elei\u00e7\u00f5es. Dos 4.355 entrevistados, 50% responderam que t\u00eam interesse no pleito. No fim de agosto, essa porcentagem era 39%. Esse crescimento tamb\u00e9m influencia no aumento da circula\u00e7\u00e3o de v\u00eddeos, textos e at\u00e9 mesmo ofensas nas redes sociais.<\/p>\n<p>A gerente de comunica\u00e7\u00e3o digital Glaucimara Silva deixou de seguir e de visualizar publica\u00e7\u00f5es de v\u00e1rias amigos no Facebook. Em casos mais graves, em que houve preconceito ou discurso de \u00f3dio, ela desfez a amizade na rede social. &#8220;As pessoas se revelam muito nesse momento&#8221;, diz. Ela acredita que, por estarem protegidas por um computador, &#8220;as pessoas se sentem mais \u00e0 vontade para falar coisas que n\u00e3o falariam cara a cara&#8221;.<\/p>\n<blockquote><p>Apesar de a maior parte das amizades desfeitas serem de amigos apenas de Facebook, Glaucimara chegou a se afastar de uma amizade na vida real. &#8220;Um amigo muito pr\u00f3ximo parou totalmente de conversar comigo porque considerou que temos uma vis\u00e3o pol\u00edtica muito diferente e por isso n\u00e3o temos mais nada em comum&#8221;, conta.<\/p><\/blockquote>\n<p>A assessora de imprensa Juliana Carvalho decidiu encerrar as contas nas redes sociais at\u00e9 o fim das elei\u00e7\u00f5es. &#8220;Estava virando um ringue para mim, eu via as pessoas extremamente irritadas e xingando umas \u00e0s outras.&#8221;<\/p>\n<p>Para o soci\u00f3logo e pesquisador da Universidade de Bras\u00edlia (UnB) Marcello Barra, a propor\u00e7\u00e3o a que chegaram as discuss\u00e3o nas redes sociais nestas elei\u00e7\u00f5es \u00e9 algo in\u00e9dito. &#8220;No grau que assume \u00e9 realmente uma coisa que aparentemente \u00e9 in\u00e9dita e tem correla\u00e7\u00e3o imediata com a disputa [eleitoral], uma disputa muito acirrada.&#8221;<\/p>\n<p>Ele explica que as redes apresentam um grau de politiza\u00e7\u00e3o muito mais avan\u00e7ado diante de outros meios de comunica\u00e7\u00e3o, como a televis\u00e3o ou o r\u00e1dio. &#8220;Permitem n\u00e3o s\u00f3 a express\u00e3o de v\u00e1rios assuntos que v\u00e3o al\u00e9m da pol\u00edtica, como a pol\u00edtica \u00e9 tratada muito intensamente, discutida numa base di\u00e1ria. Isso \u00e9 muito relevante para a democracia&#8221;, destaca.<\/p>\n<p>O mestre em direito pela UnB e ciberativista Paulo Ren\u00e1 tamb\u00e9m considera a discuss\u00e3o nas redes positiva, mas alerta para o discurso de \u00f3dio e para os crimes cometidos pelos usu\u00e1rios que, muitas vezes, saem ilesos a coment\u00e1rios racistas ou de preconceito regional.<\/p>\n<p>&#8220;Acho importante que as pessoas entendam que n\u00e3o \u00e9 porque est\u00e3o na internet que o discurso de \u00f3dio est\u00e1 liberado. E isso n\u00e3o \u00e9 nenhuma restri\u00e7\u00e3o \u00e0 liberdade de express\u00e3o&#8221;, diz. &#8220;Aquelas condutas inadequadas e eventualmente criminosas que eram feitas em ambientes privados, que eram feitas dentro de casa, agora passam a ocorrer tamb\u00e9m em ambientes p\u00fablicos. N\u00e3o tem nenhuma restri\u00e7\u00e3o para que esse comportamento inadequado seja punido aconte\u00e7a ele na internet ou em qualquer lugar.&#8221;<\/p>\n<p>Ren\u00e1 orienta aqueles que se sentirem agredidos a, dependendo do n\u00edvel da ofensa, procurarem uma delegacia de pol\u00edcia e registrarem boletim de ocorr\u00eancia ou recorrerem \u00e0 Justi\u00e7a. O Minist\u00e9rio P\u00fablico tamb\u00e9m pode atuar no combate a discursos preconceituosos a determinados grupos.<\/p>\n<p><strong>Mariana Tokarnia, ABr <\/strong><\/p>\n","protected":false},"excerpt":{"rendered":"<p>O intenso uso das redes sociais para expressar apoio pol\u00edtico nestas elei\u00e7\u00f5es e o acirramento das tens\u00f5es devido \u00e0 proximidade do segundo turno, marcado para o pr\u00f3ximo domingo (26), t\u00eam afetado amizades e rela\u00e7\u00f5es familiares. Uma usu\u00e1ria do Twitter resumiu a situa\u00e7\u00e3o em um post que lhe rendeu mais de 17 mil curtidas: &#8220;gente, quem [&hellip;]<\/p>\n","protected":false},"author":2,"featured_media":25756,"comment_status":"open","ping_status":"closed","sticky":false,"template":"","format":"standard","meta":{"_acf_changed":false,"footnotes":""},"categories":[33],"tags":[],"class_list":["post-25755","post","type-post","status-publish","format-standard","has-post-thumbnail","hentry","category-eleicoes-2014"],"acf":[],"yoast_head":"<!-- This site is optimized with the Yoast SEO plugin v27.5 - https:\/\/yoast.com\/product\/yoast-seo-wordpress\/ -->\n<title>Debate sobre as elei\u00e7\u00f5es nas redes sociais gera briga e cria \u00f3rf\u00e3o virtual - Notibras<\/title>\n<meta name=\"robots\" content=\"index, follow, max-snippet:-1, max-image-preview:large, max-video-preview:-1\" \/>\n<link rel=\"canonical\" href=\"https:\/\/www.notibras.com\/site\/debate-sobre-eleicoes-nas-redes-sociais-gera-briga-e-cria-figura-dos-orfaos-de-parentes-e-amigos\/\" \/>\n<meta property=\"og:locale\" content=\"pt_BR\" \/>\n<meta property=\"og:type\" content=\"article\" \/>\n<meta property=\"og:title\" content=\"Debate sobre as elei\u00e7\u00f5es nas redes sociais gera briga e cria \u00f3rf\u00e3o virtual - Notibras\" \/>\n<meta property=\"og:description\" content=\"O intenso uso das redes sociais para expressar apoio pol\u00edtico nestas elei\u00e7\u00f5es e o acirramento das tens\u00f5es devido \u00e0 proximidade do segundo turno, marcado para o pr\u00f3ximo domingo (26), t\u00eam afetado amizades e rela\u00e7\u00f5es familiares. Uma usu\u00e1ria do Twitter resumiu a situa\u00e7\u00e3o em um post que lhe rendeu mais de 17 mil curtidas: &#8220;gente, quem [&hellip;]\" \/>\n<meta property=\"og:url\" content=\"https:\/\/www.notibras.com\/site\/debate-sobre-eleicoes-nas-redes-sociais-gera-briga-e-cria-figura-dos-orfaos-de-parentes-e-amigos\/\" \/>\n<meta property=\"og:site_name\" content=\"Notibras\" \/>\n<meta property=\"article:publisher\" content=\"https:\/\/www.facebook.com\/notibras\/\" \/>\n<meta property=\"article:published_time\" content=\"2014-10-23T16:30:40+00:00\" \/>\n<meta property=\"article:modified_time\" content=\"2014-10-24T09:38:09+00:00\" \/>\n<meta property=\"og:image\" content=\"https:\/\/www.notibras.com\/site\/wp-content\/uploads\/2014\/10\/ex.jpg\" \/>\n\t<meta property=\"og:image:width\" content=\"580\" \/>\n\t<meta property=\"og:image:height\" content=\"388\" \/>\n\t<meta property=\"og:image:type\" content=\"image\/jpeg\" \/>\n<meta name=\"author\" content=\"Reda\u00e7\u00e3o\" \/>\n<meta name=\"twitter:card\" content=\"summary_large_image\" \/>\n<meta name=\"twitter:creator\" content=\"@Notibras\" \/>\n<meta name=\"twitter:site\" content=\"@Notibras\" \/>\n<meta name=\"twitter:label1\" content=\"Escrito por\" \/>\n\t<meta name=\"twitter:data1\" content=\"Reda\u00e7\u00e3o\" \/>\n\t<meta name=\"twitter:label2\" content=\"Est. tempo de leitura\" \/>\n\t<meta name=\"twitter:data2\" content=\"3 minutos\" \/>\n<script type=\"application\/ld+json\" class=\"yoast-schema-graph\">{\"@context\":\"https:\\\/\\\/schema.org\",\"@graph\":[{\"@type\":\"Article\",\"@id\":\"https:\\\/\\\/www.notibras.com\\\/site\\\/debate-sobre-eleicoes-nas-redes-sociais-gera-briga-e-cria-figura-dos-orfaos-de-parentes-e-amigos\\\/#article\",\"isPartOf\":{\"@id\":\"https:\\\/\\\/www.notibras.com\\\/site\\\/debate-sobre-eleicoes-nas-redes-sociais-gera-briga-e-cria-figura-dos-orfaos-de-parentes-e-amigos\\\/\"},\"author\":{\"name\":\"Reda\u00e7\u00e3o\",\"@id\":\"https:\\\/\\\/www.notibras.com\\\/site\\\/#\\\/schema\\\/person\\\/36ab0979449956132d3e5b517ea76ac8\"},\"headline\":\"Debate sobre as elei\u00e7\u00f5es nas redes sociais gera briga e cria \u00f3rf\u00e3o virtual\",\"datePublished\":\"2014-10-23T16:30:40+00:00\",\"dateModified\":\"2014-10-24T09:38:09+00:00\",\"mainEntityOfPage\":{\"@id\":\"https:\\\/\\\/www.notibras.com\\\/site\\\/debate-sobre-eleicoes-nas-redes-sociais-gera-briga-e-cria-figura-dos-orfaos-de-parentes-e-amigos\\\/\"},\"wordCount\":619,\"commentCount\":0,\"publisher\":{\"@id\":\"https:\\\/\\\/www.notibras.com\\\/site\\\/#organization\"},\"image\":{\"@id\":\"https:\\\/\\\/www.notibras.com\\\/site\\\/debate-sobre-eleicoes-nas-redes-sociais-gera-briga-e-cria-figura-dos-orfaos-de-parentes-e-amigos\\\/#primaryimage\"},\"thumbnailUrl\":\"https:\\\/\\\/www.notibras.com\\\/site\\\/wp-content\\\/uploads\\\/2014\\\/10\\\/ex.jpg\",\"articleSection\":[\"Elei\u00e7\u00f5es 2014\"],\"inLanguage\":\"pt-BR\",\"potentialAction\":[{\"@type\":\"CommentAction\",\"name\":\"Comment\",\"target\":[\"https:\\\/\\\/www.notibras.com\\\/site\\\/debate-sobre-eleicoes-nas-redes-sociais-gera-briga-e-cria-figura-dos-orfaos-de-parentes-e-amigos\\\/#respond\"]}]},{\"@type\":\"WebPage\",\"@id\":\"https:\\\/\\\/www.notibras.com\\\/site\\\/debate-sobre-eleicoes-nas-redes-sociais-gera-briga-e-cria-figura-dos-orfaos-de-parentes-e-amigos\\\/\",\"url\":\"https:\\\/\\\/www.notibras.com\\\/site\\\/debate-sobre-eleicoes-nas-redes-sociais-gera-briga-e-cria-figura-dos-orfaos-de-parentes-e-amigos\\\/\",\"name\":\"Debate sobre as elei\u00e7\u00f5es nas redes sociais gera briga e cria \u00f3rf\u00e3o virtual - Notibras\",\"isPartOf\":{\"@id\":\"https:\\\/\\\/www.notibras.com\\\/site\\\/#website\"},\"primaryImageOfPage\":{\"@id\":\"https:\\\/\\\/www.notibras.com\\\/site\\\/debate-sobre-eleicoes-nas-redes-sociais-gera-briga-e-cria-figura-dos-orfaos-de-parentes-e-amigos\\\/#primaryimage\"},\"image\":{\"@id\":\"https:\\\/\\\/www.notibras.com\\\/site\\\/debate-sobre-eleicoes-nas-redes-sociais-gera-briga-e-cria-figura-dos-orfaos-de-parentes-e-amigos\\\/#primaryimage\"},\"thumbnailUrl\":\"https:\\\/\\\/www.notibras.com\\\/site\\\/wp-content\\\/uploads\\\/2014\\\/10\\\/ex.jpg\",\"datePublished\":\"2014-10-23T16:30:40+00:00\",\"dateModified\":\"2014-10-24T09:38:09+00:00\",\"breadcrumb\":{\"@id\":\"https:\\\/\\\/www.notibras.com\\\/site\\\/debate-sobre-eleicoes-nas-redes-sociais-gera-briga-e-cria-figura-dos-orfaos-de-parentes-e-amigos\\\/#breadcrumb\"},\"inLanguage\":\"pt-BR\",\"potentialAction\":[{\"@type\":\"ReadAction\",\"target\":[\"https:\\\/\\\/www.notibras.com\\\/site\\\/debate-sobre-eleicoes-nas-redes-sociais-gera-briga-e-cria-figura-dos-orfaos-de-parentes-e-amigos\\\/\"]}]},{\"@type\":\"ImageObject\",\"inLanguage\":\"pt-BR\",\"@id\":\"https:\\\/\\\/www.notibras.com\\\/site\\\/debate-sobre-eleicoes-nas-redes-sociais-gera-briga-e-cria-figura-dos-orfaos-de-parentes-e-amigos\\\/#primaryimage\",\"url\":\"https:\\\/\\\/www.notibras.com\\\/site\\\/wp-content\\\/uploads\\\/2014\\\/10\\\/ex.jpg\",\"contentUrl\":\"https:\\\/\\\/www.notibras.com\\\/site\\\/wp-content\\\/uploads\\\/2014\\\/10\\\/ex.jpg\",\"width\":580,\"height\":388},{\"@type\":\"BreadcrumbList\",\"@id\":\"https:\\\/\\\/www.notibras.com\\\/site\\\/debate-sobre-eleicoes-nas-redes-sociais-gera-briga-e-cria-figura-dos-orfaos-de-parentes-e-amigos\\\/#breadcrumb\",\"itemListElement\":[{\"@type\":\"ListItem\",\"position\":1,\"name\":\"In\u00edcio\",\"item\":\"https:\\\/\\\/www.notibras.com\\\/site\\\/\"},{\"@type\":\"ListItem\",\"position\":2,\"name\":\"Debate sobre as elei\u00e7\u00f5es nas redes sociais gera briga e cria \u00f3rf\u00e3o virtual\"}]},{\"@type\":\"WebSite\",\"@id\":\"https:\\\/\\\/www.notibras.com\\\/site\\\/#website\",\"url\":\"https:\\\/\\\/www.notibras.com\\\/site\\\/\",\"name\":\"Notibras\",\"description\":\"Not\u00edcias de Bras\u00edlia, do Brasil e do Mundo\",\"publisher\":{\"@id\":\"https:\\\/\\\/www.notibras.com\\\/site\\\/#organization\"},\"potentialAction\":[{\"@type\":\"SearchAction\",\"target\":{\"@type\":\"EntryPoint\",\"urlTemplate\":\"https:\\\/\\\/www.notibras.com\\\/site\\\/?s={search_term_string}\"},\"query-input\":{\"@type\":\"PropertyValueSpecification\",\"valueRequired\":true,\"valueName\":\"search_term_string\"}}],\"inLanguage\":\"pt-BR\"},{\"@type\":\"Organization\",\"@id\":\"https:\\\/\\\/www.notibras.com\\\/site\\\/#organization\",\"name\":\"Grupo Notibras de Comunica\u00e7\u00e3o\",\"url\":\"https:\\\/\\\/www.notibras.com\\\/site\\\/\",\"logo\":{\"@type\":\"ImageObject\",\"inLanguage\":\"pt-BR\",\"@id\":\"https:\\\/\\\/www.notibras.com\\\/site\\\/#\\\/schema\\\/logo\\\/image\\\/\",\"url\":\"https:\\\/\\\/www.notibras.com\\\/site\\\/wp-content\\\/uploads\\\/2023\\\/01\\\/notibras23.png\",\"contentUrl\":\"https:\\\/\\\/www.notibras.com\\\/site\\\/wp-content\\\/uploads\\\/2023\\\/01\\\/notibras23.png\",\"width\":350,\"height\":87,\"caption\":\"Grupo Notibras de Comunica\u00e7\u00e3o\"},\"image\":{\"@id\":\"https:\\\/\\\/www.notibras.com\\\/site\\\/#\\\/schema\\\/logo\\\/image\\\/\"},\"sameAs\":[\"https:\\\/\\\/www.facebook.com\\\/notibras\\\/\",\"https:\\\/\\\/x.com\\\/Notibras\",\"https:\\\/\\\/www.instagram.com\\\/notibras\\\/\"]},{\"@type\":\"Person\",\"@id\":\"https:\\\/\\\/www.notibras.com\\\/site\\\/#\\\/schema\\\/person\\\/36ab0979449956132d3e5b517ea76ac8\",\"name\":\"Reda\u00e7\u00e3o\",\"image\":{\"@type\":\"ImageObject\",\"inLanguage\":\"pt-BR\",\"@id\":\"https:\\\/\\\/secure.gravatar.com\\\/avatar\\\/e0a867bdedb85fd243eadf09663511f96fc81e0720a4a42581f334ad4303aa6b?s=96&d=mm&r=g\",\"url\":\"https:\\\/\\\/secure.gravatar.com\\\/avatar\\\/e0a867bdedb85fd243eadf09663511f96fc81e0720a4a42581f334ad4303aa6b?s=96&d=mm&r=g\",\"contentUrl\":\"https:\\\/\\\/secure.gravatar.com\\\/avatar\\\/e0a867bdedb85fd243eadf09663511f96fc81e0720a4a42581f334ad4303aa6b?s=96&d=mm&r=g\",\"caption\":\"Reda\u00e7\u00e3o\"}}]}<\/script>\n<!-- \/ Yoast SEO plugin. -->","yoast_head_json":{"title":"Debate sobre as elei\u00e7\u00f5es nas redes sociais gera briga e cria \u00f3rf\u00e3o virtual - Notibras","robots":{"index":"index","follow":"follow","max-snippet":"max-snippet:-1","max-image-preview":"max-image-preview:large","max-video-preview":"max-video-preview:-1"},"canonical":"https:\/\/www.notibras.com\/site\/debate-sobre-eleicoes-nas-redes-sociais-gera-briga-e-cria-figura-dos-orfaos-de-parentes-e-amigos\/","og_locale":"pt_BR","og_type":"article","og_title":"Debate sobre as elei\u00e7\u00f5es nas redes sociais gera briga e cria \u00f3rf\u00e3o virtual - Notibras","og_description":"O intenso uso das redes sociais para expressar apoio pol\u00edtico nestas elei\u00e7\u00f5es e o acirramento das tens\u00f5es devido \u00e0 proximidade do segundo turno, marcado para o pr\u00f3ximo domingo (26), t\u00eam afetado amizades e rela\u00e7\u00f5es familiares. Uma usu\u00e1ria do Twitter resumiu a situa\u00e7\u00e3o em um post que lhe rendeu mais de 17 mil curtidas: &#8220;gente, quem [&hellip;]","og_url":"https:\/\/www.notibras.com\/site\/debate-sobre-eleicoes-nas-redes-sociais-gera-briga-e-cria-figura-dos-orfaos-de-parentes-e-amigos\/","og_site_name":"Notibras","article_publisher":"https:\/\/www.facebook.com\/notibras\/","article_published_time":"2014-10-23T16:30:40+00:00","article_modified_time":"2014-10-24T09:38:09+00:00","og_image":[{"width":580,"height":388,"url":"https:\/\/www.notibras.com\/site\/wp-content\/uploads\/2014\/10\/ex.jpg","type":"image\/jpeg"}],"author":"Reda\u00e7\u00e3o","twitter_card":"summary_large_image","twitter_creator":"@Notibras","twitter_site":"@Notibras","twitter_misc":{"Escrito por":"Reda\u00e7\u00e3o","Est. tempo de leitura":"3 minutos"},"schema":{"@context":"https:\/\/schema.org","@graph":[{"@type":"Article","@id":"https:\/\/www.notibras.com\/site\/debate-sobre-eleicoes-nas-redes-sociais-gera-briga-e-cria-figura-dos-orfaos-de-parentes-e-amigos\/#article","isPartOf":{"@id":"https:\/\/www.notibras.com\/site\/debate-sobre-eleicoes-nas-redes-sociais-gera-briga-e-cria-figura-dos-orfaos-de-parentes-e-amigos\/"},"author":{"name":"Reda\u00e7\u00e3o","@id":"https:\/\/www.notibras.com\/site\/#\/schema\/person\/36ab0979449956132d3e5b517ea76ac8"},"headline":"Debate sobre as elei\u00e7\u00f5es nas redes sociais gera briga e cria \u00f3rf\u00e3o virtual","datePublished":"2014-10-23T16:30:40+00:00","dateModified":"2014-10-24T09:38:09+00:00","mainEntityOfPage":{"@id":"https:\/\/www.notibras.com\/site\/debate-sobre-eleicoes-nas-redes-sociais-gera-briga-e-cria-figura-dos-orfaos-de-parentes-e-amigos\/"},"wordCount":619,"commentCount":0,"publisher":{"@id":"https:\/\/www.notibras.com\/site\/#organization"},"image":{"@id":"https:\/\/www.notibras.com\/site\/debate-sobre-eleicoes-nas-redes-sociais-gera-briga-e-cria-figura-dos-orfaos-de-parentes-e-amigos\/#primaryimage"},"thumbnailUrl":"https:\/\/www.notibras.com\/site\/wp-content\/uploads\/2014\/10\/ex.jpg","articleSection":["Elei\u00e7\u00f5es 2014"],"inLanguage":"pt-BR","potentialAction":[{"@type":"CommentAction","name":"Comment","target":["https:\/\/www.notibras.com\/site\/debate-sobre-eleicoes-nas-redes-sociais-gera-briga-e-cria-figura-dos-orfaos-de-parentes-e-amigos\/#respond"]}]},{"@type":"WebPage","@id":"https:\/\/www.notibras.com\/site\/debate-sobre-eleicoes-nas-redes-sociais-gera-briga-e-cria-figura-dos-orfaos-de-parentes-e-amigos\/","url":"https:\/\/www.notibras.com\/site\/debate-sobre-eleicoes-nas-redes-sociais-gera-briga-e-cria-figura-dos-orfaos-de-parentes-e-amigos\/","name":"Debate sobre as elei\u00e7\u00f5es nas redes sociais gera briga e cria \u00f3rf\u00e3o virtual - Notibras","isPartOf":{"@id":"https:\/\/www.notibras.com\/site\/#website"},"primaryImageOfPage":{"@id":"https:\/\/www.notibras.com\/site\/debate-sobre-eleicoes-nas-redes-sociais-gera-briga-e-cria-figura-dos-orfaos-de-parentes-e-amigos\/#primaryimage"},"image":{"@id":"https:\/\/www.notibras.com\/site\/debate-sobre-eleicoes-nas-redes-sociais-gera-briga-e-cria-figura-dos-orfaos-de-parentes-e-amigos\/#primaryimage"},"thumbnailUrl":"https:\/\/www.notibras.com\/site\/wp-content\/uploads\/2014\/10\/ex.jpg","datePublished":"2014-10-23T16:30:40+00:00","dateModified":"2014-10-24T09:38:09+00:00","breadcrumb":{"@id":"https:\/\/www.notibras.com\/site\/debate-sobre-eleicoes-nas-redes-sociais-gera-briga-e-cria-figura-dos-orfaos-de-parentes-e-amigos\/#breadcrumb"},"inLanguage":"pt-BR","potentialAction":[{"@type":"ReadAction","target":["https:\/\/www.notibras.com\/site\/debate-sobre-eleicoes-nas-redes-sociais-gera-briga-e-cria-figura-dos-orfaos-de-parentes-e-amigos\/"]}]},{"@type":"ImageObject","inLanguage":"pt-BR","@id":"https:\/\/www.notibras.com\/site\/debate-sobre-eleicoes-nas-redes-sociais-gera-briga-e-cria-figura-dos-orfaos-de-parentes-e-amigos\/#primaryimage","url":"https:\/\/www.notibras.com\/site\/wp-content\/uploads\/2014\/10\/ex.jpg","contentUrl":"https:\/\/www.notibras.com\/site\/wp-content\/uploads\/2014\/10\/ex.jpg","width":580,"height":388},{"@type":"BreadcrumbList","@id":"https:\/\/www.notibras.com\/site\/debate-sobre-eleicoes-nas-redes-sociais-gera-briga-e-cria-figura-dos-orfaos-de-parentes-e-amigos\/#breadcrumb","itemListElement":[{"@type":"ListItem","position":1,"name":"In\u00edcio","item":"https:\/\/www.notibras.com\/site\/"},{"@type":"ListItem","position":2,"name":"Debate sobre as elei\u00e7\u00f5es nas redes sociais gera briga e cria \u00f3rf\u00e3o virtual"}]},{"@type":"WebSite","@id":"https:\/\/www.notibras.com\/site\/#website","url":"https:\/\/www.notibras.com\/site\/","name":"Notibras","description":"Not\u00edcias de Bras\u00edlia, do Brasil e do Mundo","publisher":{"@id":"https:\/\/www.notibras.com\/site\/#organization"},"potentialAction":[{"@type":"SearchAction","target":{"@type":"EntryPoint","urlTemplate":"https:\/\/www.notibras.com\/site\/?s={search_term_string}"},"query-input":{"@type":"PropertyValueSpecification","valueRequired":true,"valueName":"search_term_string"}}],"inLanguage":"pt-BR"},{"@type":"Organization","@id":"https:\/\/www.notibras.com\/site\/#organization","name":"Grupo Notibras de Comunica\u00e7\u00e3o","url":"https:\/\/www.notibras.com\/site\/","logo":{"@type":"ImageObject","inLanguage":"pt-BR","@id":"https:\/\/www.notibras.com\/site\/#\/schema\/logo\/image\/","url":"https:\/\/www.notibras.com\/site\/wp-content\/uploads\/2023\/01\/notibras23.png","contentUrl":"https:\/\/www.notibras.com\/site\/wp-content\/uploads\/2023\/01\/notibras23.png","width":350,"height":87,"caption":"Grupo Notibras de Comunica\u00e7\u00e3o"},"image":{"@id":"https:\/\/www.notibras.com\/site\/#\/schema\/logo\/image\/"},"sameAs":["https:\/\/www.facebook.com\/notibras\/","https:\/\/x.com\/Notibras","https:\/\/www.instagram.com\/notibras\/"]},{"@type":"Person","@id":"https:\/\/www.notibras.com\/site\/#\/schema\/person\/36ab0979449956132d3e5b517ea76ac8","name":"Reda\u00e7\u00e3o","image":{"@type":"ImageObject","inLanguage":"pt-BR","@id":"https:\/\/secure.gravatar.com\/avatar\/e0a867bdedb85fd243eadf09663511f96fc81e0720a4a42581f334ad4303aa6b?s=96&d=mm&r=g","url":"https:\/\/secure.gravatar.com\/avatar\/e0a867bdedb85fd243eadf09663511f96fc81e0720a4a42581f334ad4303aa6b?s=96&d=mm&r=g","contentUrl":"https:\/\/secure.gravatar.com\/avatar\/e0a867bdedb85fd243eadf09663511f96fc81e0720a4a42581f334ad4303aa6b?s=96&d=mm&r=g","caption":"Reda\u00e7\u00e3o"}}]}},"amp_enabled":true,"_links":{"self":[{"href":"https:\/\/www.notibras.com\/site\/wp-json\/wp\/v2\/posts\/25755","targetHints":{"allow":["GET"]}}],"collection":[{"href":"https:\/\/www.notibras.com\/site\/wp-json\/wp\/v2\/posts"}],"about":[{"href":"https:\/\/www.notibras.com\/site\/wp-json\/wp\/v2\/types\/post"}],"author":[{"embeddable":true,"href":"https:\/\/www.notibras.com\/site\/wp-json\/wp\/v2\/users\/2"}],"replies":[{"embeddable":true,"href":"https:\/\/www.notibras.com\/site\/wp-json\/wp\/v2\/comments?post=25755"}],"version-history":[{"count":0,"href":"https:\/\/www.notibras.com\/site\/wp-json\/wp\/v2\/posts\/25755\/revisions"}],"wp:featuredmedia":[{"embeddable":true,"href":"https:\/\/www.notibras.com\/site\/wp-json\/wp\/v2\/media\/25756"}],"wp:attachment":[{"href":"https:\/\/www.notibras.com\/site\/wp-json\/wp\/v2\/media?parent=25755"}],"wp:term":[{"taxonomy":"category","embeddable":true,"href":"https:\/\/www.notibras.com\/site\/wp-json\/wp\/v2\/categories?post=25755"},{"taxonomy":"post_tag","embeddable":true,"href":"https:\/\/www.notibras.com\/site\/wp-json\/wp\/v2\/tags?post=25755"}],"curies":[{"name":"wp","href":"https:\/\/api.w.org\/{rel}","templated":true}]}}