{"id":25759,"date":"2014-10-23T13:44:22","date_gmt":"2014-10-23T16:44:22","guid":{"rendered":"http:\/\/www.notibras.com\/site\/?p=25759"},"modified":"2014-10-24T18:02:12","modified_gmt":"2014-10-24T21:02:12","slug":"trator-pesca-jacare-de-400-kg-que-assustava-banhistas-em-rio-do-amapa","status":"publish","type":"post","link":"https:\/\/www.notibras.com\/site\/trator-pesca-jacare-de-400-kg-que-assustava-banhistas-em-rio-do-amapa\/","title":{"rendered":"Trator &#8216;pesca&#8217; jacar\u00e9 de 400 kg que assustava banhistas no Amap\u00e1"},"content":{"rendered":"<p>A captura de um jacar\u00e9 de quase cinco metros e 400 quilos no Rio Cal\u00e7oene virou atra\u00e7\u00e3o no munic\u00edpio de Cal\u00e7oene, distante 374 quil\u00f4metros de Macap\u00e1. O animal, revela o G1, permanece amarrado vivo desde a manh\u00e3 de quarta-feira (22) estava assustando pescadores e banhistas da cidade, que j\u00e1 haviam relatado \u00e0 policia as apari\u00e7\u00f5es do animal pr\u00f3ximo \u00e0 orla.<\/p>\n<p>O tenente da Pol\u00edcia Militar Pedro Costa Silva relatou que foi necess\u00e1ria uma for\u00e7a-tarefa entre as equipes de seguran\u00e7a da cidade para a captura do animal, que j\u00e1 teria atacado uma embarca\u00e7\u00e3o.<\/p>\n<p>&#8220;Identificamos que era uma f\u00eamea, e pedimos a autoriza\u00e7\u00e3o da promotora da cidade para abat\u00ea-la em fun\u00e7\u00e3o do risco que ela oferecia para a popula\u00e7\u00e3o. Em rondas pela \u00e1gua, encontramos ela pr\u00f3ximo ao balne\u00e1rio do Rio Cal\u00e7oene. Tivemos que la\u00e7ar o jacar\u00e9 e puxar para a beira do rio&#8221;, detalhou.<\/p>\n<blockquote><p>O jacar\u00e9 da esp\u00e9cie A\u00e7u, uma das maiores da Amaz\u00f4nia, foi retirado do rio com o uso de uma retroescavadeira para a sede do quartel da PM de Cal\u00e7oene, onde permanece imobilizado at\u00e9 a chegada de veterin\u00e1rios do Instituto Brasileiro de Meio Ambiente e Recursos Renov\u00e1veis (Ibama). Os t\u00e9cnicos v\u00e3o avaliar as condi\u00e7\u00f5es do animal para o retorno \u00e0 natureza.<\/p><\/blockquote>\n<p>&#8220;Aqui pr\u00f3ximo a cidade \u00e9 um perigo para a popula\u00e7\u00e3o, e com essa avalia\u00e7\u00e3o do Ibama vamos saber se ele ser\u00e1 transportado para um local mais seguro onde poder\u00e1 viver sem riscos, como o Lago Piratuba, em Pracu\u00faba&#8221;, antecipou o tenente, dizendo que nunca viu um animal t\u00e3o grande na regi\u00e3o.<\/p>\n<p>Durante todo o dia, os moradores curiosos de Cal\u00e7oene e de distritos pr\u00f3ximos t\u00eam visitado o jacar\u00e9 para registrar fotos e olhar mais de perto a f\u00eamea, que segundo o tenente estaria pr\u00f3ximo da cidade para desova. &#8220;Pelo tamanho da barriga, ela se aproximou da cidade para encontrar um lugar alto e seco para botar os ovos&#8221;, acredita.<\/p>\n<p>Uma outra mobiliza\u00e7\u00e3o est\u00e1 sendo feita na cidade para a captura de um jacar\u00e9 macho que teria sido visto por moradores junto com o animal preso. Os relatos d\u00e3o conta que ele seria maior que a f\u00eamea capturada. &#8220;Para essa nova a\u00e7\u00e3o, estamos recomendando que os moradores evitem o banho no rio por enquanto, porque n\u00e3o podemos medir o n\u00edvel de agressividade do macho diante da captura da companheira&#8221;, alerta o militar.<\/p>\n","protected":false},"excerpt":{"rendered":"<p>A captura de um jacar\u00e9 de quase cinco metros e 400 quilos no Rio Cal\u00e7oene virou atra\u00e7\u00e3o no munic\u00edpio de Cal\u00e7oene, distante 374 quil\u00f4metros de Macap\u00e1. O animal, revela o G1, permanece amarrado vivo desde a manh\u00e3 de quarta-feira (22) estava assustando pescadores e banhistas da cidade, que j\u00e1 haviam relatado \u00e0 policia as apari\u00e7\u00f5es [&hellip;]<\/p>\n","protected":false},"author":2,"featured_media":25760,"comment_status":"open","ping_status":"closed","sticky":false,"template":"","format":"standard","meta":{"_acf_changed":false,"footnotes":""},"categories":[16],"tags":[],"class_list":["post-25759","post","type-post","status-publish","format-standard","has-post-thumbnail","hentry","category-brasil"],"acf":[],"yoast_head":"<!-- This site is optimized with the Yoast SEO plugin v27.5 - https:\/\/yoast.com\/product\/yoast-seo-wordpress\/ -->\n<title>Trator &#039;pesca&#039; jacar\u00e9 de 400 kg que assustava banhistas no Amap\u00e1 - Notibras<\/title>\n<meta name=\"robots\" content=\"index, follow, max-snippet:-1, max-image-preview:large, max-video-preview:-1\" \/>\n<link rel=\"canonical\" href=\"https:\/\/www.notibras.com\/site\/trator-pesca-jacare-de-400-kg-que-assustava-banhistas-em-rio-do-amapa\/\" \/>\n<meta property=\"og:locale\" content=\"pt_BR\" \/>\n<meta property=\"og:type\" content=\"article\" \/>\n<meta property=\"og:title\" content=\"Trator &#039;pesca&#039; jacar\u00e9 de 400 kg que assustava banhistas no Amap\u00e1 - Notibras\" \/>\n<meta property=\"og:description\" content=\"A captura de um jacar\u00e9 de quase cinco metros e 400 quilos no Rio Cal\u00e7oene virou atra\u00e7\u00e3o no munic\u00edpio de Cal\u00e7oene, distante 374 quil\u00f4metros de Macap\u00e1. O animal, revela o G1, permanece amarrado vivo desde a manh\u00e3 de quarta-feira (22) estava assustando pescadores e banhistas da cidade, que j\u00e1 haviam relatado \u00e0 policia as apari\u00e7\u00f5es [&hellip;]\" \/>\n<meta property=\"og:url\" content=\"https:\/\/www.notibras.com\/site\/trator-pesca-jacare-de-400-kg-que-assustava-banhistas-em-rio-do-amapa\/\" \/>\n<meta property=\"og:site_name\" content=\"Notibras\" \/>\n<meta property=\"article:publisher\" content=\"https:\/\/www.facebook.com\/notibras\/\" \/>\n<meta property=\"article:published_time\" content=\"2014-10-23T16:44:22+00:00\" \/>\n<meta property=\"article:modified_time\" content=\"2014-10-24T21:02:12+00:00\" \/>\n<meta property=\"og:image\" content=\"https:\/\/www.notibras.com\/site\/wp-content\/uploads\/2014\/10\/jacare_trator.jpg\" \/>\n\t<meta property=\"og:image:width\" content=\"620\" \/>\n\t<meta property=\"og:image:height\" content=\"465\" \/>\n\t<meta property=\"og:image:type\" content=\"image\/jpeg\" \/>\n<meta name=\"author\" content=\"Reda\u00e7\u00e3o\" \/>\n<meta name=\"twitter:card\" content=\"summary_large_image\" \/>\n<meta name=\"twitter:creator\" content=\"@Notibras\" \/>\n<meta name=\"twitter:site\" content=\"@Notibras\" \/>\n<meta name=\"twitter:label1\" content=\"Escrito por\" \/>\n\t<meta name=\"twitter:data1\" content=\"Reda\u00e7\u00e3o\" \/>\n\t<meta name=\"twitter:label2\" content=\"Est. tempo de leitura\" \/>\n\t<meta name=\"twitter:data2\" content=\"2 minutos\" \/>\n<script type=\"application\/ld+json\" class=\"yoast-schema-graph\">{\"@context\":\"https:\\\/\\\/schema.org\",\"@graph\":[{\"@type\":\"Article\",\"@id\":\"https:\\\/\\\/www.notibras.com\\\/site\\\/trator-pesca-jacare-de-400-kg-que-assustava-banhistas-em-rio-do-amapa\\\/#article\",\"isPartOf\":{\"@id\":\"https:\\\/\\\/www.notibras.com\\\/site\\\/trator-pesca-jacare-de-400-kg-que-assustava-banhistas-em-rio-do-amapa\\\/\"},\"author\":{\"name\":\"Reda\u00e7\u00e3o\",\"@id\":\"https:\\\/\\\/www.notibras.com\\\/site\\\/#\\\/schema\\\/person\\\/36ab0979449956132d3e5b517ea76ac8\"},\"headline\":\"Trator &#8216;pesca&#8217; jacar\u00e9 de 400 kg que assustava banhistas no Amap\u00e1\",\"datePublished\":\"2014-10-23T16:44:22+00:00\",\"dateModified\":\"2014-10-24T21:02:12+00:00\",\"mainEntityOfPage\":{\"@id\":\"https:\\\/\\\/www.notibras.com\\\/site\\\/trator-pesca-jacare-de-400-kg-que-assustava-banhistas-em-rio-do-amapa\\\/\"},\"wordCount\":433,\"commentCount\":0,\"publisher\":{\"@id\":\"https:\\\/\\\/www.notibras.com\\\/site\\\/#organization\"},\"image\":{\"@id\":\"https:\\\/\\\/www.notibras.com\\\/site\\\/trator-pesca-jacare-de-400-kg-que-assustava-banhistas-em-rio-do-amapa\\\/#primaryimage\"},\"thumbnailUrl\":\"https:\\\/\\\/www.notibras.com\\\/site\\\/wp-content\\\/uploads\\\/2014\\\/10\\\/jacare_trator.jpg\",\"articleSection\":[\"Brasil\"],\"inLanguage\":\"pt-BR\",\"potentialAction\":[{\"@type\":\"CommentAction\",\"name\":\"Comment\",\"target\":[\"https:\\\/\\\/www.notibras.com\\\/site\\\/trator-pesca-jacare-de-400-kg-que-assustava-banhistas-em-rio-do-amapa\\\/#respond\"]}]},{\"@type\":\"WebPage\",\"@id\":\"https:\\\/\\\/www.notibras.com\\\/site\\\/trator-pesca-jacare-de-400-kg-que-assustava-banhistas-em-rio-do-amapa\\\/\",\"url\":\"https:\\\/\\\/www.notibras.com\\\/site\\\/trator-pesca-jacare-de-400-kg-que-assustava-banhistas-em-rio-do-amapa\\\/\",\"name\":\"Trator 'pesca' jacar\u00e9 de 400 kg que assustava banhistas no Amap\u00e1 - Notibras\",\"isPartOf\":{\"@id\":\"https:\\\/\\\/www.notibras.com\\\/site\\\/#website\"},\"primaryImageOfPage\":{\"@id\":\"https:\\\/\\\/www.notibras.com\\\/site\\\/trator-pesca-jacare-de-400-kg-que-assustava-banhistas-em-rio-do-amapa\\\/#primaryimage\"},\"image\":{\"@id\":\"https:\\\/\\\/www.notibras.com\\\/site\\\/trator-pesca-jacare-de-400-kg-que-assustava-banhistas-em-rio-do-amapa\\\/#primaryimage\"},\"thumbnailUrl\":\"https:\\\/\\\/www.notibras.com\\\/site\\\/wp-content\\\/uploads\\\/2014\\\/10\\\/jacare_trator.jpg\",\"datePublished\":\"2014-10-23T16:44:22+00:00\",\"dateModified\":\"2014-10-24T21:02:12+00:00\",\"breadcrumb\":{\"@id\":\"https:\\\/\\\/www.notibras.com\\\/site\\\/trator-pesca-jacare-de-400-kg-que-assustava-banhistas-em-rio-do-amapa\\\/#breadcrumb\"},\"inLanguage\":\"pt-BR\",\"potentialAction\":[{\"@type\":\"ReadAction\",\"target\":[\"https:\\\/\\\/www.notibras.com\\\/site\\\/trator-pesca-jacare-de-400-kg-que-assustava-banhistas-em-rio-do-amapa\\\/\"]}]},{\"@type\":\"ImageObject\",\"inLanguage\":\"pt-BR\",\"@id\":\"https:\\\/\\\/www.notibras.com\\\/site\\\/trator-pesca-jacare-de-400-kg-que-assustava-banhistas-em-rio-do-amapa\\\/#primaryimage\",\"url\":\"https:\\\/\\\/www.notibras.com\\\/site\\\/wp-content\\\/uploads\\\/2014\\\/10\\\/jacare_trator.jpg\",\"contentUrl\":\"https:\\\/\\\/www.notibras.com\\\/site\\\/wp-content\\\/uploads\\\/2014\\\/10\\\/jacare_trator.jpg\",\"width\":620,\"height\":465},{\"@type\":\"BreadcrumbList\",\"@id\":\"https:\\\/\\\/www.notibras.com\\\/site\\\/trator-pesca-jacare-de-400-kg-que-assustava-banhistas-em-rio-do-amapa\\\/#breadcrumb\",\"itemListElement\":[{\"@type\":\"ListItem\",\"position\":1,\"name\":\"In\u00edcio\",\"item\":\"https:\\\/\\\/www.notibras.com\\\/site\\\/\"},{\"@type\":\"ListItem\",\"position\":2,\"name\":\"Trator &#8216;pesca&#8217; jacar\u00e9 de 400 kg que assustava banhistas no Amap\u00e1\"}]},{\"@type\":\"WebSite\",\"@id\":\"https:\\\/\\\/www.notibras.com\\\/site\\\/#website\",\"url\":\"https:\\\/\\\/www.notibras.com\\\/site\\\/\",\"name\":\"Notibras\",\"description\":\"Not\u00edcias de Bras\u00edlia, do Brasil e do Mundo\",\"publisher\":{\"@id\":\"https:\\\/\\\/www.notibras.com\\\/site\\\/#organization\"},\"potentialAction\":[{\"@type\":\"SearchAction\",\"target\":{\"@type\":\"EntryPoint\",\"urlTemplate\":\"https:\\\/\\\/www.notibras.com\\\/site\\\/?s={search_term_string}\"},\"query-input\":{\"@type\":\"PropertyValueSpecification\",\"valueRequired\":true,\"valueName\":\"search_term_string\"}}],\"inLanguage\":\"pt-BR\"},{\"@type\":\"Organization\",\"@id\":\"https:\\\/\\\/www.notibras.com\\\/site\\\/#organization\",\"name\":\"Grupo Notibras de Comunica\u00e7\u00e3o\",\"url\":\"https:\\\/\\\/www.notibras.com\\\/site\\\/\",\"logo\":{\"@type\":\"ImageObject\",\"inLanguage\":\"pt-BR\",\"@id\":\"https:\\\/\\\/www.notibras.com\\\/site\\\/#\\\/schema\\\/logo\\\/image\\\/\",\"url\":\"https:\\\/\\\/www.notibras.com\\\/site\\\/wp-content\\\/uploads\\\/2023\\\/01\\\/notibras23.png\",\"contentUrl\":\"https:\\\/\\\/www.notibras.com\\\/site\\\/wp-content\\\/uploads\\\/2023\\\/01\\\/notibras23.png\",\"width\":350,\"height\":87,\"caption\":\"Grupo Notibras de Comunica\u00e7\u00e3o\"},\"image\":{\"@id\":\"https:\\\/\\\/www.notibras.com\\\/site\\\/#\\\/schema\\\/logo\\\/image\\\/\"},\"sameAs\":[\"https:\\\/\\\/www.facebook.com\\\/notibras\\\/\",\"https:\\\/\\\/x.com\\\/Notibras\",\"https:\\\/\\\/www.instagram.com\\\/notibras\\\/\"]},{\"@type\":\"Person\",\"@id\":\"https:\\\/\\\/www.notibras.com\\\/site\\\/#\\\/schema\\\/person\\\/36ab0979449956132d3e5b517ea76ac8\",\"name\":\"Reda\u00e7\u00e3o\",\"image\":{\"@type\":\"ImageObject\",\"inLanguage\":\"pt-BR\",\"@id\":\"https:\\\/\\\/secure.gravatar.com\\\/avatar\\\/e0a867bdedb85fd243eadf09663511f96fc81e0720a4a42581f334ad4303aa6b?s=96&d=mm&r=g\",\"url\":\"https:\\\/\\\/secure.gravatar.com\\\/avatar\\\/e0a867bdedb85fd243eadf09663511f96fc81e0720a4a42581f334ad4303aa6b?s=96&d=mm&r=g\",\"contentUrl\":\"https:\\\/\\\/secure.gravatar.com\\\/avatar\\\/e0a867bdedb85fd243eadf09663511f96fc81e0720a4a42581f334ad4303aa6b?s=96&d=mm&r=g\",\"caption\":\"Reda\u00e7\u00e3o\"}}]}<\/script>\n<!-- \/ Yoast SEO plugin. -->","yoast_head_json":{"title":"Trator 'pesca' jacar\u00e9 de 400 kg que assustava banhistas no Amap\u00e1 - Notibras","robots":{"index":"index","follow":"follow","max-snippet":"max-snippet:-1","max-image-preview":"max-image-preview:large","max-video-preview":"max-video-preview:-1"},"canonical":"https:\/\/www.notibras.com\/site\/trator-pesca-jacare-de-400-kg-que-assustava-banhistas-em-rio-do-amapa\/","og_locale":"pt_BR","og_type":"article","og_title":"Trator 'pesca' jacar\u00e9 de 400 kg que assustava banhistas no Amap\u00e1 - Notibras","og_description":"A captura de um jacar\u00e9 de quase cinco metros e 400 quilos no Rio Cal\u00e7oene virou atra\u00e7\u00e3o no munic\u00edpio de Cal\u00e7oene, distante 374 quil\u00f4metros de Macap\u00e1. O animal, revela o G1, permanece amarrado vivo desde a manh\u00e3 de quarta-feira (22) estava assustando pescadores e banhistas da cidade, que j\u00e1 haviam relatado \u00e0 policia as apari\u00e7\u00f5es [&hellip;]","og_url":"https:\/\/www.notibras.com\/site\/trator-pesca-jacare-de-400-kg-que-assustava-banhistas-em-rio-do-amapa\/","og_site_name":"Notibras","article_publisher":"https:\/\/www.facebook.com\/notibras\/","article_published_time":"2014-10-23T16:44:22+00:00","article_modified_time":"2014-10-24T21:02:12+00:00","og_image":[{"width":620,"height":465,"url":"https:\/\/www.notibras.com\/site\/wp-content\/uploads\/2014\/10\/jacare_trator.jpg","type":"image\/jpeg"}],"author":"Reda\u00e7\u00e3o","twitter_card":"summary_large_image","twitter_creator":"@Notibras","twitter_site":"@Notibras","twitter_misc":{"Escrito por":"Reda\u00e7\u00e3o","Est. tempo de leitura":"2 minutos"},"schema":{"@context":"https:\/\/schema.org","@graph":[{"@type":"Article","@id":"https:\/\/www.notibras.com\/site\/trator-pesca-jacare-de-400-kg-que-assustava-banhistas-em-rio-do-amapa\/#article","isPartOf":{"@id":"https:\/\/www.notibras.com\/site\/trator-pesca-jacare-de-400-kg-que-assustava-banhistas-em-rio-do-amapa\/"},"author":{"name":"Reda\u00e7\u00e3o","@id":"https:\/\/www.notibras.com\/site\/#\/schema\/person\/36ab0979449956132d3e5b517ea76ac8"},"headline":"Trator &#8216;pesca&#8217; jacar\u00e9 de 400 kg que assustava banhistas no Amap\u00e1","datePublished":"2014-10-23T16:44:22+00:00","dateModified":"2014-10-24T21:02:12+00:00","mainEntityOfPage":{"@id":"https:\/\/www.notibras.com\/site\/trator-pesca-jacare-de-400-kg-que-assustava-banhistas-em-rio-do-amapa\/"},"wordCount":433,"commentCount":0,"publisher":{"@id":"https:\/\/www.notibras.com\/site\/#organization"},"image":{"@id":"https:\/\/www.notibras.com\/site\/trator-pesca-jacare-de-400-kg-que-assustava-banhistas-em-rio-do-amapa\/#primaryimage"},"thumbnailUrl":"https:\/\/www.notibras.com\/site\/wp-content\/uploads\/2014\/10\/jacare_trator.jpg","articleSection":["Brasil"],"inLanguage":"pt-BR","potentialAction":[{"@type":"CommentAction","name":"Comment","target":["https:\/\/www.notibras.com\/site\/trator-pesca-jacare-de-400-kg-que-assustava-banhistas-em-rio-do-amapa\/#respond"]}]},{"@type":"WebPage","@id":"https:\/\/www.notibras.com\/site\/trator-pesca-jacare-de-400-kg-que-assustava-banhistas-em-rio-do-amapa\/","url":"https:\/\/www.notibras.com\/site\/trator-pesca-jacare-de-400-kg-que-assustava-banhistas-em-rio-do-amapa\/","name":"Trator 'pesca' jacar\u00e9 de 400 kg que assustava banhistas no Amap\u00e1 - Notibras","isPartOf":{"@id":"https:\/\/www.notibras.com\/site\/#website"},"primaryImageOfPage":{"@id":"https:\/\/www.notibras.com\/site\/trator-pesca-jacare-de-400-kg-que-assustava-banhistas-em-rio-do-amapa\/#primaryimage"},"image":{"@id":"https:\/\/www.notibras.com\/site\/trator-pesca-jacare-de-400-kg-que-assustava-banhistas-em-rio-do-amapa\/#primaryimage"},"thumbnailUrl":"https:\/\/www.notibras.com\/site\/wp-content\/uploads\/2014\/10\/jacare_trator.jpg","datePublished":"2014-10-23T16:44:22+00:00","dateModified":"2014-10-24T21:02:12+00:00","breadcrumb":{"@id":"https:\/\/www.notibras.com\/site\/trator-pesca-jacare-de-400-kg-que-assustava-banhistas-em-rio-do-amapa\/#breadcrumb"},"inLanguage":"pt-BR","potentialAction":[{"@type":"ReadAction","target":["https:\/\/www.notibras.com\/site\/trator-pesca-jacare-de-400-kg-que-assustava-banhistas-em-rio-do-amapa\/"]}]},{"@type":"ImageObject","inLanguage":"pt-BR","@id":"https:\/\/www.notibras.com\/site\/trator-pesca-jacare-de-400-kg-que-assustava-banhistas-em-rio-do-amapa\/#primaryimage","url":"https:\/\/www.notibras.com\/site\/wp-content\/uploads\/2014\/10\/jacare_trator.jpg","contentUrl":"https:\/\/www.notibras.com\/site\/wp-content\/uploads\/2014\/10\/jacare_trator.jpg","width":620,"height":465},{"@type":"BreadcrumbList","@id":"https:\/\/www.notibras.com\/site\/trator-pesca-jacare-de-400-kg-que-assustava-banhistas-em-rio-do-amapa\/#breadcrumb","itemListElement":[{"@type":"ListItem","position":1,"name":"In\u00edcio","item":"https:\/\/www.notibras.com\/site\/"},{"@type":"ListItem","position":2,"name":"Trator &#8216;pesca&#8217; jacar\u00e9 de 400 kg que assustava banhistas no Amap\u00e1"}]},{"@type":"WebSite","@id":"https:\/\/www.notibras.com\/site\/#website","url":"https:\/\/www.notibras.com\/site\/","name":"Notibras","description":"Not\u00edcias de Bras\u00edlia, do Brasil e do Mundo","publisher":{"@id":"https:\/\/www.notibras.com\/site\/#organization"},"potentialAction":[{"@type":"SearchAction","target":{"@type":"EntryPoint","urlTemplate":"https:\/\/www.notibras.com\/site\/?s={search_term_string}"},"query-input":{"@type":"PropertyValueSpecification","valueRequired":true,"valueName":"search_term_string"}}],"inLanguage":"pt-BR"},{"@type":"Organization","@id":"https:\/\/www.notibras.com\/site\/#organization","name":"Grupo Notibras de Comunica\u00e7\u00e3o","url":"https:\/\/www.notibras.com\/site\/","logo":{"@type":"ImageObject","inLanguage":"pt-BR","@id":"https:\/\/www.notibras.com\/site\/#\/schema\/logo\/image\/","url":"https:\/\/www.notibras.com\/site\/wp-content\/uploads\/2023\/01\/notibras23.png","contentUrl":"https:\/\/www.notibras.com\/site\/wp-content\/uploads\/2023\/01\/notibras23.png","width":350,"height":87,"caption":"Grupo Notibras de Comunica\u00e7\u00e3o"},"image":{"@id":"https:\/\/www.notibras.com\/site\/#\/schema\/logo\/image\/"},"sameAs":["https:\/\/www.facebook.com\/notibras\/","https:\/\/x.com\/Notibras","https:\/\/www.instagram.com\/notibras\/"]},{"@type":"Person","@id":"https:\/\/www.notibras.com\/site\/#\/schema\/person\/36ab0979449956132d3e5b517ea76ac8","name":"Reda\u00e7\u00e3o","image":{"@type":"ImageObject","inLanguage":"pt-BR","@id":"https:\/\/secure.gravatar.com\/avatar\/e0a867bdedb85fd243eadf09663511f96fc81e0720a4a42581f334ad4303aa6b?s=96&d=mm&r=g","url":"https:\/\/secure.gravatar.com\/avatar\/e0a867bdedb85fd243eadf09663511f96fc81e0720a4a42581f334ad4303aa6b?s=96&d=mm&r=g","contentUrl":"https:\/\/secure.gravatar.com\/avatar\/e0a867bdedb85fd243eadf09663511f96fc81e0720a4a42581f334ad4303aa6b?s=96&d=mm&r=g","caption":"Reda\u00e7\u00e3o"}}]}},"amp_enabled":true,"_links":{"self":[{"href":"https:\/\/www.notibras.com\/site\/wp-json\/wp\/v2\/posts\/25759","targetHints":{"allow":["GET"]}}],"collection":[{"href":"https:\/\/www.notibras.com\/site\/wp-json\/wp\/v2\/posts"}],"about":[{"href":"https:\/\/www.notibras.com\/site\/wp-json\/wp\/v2\/types\/post"}],"author":[{"embeddable":true,"href":"https:\/\/www.notibras.com\/site\/wp-json\/wp\/v2\/users\/2"}],"replies":[{"embeddable":true,"href":"https:\/\/www.notibras.com\/site\/wp-json\/wp\/v2\/comments?post=25759"}],"version-history":[{"count":0,"href":"https:\/\/www.notibras.com\/site\/wp-json\/wp\/v2\/posts\/25759\/revisions"}],"wp:featuredmedia":[{"embeddable":true,"href":"https:\/\/www.notibras.com\/site\/wp-json\/wp\/v2\/media\/25760"}],"wp:attachment":[{"href":"https:\/\/www.notibras.com\/site\/wp-json\/wp\/v2\/media?parent=25759"}],"wp:term":[{"taxonomy":"category","embeddable":true,"href":"https:\/\/www.notibras.com\/site\/wp-json\/wp\/v2\/categories?post=25759"},{"taxonomy":"post_tag","embeddable":true,"href":"https:\/\/www.notibras.com\/site\/wp-json\/wp\/v2\/tags?post=25759"}],"curies":[{"name":"wp","href":"https:\/\/api.w.org\/{rel}","templated":true}]}}