{"id":25774,"date":"2014-10-23T16:03:34","date_gmt":"2014-10-23T19:03:34","guid":{"rendered":"http:\/\/www.notibras.com\/site\/?p=25774"},"modified":"2014-10-23T19:04:27","modified_gmt":"2014-10-23T22:04:27","slug":"pesquisas-apontam-para-vitoria-de-pezao-sobre-crivella-no-rio","status":"publish","type":"post","link":"https:\/\/www.notibras.com\/site\/pesquisas-apontam-para-vitoria-de-pezao-sobre-crivella-no-rio\/","title":{"rendered":"Pesquisas apontam para vit\u00f3ria de Pez\u00e3o sobre Crivella no Rio"},"content":{"rendered":"<p>Pesquisas eleitorais divulgadas nesta quinta-feira (23) pelo Datafolha e pelo Ibope apontam que o atual governador e concorrente \u00e0 reelei\u00e7\u00e3o no Rio, Luiz Fernando Pez\u00e3o (PMDB), tem 55% dos votos v\u00e1lidos neste segundo turno do pleito. O candidato advers\u00e1rio Marcelo Crivella (PRB), registra 45% dos votos v\u00e1lidos.<\/p>\n<p>Contabilizados os brancos e nulos, que somam 10% do total, Pez\u00e3o tem 46% das inten\u00e7\u00f5es de voto, contra 38% de Crivella no Datafolha. Dos entrevistados, 6% n\u00e3o souberam ou n\u00e3o responderam.<\/p>\n<blockquote><p>O Ibope aponta que, com 12% de votos brancos e nulos e 5% de entrevistados que n\u00e3o souberam responder, Pez\u00e3o tem 46% das inten\u00e7\u00f5es de voto e Crivella, 37%.\u00a0A margem de erro de ambas as amostras \u00e9 de dois pontos percentuais para mais ou para menos.<\/p><\/blockquote>\n<p>O instituto ouviu 2.002 eleitores, entre os dias 18 e 23 de outubro. A pesquisa foi registrada no TRE-RJ (Tribunal Regional Eleitoral do Rio de Janeiro) sob o n\u00famero RJ-00076\/2014 e custou R$ 133.933,80.<\/p>\n<p>J\u00e1 o Datafolha ouviu 1.556 eleitores, entre os dias 22 e 23 de outubro. A pesquisa foi registrada no TRE-RJ (Tribunal Regional Eleitoral do Rio de Janeiro) sob o n\u00famero RJ-00075\/2014 e custou R$ 93.300.<\/p>\n<p>O levantamento do Ibope identificou que o governo do Rio de Janeiro \u00e9 aprovado por 49% dos entrevistados. J\u00e1 34% das pessoas ouvidas declararam que desaprovam a atual gest\u00e3o. Por sua vez, 18% disseram que n\u00e3o sabiam ou n\u00e3o responderam.<\/p>\n<p>Segundo o Datafolha, 32% dos entrevistados consideram o governo \u00f3timo ou bom, enquanto 37% avaliam como regular e 18% acreditam ser ruim ou p\u00e9ssimo. Por sua vez, 13% disseram que n\u00e3o sabiam ou n\u00e3o responderam.<\/p>\n<p>&nbsp;<\/p>\n","protected":false},"excerpt":{"rendered":"<p>Pesquisas eleitorais divulgadas nesta quinta-feira (23) pelo Datafolha e pelo Ibope apontam que o atual governador e concorrente \u00e0 reelei\u00e7\u00e3o no Rio, Luiz Fernando Pez\u00e3o (PMDB), tem 55% dos votos v\u00e1lidos neste segundo turno do pleito. O candidato advers\u00e1rio Marcelo Crivella (PRB), registra 45% dos votos v\u00e1lidos. Contabilizados os brancos e nulos, que somam 10% [&hellip;]<\/p>\n","protected":false},"author":2,"featured_media":25776,"comment_status":"open","ping_status":"closed","sticky":false,"template":"","format":"standard","meta":{"_acf_changed":false,"footnotes":""},"categories":[33],"tags":[],"class_list":["post-25774","post","type-post","status-publish","format-standard","has-post-thumbnail","hentry","category-eleicoes-2014"],"acf":[],"yoast_head":"<!-- This site is optimized with the Yoast SEO plugin v27.5 - https:\/\/yoast.com\/product\/yoast-seo-wordpress\/ -->\n<title>Pesquisas apontam para vit\u00f3ria de Pez\u00e3o sobre Crivella no Rio - Notibras<\/title>\n<meta name=\"robots\" content=\"index, follow, max-snippet:-1, max-image-preview:large, max-video-preview:-1\" \/>\n<link rel=\"canonical\" href=\"https:\/\/www.notibras.com\/site\/pesquisas-apontam-para-vitoria-de-pezao-sobre-crivella-no-rio\/\" \/>\n<meta property=\"og:locale\" content=\"pt_BR\" \/>\n<meta property=\"og:type\" content=\"article\" \/>\n<meta property=\"og:title\" content=\"Pesquisas apontam para vit\u00f3ria de Pez\u00e3o sobre Crivella no Rio - Notibras\" \/>\n<meta property=\"og:description\" content=\"Pesquisas eleitorais divulgadas nesta quinta-feira (23) pelo Datafolha e pelo Ibope apontam que o atual governador e concorrente \u00e0 reelei\u00e7\u00e3o no Rio, Luiz Fernando Pez\u00e3o (PMDB), tem 55% dos votos v\u00e1lidos neste segundo turno do pleito. O candidato advers\u00e1rio Marcelo Crivella (PRB), registra 45% dos votos v\u00e1lidos. Contabilizados os brancos e nulos, que somam 10% [&hellip;]\" \/>\n<meta property=\"og:url\" content=\"https:\/\/www.notibras.com\/site\/pesquisas-apontam-para-vitoria-de-pezao-sobre-crivella-no-rio\/\" \/>\n<meta property=\"og:site_name\" content=\"Notibras\" \/>\n<meta property=\"article:publisher\" content=\"https:\/\/www.facebook.com\/notibras\/\" \/>\n<meta property=\"article:published_time\" content=\"2014-10-23T19:03:34+00:00\" \/>\n<meta property=\"article:modified_time\" content=\"2014-10-23T22:04:27+00:00\" \/>\n<meta property=\"og:image\" content=\"https:\/\/www.notibras.com\/site\/wp-content\/uploads\/2014\/10\/pezao-e-crivella-1412794334097_615x300.jpg\" \/>\n\t<meta property=\"og:image:width\" content=\"615\" \/>\n\t<meta property=\"og:image:height\" content=\"300\" \/>\n\t<meta property=\"og:image:type\" content=\"image\/jpeg\" \/>\n<meta name=\"author\" content=\"Reda\u00e7\u00e3o\" \/>\n<meta name=\"twitter:card\" content=\"summary_large_image\" \/>\n<meta name=\"twitter:creator\" content=\"@Notibras\" \/>\n<meta name=\"twitter:site\" content=\"@Notibras\" \/>\n<meta name=\"twitter:label1\" content=\"Escrito por\" \/>\n\t<meta name=\"twitter:data1\" content=\"Reda\u00e7\u00e3o\" \/>\n\t<meta name=\"twitter:label2\" content=\"Est. tempo de leitura\" \/>\n\t<meta name=\"twitter:data2\" content=\"1 minuto\" \/>\n<script type=\"application\/ld+json\" class=\"yoast-schema-graph\">{\"@context\":\"https:\\\/\\\/schema.org\",\"@graph\":[{\"@type\":\"Article\",\"@id\":\"https:\\\/\\\/www.notibras.com\\\/site\\\/pesquisas-apontam-para-vitoria-de-pezao-sobre-crivella-no-rio\\\/#article\",\"isPartOf\":{\"@id\":\"https:\\\/\\\/www.notibras.com\\\/site\\\/pesquisas-apontam-para-vitoria-de-pezao-sobre-crivella-no-rio\\\/\"},\"author\":{\"name\":\"Reda\u00e7\u00e3o\",\"@id\":\"https:\\\/\\\/www.notibras.com\\\/site\\\/#\\\/schema\\\/person\\\/36ab0979449956132d3e5b517ea76ac8\"},\"headline\":\"Pesquisas apontam para vit\u00f3ria de Pez\u00e3o sobre Crivella no Rio\",\"datePublished\":\"2014-10-23T19:03:34+00:00\",\"dateModified\":\"2014-10-23T22:04:27+00:00\",\"mainEntityOfPage\":{\"@id\":\"https:\\\/\\\/www.notibras.com\\\/site\\\/pesquisas-apontam-para-vitoria-de-pezao-sobre-crivella-no-rio\\\/\"},\"wordCount\":273,\"commentCount\":0,\"publisher\":{\"@id\":\"https:\\\/\\\/www.notibras.com\\\/site\\\/#organization\"},\"image\":{\"@id\":\"https:\\\/\\\/www.notibras.com\\\/site\\\/pesquisas-apontam-para-vitoria-de-pezao-sobre-crivella-no-rio\\\/#primaryimage\"},\"thumbnailUrl\":\"https:\\\/\\\/www.notibras.com\\\/site\\\/wp-content\\\/uploads\\\/2014\\\/10\\\/pezao-e-crivella-1412794334097_615x300.jpg\",\"articleSection\":[\"Elei\u00e7\u00f5es 2014\"],\"inLanguage\":\"pt-BR\",\"potentialAction\":[{\"@type\":\"CommentAction\",\"name\":\"Comment\",\"target\":[\"https:\\\/\\\/www.notibras.com\\\/site\\\/pesquisas-apontam-para-vitoria-de-pezao-sobre-crivella-no-rio\\\/#respond\"]}]},{\"@type\":\"WebPage\",\"@id\":\"https:\\\/\\\/www.notibras.com\\\/site\\\/pesquisas-apontam-para-vitoria-de-pezao-sobre-crivella-no-rio\\\/\",\"url\":\"https:\\\/\\\/www.notibras.com\\\/site\\\/pesquisas-apontam-para-vitoria-de-pezao-sobre-crivella-no-rio\\\/\",\"name\":\"Pesquisas apontam para vit\u00f3ria de Pez\u00e3o sobre Crivella no Rio - Notibras\",\"isPartOf\":{\"@id\":\"https:\\\/\\\/www.notibras.com\\\/site\\\/#website\"},\"primaryImageOfPage\":{\"@id\":\"https:\\\/\\\/www.notibras.com\\\/site\\\/pesquisas-apontam-para-vitoria-de-pezao-sobre-crivella-no-rio\\\/#primaryimage\"},\"image\":{\"@id\":\"https:\\\/\\\/www.notibras.com\\\/site\\\/pesquisas-apontam-para-vitoria-de-pezao-sobre-crivella-no-rio\\\/#primaryimage\"},\"thumbnailUrl\":\"https:\\\/\\\/www.notibras.com\\\/site\\\/wp-content\\\/uploads\\\/2014\\\/10\\\/pezao-e-crivella-1412794334097_615x300.jpg\",\"datePublished\":\"2014-10-23T19:03:34+00:00\",\"dateModified\":\"2014-10-23T22:04:27+00:00\",\"breadcrumb\":{\"@id\":\"https:\\\/\\\/www.notibras.com\\\/site\\\/pesquisas-apontam-para-vitoria-de-pezao-sobre-crivella-no-rio\\\/#breadcrumb\"},\"inLanguage\":\"pt-BR\",\"potentialAction\":[{\"@type\":\"ReadAction\",\"target\":[\"https:\\\/\\\/www.notibras.com\\\/site\\\/pesquisas-apontam-para-vitoria-de-pezao-sobre-crivella-no-rio\\\/\"]}]},{\"@type\":\"ImageObject\",\"inLanguage\":\"pt-BR\",\"@id\":\"https:\\\/\\\/www.notibras.com\\\/site\\\/pesquisas-apontam-para-vitoria-de-pezao-sobre-crivella-no-rio\\\/#primaryimage\",\"url\":\"https:\\\/\\\/www.notibras.com\\\/site\\\/wp-content\\\/uploads\\\/2014\\\/10\\\/pezao-e-crivella-1412794334097_615x300.jpg\",\"contentUrl\":\"https:\\\/\\\/www.notibras.com\\\/site\\\/wp-content\\\/uploads\\\/2014\\\/10\\\/pezao-e-crivella-1412794334097_615x300.jpg\",\"width\":615,\"height\":300},{\"@type\":\"BreadcrumbList\",\"@id\":\"https:\\\/\\\/www.notibras.com\\\/site\\\/pesquisas-apontam-para-vitoria-de-pezao-sobre-crivella-no-rio\\\/#breadcrumb\",\"itemListElement\":[{\"@type\":\"ListItem\",\"position\":1,\"name\":\"In\u00edcio\",\"item\":\"https:\\\/\\\/www.notibras.com\\\/site\\\/\"},{\"@type\":\"ListItem\",\"position\":2,\"name\":\"Pesquisas apontam para vit\u00f3ria de Pez\u00e3o sobre Crivella no Rio\"}]},{\"@type\":\"WebSite\",\"@id\":\"https:\\\/\\\/www.notibras.com\\\/site\\\/#website\",\"url\":\"https:\\\/\\\/www.notibras.com\\\/site\\\/\",\"name\":\"Notibras\",\"description\":\"Not\u00edcias de Bras\u00edlia, do Brasil e do Mundo\",\"publisher\":{\"@id\":\"https:\\\/\\\/www.notibras.com\\\/site\\\/#organization\"},\"potentialAction\":[{\"@type\":\"SearchAction\",\"target\":{\"@type\":\"EntryPoint\",\"urlTemplate\":\"https:\\\/\\\/www.notibras.com\\\/site\\\/?s={search_term_string}\"},\"query-input\":{\"@type\":\"PropertyValueSpecification\",\"valueRequired\":true,\"valueName\":\"search_term_string\"}}],\"inLanguage\":\"pt-BR\"},{\"@type\":\"Organization\",\"@id\":\"https:\\\/\\\/www.notibras.com\\\/site\\\/#organization\",\"name\":\"Grupo Notibras de Comunica\u00e7\u00e3o\",\"url\":\"https:\\\/\\\/www.notibras.com\\\/site\\\/\",\"logo\":{\"@type\":\"ImageObject\",\"inLanguage\":\"pt-BR\",\"@id\":\"https:\\\/\\\/www.notibras.com\\\/site\\\/#\\\/schema\\\/logo\\\/image\\\/\",\"url\":\"https:\\\/\\\/www.notibras.com\\\/site\\\/wp-content\\\/uploads\\\/2023\\\/01\\\/notibras23.png\",\"contentUrl\":\"https:\\\/\\\/www.notibras.com\\\/site\\\/wp-content\\\/uploads\\\/2023\\\/01\\\/notibras23.png\",\"width\":350,\"height\":87,\"caption\":\"Grupo Notibras de Comunica\u00e7\u00e3o\"},\"image\":{\"@id\":\"https:\\\/\\\/www.notibras.com\\\/site\\\/#\\\/schema\\\/logo\\\/image\\\/\"},\"sameAs\":[\"https:\\\/\\\/www.facebook.com\\\/notibras\\\/\",\"https:\\\/\\\/x.com\\\/Notibras\",\"https:\\\/\\\/www.instagram.com\\\/notibras\\\/\"]},{\"@type\":\"Person\",\"@id\":\"https:\\\/\\\/www.notibras.com\\\/site\\\/#\\\/schema\\\/person\\\/36ab0979449956132d3e5b517ea76ac8\",\"name\":\"Reda\u00e7\u00e3o\",\"image\":{\"@type\":\"ImageObject\",\"inLanguage\":\"pt-BR\",\"@id\":\"https:\\\/\\\/secure.gravatar.com\\\/avatar\\\/e0a867bdedb85fd243eadf09663511f96fc81e0720a4a42581f334ad4303aa6b?s=96&d=mm&r=g\",\"url\":\"https:\\\/\\\/secure.gravatar.com\\\/avatar\\\/e0a867bdedb85fd243eadf09663511f96fc81e0720a4a42581f334ad4303aa6b?s=96&d=mm&r=g\",\"contentUrl\":\"https:\\\/\\\/secure.gravatar.com\\\/avatar\\\/e0a867bdedb85fd243eadf09663511f96fc81e0720a4a42581f334ad4303aa6b?s=96&d=mm&r=g\",\"caption\":\"Reda\u00e7\u00e3o\"}}]}<\/script>\n<!-- \/ Yoast SEO plugin. -->","yoast_head_json":{"title":"Pesquisas apontam para vit\u00f3ria de Pez\u00e3o sobre Crivella no Rio - Notibras","robots":{"index":"index","follow":"follow","max-snippet":"max-snippet:-1","max-image-preview":"max-image-preview:large","max-video-preview":"max-video-preview:-1"},"canonical":"https:\/\/www.notibras.com\/site\/pesquisas-apontam-para-vitoria-de-pezao-sobre-crivella-no-rio\/","og_locale":"pt_BR","og_type":"article","og_title":"Pesquisas apontam para vit\u00f3ria de Pez\u00e3o sobre Crivella no Rio - Notibras","og_description":"Pesquisas eleitorais divulgadas nesta quinta-feira (23) pelo Datafolha e pelo Ibope apontam que o atual governador e concorrente \u00e0 reelei\u00e7\u00e3o no Rio, Luiz Fernando Pez\u00e3o (PMDB), tem 55% dos votos v\u00e1lidos neste segundo turno do pleito. O candidato advers\u00e1rio Marcelo Crivella (PRB), registra 45% dos votos v\u00e1lidos. Contabilizados os brancos e nulos, que somam 10% [&hellip;]","og_url":"https:\/\/www.notibras.com\/site\/pesquisas-apontam-para-vitoria-de-pezao-sobre-crivella-no-rio\/","og_site_name":"Notibras","article_publisher":"https:\/\/www.facebook.com\/notibras\/","article_published_time":"2014-10-23T19:03:34+00:00","article_modified_time":"2014-10-23T22:04:27+00:00","og_image":[{"width":615,"height":300,"url":"https:\/\/www.notibras.com\/site\/wp-content\/uploads\/2014\/10\/pezao-e-crivella-1412794334097_615x300.jpg","type":"image\/jpeg"}],"author":"Reda\u00e7\u00e3o","twitter_card":"summary_large_image","twitter_creator":"@Notibras","twitter_site":"@Notibras","twitter_misc":{"Escrito por":"Reda\u00e7\u00e3o","Est. tempo de leitura":"1 minuto"},"schema":{"@context":"https:\/\/schema.org","@graph":[{"@type":"Article","@id":"https:\/\/www.notibras.com\/site\/pesquisas-apontam-para-vitoria-de-pezao-sobre-crivella-no-rio\/#article","isPartOf":{"@id":"https:\/\/www.notibras.com\/site\/pesquisas-apontam-para-vitoria-de-pezao-sobre-crivella-no-rio\/"},"author":{"name":"Reda\u00e7\u00e3o","@id":"https:\/\/www.notibras.com\/site\/#\/schema\/person\/36ab0979449956132d3e5b517ea76ac8"},"headline":"Pesquisas apontam para vit\u00f3ria de Pez\u00e3o sobre Crivella no Rio","datePublished":"2014-10-23T19:03:34+00:00","dateModified":"2014-10-23T22:04:27+00:00","mainEntityOfPage":{"@id":"https:\/\/www.notibras.com\/site\/pesquisas-apontam-para-vitoria-de-pezao-sobre-crivella-no-rio\/"},"wordCount":273,"commentCount":0,"publisher":{"@id":"https:\/\/www.notibras.com\/site\/#organization"},"image":{"@id":"https:\/\/www.notibras.com\/site\/pesquisas-apontam-para-vitoria-de-pezao-sobre-crivella-no-rio\/#primaryimage"},"thumbnailUrl":"https:\/\/www.notibras.com\/site\/wp-content\/uploads\/2014\/10\/pezao-e-crivella-1412794334097_615x300.jpg","articleSection":["Elei\u00e7\u00f5es 2014"],"inLanguage":"pt-BR","potentialAction":[{"@type":"CommentAction","name":"Comment","target":["https:\/\/www.notibras.com\/site\/pesquisas-apontam-para-vitoria-de-pezao-sobre-crivella-no-rio\/#respond"]}]},{"@type":"WebPage","@id":"https:\/\/www.notibras.com\/site\/pesquisas-apontam-para-vitoria-de-pezao-sobre-crivella-no-rio\/","url":"https:\/\/www.notibras.com\/site\/pesquisas-apontam-para-vitoria-de-pezao-sobre-crivella-no-rio\/","name":"Pesquisas apontam para vit\u00f3ria de Pez\u00e3o sobre Crivella no Rio - Notibras","isPartOf":{"@id":"https:\/\/www.notibras.com\/site\/#website"},"primaryImageOfPage":{"@id":"https:\/\/www.notibras.com\/site\/pesquisas-apontam-para-vitoria-de-pezao-sobre-crivella-no-rio\/#primaryimage"},"image":{"@id":"https:\/\/www.notibras.com\/site\/pesquisas-apontam-para-vitoria-de-pezao-sobre-crivella-no-rio\/#primaryimage"},"thumbnailUrl":"https:\/\/www.notibras.com\/site\/wp-content\/uploads\/2014\/10\/pezao-e-crivella-1412794334097_615x300.jpg","datePublished":"2014-10-23T19:03:34+00:00","dateModified":"2014-10-23T22:04:27+00:00","breadcrumb":{"@id":"https:\/\/www.notibras.com\/site\/pesquisas-apontam-para-vitoria-de-pezao-sobre-crivella-no-rio\/#breadcrumb"},"inLanguage":"pt-BR","potentialAction":[{"@type":"ReadAction","target":["https:\/\/www.notibras.com\/site\/pesquisas-apontam-para-vitoria-de-pezao-sobre-crivella-no-rio\/"]}]},{"@type":"ImageObject","inLanguage":"pt-BR","@id":"https:\/\/www.notibras.com\/site\/pesquisas-apontam-para-vitoria-de-pezao-sobre-crivella-no-rio\/#primaryimage","url":"https:\/\/www.notibras.com\/site\/wp-content\/uploads\/2014\/10\/pezao-e-crivella-1412794334097_615x300.jpg","contentUrl":"https:\/\/www.notibras.com\/site\/wp-content\/uploads\/2014\/10\/pezao-e-crivella-1412794334097_615x300.jpg","width":615,"height":300},{"@type":"BreadcrumbList","@id":"https:\/\/www.notibras.com\/site\/pesquisas-apontam-para-vitoria-de-pezao-sobre-crivella-no-rio\/#breadcrumb","itemListElement":[{"@type":"ListItem","position":1,"name":"In\u00edcio","item":"https:\/\/www.notibras.com\/site\/"},{"@type":"ListItem","position":2,"name":"Pesquisas apontam para vit\u00f3ria de Pez\u00e3o sobre Crivella no Rio"}]},{"@type":"WebSite","@id":"https:\/\/www.notibras.com\/site\/#website","url":"https:\/\/www.notibras.com\/site\/","name":"Notibras","description":"Not\u00edcias de Bras\u00edlia, do Brasil e do Mundo","publisher":{"@id":"https:\/\/www.notibras.com\/site\/#organization"},"potentialAction":[{"@type":"SearchAction","target":{"@type":"EntryPoint","urlTemplate":"https:\/\/www.notibras.com\/site\/?s={search_term_string}"},"query-input":{"@type":"PropertyValueSpecification","valueRequired":true,"valueName":"search_term_string"}}],"inLanguage":"pt-BR"},{"@type":"Organization","@id":"https:\/\/www.notibras.com\/site\/#organization","name":"Grupo Notibras de Comunica\u00e7\u00e3o","url":"https:\/\/www.notibras.com\/site\/","logo":{"@type":"ImageObject","inLanguage":"pt-BR","@id":"https:\/\/www.notibras.com\/site\/#\/schema\/logo\/image\/","url":"https:\/\/www.notibras.com\/site\/wp-content\/uploads\/2023\/01\/notibras23.png","contentUrl":"https:\/\/www.notibras.com\/site\/wp-content\/uploads\/2023\/01\/notibras23.png","width":350,"height":87,"caption":"Grupo Notibras de Comunica\u00e7\u00e3o"},"image":{"@id":"https:\/\/www.notibras.com\/site\/#\/schema\/logo\/image\/"},"sameAs":["https:\/\/www.facebook.com\/notibras\/","https:\/\/x.com\/Notibras","https:\/\/www.instagram.com\/notibras\/"]},{"@type":"Person","@id":"https:\/\/www.notibras.com\/site\/#\/schema\/person\/36ab0979449956132d3e5b517ea76ac8","name":"Reda\u00e7\u00e3o","image":{"@type":"ImageObject","inLanguage":"pt-BR","@id":"https:\/\/secure.gravatar.com\/avatar\/e0a867bdedb85fd243eadf09663511f96fc81e0720a4a42581f334ad4303aa6b?s=96&d=mm&r=g","url":"https:\/\/secure.gravatar.com\/avatar\/e0a867bdedb85fd243eadf09663511f96fc81e0720a4a42581f334ad4303aa6b?s=96&d=mm&r=g","contentUrl":"https:\/\/secure.gravatar.com\/avatar\/e0a867bdedb85fd243eadf09663511f96fc81e0720a4a42581f334ad4303aa6b?s=96&d=mm&r=g","caption":"Reda\u00e7\u00e3o"}}]}},"amp_enabled":true,"_links":{"self":[{"href":"https:\/\/www.notibras.com\/site\/wp-json\/wp\/v2\/posts\/25774","targetHints":{"allow":["GET"]}}],"collection":[{"href":"https:\/\/www.notibras.com\/site\/wp-json\/wp\/v2\/posts"}],"about":[{"href":"https:\/\/www.notibras.com\/site\/wp-json\/wp\/v2\/types\/post"}],"author":[{"embeddable":true,"href":"https:\/\/www.notibras.com\/site\/wp-json\/wp\/v2\/users\/2"}],"replies":[{"embeddable":true,"href":"https:\/\/www.notibras.com\/site\/wp-json\/wp\/v2\/comments?post=25774"}],"version-history":[{"count":0,"href":"https:\/\/www.notibras.com\/site\/wp-json\/wp\/v2\/posts\/25774\/revisions"}],"wp:featuredmedia":[{"embeddable":true,"href":"https:\/\/www.notibras.com\/site\/wp-json\/wp\/v2\/media\/25776"}],"wp:attachment":[{"href":"https:\/\/www.notibras.com\/site\/wp-json\/wp\/v2\/media?parent=25774"}],"wp:term":[{"taxonomy":"category","embeddable":true,"href":"https:\/\/www.notibras.com\/site\/wp-json\/wp\/v2\/categories?post=25774"},{"taxonomy":"post_tag","embeddable":true,"href":"https:\/\/www.notibras.com\/site\/wp-json\/wp\/v2\/tags?post=25774"}],"curies":[{"name":"wp","href":"https:\/\/api.w.org\/{rel}","templated":true}]}}