{"id":25794,"date":"2014-10-24T03:04:04","date_gmt":"2014-10-24T06:04:04","guid":{"rendered":"http:\/\/www.notibras.com\/site\/?p=25794"},"modified":"2014-10-24T07:08:26","modified_gmt":"2014-10-24T10:08:26","slug":"pezao-e-crivella-trocam-afagos-antes-do-debate-no-rio-durante-so-farpas","status":"publish","type":"post","link":"https:\/\/www.notibras.com\/site\/pezao-e-crivella-trocam-afagos-antes-do-debate-no-rio-durante-so-farpas\/","title":{"rendered":"Pez\u00e3o e Crivella trocam afagos antes do debate no Rio; durante, s\u00f3 farpas"},"content":{"rendered":"<p>Assim como durante todo o segundo turno, a apresenta\u00e7\u00e3o de propostas foi preterida pela troca de acusa\u00e7\u00f5es entre o atual governador do Rio e candidato \u00e0 reelei\u00e7\u00e3o Luiz Fernando Pez\u00e3o (PMDB), e o senador Marcelo Crivella (PRB) no \u00faltimo debate antes das elei\u00e7\u00f5es, promovido pela TV Globo na noite desta quinta-feira (23). Por\u00e9m, nos bastidores, a troca de afagos foi intensa.<\/p>\n<p>Bispo licenciado da Iurd (Igreja Universal do Reino de Deus) e sobrinho do l\u00edder da igreja, bispo Edir Macedo, Crivella foi acusado por Pez\u00e3o de ser &#8220;testa de ferro&#8221; de Macedo. &#8220;Voc\u00ea representa a Igreja Universal do bispo Macedo. \u00c9 um perigo para o Estado&#8221;, declarou o peemedebista.<\/p>\n<p>O senador, por sua vez, disse que o atual governador estava &#8220;tentando fazer uma guerra entre religi\u00f5es&#8221; e &#8220;pregando o \u00f3dio&#8221;. &#8220;N\u00e3o tem que discutir Edir Macedo porque voc\u00ea esteve l\u00e1 no Templo (de Salom\u00e3o) puxando saco e elogiando&#8221;, afirmou Crivella, referindo-se \u00e0 ida de Pez\u00e3o, em julho, \u00e0 inaugura\u00e7\u00e3o do templo da Iurdi, em S\u00e3o Paulo. Nas considera\u00e7\u00f5es finais, ele voltou a garantir que n\u00e3o misturaria religi\u00e3o com pol\u00edtica. &#8220;N\u00f3s vamos fazer um governo laico para todos&#8221;, declarou.<\/p>\n<blockquote><p>Ao ouvir Crivella dizer que as empresas n\u00e3o t\u00eam como ir para a Baixada Fluminense porque a regi\u00e3o n\u00e3o tem \u00e1gua, Pez\u00e3o lembrou a alian\u00e7a do advers\u00e1rio com o candidato derrotado e ex-governador Anthony Garotinho (PR). &#8220;Esse conv\u00edvio seu com o Garotinho est\u00e1 muito triste, muito ruim. Voc\u00ea est\u00e1 mentindo igual a ele&#8221;, disse. O governador ainda anunciou um site que re\u00fane acusa\u00e7\u00f5es contra o advers\u00e1rio, citando o endere\u00e7o tr\u00eas vezes.<\/p><\/blockquote>\n<p>Crivella, por sua vez, lembrou as recentes pris\u00f5es por corrup\u00e7\u00e3o de membros da Pol\u00edcia Militar do Rio e tentou associ\u00e1-las ao governador. &#8220;O Pez\u00e3o disse: &#8216;a tropa \u00e9 o espelho do chefe&#8217;. Ele j\u00e1 \u00e9 o chefe e olha a tropa como est\u00e1. Se ele for derrotado, n\u00f3s vamos passar esse Estado a limpo&#8221;. Ele tamb\u00e9m criticou o ex-governador S\u00e9rgio Cabral (PMDB), que deixou o cargo em abril deste ano com alta rejei\u00e7\u00e3o, dando espa\u00e7o a Pez\u00e3o, e disse que um \u00e9 clone do outro. &#8220;O povo foi para as ruas pra tirar o governo deles&#8221;, declarou.<\/p>\n<p>A plateia n\u00e3o ficou imune \u00e0 troca de acusa\u00e7\u00f5es. Em v\u00e1rios momentos, houve vaias, aplausos e gritos, que foram repreendidos pela mediadora do debate, Ana Paula Ara\u00fajo. Ela tamb\u00e9m pediu aos candidatos que mantivessem a discuss\u00e3o dentro dos temas sorteados.<\/p>\n<p>No \u00faltimo bloco do debate, quando os candidatos fizeram as considera\u00e7\u00f5es finais, o barulho de um alarme que soou duas vezes nos est\u00fadios da atrapalhou o in\u00edcio da fala de Crivella e interrompeu a de Pez\u00e3o. No final do programa, a apresentadora afirmou que se tratava de um &#8220;alarme falso&#8221; e disse que todos estavam bem.<\/p>\n","protected":false},"excerpt":{"rendered":"<p>Assim como durante todo o segundo turno, a apresenta\u00e7\u00e3o de propostas foi preterida pela troca de acusa\u00e7\u00f5es entre o atual governador do Rio e candidato \u00e0 reelei\u00e7\u00e3o Luiz Fernando Pez\u00e3o (PMDB), e o senador Marcelo Crivella (PRB) no \u00faltimo debate antes das elei\u00e7\u00f5es, promovido pela TV Globo na noite desta quinta-feira (23). Por\u00e9m, nos bastidores, [&hellip;]<\/p>\n","protected":false},"author":2,"featured_media":25795,"comment_status":"open","ping_status":"closed","sticky":false,"template":"","format":"standard","meta":{"_acf_changed":false,"footnotes":""},"categories":[33],"tags":[],"class_list":["post-25794","post","type-post","status-publish","format-standard","has-post-thumbnail","hentry","category-eleicoes-2014"],"acf":[],"yoast_head":"<!-- This site is optimized with the Yoast SEO plugin v27.5 - https:\/\/yoast.com\/product\/yoast-seo-wordpress\/ -->\n<title>Pez\u00e3o e Crivella trocam afagos antes do debate no Rio; durante, s\u00f3 farpas - Notibras<\/title>\n<meta name=\"robots\" content=\"index, follow, max-snippet:-1, max-image-preview:large, max-video-preview:-1\" \/>\n<link rel=\"canonical\" href=\"https:\/\/www.notibras.com\/site\/pezao-e-crivella-trocam-afagos-antes-do-debate-no-rio-durante-so-farpas\/\" \/>\n<meta property=\"og:locale\" content=\"pt_BR\" \/>\n<meta property=\"og:type\" content=\"article\" \/>\n<meta property=\"og:title\" content=\"Pez\u00e3o e Crivella trocam afagos antes do debate no Rio; durante, s\u00f3 farpas - Notibras\" \/>\n<meta property=\"og:description\" content=\"Assim como durante todo o segundo turno, a apresenta\u00e7\u00e3o de propostas foi preterida pela troca de acusa\u00e7\u00f5es entre o atual governador do Rio e candidato \u00e0 reelei\u00e7\u00e3o Luiz Fernando Pez\u00e3o (PMDB), e o senador Marcelo Crivella (PRB) no \u00faltimo debate antes das elei\u00e7\u00f5es, promovido pela TV Globo na noite desta quinta-feira (23). Por\u00e9m, nos bastidores, [&hellip;]\" \/>\n<meta property=\"og:url\" content=\"https:\/\/www.notibras.com\/site\/pezao-e-crivella-trocam-afagos-antes-do-debate-no-rio-durante-so-farpas\/\" \/>\n<meta property=\"og:site_name\" content=\"Notibras\" \/>\n<meta property=\"article:publisher\" content=\"https:\/\/www.facebook.com\/notibras\/\" \/>\n<meta property=\"article:published_time\" content=\"2014-10-24T06:04:04+00:00\" \/>\n<meta property=\"article:modified_time\" content=\"2014-10-24T10:08:26+00:00\" \/>\n<meta property=\"og:image\" content=\"https:\/\/www.notibras.com\/site\/wp-content\/uploads\/2014\/10\/rj2.jpg\" \/>\n\t<meta property=\"og:image:width\" content=\"615\" \/>\n\t<meta property=\"og:image:height\" content=\"300\" \/>\n\t<meta property=\"og:image:type\" content=\"image\/jpeg\" \/>\n<meta name=\"author\" content=\"Reda\u00e7\u00e3o\" \/>\n<meta name=\"twitter:card\" content=\"summary_large_image\" \/>\n<meta name=\"twitter:creator\" content=\"@Notibras\" \/>\n<meta name=\"twitter:site\" content=\"@Notibras\" \/>\n<meta name=\"twitter:label1\" content=\"Escrito por\" \/>\n\t<meta name=\"twitter:data1\" content=\"Reda\u00e7\u00e3o\" \/>\n\t<meta name=\"twitter:label2\" content=\"Est. tempo de leitura\" \/>\n\t<meta name=\"twitter:data2\" content=\"2 minutos\" \/>\n<script type=\"application\/ld+json\" class=\"yoast-schema-graph\">{\"@context\":\"https:\\\/\\\/schema.org\",\"@graph\":[{\"@type\":\"Article\",\"@id\":\"https:\\\/\\\/www.notibras.com\\\/site\\\/pezao-e-crivella-trocam-afagos-antes-do-debate-no-rio-durante-so-farpas\\\/#article\",\"isPartOf\":{\"@id\":\"https:\\\/\\\/www.notibras.com\\\/site\\\/pezao-e-crivella-trocam-afagos-antes-do-debate-no-rio-durante-so-farpas\\\/\"},\"author\":{\"name\":\"Reda\u00e7\u00e3o\",\"@id\":\"https:\\\/\\\/www.notibras.com\\\/site\\\/#\\\/schema\\\/person\\\/36ab0979449956132d3e5b517ea76ac8\"},\"headline\":\"Pez\u00e3o e Crivella trocam afagos antes do debate no Rio; durante, s\u00f3 farpas\",\"datePublished\":\"2014-10-24T06:04:04+00:00\",\"dateModified\":\"2014-10-24T10:08:26+00:00\",\"mainEntityOfPage\":{\"@id\":\"https:\\\/\\\/www.notibras.com\\\/site\\\/pezao-e-crivella-trocam-afagos-antes-do-debate-no-rio-durante-so-farpas\\\/\"},\"wordCount\":510,\"commentCount\":0,\"publisher\":{\"@id\":\"https:\\\/\\\/www.notibras.com\\\/site\\\/#organization\"},\"image\":{\"@id\":\"https:\\\/\\\/www.notibras.com\\\/site\\\/pezao-e-crivella-trocam-afagos-antes-do-debate-no-rio-durante-so-farpas\\\/#primaryimage\"},\"thumbnailUrl\":\"https:\\\/\\\/www.notibras.com\\\/site\\\/wp-content\\\/uploads\\\/2014\\\/10\\\/rj2.jpg\",\"articleSection\":[\"Elei\u00e7\u00f5es 2014\"],\"inLanguage\":\"pt-BR\",\"potentialAction\":[{\"@type\":\"CommentAction\",\"name\":\"Comment\",\"target\":[\"https:\\\/\\\/www.notibras.com\\\/site\\\/pezao-e-crivella-trocam-afagos-antes-do-debate-no-rio-durante-so-farpas\\\/#respond\"]}]},{\"@type\":\"WebPage\",\"@id\":\"https:\\\/\\\/www.notibras.com\\\/site\\\/pezao-e-crivella-trocam-afagos-antes-do-debate-no-rio-durante-so-farpas\\\/\",\"url\":\"https:\\\/\\\/www.notibras.com\\\/site\\\/pezao-e-crivella-trocam-afagos-antes-do-debate-no-rio-durante-so-farpas\\\/\",\"name\":\"Pez\u00e3o e Crivella trocam afagos antes do debate no Rio; durante, s\u00f3 farpas - Notibras\",\"isPartOf\":{\"@id\":\"https:\\\/\\\/www.notibras.com\\\/site\\\/#website\"},\"primaryImageOfPage\":{\"@id\":\"https:\\\/\\\/www.notibras.com\\\/site\\\/pezao-e-crivella-trocam-afagos-antes-do-debate-no-rio-durante-so-farpas\\\/#primaryimage\"},\"image\":{\"@id\":\"https:\\\/\\\/www.notibras.com\\\/site\\\/pezao-e-crivella-trocam-afagos-antes-do-debate-no-rio-durante-so-farpas\\\/#primaryimage\"},\"thumbnailUrl\":\"https:\\\/\\\/www.notibras.com\\\/site\\\/wp-content\\\/uploads\\\/2014\\\/10\\\/rj2.jpg\",\"datePublished\":\"2014-10-24T06:04:04+00:00\",\"dateModified\":\"2014-10-24T10:08:26+00:00\",\"breadcrumb\":{\"@id\":\"https:\\\/\\\/www.notibras.com\\\/site\\\/pezao-e-crivella-trocam-afagos-antes-do-debate-no-rio-durante-so-farpas\\\/#breadcrumb\"},\"inLanguage\":\"pt-BR\",\"potentialAction\":[{\"@type\":\"ReadAction\",\"target\":[\"https:\\\/\\\/www.notibras.com\\\/site\\\/pezao-e-crivella-trocam-afagos-antes-do-debate-no-rio-durante-so-farpas\\\/\"]}]},{\"@type\":\"ImageObject\",\"inLanguage\":\"pt-BR\",\"@id\":\"https:\\\/\\\/www.notibras.com\\\/site\\\/pezao-e-crivella-trocam-afagos-antes-do-debate-no-rio-durante-so-farpas\\\/#primaryimage\",\"url\":\"https:\\\/\\\/www.notibras.com\\\/site\\\/wp-content\\\/uploads\\\/2014\\\/10\\\/rj2.jpg\",\"contentUrl\":\"https:\\\/\\\/www.notibras.com\\\/site\\\/wp-content\\\/uploads\\\/2014\\\/10\\\/rj2.jpg\",\"width\":615,\"height\":300},{\"@type\":\"BreadcrumbList\",\"@id\":\"https:\\\/\\\/www.notibras.com\\\/site\\\/pezao-e-crivella-trocam-afagos-antes-do-debate-no-rio-durante-so-farpas\\\/#breadcrumb\",\"itemListElement\":[{\"@type\":\"ListItem\",\"position\":1,\"name\":\"In\u00edcio\",\"item\":\"https:\\\/\\\/www.notibras.com\\\/site\\\/\"},{\"@type\":\"ListItem\",\"position\":2,\"name\":\"Pez\u00e3o e Crivella trocam afagos antes do debate no Rio; durante, s\u00f3 farpas\"}]},{\"@type\":\"WebSite\",\"@id\":\"https:\\\/\\\/www.notibras.com\\\/site\\\/#website\",\"url\":\"https:\\\/\\\/www.notibras.com\\\/site\\\/\",\"name\":\"Notibras\",\"description\":\"Not\u00edcias de Bras\u00edlia, do Brasil e do Mundo\",\"publisher\":{\"@id\":\"https:\\\/\\\/www.notibras.com\\\/site\\\/#organization\"},\"potentialAction\":[{\"@type\":\"SearchAction\",\"target\":{\"@type\":\"EntryPoint\",\"urlTemplate\":\"https:\\\/\\\/www.notibras.com\\\/site\\\/?s={search_term_string}\"},\"query-input\":{\"@type\":\"PropertyValueSpecification\",\"valueRequired\":true,\"valueName\":\"search_term_string\"}}],\"inLanguage\":\"pt-BR\"},{\"@type\":\"Organization\",\"@id\":\"https:\\\/\\\/www.notibras.com\\\/site\\\/#organization\",\"name\":\"Grupo Notibras de Comunica\u00e7\u00e3o\",\"url\":\"https:\\\/\\\/www.notibras.com\\\/site\\\/\",\"logo\":{\"@type\":\"ImageObject\",\"inLanguage\":\"pt-BR\",\"@id\":\"https:\\\/\\\/www.notibras.com\\\/site\\\/#\\\/schema\\\/logo\\\/image\\\/\",\"url\":\"https:\\\/\\\/www.notibras.com\\\/site\\\/wp-content\\\/uploads\\\/2023\\\/01\\\/notibras23.png\",\"contentUrl\":\"https:\\\/\\\/www.notibras.com\\\/site\\\/wp-content\\\/uploads\\\/2023\\\/01\\\/notibras23.png\",\"width\":350,\"height\":87,\"caption\":\"Grupo Notibras de Comunica\u00e7\u00e3o\"},\"image\":{\"@id\":\"https:\\\/\\\/www.notibras.com\\\/site\\\/#\\\/schema\\\/logo\\\/image\\\/\"},\"sameAs\":[\"https:\\\/\\\/www.facebook.com\\\/notibras\\\/\",\"https:\\\/\\\/x.com\\\/Notibras\",\"https:\\\/\\\/www.instagram.com\\\/notibras\\\/\"]},{\"@type\":\"Person\",\"@id\":\"https:\\\/\\\/www.notibras.com\\\/site\\\/#\\\/schema\\\/person\\\/36ab0979449956132d3e5b517ea76ac8\",\"name\":\"Reda\u00e7\u00e3o\",\"image\":{\"@type\":\"ImageObject\",\"inLanguage\":\"pt-BR\",\"@id\":\"https:\\\/\\\/secure.gravatar.com\\\/avatar\\\/e0a867bdedb85fd243eadf09663511f96fc81e0720a4a42581f334ad4303aa6b?s=96&d=mm&r=g\",\"url\":\"https:\\\/\\\/secure.gravatar.com\\\/avatar\\\/e0a867bdedb85fd243eadf09663511f96fc81e0720a4a42581f334ad4303aa6b?s=96&d=mm&r=g\",\"contentUrl\":\"https:\\\/\\\/secure.gravatar.com\\\/avatar\\\/e0a867bdedb85fd243eadf09663511f96fc81e0720a4a42581f334ad4303aa6b?s=96&d=mm&r=g\",\"caption\":\"Reda\u00e7\u00e3o\"}}]}<\/script>\n<!-- \/ Yoast SEO plugin. -->","yoast_head_json":{"title":"Pez\u00e3o e Crivella trocam afagos antes do debate no Rio; durante, s\u00f3 farpas - Notibras","robots":{"index":"index","follow":"follow","max-snippet":"max-snippet:-1","max-image-preview":"max-image-preview:large","max-video-preview":"max-video-preview:-1"},"canonical":"https:\/\/www.notibras.com\/site\/pezao-e-crivella-trocam-afagos-antes-do-debate-no-rio-durante-so-farpas\/","og_locale":"pt_BR","og_type":"article","og_title":"Pez\u00e3o e Crivella trocam afagos antes do debate no Rio; durante, s\u00f3 farpas - Notibras","og_description":"Assim como durante todo o segundo turno, a apresenta\u00e7\u00e3o de propostas foi preterida pela troca de acusa\u00e7\u00f5es entre o atual governador do Rio e candidato \u00e0 reelei\u00e7\u00e3o Luiz Fernando Pez\u00e3o (PMDB), e o senador Marcelo Crivella (PRB) no \u00faltimo debate antes das elei\u00e7\u00f5es, promovido pela TV Globo na noite desta quinta-feira (23). Por\u00e9m, nos bastidores, [&hellip;]","og_url":"https:\/\/www.notibras.com\/site\/pezao-e-crivella-trocam-afagos-antes-do-debate-no-rio-durante-so-farpas\/","og_site_name":"Notibras","article_publisher":"https:\/\/www.facebook.com\/notibras\/","article_published_time":"2014-10-24T06:04:04+00:00","article_modified_time":"2014-10-24T10:08:26+00:00","og_image":[{"width":615,"height":300,"url":"https:\/\/www.notibras.com\/site\/wp-content\/uploads\/2014\/10\/rj2.jpg","type":"image\/jpeg"}],"author":"Reda\u00e7\u00e3o","twitter_card":"summary_large_image","twitter_creator":"@Notibras","twitter_site":"@Notibras","twitter_misc":{"Escrito por":"Reda\u00e7\u00e3o","Est. tempo de leitura":"2 minutos"},"schema":{"@context":"https:\/\/schema.org","@graph":[{"@type":"Article","@id":"https:\/\/www.notibras.com\/site\/pezao-e-crivella-trocam-afagos-antes-do-debate-no-rio-durante-so-farpas\/#article","isPartOf":{"@id":"https:\/\/www.notibras.com\/site\/pezao-e-crivella-trocam-afagos-antes-do-debate-no-rio-durante-so-farpas\/"},"author":{"name":"Reda\u00e7\u00e3o","@id":"https:\/\/www.notibras.com\/site\/#\/schema\/person\/36ab0979449956132d3e5b517ea76ac8"},"headline":"Pez\u00e3o e Crivella trocam afagos antes do debate no Rio; durante, s\u00f3 farpas","datePublished":"2014-10-24T06:04:04+00:00","dateModified":"2014-10-24T10:08:26+00:00","mainEntityOfPage":{"@id":"https:\/\/www.notibras.com\/site\/pezao-e-crivella-trocam-afagos-antes-do-debate-no-rio-durante-so-farpas\/"},"wordCount":510,"commentCount":0,"publisher":{"@id":"https:\/\/www.notibras.com\/site\/#organization"},"image":{"@id":"https:\/\/www.notibras.com\/site\/pezao-e-crivella-trocam-afagos-antes-do-debate-no-rio-durante-so-farpas\/#primaryimage"},"thumbnailUrl":"https:\/\/www.notibras.com\/site\/wp-content\/uploads\/2014\/10\/rj2.jpg","articleSection":["Elei\u00e7\u00f5es 2014"],"inLanguage":"pt-BR","potentialAction":[{"@type":"CommentAction","name":"Comment","target":["https:\/\/www.notibras.com\/site\/pezao-e-crivella-trocam-afagos-antes-do-debate-no-rio-durante-so-farpas\/#respond"]}]},{"@type":"WebPage","@id":"https:\/\/www.notibras.com\/site\/pezao-e-crivella-trocam-afagos-antes-do-debate-no-rio-durante-so-farpas\/","url":"https:\/\/www.notibras.com\/site\/pezao-e-crivella-trocam-afagos-antes-do-debate-no-rio-durante-so-farpas\/","name":"Pez\u00e3o e Crivella trocam afagos antes do debate no Rio; durante, s\u00f3 farpas - Notibras","isPartOf":{"@id":"https:\/\/www.notibras.com\/site\/#website"},"primaryImageOfPage":{"@id":"https:\/\/www.notibras.com\/site\/pezao-e-crivella-trocam-afagos-antes-do-debate-no-rio-durante-so-farpas\/#primaryimage"},"image":{"@id":"https:\/\/www.notibras.com\/site\/pezao-e-crivella-trocam-afagos-antes-do-debate-no-rio-durante-so-farpas\/#primaryimage"},"thumbnailUrl":"https:\/\/www.notibras.com\/site\/wp-content\/uploads\/2014\/10\/rj2.jpg","datePublished":"2014-10-24T06:04:04+00:00","dateModified":"2014-10-24T10:08:26+00:00","breadcrumb":{"@id":"https:\/\/www.notibras.com\/site\/pezao-e-crivella-trocam-afagos-antes-do-debate-no-rio-durante-so-farpas\/#breadcrumb"},"inLanguage":"pt-BR","potentialAction":[{"@type":"ReadAction","target":["https:\/\/www.notibras.com\/site\/pezao-e-crivella-trocam-afagos-antes-do-debate-no-rio-durante-so-farpas\/"]}]},{"@type":"ImageObject","inLanguage":"pt-BR","@id":"https:\/\/www.notibras.com\/site\/pezao-e-crivella-trocam-afagos-antes-do-debate-no-rio-durante-so-farpas\/#primaryimage","url":"https:\/\/www.notibras.com\/site\/wp-content\/uploads\/2014\/10\/rj2.jpg","contentUrl":"https:\/\/www.notibras.com\/site\/wp-content\/uploads\/2014\/10\/rj2.jpg","width":615,"height":300},{"@type":"BreadcrumbList","@id":"https:\/\/www.notibras.com\/site\/pezao-e-crivella-trocam-afagos-antes-do-debate-no-rio-durante-so-farpas\/#breadcrumb","itemListElement":[{"@type":"ListItem","position":1,"name":"In\u00edcio","item":"https:\/\/www.notibras.com\/site\/"},{"@type":"ListItem","position":2,"name":"Pez\u00e3o e Crivella trocam afagos antes do debate no Rio; durante, s\u00f3 farpas"}]},{"@type":"WebSite","@id":"https:\/\/www.notibras.com\/site\/#website","url":"https:\/\/www.notibras.com\/site\/","name":"Notibras","description":"Not\u00edcias de Bras\u00edlia, do Brasil e do Mundo","publisher":{"@id":"https:\/\/www.notibras.com\/site\/#organization"},"potentialAction":[{"@type":"SearchAction","target":{"@type":"EntryPoint","urlTemplate":"https:\/\/www.notibras.com\/site\/?s={search_term_string}"},"query-input":{"@type":"PropertyValueSpecification","valueRequired":true,"valueName":"search_term_string"}}],"inLanguage":"pt-BR"},{"@type":"Organization","@id":"https:\/\/www.notibras.com\/site\/#organization","name":"Grupo Notibras de Comunica\u00e7\u00e3o","url":"https:\/\/www.notibras.com\/site\/","logo":{"@type":"ImageObject","inLanguage":"pt-BR","@id":"https:\/\/www.notibras.com\/site\/#\/schema\/logo\/image\/","url":"https:\/\/www.notibras.com\/site\/wp-content\/uploads\/2023\/01\/notibras23.png","contentUrl":"https:\/\/www.notibras.com\/site\/wp-content\/uploads\/2023\/01\/notibras23.png","width":350,"height":87,"caption":"Grupo Notibras de Comunica\u00e7\u00e3o"},"image":{"@id":"https:\/\/www.notibras.com\/site\/#\/schema\/logo\/image\/"},"sameAs":["https:\/\/www.facebook.com\/notibras\/","https:\/\/x.com\/Notibras","https:\/\/www.instagram.com\/notibras\/"]},{"@type":"Person","@id":"https:\/\/www.notibras.com\/site\/#\/schema\/person\/36ab0979449956132d3e5b517ea76ac8","name":"Reda\u00e7\u00e3o","image":{"@type":"ImageObject","inLanguage":"pt-BR","@id":"https:\/\/secure.gravatar.com\/avatar\/e0a867bdedb85fd243eadf09663511f96fc81e0720a4a42581f334ad4303aa6b?s=96&d=mm&r=g","url":"https:\/\/secure.gravatar.com\/avatar\/e0a867bdedb85fd243eadf09663511f96fc81e0720a4a42581f334ad4303aa6b?s=96&d=mm&r=g","contentUrl":"https:\/\/secure.gravatar.com\/avatar\/e0a867bdedb85fd243eadf09663511f96fc81e0720a4a42581f334ad4303aa6b?s=96&d=mm&r=g","caption":"Reda\u00e7\u00e3o"}}]}},"amp_enabled":true,"_links":{"self":[{"href":"https:\/\/www.notibras.com\/site\/wp-json\/wp\/v2\/posts\/25794","targetHints":{"allow":["GET"]}}],"collection":[{"href":"https:\/\/www.notibras.com\/site\/wp-json\/wp\/v2\/posts"}],"about":[{"href":"https:\/\/www.notibras.com\/site\/wp-json\/wp\/v2\/types\/post"}],"author":[{"embeddable":true,"href":"https:\/\/www.notibras.com\/site\/wp-json\/wp\/v2\/users\/2"}],"replies":[{"embeddable":true,"href":"https:\/\/www.notibras.com\/site\/wp-json\/wp\/v2\/comments?post=25794"}],"version-history":[{"count":0,"href":"https:\/\/www.notibras.com\/site\/wp-json\/wp\/v2\/posts\/25794\/revisions"}],"wp:featuredmedia":[{"embeddable":true,"href":"https:\/\/www.notibras.com\/site\/wp-json\/wp\/v2\/media\/25795"}],"wp:attachment":[{"href":"https:\/\/www.notibras.com\/site\/wp-json\/wp\/v2\/media?parent=25794"}],"wp:term":[{"taxonomy":"category","embeddable":true,"href":"https:\/\/www.notibras.com\/site\/wp-json\/wp\/v2\/categories?post=25794"},{"taxonomy":"post_tag","embeddable":true,"href":"https:\/\/www.notibras.com\/site\/wp-json\/wp\/v2\/tags?post=25794"}],"curies":[{"name":"wp","href":"https:\/\/api.w.org\/{rel}","templated":true}]}}