{"id":25802,"date":"2014-10-24T08:28:44","date_gmt":"2014-10-24T11:28:44","guid":{"rendered":"http:\/\/www.notibras.com\/site\/?p=25802"},"modified":"2014-10-24T08:28:44","modified_gmt":"2014-10-24T11:28:44","slug":"alunos-dedicados-donos-do-pib-assimilam-as-licoes-de-lula-e-dilma","status":"publish","type":"post","link":"https:\/\/www.notibras.com\/site\/alunos-dedicados-donos-do-pib-assimilam-as-licoes-de-lula-e-dilma\/","title":{"rendered":"Alunos dedicados, donos do PIB assimilam as li\u00e7\u00f5es de Lula e Dilma"},"content":{"rendered":"<p>Os empres\u00e1rios despertaram para o fato de que a uni\u00e3o do trabalho e do capital \u00e9 a melhor para o desenvolvimento nacional como aconteceu com Lula e Jos\u00e9 Alencar. Dilma deu sequ\u00eancia a essa estrat\u00e9gia que tem sido a melhor alternativa para o capitalismo nacional.<\/p>\n<p>A prioridade ao mercado interno adotada por Lula e seguida por Dilma em plena crise capitalista global, a maior desde o crash de 1929, salvou as for\u00e7as produtivas nacionais, ind\u00fastria, com\u00e9rcio e trabalhadores.<\/p>\n<p>Valoriza\u00e7\u00e3o dos sal\u00e1rios, amplia\u00e7\u00e3o dos programas sociais, maior renda dispon\u00edvel para o consumo dos mais pobres favoreceram, claro, os ricos.<\/p>\n<p>Estes foram os que mais se deram bem. Pobre comendo, rico sorrindo.<\/p>\n<p>Benjamin Steinbrush, presidente da Fiesp, acaba de dizer que pode \u201cdilmar\u201d, depois de namorar A\u00e9cio. Era\u00ed Maggi, o maior produtor de soja do mundo, n\u00e3o aposta no escuro. Comanda a campanha de Dilma no agroneg\u00f3cio.<\/p>\n<p>Desmar Queir\u00f3s, o maior empres\u00e1rio de varejo do setor de farm\u00e1cia do Brasil, com a sua rede de lojas Pague Menos, reconhece que com o sal\u00e1rio de 300 d\u00f3lares vigente no Brasil, em compara\u00e7\u00e3o aos 74 d\u00f3lares em vigor no final da Era FHC, a ind\u00fastria e o com\u00e9rcio n\u00e3o t\u00eam do que reclamar.<\/p>\n<p>O maior produtor de soja do Brasil e do mundo, Era\u00ed Maggi, 270 mil hectares plantados, adiantou-se aos seus pares para dizer que alinhar-se ao lado de Dilma representa a melhor op\u00e7\u00e3o para o capitalismo brasileiro.<\/p>\n<p>Ou seja, a burguesia comercial e industrial decidiu jogar com Dilma Rousseff porque, simplesmente, as for\u00e7as produtivas, no geral, foram e continuar\u00e3o sendo as mais beneficiadas com a op\u00e7\u00e3o nacionalista desenvolvimentista.<\/p>\n<p>Deusmar Queir\u00f3s, maior varejista do com\u00e9rcio de farm\u00e1cia, com sua famosa rede de farm\u00e1cias Pague Menos, n\u00e3o tem d\u00favida: o governo garantiu sal\u00e1rio e consumidor para os empres\u00e1rios.<\/p>\n<p>Pr\u00e1 que mais?<\/p>\n<p>Em eventual segundo mandato, ganhar\u00e3o muito dinheiro, com a constru\u00e7\u00e3o da infraestrutura nacional, na base das parcerias p\u00fablico privadas.<\/p>\n<p>Ter\u00e3o a Petrobras como a grande investidora, para dar prioridade \u00e0s encomendas contratadas com o capital nacional, num ambiente de investimento na \u00e1rea de petr\u00f3leo na casa dos R$ 300 bilh\u00f5es.<\/p>\n<p>Abre-se o Valor Econ\u00f4mico de hoje e o que se v\u00ea s\u00e3o apostas dos capitalistas internacionais no Brasil, alem\u00e3es, italianos, americanos, japoneses, chineses, coreanos etc.<\/p>\n<p>A op\u00e7\u00e3o nacionalista desenvolvimentista petista, que chegou ao poder em 2002, mudando a correla\u00e7\u00e3o de for\u00e7as na pol\u00edtica e na economia, fez-se em cima do grande potencial nacional, o mercado interno poderoso e as reservas incalcul\u00e1veis de mat\u00e9rias primas, energia, petr\u00f3leo e biodiversidade, que representam oportunidades de investimentos para nenhum capitalista botar defeito.<\/p>\n<p>Revelou-se o anti-l\u00edder empresarial da Era Petista. Jogou no lixo o discurso de Jos\u00e9 Gomes de Alencar. Ganhou todas as reivindica\u00e7\u00f5es que fez, os empres\u00e1rios industriais tiveram o que sempre pedem, ou seja, consumidores, mas joga contra Dilma, fazendo o discurso equivocado do ajuste fiscal, que traria recess\u00e3o.<\/p>\n<p>A agroind\u00fastria tende a se expandir para transformar os produtos prim\u00e1rios em industriais, agregando valor em escala exponencial.<\/p>\n<p>At\u00e9 \u00e0 chegada do PT o que se via?<\/p>\n<p>Prioridade total, no \u00e2mbito do or\u00e7amento geral da Uni\u00e3o, para as for\u00e7as do capital especulativo.<\/p>\n<p>Sem d\u00favida, os banqueiros continuam se dando muito bem, porque a d\u00edvida acumulada, vegetativamente, desde o tempo em que a taxa de juros chegou aos 45% ao ano, no tempo de FHC, continuou fazendo estragos para os trabalhadores, mas beneficiando eles, os agiotas.<\/p>\n<p>Paulo Skaf, do PMDB, n\u00e3o vai levar o governo de S\u00e3o Paulo e v\u00ea os empres\u00e1rios fugirem do seu discurso anti-Dilma. Vaidoso e prepotente, n\u00e3o sabe para onde vai. Perdeu-se ao viajar na maionese, recusando deixar Dilma subir no seu palanque. Como lider, cospe no prato em que come, confundindo os interesses da burguesia financeira com os da burguesia industrial. Nada a ver.<\/p>\n<p>Por\u00e9m, paralelamente, a essa prioridade conferida ao mercado financeiro, na tarefa de administrar o or\u00e7amento da Uni\u00e3o, obedecendo regras fixadas pelos credores, ainda, no tempo da Constituinte, em que s\u00e3o exigidas condi\u00e7\u00f5es para financiar os gastos sociais, de acordo com as reservas or\u00e7ament\u00e1rias, mas desprezadas tais regras quando se tem de pagar juros e amortiza\u00e7\u00f5es de d\u00edvidas p\u00fablicas interna e externa, as coisas mudaram, relativamente.<\/p>\n<p>Desde 2003, a orienta\u00e7\u00e3o pol\u00edtica nacionalista desenvolvimentista reserva superavit prim\u00e1rio cadente para os credores.<\/p>\n<blockquote><p>Na Era FHC, o superavit prim\u00e1rio chegou aos 5% do PIB. Doze anos depois, sob governos petistas, o superavit est\u00e1 na casa dos 1,5% do PIB,<\/p>\n<p>Dilma e A\u00e9cio, com seus assessores neoliberais, adeptos da agiotagem, est\u00e3o perdendo o apoio dos empres\u00e1rios, temerosos de embarcarem na aventura liberal dos seus assessores, Arm\u00ednio e Gianetti, economicidas.<\/p><\/blockquote>\n<p>Ou seja, o PIB dobrou, mas o percentual sobre ele reservado \u00e0s economias for\u00e7adas para liquidar juros e amortiza\u00e7\u00f5es, diminuiu.<\/p>\n<p>O social, sob o nacionalismo desenvolvimentista, ganhou espa\u00e7o, como express\u00e3o das conquistas asseguradas constitucionalmente aos trabalhadores, como produto da luta social democr\u00e1tica.<\/p>\n<p>Por que os economicidas neoliberais queriam Marina e A\u00e9cio?<\/p>\n<p>Simples, eles se comprometem com superavit prim\u00e1rios elevados e metas inflacion\u00e1rias, que representam juros mais altos, para elevar a lucratividade banc\u00e1ria.Se ria o pior neg\u00f3cio para os empres\u00e1rios industriais e comerciais e, claro, o melhor neg\u00f3cio do mundo para os especuladores.<\/p>\n<p>Neca do Ita\u00fa. Que coisa! Marina caiu nos bra\u00e7os da bancocracia, jogando com o discurso totalmente oposto ao da sua classe social, em nome de um entreguismo desbragado.<\/p>\n<p>O ajuste fiscal que Arm\u00ednio Fraga, assessor de A\u00e9cio, e Gianetti da Fonseca, assessor de Marina, pregam arrebentariam com os trabalhadores, reduzindo renda dispon\u00edvel para o consumo em nome de maior volume de recursos para os agiotas.<\/p>\n<p>Dan\u00e7ariam a ind\u00fastria e o com\u00e9rcio brasileiros, que j\u00e1 sofrem as press\u00f5es da guerra monet\u00e1ria desencadeada pelos Estados Unidos, para enfrentar a crise, elevando a oferta de dinheiro e diminuindo os juros, para favorecer os neg\u00f3cios, enquanto exporta sua infla\u00e7\u00e3o para os outros, tomando destes o mercado.<\/p>\n<p>A burguesia comercial e industrial estava, at\u00e9 agora, ingenuamente, fazendo coro com a burguesia financeira, namorando A\u00e9cio, preferencialmente, depois, Marina.<\/p>\n<p>Estavam caindo na conversa mole dos agiotas neoliberais, repetindo como papagaio os argumentos deles, predominantes na grande m\u00eddia.<\/p>\n<p>Compravam a agiotagem a pre\u00e7o salgado, preferindo demonizar Dilma e Lula, n\u00e3o percebendo que se n\u00e3o fosse ambos estariam no sal.<\/p>\n<p>Os economistas da Confedera\u00e7\u00e3o Nacional da Ind\u00fastria(CNI) estavam \u2013 e ainda est\u00e3o \u2013 no lero-lero neoliberal, assumindo como seu o discurso da agiotagem do mercado financeiro, pregando as sugest\u00f5es deste como se elas fossem boas, excelentes, para o setor produtivo.<\/p>\n<p>Equilibrismo or\u00e7ament\u00e1rio neoliberal, como prega o mercado financeiro, \u00e9 uma boa para os agiotas, mas suic\u00eddio para quem produz, porque elimina consumidores, a mat\u00e9ria prima dos empres\u00e1rios, sem a qual morrem de inani\u00e7\u00e3o.<\/p>\n<p>O que se v\u00ea, agora, com Benjamin Steinbruck dizendo que poder\u00e1 \u201cdilmar\u201d representa uma cis\u00e3o dentro da CNI.<\/p>\n<p>Mantega comandou o nacionalismo desenvolvimentista que pode conquistar terceiro mandato, seguindo no posto, porque joga com as for\u00e7as produtivas, transformando-se em inimigo principal das for\u00e7as especulativas, por ter denunciado, em plena crise global, a guerra monet\u00e1ria dos ricos contra os pobres.<\/p>\n<p>O presidente da CNI, Robson Andrade, tucano mineiro disfar\u00e7ado, aecista confesso, estava traindo descaradamente Dilma Rousseff, que deu tudo o que ele pedia em mat\u00e9ria de vantagens para os industriais.<\/p>\n<p>Em troca, recebe facada nas costas.<\/p>\n<p>Vem agora Steinbruck e muda o discurso na reta final de campanha, indo contra Skaf, o presidente da Fiesp, que deixou o cargo para disputar o governo de S\u00e3o Paulo, pelo PMDB.<\/p>\n<p>Skaf entrou em choque com o partido, no in\u00edcio da campanha, dizendo que n\u00e3o subiria no palanque com Dilma, fazendo coro com os empres\u00e1rios dispostos a se enganar com A\u00e9cio ou Marina.<\/p>\n<p>O jogo mudou, na classe empresarial, na reta final da disputa eleitoral.<\/p>\n<p><strong>C\u00e9sar Fonseca<\/strong><\/p>\n","protected":false},"excerpt":{"rendered":"<p>Os empres\u00e1rios despertaram para o fato de que a uni\u00e3o do trabalho e do capital \u00e9 a melhor para o desenvolvimento nacional como aconteceu com Lula e Jos\u00e9 Alencar. Dilma deu sequ\u00eancia a essa estrat\u00e9gia que tem sido a melhor alternativa para o capitalismo nacional. A prioridade ao mercado interno adotada por Lula e seguida [&hellip;]<\/p>\n","protected":false},"author":2,"featured_media":25803,"comment_status":"open","ping_status":"closed","sticky":false,"template":"","format":"standard","meta":{"_acf_changed":false,"footnotes":""},"categories":[25],"tags":[],"class_list":["post-25802","post","type-post","status-publish","format-standard","has-post-thumbnail","hentry","category-opina-ai"],"acf":[],"yoast_head":"<!-- This site is optimized with the Yoast SEO plugin v27.5 - https:\/\/yoast.com\/product\/yoast-seo-wordpress\/ -->\n<title>Alunos dedicados, donos do PIB assimilam as li\u00e7\u00f5es de Lula e Dilma - Notibras<\/title>\n<meta name=\"robots\" content=\"index, follow, max-snippet:-1, max-image-preview:large, max-video-preview:-1\" \/>\n<link rel=\"canonical\" href=\"https:\/\/www.notibras.com\/site\/alunos-dedicados-donos-do-pib-assimilam-as-licoes-de-lula-e-dilma\/\" \/>\n<meta property=\"og:locale\" content=\"pt_BR\" \/>\n<meta property=\"og:type\" content=\"article\" \/>\n<meta property=\"og:title\" content=\"Alunos dedicados, donos do PIB assimilam as li\u00e7\u00f5es de Lula e Dilma - Notibras\" \/>\n<meta property=\"og:description\" content=\"Os empres\u00e1rios despertaram para o fato de que a uni\u00e3o do trabalho e do capital \u00e9 a melhor para o desenvolvimento nacional como aconteceu com Lula e Jos\u00e9 Alencar. Dilma deu sequ\u00eancia a essa estrat\u00e9gia que tem sido a melhor alternativa para o capitalismo nacional. A prioridade ao mercado interno adotada por Lula e seguida [&hellip;]\" \/>\n<meta property=\"og:url\" content=\"https:\/\/www.notibras.com\/site\/alunos-dedicados-donos-do-pib-assimilam-as-licoes-de-lula-e-dilma\/\" \/>\n<meta property=\"og:site_name\" content=\"Notibras\" \/>\n<meta property=\"article:publisher\" content=\"https:\/\/www.facebook.com\/notibras\/\" \/>\n<meta property=\"article:published_time\" content=\"2014-10-24T11:28:44+00:00\" \/>\n<meta property=\"og:image\" content=\"https:\/\/www.notibras.com\/site\/wp-content\/uploads\/2014\/10\/shutterstock_175582752.jpg\" \/>\n\t<meta property=\"og:image:width\" content=\"1000\" \/>\n\t<meta property=\"og:image:height\" content=\"738\" \/>\n\t<meta property=\"og:image:type\" content=\"image\/jpeg\" \/>\n<meta name=\"author\" content=\"Reda\u00e7\u00e3o\" \/>\n<meta name=\"twitter:card\" content=\"summary_large_image\" \/>\n<meta name=\"twitter:creator\" content=\"@Notibras\" \/>\n<meta name=\"twitter:site\" content=\"@Notibras\" \/>\n<meta name=\"twitter:label1\" content=\"Escrito por\" \/>\n\t<meta name=\"twitter:data1\" content=\"Reda\u00e7\u00e3o\" \/>\n\t<meta name=\"twitter:label2\" content=\"Est. tempo de leitura\" \/>\n\t<meta name=\"twitter:data2\" content=\"7 minutos\" \/>\n<script type=\"application\/ld+json\" class=\"yoast-schema-graph\">{\"@context\":\"https:\\\/\\\/schema.org\",\"@graph\":[{\"@type\":\"Article\",\"@id\":\"https:\\\/\\\/www.notibras.com\\\/site\\\/alunos-dedicados-donos-do-pib-assimilam-as-licoes-de-lula-e-dilma\\\/#article\",\"isPartOf\":{\"@id\":\"https:\\\/\\\/www.notibras.com\\\/site\\\/alunos-dedicados-donos-do-pib-assimilam-as-licoes-de-lula-e-dilma\\\/\"},\"author\":{\"name\":\"Reda\u00e7\u00e3o\",\"@id\":\"https:\\\/\\\/www.notibras.com\\\/site\\\/#\\\/schema\\\/person\\\/36ab0979449956132d3e5b517ea76ac8\"},\"headline\":\"Alunos dedicados, donos do PIB assimilam as li\u00e7\u00f5es de Lula e Dilma\",\"datePublished\":\"2014-10-24T11:28:44+00:00\",\"mainEntityOfPage\":{\"@id\":\"https:\\\/\\\/www.notibras.com\\\/site\\\/alunos-dedicados-donos-do-pib-assimilam-as-licoes-de-lula-e-dilma\\\/\"},\"wordCount\":1400,\"commentCount\":0,\"publisher\":{\"@id\":\"https:\\\/\\\/www.notibras.com\\\/site\\\/#organization\"},\"image\":{\"@id\":\"https:\\\/\\\/www.notibras.com\\\/site\\\/alunos-dedicados-donos-do-pib-assimilam-as-licoes-de-lula-e-dilma\\\/#primaryimage\"},\"thumbnailUrl\":\"https:\\\/\\\/www.notibras.com\\\/site\\\/wp-content\\\/uploads\\\/2014\\\/10\\\/shutterstock_175582752.jpg\",\"articleSection\":[\"Opina a\u00ed\"],\"inLanguage\":\"pt-BR\",\"potentialAction\":[{\"@type\":\"CommentAction\",\"name\":\"Comment\",\"target\":[\"https:\\\/\\\/www.notibras.com\\\/site\\\/alunos-dedicados-donos-do-pib-assimilam-as-licoes-de-lula-e-dilma\\\/#respond\"]}]},{\"@type\":\"WebPage\",\"@id\":\"https:\\\/\\\/www.notibras.com\\\/site\\\/alunos-dedicados-donos-do-pib-assimilam-as-licoes-de-lula-e-dilma\\\/\",\"url\":\"https:\\\/\\\/www.notibras.com\\\/site\\\/alunos-dedicados-donos-do-pib-assimilam-as-licoes-de-lula-e-dilma\\\/\",\"name\":\"Alunos dedicados, donos do PIB assimilam as li\u00e7\u00f5es de Lula e Dilma - Notibras\",\"isPartOf\":{\"@id\":\"https:\\\/\\\/www.notibras.com\\\/site\\\/#website\"},\"primaryImageOfPage\":{\"@id\":\"https:\\\/\\\/www.notibras.com\\\/site\\\/alunos-dedicados-donos-do-pib-assimilam-as-licoes-de-lula-e-dilma\\\/#primaryimage\"},\"image\":{\"@id\":\"https:\\\/\\\/www.notibras.com\\\/site\\\/alunos-dedicados-donos-do-pib-assimilam-as-licoes-de-lula-e-dilma\\\/#primaryimage\"},\"thumbnailUrl\":\"https:\\\/\\\/www.notibras.com\\\/site\\\/wp-content\\\/uploads\\\/2014\\\/10\\\/shutterstock_175582752.jpg\",\"datePublished\":\"2014-10-24T11:28:44+00:00\",\"breadcrumb\":{\"@id\":\"https:\\\/\\\/www.notibras.com\\\/site\\\/alunos-dedicados-donos-do-pib-assimilam-as-licoes-de-lula-e-dilma\\\/#breadcrumb\"},\"inLanguage\":\"pt-BR\",\"potentialAction\":[{\"@type\":\"ReadAction\",\"target\":[\"https:\\\/\\\/www.notibras.com\\\/site\\\/alunos-dedicados-donos-do-pib-assimilam-as-licoes-de-lula-e-dilma\\\/\"]}]},{\"@type\":\"ImageObject\",\"inLanguage\":\"pt-BR\",\"@id\":\"https:\\\/\\\/www.notibras.com\\\/site\\\/alunos-dedicados-donos-do-pib-assimilam-as-licoes-de-lula-e-dilma\\\/#primaryimage\",\"url\":\"https:\\\/\\\/www.notibras.com\\\/site\\\/wp-content\\\/uploads\\\/2014\\\/10\\\/shutterstock_175582752.jpg\",\"contentUrl\":\"https:\\\/\\\/www.notibras.com\\\/site\\\/wp-content\\\/uploads\\\/2014\\\/10\\\/shutterstock_175582752.jpg\",\"width\":1000,\"height\":738},{\"@type\":\"BreadcrumbList\",\"@id\":\"https:\\\/\\\/www.notibras.com\\\/site\\\/alunos-dedicados-donos-do-pib-assimilam-as-licoes-de-lula-e-dilma\\\/#breadcrumb\",\"itemListElement\":[{\"@type\":\"ListItem\",\"position\":1,\"name\":\"In\u00edcio\",\"item\":\"https:\\\/\\\/www.notibras.com\\\/site\\\/\"},{\"@type\":\"ListItem\",\"position\":2,\"name\":\"Alunos dedicados, donos do PIB assimilam as li\u00e7\u00f5es de Lula e Dilma\"}]},{\"@type\":\"WebSite\",\"@id\":\"https:\\\/\\\/www.notibras.com\\\/site\\\/#website\",\"url\":\"https:\\\/\\\/www.notibras.com\\\/site\\\/\",\"name\":\"Notibras\",\"description\":\"Not\u00edcias de Bras\u00edlia, do Brasil e do Mundo\",\"publisher\":{\"@id\":\"https:\\\/\\\/www.notibras.com\\\/site\\\/#organization\"},\"potentialAction\":[{\"@type\":\"SearchAction\",\"target\":{\"@type\":\"EntryPoint\",\"urlTemplate\":\"https:\\\/\\\/www.notibras.com\\\/site\\\/?s={search_term_string}\"},\"query-input\":{\"@type\":\"PropertyValueSpecification\",\"valueRequired\":true,\"valueName\":\"search_term_string\"}}],\"inLanguage\":\"pt-BR\"},{\"@type\":\"Organization\",\"@id\":\"https:\\\/\\\/www.notibras.com\\\/site\\\/#organization\",\"name\":\"Grupo Notibras de Comunica\u00e7\u00e3o\",\"url\":\"https:\\\/\\\/www.notibras.com\\\/site\\\/\",\"logo\":{\"@type\":\"ImageObject\",\"inLanguage\":\"pt-BR\",\"@id\":\"https:\\\/\\\/www.notibras.com\\\/site\\\/#\\\/schema\\\/logo\\\/image\\\/\",\"url\":\"https:\\\/\\\/www.notibras.com\\\/site\\\/wp-content\\\/uploads\\\/2023\\\/01\\\/notibras23.png\",\"contentUrl\":\"https:\\\/\\\/www.notibras.com\\\/site\\\/wp-content\\\/uploads\\\/2023\\\/01\\\/notibras23.png\",\"width\":350,\"height\":87,\"caption\":\"Grupo Notibras de Comunica\u00e7\u00e3o\"},\"image\":{\"@id\":\"https:\\\/\\\/www.notibras.com\\\/site\\\/#\\\/schema\\\/logo\\\/image\\\/\"},\"sameAs\":[\"https:\\\/\\\/www.facebook.com\\\/notibras\\\/\",\"https:\\\/\\\/x.com\\\/Notibras\",\"https:\\\/\\\/www.instagram.com\\\/notibras\\\/\"]},{\"@type\":\"Person\",\"@id\":\"https:\\\/\\\/www.notibras.com\\\/site\\\/#\\\/schema\\\/person\\\/36ab0979449956132d3e5b517ea76ac8\",\"name\":\"Reda\u00e7\u00e3o\",\"image\":{\"@type\":\"ImageObject\",\"inLanguage\":\"pt-BR\",\"@id\":\"https:\\\/\\\/secure.gravatar.com\\\/avatar\\\/e0a867bdedb85fd243eadf09663511f96fc81e0720a4a42581f334ad4303aa6b?s=96&d=mm&r=g\",\"url\":\"https:\\\/\\\/secure.gravatar.com\\\/avatar\\\/e0a867bdedb85fd243eadf09663511f96fc81e0720a4a42581f334ad4303aa6b?s=96&d=mm&r=g\",\"contentUrl\":\"https:\\\/\\\/secure.gravatar.com\\\/avatar\\\/e0a867bdedb85fd243eadf09663511f96fc81e0720a4a42581f334ad4303aa6b?s=96&d=mm&r=g\",\"caption\":\"Reda\u00e7\u00e3o\"}}]}<\/script>\n<!-- \/ Yoast SEO plugin. -->","yoast_head_json":{"title":"Alunos dedicados, donos do PIB assimilam as li\u00e7\u00f5es de Lula e Dilma - Notibras","robots":{"index":"index","follow":"follow","max-snippet":"max-snippet:-1","max-image-preview":"max-image-preview:large","max-video-preview":"max-video-preview:-1"},"canonical":"https:\/\/www.notibras.com\/site\/alunos-dedicados-donos-do-pib-assimilam-as-licoes-de-lula-e-dilma\/","og_locale":"pt_BR","og_type":"article","og_title":"Alunos dedicados, donos do PIB assimilam as li\u00e7\u00f5es de Lula e Dilma - Notibras","og_description":"Os empres\u00e1rios despertaram para o fato de que a uni\u00e3o do trabalho e do capital \u00e9 a melhor para o desenvolvimento nacional como aconteceu com Lula e Jos\u00e9 Alencar. Dilma deu sequ\u00eancia a essa estrat\u00e9gia que tem sido a melhor alternativa para o capitalismo nacional. A prioridade ao mercado interno adotada por Lula e seguida [&hellip;]","og_url":"https:\/\/www.notibras.com\/site\/alunos-dedicados-donos-do-pib-assimilam-as-licoes-de-lula-e-dilma\/","og_site_name":"Notibras","article_publisher":"https:\/\/www.facebook.com\/notibras\/","article_published_time":"2014-10-24T11:28:44+00:00","og_image":[{"width":1000,"height":738,"url":"https:\/\/www.notibras.com\/site\/wp-content\/uploads\/2014\/10\/shutterstock_175582752.jpg","type":"image\/jpeg"}],"author":"Reda\u00e7\u00e3o","twitter_card":"summary_large_image","twitter_creator":"@Notibras","twitter_site":"@Notibras","twitter_misc":{"Escrito por":"Reda\u00e7\u00e3o","Est. tempo de leitura":"7 minutos"},"schema":{"@context":"https:\/\/schema.org","@graph":[{"@type":"Article","@id":"https:\/\/www.notibras.com\/site\/alunos-dedicados-donos-do-pib-assimilam-as-licoes-de-lula-e-dilma\/#article","isPartOf":{"@id":"https:\/\/www.notibras.com\/site\/alunos-dedicados-donos-do-pib-assimilam-as-licoes-de-lula-e-dilma\/"},"author":{"name":"Reda\u00e7\u00e3o","@id":"https:\/\/www.notibras.com\/site\/#\/schema\/person\/36ab0979449956132d3e5b517ea76ac8"},"headline":"Alunos dedicados, donos do PIB assimilam as li\u00e7\u00f5es de Lula e Dilma","datePublished":"2014-10-24T11:28:44+00:00","mainEntityOfPage":{"@id":"https:\/\/www.notibras.com\/site\/alunos-dedicados-donos-do-pib-assimilam-as-licoes-de-lula-e-dilma\/"},"wordCount":1400,"commentCount":0,"publisher":{"@id":"https:\/\/www.notibras.com\/site\/#organization"},"image":{"@id":"https:\/\/www.notibras.com\/site\/alunos-dedicados-donos-do-pib-assimilam-as-licoes-de-lula-e-dilma\/#primaryimage"},"thumbnailUrl":"https:\/\/www.notibras.com\/site\/wp-content\/uploads\/2014\/10\/shutterstock_175582752.jpg","articleSection":["Opina a\u00ed"],"inLanguage":"pt-BR","potentialAction":[{"@type":"CommentAction","name":"Comment","target":["https:\/\/www.notibras.com\/site\/alunos-dedicados-donos-do-pib-assimilam-as-licoes-de-lula-e-dilma\/#respond"]}]},{"@type":"WebPage","@id":"https:\/\/www.notibras.com\/site\/alunos-dedicados-donos-do-pib-assimilam-as-licoes-de-lula-e-dilma\/","url":"https:\/\/www.notibras.com\/site\/alunos-dedicados-donos-do-pib-assimilam-as-licoes-de-lula-e-dilma\/","name":"Alunos dedicados, donos do PIB assimilam as li\u00e7\u00f5es de Lula e Dilma - Notibras","isPartOf":{"@id":"https:\/\/www.notibras.com\/site\/#website"},"primaryImageOfPage":{"@id":"https:\/\/www.notibras.com\/site\/alunos-dedicados-donos-do-pib-assimilam-as-licoes-de-lula-e-dilma\/#primaryimage"},"image":{"@id":"https:\/\/www.notibras.com\/site\/alunos-dedicados-donos-do-pib-assimilam-as-licoes-de-lula-e-dilma\/#primaryimage"},"thumbnailUrl":"https:\/\/www.notibras.com\/site\/wp-content\/uploads\/2014\/10\/shutterstock_175582752.jpg","datePublished":"2014-10-24T11:28:44+00:00","breadcrumb":{"@id":"https:\/\/www.notibras.com\/site\/alunos-dedicados-donos-do-pib-assimilam-as-licoes-de-lula-e-dilma\/#breadcrumb"},"inLanguage":"pt-BR","potentialAction":[{"@type":"ReadAction","target":["https:\/\/www.notibras.com\/site\/alunos-dedicados-donos-do-pib-assimilam-as-licoes-de-lula-e-dilma\/"]}]},{"@type":"ImageObject","inLanguage":"pt-BR","@id":"https:\/\/www.notibras.com\/site\/alunos-dedicados-donos-do-pib-assimilam-as-licoes-de-lula-e-dilma\/#primaryimage","url":"https:\/\/www.notibras.com\/site\/wp-content\/uploads\/2014\/10\/shutterstock_175582752.jpg","contentUrl":"https:\/\/www.notibras.com\/site\/wp-content\/uploads\/2014\/10\/shutterstock_175582752.jpg","width":1000,"height":738},{"@type":"BreadcrumbList","@id":"https:\/\/www.notibras.com\/site\/alunos-dedicados-donos-do-pib-assimilam-as-licoes-de-lula-e-dilma\/#breadcrumb","itemListElement":[{"@type":"ListItem","position":1,"name":"In\u00edcio","item":"https:\/\/www.notibras.com\/site\/"},{"@type":"ListItem","position":2,"name":"Alunos dedicados, donos do PIB assimilam as li\u00e7\u00f5es de Lula e Dilma"}]},{"@type":"WebSite","@id":"https:\/\/www.notibras.com\/site\/#website","url":"https:\/\/www.notibras.com\/site\/","name":"Notibras","description":"Not\u00edcias de Bras\u00edlia, do Brasil e do Mundo","publisher":{"@id":"https:\/\/www.notibras.com\/site\/#organization"},"potentialAction":[{"@type":"SearchAction","target":{"@type":"EntryPoint","urlTemplate":"https:\/\/www.notibras.com\/site\/?s={search_term_string}"},"query-input":{"@type":"PropertyValueSpecification","valueRequired":true,"valueName":"search_term_string"}}],"inLanguage":"pt-BR"},{"@type":"Organization","@id":"https:\/\/www.notibras.com\/site\/#organization","name":"Grupo Notibras de Comunica\u00e7\u00e3o","url":"https:\/\/www.notibras.com\/site\/","logo":{"@type":"ImageObject","inLanguage":"pt-BR","@id":"https:\/\/www.notibras.com\/site\/#\/schema\/logo\/image\/","url":"https:\/\/www.notibras.com\/site\/wp-content\/uploads\/2023\/01\/notibras23.png","contentUrl":"https:\/\/www.notibras.com\/site\/wp-content\/uploads\/2023\/01\/notibras23.png","width":350,"height":87,"caption":"Grupo Notibras de Comunica\u00e7\u00e3o"},"image":{"@id":"https:\/\/www.notibras.com\/site\/#\/schema\/logo\/image\/"},"sameAs":["https:\/\/www.facebook.com\/notibras\/","https:\/\/x.com\/Notibras","https:\/\/www.instagram.com\/notibras\/"]},{"@type":"Person","@id":"https:\/\/www.notibras.com\/site\/#\/schema\/person\/36ab0979449956132d3e5b517ea76ac8","name":"Reda\u00e7\u00e3o","image":{"@type":"ImageObject","inLanguage":"pt-BR","@id":"https:\/\/secure.gravatar.com\/avatar\/e0a867bdedb85fd243eadf09663511f96fc81e0720a4a42581f334ad4303aa6b?s=96&d=mm&r=g","url":"https:\/\/secure.gravatar.com\/avatar\/e0a867bdedb85fd243eadf09663511f96fc81e0720a4a42581f334ad4303aa6b?s=96&d=mm&r=g","contentUrl":"https:\/\/secure.gravatar.com\/avatar\/e0a867bdedb85fd243eadf09663511f96fc81e0720a4a42581f334ad4303aa6b?s=96&d=mm&r=g","caption":"Reda\u00e7\u00e3o"}}]}},"amp_enabled":true,"_links":{"self":[{"href":"https:\/\/www.notibras.com\/site\/wp-json\/wp\/v2\/posts\/25802","targetHints":{"allow":["GET"]}}],"collection":[{"href":"https:\/\/www.notibras.com\/site\/wp-json\/wp\/v2\/posts"}],"about":[{"href":"https:\/\/www.notibras.com\/site\/wp-json\/wp\/v2\/types\/post"}],"author":[{"embeddable":true,"href":"https:\/\/www.notibras.com\/site\/wp-json\/wp\/v2\/users\/2"}],"replies":[{"embeddable":true,"href":"https:\/\/www.notibras.com\/site\/wp-json\/wp\/v2\/comments?post=25802"}],"version-history":[{"count":0,"href":"https:\/\/www.notibras.com\/site\/wp-json\/wp\/v2\/posts\/25802\/revisions"}],"wp:featuredmedia":[{"embeddable":true,"href":"https:\/\/www.notibras.com\/site\/wp-json\/wp\/v2\/media\/25803"}],"wp:attachment":[{"href":"https:\/\/www.notibras.com\/site\/wp-json\/wp\/v2\/media?parent=25802"}],"wp:term":[{"taxonomy":"category","embeddable":true,"href":"https:\/\/www.notibras.com\/site\/wp-json\/wp\/v2\/categories?post=25802"},{"taxonomy":"post_tag","embeddable":true,"href":"https:\/\/www.notibras.com\/site\/wp-json\/wp\/v2\/tags?post=25802"}],"curies":[{"name":"wp","href":"https:\/\/api.w.org\/{rel}","templated":true}]}}