{"id":25824,"date":"2014-10-24T17:57:30","date_gmt":"2014-10-24T20:57:30","guid":{"rendered":"http:\/\/www.notibras.com\/site\/?p=25824"},"modified":"2014-10-26T16:18:48","modified_gmt":"2014-10-26T19:18:48","slug":"foto-de-fantasma-e-macaneta-que-se-move-sozinha-assustam-nova-proprietaria-de-casa-na-inglaterra","status":"publish","type":"post","link":"https:\/\/www.notibras.com\/site\/foto-de-fantasma-e-macaneta-que-se-move-sozinha-assustam-nova-proprietaria-de-casa-na-inglaterra\/","title":{"rendered":"Foto de &#8216;fantasma&#8217; e ma\u00e7aneta que se move assustam dona de casa"},"content":{"rendered":"<p class=\"text\">Uma brit\u00e2nica, que se classificou como &#8216;racional e c\u00e9tica&#8217;, ficou em choque ap\u00f3s encontrar o rosto do que parece ser um fantasma de um homem idoso em uma foto.<\/p>\n<p class=\"text\">Segundo Michelle Midwinter, 30 anos, ela teria fotografado a fachada do im\u00f3vel que fica em\u00a0North Bradley, condado de Trowbridge, na cidade de Wiltshire,\u00a0para mostrar aos amigos e percebeu algo estranho na janela de uma das salas. As informa\u00e7\u00f5es s\u00e3o do Daily Mail.<\/p>\n<p class=\"text\">Midwinter comprou a casa recentemente e disse estar bastante assustada por acontecimentos \u2018sobrenaturais\u2019 que aconteceram dentro do im\u00f3vel.<\/p>\n<p class=\"text\">Al\u00e9m da imagem capturada \u2013 para a qual ela disse n\u00e3o ter encontrado explica\u00e7\u00f5es plaus\u00edveis-, um rel\u00f3gio antigo, que estava na casa quando se mudou, caiu da parede \u2018do nada\u2019 e um amigo afirmou ter visto a ma\u00e7aneta da mesma sala onde a imagem foi encontrada se mexer.<\/p>\n<p class=\"text\">\u201cQuando olhei para a c\u00e2mera e vi algo estranho na janela, entrei correndo para ver se tinha algu\u00e9m l\u00e1 dentro, apesar de eu saber que estava sozinha com minha filha de 2 anos. \u00c9 dif\u00edcil de acreditar, mas parece ser o fantasma de algum homem idoso\u201d, disse.<\/p>\n<p class=\"text\">A brit\u00e2nica ainda diz que pode se tratar do esp\u00edrito de Samuel Kent, morto em 1872, inspetor de uma f\u00e1brica da regi\u00e3o. A filha de Kent matou seu irm\u00e3o de apenas tr\u00eas anos. \u201cH\u00e1 uma s\u00e9rie de apari\u00e7\u00f5es de fantasmas relatadoa em Trowbridge, mas eu n\u00e3o encontrei qualquer em North Bradley. Eu sei que Samuel viveu e trabalhou como inspetor na \u00e1rea\u201d, contou.<\/p>\n","protected":false},"excerpt":{"rendered":"<p>Uma brit\u00e2nica, que se classificou como &#8216;racional e c\u00e9tica&#8217;, ficou em choque ap\u00f3s encontrar o rosto do que parece ser um fantasma de um homem idoso em uma foto. Segundo Michelle Midwinter, 30 anos, ela teria fotografado a fachada do im\u00f3vel que fica em\u00a0North Bradley, condado de Trowbridge, na cidade de Wiltshire,\u00a0para mostrar aos amigos [&hellip;]<\/p>\n","protected":false},"author":2,"featured_media":25825,"comment_status":"open","ping_status":"closed","sticky":false,"template":"","format":"standard","meta":{"_acf_changed":false,"footnotes":""},"categories":[17],"tags":[],"class_list":["post-25824","post","type-post","status-publish","format-standard","has-post-thumbnail","hentry","category-mundo"],"acf":[],"yoast_head":"<!-- This site is optimized with the Yoast SEO plugin v27.5 - https:\/\/yoast.com\/product\/yoast-seo-wordpress\/ -->\n<title>Foto de &#039;fantasma&#039; e ma\u00e7aneta que se move assustam dona de casa - Notibras<\/title>\n<meta name=\"robots\" content=\"index, follow, max-snippet:-1, max-image-preview:large, max-video-preview:-1\" \/>\n<link rel=\"canonical\" href=\"https:\/\/www.notibras.com\/site\/foto-de-fantasma-e-macaneta-que-se-move-sozinha-assustam-nova-proprietaria-de-casa-na-inglaterra\/\" \/>\n<meta property=\"og:locale\" content=\"pt_BR\" \/>\n<meta property=\"og:type\" content=\"article\" \/>\n<meta property=\"og:title\" content=\"Foto de &#039;fantasma&#039; e ma\u00e7aneta que se move assustam dona de casa - Notibras\" \/>\n<meta property=\"og:description\" content=\"Uma brit\u00e2nica, que se classificou como &#8216;racional e c\u00e9tica&#8217;, ficou em choque ap\u00f3s encontrar o rosto do que parece ser um fantasma de um homem idoso em uma foto. Segundo Michelle Midwinter, 30 anos, ela teria fotografado a fachada do im\u00f3vel que fica em\u00a0North Bradley, condado de Trowbridge, na cidade de Wiltshire,\u00a0para mostrar aos amigos [&hellip;]\" \/>\n<meta property=\"og:url\" content=\"https:\/\/www.notibras.com\/site\/foto-de-fantasma-e-macaneta-que-se-move-sozinha-assustam-nova-proprietaria-de-casa-na-inglaterra\/\" \/>\n<meta property=\"og:site_name\" content=\"Notibras\" \/>\n<meta property=\"article:publisher\" content=\"https:\/\/www.facebook.com\/notibras\/\" \/>\n<meta property=\"article:published_time\" content=\"2014-10-24T20:57:30+00:00\" \/>\n<meta property=\"article:modified_time\" content=\"2014-10-26T19:18:48+00:00\" \/>\n<meta property=\"og:image\" content=\"https:\/\/www.notibras.com\/site\/wp-content\/uploads\/2014\/10\/reino-unidofantasmareprodaily-mail.jpg\" \/>\n\t<meta property=\"og:image:width\" content=\"460\" \/>\n\t<meta property=\"og:image:height\" content=\"340\" \/>\n\t<meta property=\"og:image:type\" content=\"image\/jpeg\" \/>\n<meta name=\"author\" content=\"Reda\u00e7\u00e3o\" \/>\n<meta name=\"twitter:card\" content=\"summary_large_image\" \/>\n<meta name=\"twitter:creator\" content=\"@Notibras\" \/>\n<meta name=\"twitter:site\" content=\"@Notibras\" \/>\n<meta name=\"twitter:label1\" content=\"Escrito por\" \/>\n\t<meta name=\"twitter:data1\" content=\"Reda\u00e7\u00e3o\" \/>\n\t<meta name=\"twitter:label2\" content=\"Est. tempo de leitura\" \/>\n\t<meta name=\"twitter:data2\" content=\"1 minuto\" \/>\n<script type=\"application\/ld+json\" class=\"yoast-schema-graph\">{\"@context\":\"https:\\\/\\\/schema.org\",\"@graph\":[{\"@type\":\"Article\",\"@id\":\"https:\\\/\\\/www.notibras.com\\\/site\\\/foto-de-fantasma-e-macaneta-que-se-move-sozinha-assustam-nova-proprietaria-de-casa-na-inglaterra\\\/#article\",\"isPartOf\":{\"@id\":\"https:\\\/\\\/www.notibras.com\\\/site\\\/foto-de-fantasma-e-macaneta-que-se-move-sozinha-assustam-nova-proprietaria-de-casa-na-inglaterra\\\/\"},\"author\":{\"name\":\"Reda\u00e7\u00e3o\",\"@id\":\"https:\\\/\\\/www.notibras.com\\\/site\\\/#\\\/schema\\\/person\\\/36ab0979449956132d3e5b517ea76ac8\"},\"headline\":\"Foto de &#8216;fantasma&#8217; e ma\u00e7aneta que se move assustam dona de casa\",\"datePublished\":\"2014-10-24T20:57:30+00:00\",\"dateModified\":\"2014-10-26T19:18:48+00:00\",\"mainEntityOfPage\":{\"@id\":\"https:\\\/\\\/www.notibras.com\\\/site\\\/foto-de-fantasma-e-macaneta-que-se-move-sozinha-assustam-nova-proprietaria-de-casa-na-inglaterra\\\/\"},\"wordCount\":282,\"commentCount\":0,\"publisher\":{\"@id\":\"https:\\\/\\\/www.notibras.com\\\/site\\\/#organization\"},\"image\":{\"@id\":\"https:\\\/\\\/www.notibras.com\\\/site\\\/foto-de-fantasma-e-macaneta-que-se-move-sozinha-assustam-nova-proprietaria-de-casa-na-inglaterra\\\/#primaryimage\"},\"thumbnailUrl\":\"https:\\\/\\\/www.notibras.com\\\/site\\\/wp-content\\\/uploads\\\/2014\\\/10\\\/reino-unidofantasmareprodaily-mail.jpg\",\"articleSection\":[\"Mundo\"],\"inLanguage\":\"pt-BR\",\"potentialAction\":[{\"@type\":\"CommentAction\",\"name\":\"Comment\",\"target\":[\"https:\\\/\\\/www.notibras.com\\\/site\\\/foto-de-fantasma-e-macaneta-que-se-move-sozinha-assustam-nova-proprietaria-de-casa-na-inglaterra\\\/#respond\"]}]},{\"@type\":\"WebPage\",\"@id\":\"https:\\\/\\\/www.notibras.com\\\/site\\\/foto-de-fantasma-e-macaneta-que-se-move-sozinha-assustam-nova-proprietaria-de-casa-na-inglaterra\\\/\",\"url\":\"https:\\\/\\\/www.notibras.com\\\/site\\\/foto-de-fantasma-e-macaneta-que-se-move-sozinha-assustam-nova-proprietaria-de-casa-na-inglaterra\\\/\",\"name\":\"Foto de 'fantasma' e ma\u00e7aneta que se move assustam dona de casa - Notibras\",\"isPartOf\":{\"@id\":\"https:\\\/\\\/www.notibras.com\\\/site\\\/#website\"},\"primaryImageOfPage\":{\"@id\":\"https:\\\/\\\/www.notibras.com\\\/site\\\/foto-de-fantasma-e-macaneta-que-se-move-sozinha-assustam-nova-proprietaria-de-casa-na-inglaterra\\\/#primaryimage\"},\"image\":{\"@id\":\"https:\\\/\\\/www.notibras.com\\\/site\\\/foto-de-fantasma-e-macaneta-que-se-move-sozinha-assustam-nova-proprietaria-de-casa-na-inglaterra\\\/#primaryimage\"},\"thumbnailUrl\":\"https:\\\/\\\/www.notibras.com\\\/site\\\/wp-content\\\/uploads\\\/2014\\\/10\\\/reino-unidofantasmareprodaily-mail.jpg\",\"datePublished\":\"2014-10-24T20:57:30+00:00\",\"dateModified\":\"2014-10-26T19:18:48+00:00\",\"breadcrumb\":{\"@id\":\"https:\\\/\\\/www.notibras.com\\\/site\\\/foto-de-fantasma-e-macaneta-que-se-move-sozinha-assustam-nova-proprietaria-de-casa-na-inglaterra\\\/#breadcrumb\"},\"inLanguage\":\"pt-BR\",\"potentialAction\":[{\"@type\":\"ReadAction\",\"target\":[\"https:\\\/\\\/www.notibras.com\\\/site\\\/foto-de-fantasma-e-macaneta-que-se-move-sozinha-assustam-nova-proprietaria-de-casa-na-inglaterra\\\/\"]}]},{\"@type\":\"ImageObject\",\"inLanguage\":\"pt-BR\",\"@id\":\"https:\\\/\\\/www.notibras.com\\\/site\\\/foto-de-fantasma-e-macaneta-que-se-move-sozinha-assustam-nova-proprietaria-de-casa-na-inglaterra\\\/#primaryimage\",\"url\":\"https:\\\/\\\/www.notibras.com\\\/site\\\/wp-content\\\/uploads\\\/2014\\\/10\\\/reino-unidofantasmareprodaily-mail.jpg\",\"contentUrl\":\"https:\\\/\\\/www.notibras.com\\\/site\\\/wp-content\\\/uploads\\\/2014\\\/10\\\/reino-unidofantasmareprodaily-mail.jpg\",\"width\":460,\"height\":340},{\"@type\":\"BreadcrumbList\",\"@id\":\"https:\\\/\\\/www.notibras.com\\\/site\\\/foto-de-fantasma-e-macaneta-que-se-move-sozinha-assustam-nova-proprietaria-de-casa-na-inglaterra\\\/#breadcrumb\",\"itemListElement\":[{\"@type\":\"ListItem\",\"position\":1,\"name\":\"In\u00edcio\",\"item\":\"https:\\\/\\\/www.notibras.com\\\/site\\\/\"},{\"@type\":\"ListItem\",\"position\":2,\"name\":\"Foto de &#8216;fantasma&#8217; e ma\u00e7aneta que se move assustam dona de casa\"}]},{\"@type\":\"WebSite\",\"@id\":\"https:\\\/\\\/www.notibras.com\\\/site\\\/#website\",\"url\":\"https:\\\/\\\/www.notibras.com\\\/site\\\/\",\"name\":\"Notibras\",\"description\":\"Not\u00edcias de Bras\u00edlia, do Brasil e do Mundo\",\"publisher\":{\"@id\":\"https:\\\/\\\/www.notibras.com\\\/site\\\/#organization\"},\"potentialAction\":[{\"@type\":\"SearchAction\",\"target\":{\"@type\":\"EntryPoint\",\"urlTemplate\":\"https:\\\/\\\/www.notibras.com\\\/site\\\/?s={search_term_string}\"},\"query-input\":{\"@type\":\"PropertyValueSpecification\",\"valueRequired\":true,\"valueName\":\"search_term_string\"}}],\"inLanguage\":\"pt-BR\"},{\"@type\":\"Organization\",\"@id\":\"https:\\\/\\\/www.notibras.com\\\/site\\\/#organization\",\"name\":\"Grupo Notibras de Comunica\u00e7\u00e3o\",\"url\":\"https:\\\/\\\/www.notibras.com\\\/site\\\/\",\"logo\":{\"@type\":\"ImageObject\",\"inLanguage\":\"pt-BR\",\"@id\":\"https:\\\/\\\/www.notibras.com\\\/site\\\/#\\\/schema\\\/logo\\\/image\\\/\",\"url\":\"https:\\\/\\\/www.notibras.com\\\/site\\\/wp-content\\\/uploads\\\/2023\\\/01\\\/notibras23.png\",\"contentUrl\":\"https:\\\/\\\/www.notibras.com\\\/site\\\/wp-content\\\/uploads\\\/2023\\\/01\\\/notibras23.png\",\"width\":350,\"height\":87,\"caption\":\"Grupo Notibras de Comunica\u00e7\u00e3o\"},\"image\":{\"@id\":\"https:\\\/\\\/www.notibras.com\\\/site\\\/#\\\/schema\\\/logo\\\/image\\\/\"},\"sameAs\":[\"https:\\\/\\\/www.facebook.com\\\/notibras\\\/\",\"https:\\\/\\\/x.com\\\/Notibras\",\"https:\\\/\\\/www.instagram.com\\\/notibras\\\/\"]},{\"@type\":\"Person\",\"@id\":\"https:\\\/\\\/www.notibras.com\\\/site\\\/#\\\/schema\\\/person\\\/36ab0979449956132d3e5b517ea76ac8\",\"name\":\"Reda\u00e7\u00e3o\",\"image\":{\"@type\":\"ImageObject\",\"inLanguage\":\"pt-BR\",\"@id\":\"https:\\\/\\\/secure.gravatar.com\\\/avatar\\\/e0a867bdedb85fd243eadf09663511f96fc81e0720a4a42581f334ad4303aa6b?s=96&d=mm&r=g\",\"url\":\"https:\\\/\\\/secure.gravatar.com\\\/avatar\\\/e0a867bdedb85fd243eadf09663511f96fc81e0720a4a42581f334ad4303aa6b?s=96&d=mm&r=g\",\"contentUrl\":\"https:\\\/\\\/secure.gravatar.com\\\/avatar\\\/e0a867bdedb85fd243eadf09663511f96fc81e0720a4a42581f334ad4303aa6b?s=96&d=mm&r=g\",\"caption\":\"Reda\u00e7\u00e3o\"}}]}<\/script>\n<!-- \/ Yoast SEO plugin. -->","yoast_head_json":{"title":"Foto de 'fantasma' e ma\u00e7aneta que se move assustam dona de casa - Notibras","robots":{"index":"index","follow":"follow","max-snippet":"max-snippet:-1","max-image-preview":"max-image-preview:large","max-video-preview":"max-video-preview:-1"},"canonical":"https:\/\/www.notibras.com\/site\/foto-de-fantasma-e-macaneta-que-se-move-sozinha-assustam-nova-proprietaria-de-casa-na-inglaterra\/","og_locale":"pt_BR","og_type":"article","og_title":"Foto de 'fantasma' e ma\u00e7aneta que se move assustam dona de casa - Notibras","og_description":"Uma brit\u00e2nica, que se classificou como &#8216;racional e c\u00e9tica&#8217;, ficou em choque ap\u00f3s encontrar o rosto do que parece ser um fantasma de um homem idoso em uma foto. Segundo Michelle Midwinter, 30 anos, ela teria fotografado a fachada do im\u00f3vel que fica em\u00a0North Bradley, condado de Trowbridge, na cidade de Wiltshire,\u00a0para mostrar aos amigos [&hellip;]","og_url":"https:\/\/www.notibras.com\/site\/foto-de-fantasma-e-macaneta-que-se-move-sozinha-assustam-nova-proprietaria-de-casa-na-inglaterra\/","og_site_name":"Notibras","article_publisher":"https:\/\/www.facebook.com\/notibras\/","article_published_time":"2014-10-24T20:57:30+00:00","article_modified_time":"2014-10-26T19:18:48+00:00","og_image":[{"width":460,"height":340,"url":"https:\/\/www.notibras.com\/site\/wp-content\/uploads\/2014\/10\/reino-unidofantasmareprodaily-mail.jpg","type":"image\/jpeg"}],"author":"Reda\u00e7\u00e3o","twitter_card":"summary_large_image","twitter_creator":"@Notibras","twitter_site":"@Notibras","twitter_misc":{"Escrito por":"Reda\u00e7\u00e3o","Est. tempo de leitura":"1 minuto"},"schema":{"@context":"https:\/\/schema.org","@graph":[{"@type":"Article","@id":"https:\/\/www.notibras.com\/site\/foto-de-fantasma-e-macaneta-que-se-move-sozinha-assustam-nova-proprietaria-de-casa-na-inglaterra\/#article","isPartOf":{"@id":"https:\/\/www.notibras.com\/site\/foto-de-fantasma-e-macaneta-que-se-move-sozinha-assustam-nova-proprietaria-de-casa-na-inglaterra\/"},"author":{"name":"Reda\u00e7\u00e3o","@id":"https:\/\/www.notibras.com\/site\/#\/schema\/person\/36ab0979449956132d3e5b517ea76ac8"},"headline":"Foto de &#8216;fantasma&#8217; e ma\u00e7aneta que se move assustam dona de casa","datePublished":"2014-10-24T20:57:30+00:00","dateModified":"2014-10-26T19:18:48+00:00","mainEntityOfPage":{"@id":"https:\/\/www.notibras.com\/site\/foto-de-fantasma-e-macaneta-que-se-move-sozinha-assustam-nova-proprietaria-de-casa-na-inglaterra\/"},"wordCount":282,"commentCount":0,"publisher":{"@id":"https:\/\/www.notibras.com\/site\/#organization"},"image":{"@id":"https:\/\/www.notibras.com\/site\/foto-de-fantasma-e-macaneta-que-se-move-sozinha-assustam-nova-proprietaria-de-casa-na-inglaterra\/#primaryimage"},"thumbnailUrl":"https:\/\/www.notibras.com\/site\/wp-content\/uploads\/2014\/10\/reino-unidofantasmareprodaily-mail.jpg","articleSection":["Mundo"],"inLanguage":"pt-BR","potentialAction":[{"@type":"CommentAction","name":"Comment","target":["https:\/\/www.notibras.com\/site\/foto-de-fantasma-e-macaneta-que-se-move-sozinha-assustam-nova-proprietaria-de-casa-na-inglaterra\/#respond"]}]},{"@type":"WebPage","@id":"https:\/\/www.notibras.com\/site\/foto-de-fantasma-e-macaneta-que-se-move-sozinha-assustam-nova-proprietaria-de-casa-na-inglaterra\/","url":"https:\/\/www.notibras.com\/site\/foto-de-fantasma-e-macaneta-que-se-move-sozinha-assustam-nova-proprietaria-de-casa-na-inglaterra\/","name":"Foto de 'fantasma' e ma\u00e7aneta que se move assustam dona de casa - Notibras","isPartOf":{"@id":"https:\/\/www.notibras.com\/site\/#website"},"primaryImageOfPage":{"@id":"https:\/\/www.notibras.com\/site\/foto-de-fantasma-e-macaneta-que-se-move-sozinha-assustam-nova-proprietaria-de-casa-na-inglaterra\/#primaryimage"},"image":{"@id":"https:\/\/www.notibras.com\/site\/foto-de-fantasma-e-macaneta-que-se-move-sozinha-assustam-nova-proprietaria-de-casa-na-inglaterra\/#primaryimage"},"thumbnailUrl":"https:\/\/www.notibras.com\/site\/wp-content\/uploads\/2014\/10\/reino-unidofantasmareprodaily-mail.jpg","datePublished":"2014-10-24T20:57:30+00:00","dateModified":"2014-10-26T19:18:48+00:00","breadcrumb":{"@id":"https:\/\/www.notibras.com\/site\/foto-de-fantasma-e-macaneta-que-se-move-sozinha-assustam-nova-proprietaria-de-casa-na-inglaterra\/#breadcrumb"},"inLanguage":"pt-BR","potentialAction":[{"@type":"ReadAction","target":["https:\/\/www.notibras.com\/site\/foto-de-fantasma-e-macaneta-que-se-move-sozinha-assustam-nova-proprietaria-de-casa-na-inglaterra\/"]}]},{"@type":"ImageObject","inLanguage":"pt-BR","@id":"https:\/\/www.notibras.com\/site\/foto-de-fantasma-e-macaneta-que-se-move-sozinha-assustam-nova-proprietaria-de-casa-na-inglaterra\/#primaryimage","url":"https:\/\/www.notibras.com\/site\/wp-content\/uploads\/2014\/10\/reino-unidofantasmareprodaily-mail.jpg","contentUrl":"https:\/\/www.notibras.com\/site\/wp-content\/uploads\/2014\/10\/reino-unidofantasmareprodaily-mail.jpg","width":460,"height":340},{"@type":"BreadcrumbList","@id":"https:\/\/www.notibras.com\/site\/foto-de-fantasma-e-macaneta-que-se-move-sozinha-assustam-nova-proprietaria-de-casa-na-inglaterra\/#breadcrumb","itemListElement":[{"@type":"ListItem","position":1,"name":"In\u00edcio","item":"https:\/\/www.notibras.com\/site\/"},{"@type":"ListItem","position":2,"name":"Foto de &#8216;fantasma&#8217; e ma\u00e7aneta que se move assustam dona de casa"}]},{"@type":"WebSite","@id":"https:\/\/www.notibras.com\/site\/#website","url":"https:\/\/www.notibras.com\/site\/","name":"Notibras","description":"Not\u00edcias de Bras\u00edlia, do Brasil e do Mundo","publisher":{"@id":"https:\/\/www.notibras.com\/site\/#organization"},"potentialAction":[{"@type":"SearchAction","target":{"@type":"EntryPoint","urlTemplate":"https:\/\/www.notibras.com\/site\/?s={search_term_string}"},"query-input":{"@type":"PropertyValueSpecification","valueRequired":true,"valueName":"search_term_string"}}],"inLanguage":"pt-BR"},{"@type":"Organization","@id":"https:\/\/www.notibras.com\/site\/#organization","name":"Grupo Notibras de Comunica\u00e7\u00e3o","url":"https:\/\/www.notibras.com\/site\/","logo":{"@type":"ImageObject","inLanguage":"pt-BR","@id":"https:\/\/www.notibras.com\/site\/#\/schema\/logo\/image\/","url":"https:\/\/www.notibras.com\/site\/wp-content\/uploads\/2023\/01\/notibras23.png","contentUrl":"https:\/\/www.notibras.com\/site\/wp-content\/uploads\/2023\/01\/notibras23.png","width":350,"height":87,"caption":"Grupo Notibras de Comunica\u00e7\u00e3o"},"image":{"@id":"https:\/\/www.notibras.com\/site\/#\/schema\/logo\/image\/"},"sameAs":["https:\/\/www.facebook.com\/notibras\/","https:\/\/x.com\/Notibras","https:\/\/www.instagram.com\/notibras\/"]},{"@type":"Person","@id":"https:\/\/www.notibras.com\/site\/#\/schema\/person\/36ab0979449956132d3e5b517ea76ac8","name":"Reda\u00e7\u00e3o","image":{"@type":"ImageObject","inLanguage":"pt-BR","@id":"https:\/\/secure.gravatar.com\/avatar\/e0a867bdedb85fd243eadf09663511f96fc81e0720a4a42581f334ad4303aa6b?s=96&d=mm&r=g","url":"https:\/\/secure.gravatar.com\/avatar\/e0a867bdedb85fd243eadf09663511f96fc81e0720a4a42581f334ad4303aa6b?s=96&d=mm&r=g","contentUrl":"https:\/\/secure.gravatar.com\/avatar\/e0a867bdedb85fd243eadf09663511f96fc81e0720a4a42581f334ad4303aa6b?s=96&d=mm&r=g","caption":"Reda\u00e7\u00e3o"}}]}},"amp_enabled":true,"_links":{"self":[{"href":"https:\/\/www.notibras.com\/site\/wp-json\/wp\/v2\/posts\/25824","targetHints":{"allow":["GET"]}}],"collection":[{"href":"https:\/\/www.notibras.com\/site\/wp-json\/wp\/v2\/posts"}],"about":[{"href":"https:\/\/www.notibras.com\/site\/wp-json\/wp\/v2\/types\/post"}],"author":[{"embeddable":true,"href":"https:\/\/www.notibras.com\/site\/wp-json\/wp\/v2\/users\/2"}],"replies":[{"embeddable":true,"href":"https:\/\/www.notibras.com\/site\/wp-json\/wp\/v2\/comments?post=25824"}],"version-history":[{"count":0,"href":"https:\/\/www.notibras.com\/site\/wp-json\/wp\/v2\/posts\/25824\/revisions"}],"wp:featuredmedia":[{"embeddable":true,"href":"https:\/\/www.notibras.com\/site\/wp-json\/wp\/v2\/media\/25825"}],"wp:attachment":[{"href":"https:\/\/www.notibras.com\/site\/wp-json\/wp\/v2\/media?parent=25824"}],"wp:term":[{"taxonomy":"category","embeddable":true,"href":"https:\/\/www.notibras.com\/site\/wp-json\/wp\/v2\/categories?post=25824"},{"taxonomy":"post_tag","embeddable":true,"href":"https:\/\/www.notibras.com\/site\/wp-json\/wp\/v2\/tags?post=25824"}],"curies":[{"name":"wp","href":"https:\/\/api.w.org\/{rel}","templated":true}]}}