{"id":25948,"date":"2014-10-26T09:27:11","date_gmt":"2014-10-26T12:27:11","guid":{"rendered":"http:\/\/www.notibras.com\/site\/?p=25948"},"modified":"2014-10-27T10:30:28","modified_gmt":"2014-10-27T13:30:28","slug":"vitima-de-violencia-sexual-no-ira-mulher-mata-estuprador-e-condenada-e-morre-na-forca","status":"publish","type":"post","link":"https:\/\/www.notibras.com\/site\/vitima-de-violencia-sexual-no-ira-mulher-mata-estuprador-e-condenada-e-morre-na-forca\/","title":{"rendered":"V\u00edtima de viol\u00eancia sexual, mulher mata estuprador e morre na forca"},"content":{"rendered":"<p class=\"text\">As autoridades judiciais do Ir\u00e3 enforcaram na madrugada desde s\u00e1bado Reyhaneh Jabbari, a jovem de 26 anos condenada \u00e0 morte por matar o homem que a estuprou, confirmou \u00e0 Ag\u00eancia EFE\u00a0sua m\u00e3e, a atriz iraniana Shole Pakravan. &#8220;Enforcaram minha filha, enforcaram minha filha&#8221;, dizia entre solu\u00e7os.<\/p>\n<p class=\"text\">No final de setembro, a jovem, presa desde 2006, quando tinha 19 anos, foi transferida do centro penitenci\u00e1rio, onde cumpria pena, para a pris\u00e3o de Rajaishahr, perto de Teer\u00e3, onde se realizam execu\u00e7\u00f5es.<\/p>\n<p class=\"text\">Ent\u00e3o,\u00a0foram reativadas as campanhas e os pedidos internacionais para evitar o enforcamento, que foi suspenso temporariamente.<\/p>\n<p class=\"text\">Organiza\u00e7\u00f5es defensoras dos direitos humanos, como Anistia Internacional e Human Rights Watch, pediram o cancelamento da senten\u00e7a por considerar que o julgamento de Jabbari n\u00e3o contou com as garantias necess\u00e1rias.<\/p>\n<p class=\"text\">A Uni\u00e3o Europeia tamb\u00e9m pediu que as autoridades iranianas revogassem a decis\u00e3o judicial e realizem um novo processo.<\/p>\n<blockquote>\n<p class=\"text\">Mais de 240 mil pessoas assinaram um abaixo-assinado no Avaaz para pedir a suspens\u00e3o da execu\u00e7\u00e3o alegando que a jovem &#8220;atuou em defesa pr\u00f3pria&#8221;. No Facebook h\u00e1 diversas campanhas para apoiar sua causa, com p\u00e1ginas intituladas &#8220;Eu sou Reyhaneh Jabbari&#8221; e &#8220;Salvemos a Reyhaneh Jabbari da execu\u00e7\u00e3o no Ir\u00e3&#8221;.<\/p>\n<\/blockquote>\n<p class=\"text\">O relator especial da ONU para os direitos humanos no Ir\u00e3, Ahmed Shaheed, tamb\u00e9m pediu que a execu\u00e7\u00e3o fosse cancelada e um novo julgamento realizado, por entender que parte da acusa\u00e7\u00e3o se baseou em uma confiss\u00e3o foi obtida sob tortura.<\/p>\n<p class=\"text\">M\u00eas passado as autoridades iranianas intermediaram sem sucesso a tentativa de conseguir o perd\u00e3o da fam\u00edlia do falecido, que se negou a exercer esse direito, dado pela lei de guesas (lei isl\u00e2mica de &#8220;olho por olho&#8221;, que exige o pagamento de sangue com sangue) que impera no Ir\u00e3.<\/p>\n<p class=\"text\">&#8220;Quero que o direito do sangue de meu pai seja cobrado o mais r\u00e1pido poss\u00edvel&#8221;, declarou \u00e0 Ag\u00eancia Efe h\u00e1 duas semanas Jalal Sarvand\u00ed, filho da v\u00edtima.<\/p>\n<p class=\"text\">Segundo a vers\u00e3o da condenada, o m\u00e9dico a contratou para ajud\u00e1-la a decorar seu escrit\u00f3rio e a levou a um edif\u00edcio onde a estuprou, e ela se defendeu com uma pequena faca com e o feriu no ombro, mas n\u00e3o o matou.<\/p>\n<p class=\"text\">\n","protected":false},"excerpt":{"rendered":"<p>As autoridades judiciais do Ir\u00e3 enforcaram na madrugada desde s\u00e1bado Reyhaneh Jabbari, a jovem de 26 anos condenada \u00e0 morte por matar o homem que a estuprou, confirmou \u00e0 Ag\u00eancia EFE\u00a0sua m\u00e3e, a atriz iraniana Shole Pakravan. &#8220;Enforcaram minha filha, enforcaram minha filha&#8221;, dizia entre solu\u00e7os. No final de setembro, a jovem, presa desde 2006, [&hellip;]<\/p>\n","protected":false},"author":2,"featured_media":25949,"comment_status":"open","ping_status":"closed","sticky":false,"template":"","format":"standard","meta":{"_acf_changed":false,"footnotes":""},"categories":[17],"tags":[],"class_list":["post-25948","post","type-post","status-publish","format-standard","has-post-thumbnail","hentry","category-mundo"],"acf":[],"yoast_head":"<!-- This site is optimized with the Yoast SEO plugin v27.5 - https:\/\/yoast.com\/product\/yoast-seo-wordpress\/ -->\n<title>V\u00edtima de viol\u00eancia sexual, mulher mata estuprador e morre na forca - Notibras<\/title>\n<meta name=\"robots\" content=\"index, follow, max-snippet:-1, max-image-preview:large, max-video-preview:-1\" \/>\n<link rel=\"canonical\" href=\"https:\/\/www.notibras.com\/site\/vitima-de-violencia-sexual-no-ira-mulher-mata-estuprador-e-condenada-e-morre-na-forca\/\" \/>\n<meta property=\"og:locale\" content=\"pt_BR\" \/>\n<meta property=\"og:type\" content=\"article\" \/>\n<meta property=\"og:title\" content=\"V\u00edtima de viol\u00eancia sexual, mulher mata estuprador e morre na forca - Notibras\" \/>\n<meta property=\"og:description\" content=\"As autoridades judiciais do Ir\u00e3 enforcaram na madrugada desde s\u00e1bado Reyhaneh Jabbari, a jovem de 26 anos condenada \u00e0 morte por matar o homem que a estuprou, confirmou \u00e0 Ag\u00eancia EFE\u00a0sua m\u00e3e, a atriz iraniana Shole Pakravan. &#8220;Enforcaram minha filha, enforcaram minha filha&#8221;, dizia entre solu\u00e7os. No final de setembro, a jovem, presa desde 2006, [&hellip;]\" \/>\n<meta property=\"og:url\" content=\"https:\/\/www.notibras.com\/site\/vitima-de-violencia-sexual-no-ira-mulher-mata-estuprador-e-condenada-e-morre-na-forca\/\" \/>\n<meta property=\"og:site_name\" content=\"Notibras\" \/>\n<meta property=\"article:publisher\" content=\"https:\/\/www.facebook.com\/notibras\/\" \/>\n<meta property=\"article:published_time\" content=\"2014-10-26T12:27:11+00:00\" \/>\n<meta property=\"article:modified_time\" content=\"2014-10-27T13:30:28+00:00\" \/>\n<meta property=\"og:image\" content=\"https:\/\/www.notibras.com\/site\/wp-content\/uploads\/2014\/10\/iramulher-enforcadatwitter.jpg\" \/>\n\t<meta property=\"og:image:width\" content=\"460\" \/>\n\t<meta property=\"og:image:height\" content=\"340\" \/>\n\t<meta property=\"og:image:type\" content=\"image\/jpeg\" \/>\n<meta name=\"author\" content=\"Reda\u00e7\u00e3o\" \/>\n<meta name=\"twitter:card\" content=\"summary_large_image\" \/>\n<meta name=\"twitter:creator\" content=\"@Notibras\" \/>\n<meta name=\"twitter:site\" content=\"@Notibras\" \/>\n<meta name=\"twitter:label1\" content=\"Escrito por\" \/>\n\t<meta name=\"twitter:data1\" content=\"Reda\u00e7\u00e3o\" \/>\n\t<meta name=\"twitter:label2\" content=\"Est. tempo de leitura\" \/>\n\t<meta name=\"twitter:data2\" content=\"2 minutos\" \/>\n<script type=\"application\/ld+json\" class=\"yoast-schema-graph\">{\"@context\":\"https:\\\/\\\/schema.org\",\"@graph\":[{\"@type\":\"Article\",\"@id\":\"https:\\\/\\\/www.notibras.com\\\/site\\\/vitima-de-violencia-sexual-no-ira-mulher-mata-estuprador-e-condenada-e-morre-na-forca\\\/#article\",\"isPartOf\":{\"@id\":\"https:\\\/\\\/www.notibras.com\\\/site\\\/vitima-de-violencia-sexual-no-ira-mulher-mata-estuprador-e-condenada-e-morre-na-forca\\\/\"},\"author\":{\"name\":\"Reda\u00e7\u00e3o\",\"@id\":\"https:\\\/\\\/www.notibras.com\\\/site\\\/#\\\/schema\\\/person\\\/36ab0979449956132d3e5b517ea76ac8\"},\"headline\":\"V\u00edtima de viol\u00eancia sexual, mulher mata estuprador e morre na forca\",\"datePublished\":\"2014-10-26T12:27:11+00:00\",\"dateModified\":\"2014-10-27T13:30:28+00:00\",\"mainEntityOfPage\":{\"@id\":\"https:\\\/\\\/www.notibras.com\\\/site\\\/vitima-de-violencia-sexual-no-ira-mulher-mata-estuprador-e-condenada-e-morre-na-forca\\\/\"},\"wordCount\":395,\"commentCount\":0,\"publisher\":{\"@id\":\"https:\\\/\\\/www.notibras.com\\\/site\\\/#organization\"},\"image\":{\"@id\":\"https:\\\/\\\/www.notibras.com\\\/site\\\/vitima-de-violencia-sexual-no-ira-mulher-mata-estuprador-e-condenada-e-morre-na-forca\\\/#primaryimage\"},\"thumbnailUrl\":\"https:\\\/\\\/www.notibras.com\\\/site\\\/wp-content\\\/uploads\\\/2014\\\/10\\\/iramulher-enforcadatwitter.jpg\",\"articleSection\":[\"Mundo\"],\"inLanguage\":\"pt-BR\",\"potentialAction\":[{\"@type\":\"CommentAction\",\"name\":\"Comment\",\"target\":[\"https:\\\/\\\/www.notibras.com\\\/site\\\/vitima-de-violencia-sexual-no-ira-mulher-mata-estuprador-e-condenada-e-morre-na-forca\\\/#respond\"]}]},{\"@type\":\"WebPage\",\"@id\":\"https:\\\/\\\/www.notibras.com\\\/site\\\/vitima-de-violencia-sexual-no-ira-mulher-mata-estuprador-e-condenada-e-morre-na-forca\\\/\",\"url\":\"https:\\\/\\\/www.notibras.com\\\/site\\\/vitima-de-violencia-sexual-no-ira-mulher-mata-estuprador-e-condenada-e-morre-na-forca\\\/\",\"name\":\"V\u00edtima de viol\u00eancia sexual, mulher mata estuprador e morre na forca - Notibras\",\"isPartOf\":{\"@id\":\"https:\\\/\\\/www.notibras.com\\\/site\\\/#website\"},\"primaryImageOfPage\":{\"@id\":\"https:\\\/\\\/www.notibras.com\\\/site\\\/vitima-de-violencia-sexual-no-ira-mulher-mata-estuprador-e-condenada-e-morre-na-forca\\\/#primaryimage\"},\"image\":{\"@id\":\"https:\\\/\\\/www.notibras.com\\\/site\\\/vitima-de-violencia-sexual-no-ira-mulher-mata-estuprador-e-condenada-e-morre-na-forca\\\/#primaryimage\"},\"thumbnailUrl\":\"https:\\\/\\\/www.notibras.com\\\/site\\\/wp-content\\\/uploads\\\/2014\\\/10\\\/iramulher-enforcadatwitter.jpg\",\"datePublished\":\"2014-10-26T12:27:11+00:00\",\"dateModified\":\"2014-10-27T13:30:28+00:00\",\"breadcrumb\":{\"@id\":\"https:\\\/\\\/www.notibras.com\\\/site\\\/vitima-de-violencia-sexual-no-ira-mulher-mata-estuprador-e-condenada-e-morre-na-forca\\\/#breadcrumb\"},\"inLanguage\":\"pt-BR\",\"potentialAction\":[{\"@type\":\"ReadAction\",\"target\":[\"https:\\\/\\\/www.notibras.com\\\/site\\\/vitima-de-violencia-sexual-no-ira-mulher-mata-estuprador-e-condenada-e-morre-na-forca\\\/\"]}]},{\"@type\":\"ImageObject\",\"inLanguage\":\"pt-BR\",\"@id\":\"https:\\\/\\\/www.notibras.com\\\/site\\\/vitima-de-violencia-sexual-no-ira-mulher-mata-estuprador-e-condenada-e-morre-na-forca\\\/#primaryimage\",\"url\":\"https:\\\/\\\/www.notibras.com\\\/site\\\/wp-content\\\/uploads\\\/2014\\\/10\\\/iramulher-enforcadatwitter.jpg\",\"contentUrl\":\"https:\\\/\\\/www.notibras.com\\\/site\\\/wp-content\\\/uploads\\\/2014\\\/10\\\/iramulher-enforcadatwitter.jpg\",\"width\":460,\"height\":340},{\"@type\":\"BreadcrumbList\",\"@id\":\"https:\\\/\\\/www.notibras.com\\\/site\\\/vitima-de-violencia-sexual-no-ira-mulher-mata-estuprador-e-condenada-e-morre-na-forca\\\/#breadcrumb\",\"itemListElement\":[{\"@type\":\"ListItem\",\"position\":1,\"name\":\"In\u00edcio\",\"item\":\"https:\\\/\\\/www.notibras.com\\\/site\\\/\"},{\"@type\":\"ListItem\",\"position\":2,\"name\":\"V\u00edtima de viol\u00eancia sexual, mulher mata estuprador e morre na forca\"}]},{\"@type\":\"WebSite\",\"@id\":\"https:\\\/\\\/www.notibras.com\\\/site\\\/#website\",\"url\":\"https:\\\/\\\/www.notibras.com\\\/site\\\/\",\"name\":\"Notibras\",\"description\":\"Not\u00edcias de Bras\u00edlia, do Brasil e do Mundo\",\"publisher\":{\"@id\":\"https:\\\/\\\/www.notibras.com\\\/site\\\/#organization\"},\"potentialAction\":[{\"@type\":\"SearchAction\",\"target\":{\"@type\":\"EntryPoint\",\"urlTemplate\":\"https:\\\/\\\/www.notibras.com\\\/site\\\/?s={search_term_string}\"},\"query-input\":{\"@type\":\"PropertyValueSpecification\",\"valueRequired\":true,\"valueName\":\"search_term_string\"}}],\"inLanguage\":\"pt-BR\"},{\"@type\":\"Organization\",\"@id\":\"https:\\\/\\\/www.notibras.com\\\/site\\\/#organization\",\"name\":\"Grupo Notibras de Comunica\u00e7\u00e3o\",\"url\":\"https:\\\/\\\/www.notibras.com\\\/site\\\/\",\"logo\":{\"@type\":\"ImageObject\",\"inLanguage\":\"pt-BR\",\"@id\":\"https:\\\/\\\/www.notibras.com\\\/site\\\/#\\\/schema\\\/logo\\\/image\\\/\",\"url\":\"https:\\\/\\\/www.notibras.com\\\/site\\\/wp-content\\\/uploads\\\/2023\\\/01\\\/notibras23.png\",\"contentUrl\":\"https:\\\/\\\/www.notibras.com\\\/site\\\/wp-content\\\/uploads\\\/2023\\\/01\\\/notibras23.png\",\"width\":350,\"height\":87,\"caption\":\"Grupo Notibras de Comunica\u00e7\u00e3o\"},\"image\":{\"@id\":\"https:\\\/\\\/www.notibras.com\\\/site\\\/#\\\/schema\\\/logo\\\/image\\\/\"},\"sameAs\":[\"https:\\\/\\\/www.facebook.com\\\/notibras\\\/\",\"https:\\\/\\\/x.com\\\/Notibras\",\"https:\\\/\\\/www.instagram.com\\\/notibras\\\/\"]},{\"@type\":\"Person\",\"@id\":\"https:\\\/\\\/www.notibras.com\\\/site\\\/#\\\/schema\\\/person\\\/36ab0979449956132d3e5b517ea76ac8\",\"name\":\"Reda\u00e7\u00e3o\",\"image\":{\"@type\":\"ImageObject\",\"inLanguage\":\"pt-BR\",\"@id\":\"https:\\\/\\\/secure.gravatar.com\\\/avatar\\\/e0a867bdedb85fd243eadf09663511f96fc81e0720a4a42581f334ad4303aa6b?s=96&d=mm&r=g\",\"url\":\"https:\\\/\\\/secure.gravatar.com\\\/avatar\\\/e0a867bdedb85fd243eadf09663511f96fc81e0720a4a42581f334ad4303aa6b?s=96&d=mm&r=g\",\"contentUrl\":\"https:\\\/\\\/secure.gravatar.com\\\/avatar\\\/e0a867bdedb85fd243eadf09663511f96fc81e0720a4a42581f334ad4303aa6b?s=96&d=mm&r=g\",\"caption\":\"Reda\u00e7\u00e3o\"}}]}<\/script>\n<!-- \/ Yoast SEO plugin. -->","yoast_head_json":{"title":"V\u00edtima de viol\u00eancia sexual, mulher mata estuprador e morre na forca - Notibras","robots":{"index":"index","follow":"follow","max-snippet":"max-snippet:-1","max-image-preview":"max-image-preview:large","max-video-preview":"max-video-preview:-1"},"canonical":"https:\/\/www.notibras.com\/site\/vitima-de-violencia-sexual-no-ira-mulher-mata-estuprador-e-condenada-e-morre-na-forca\/","og_locale":"pt_BR","og_type":"article","og_title":"V\u00edtima de viol\u00eancia sexual, mulher mata estuprador e morre na forca - Notibras","og_description":"As autoridades judiciais do Ir\u00e3 enforcaram na madrugada desde s\u00e1bado Reyhaneh Jabbari, a jovem de 26 anos condenada \u00e0 morte por matar o homem que a estuprou, confirmou \u00e0 Ag\u00eancia EFE\u00a0sua m\u00e3e, a atriz iraniana Shole Pakravan. &#8220;Enforcaram minha filha, enforcaram minha filha&#8221;, dizia entre solu\u00e7os. No final de setembro, a jovem, presa desde 2006, [&hellip;]","og_url":"https:\/\/www.notibras.com\/site\/vitima-de-violencia-sexual-no-ira-mulher-mata-estuprador-e-condenada-e-morre-na-forca\/","og_site_name":"Notibras","article_publisher":"https:\/\/www.facebook.com\/notibras\/","article_published_time":"2014-10-26T12:27:11+00:00","article_modified_time":"2014-10-27T13:30:28+00:00","og_image":[{"width":460,"height":340,"url":"https:\/\/www.notibras.com\/site\/wp-content\/uploads\/2014\/10\/iramulher-enforcadatwitter.jpg","type":"image\/jpeg"}],"author":"Reda\u00e7\u00e3o","twitter_card":"summary_large_image","twitter_creator":"@Notibras","twitter_site":"@Notibras","twitter_misc":{"Escrito por":"Reda\u00e7\u00e3o","Est. tempo de leitura":"2 minutos"},"schema":{"@context":"https:\/\/schema.org","@graph":[{"@type":"Article","@id":"https:\/\/www.notibras.com\/site\/vitima-de-violencia-sexual-no-ira-mulher-mata-estuprador-e-condenada-e-morre-na-forca\/#article","isPartOf":{"@id":"https:\/\/www.notibras.com\/site\/vitima-de-violencia-sexual-no-ira-mulher-mata-estuprador-e-condenada-e-morre-na-forca\/"},"author":{"name":"Reda\u00e7\u00e3o","@id":"https:\/\/www.notibras.com\/site\/#\/schema\/person\/36ab0979449956132d3e5b517ea76ac8"},"headline":"V\u00edtima de viol\u00eancia sexual, mulher mata estuprador e morre na forca","datePublished":"2014-10-26T12:27:11+00:00","dateModified":"2014-10-27T13:30:28+00:00","mainEntityOfPage":{"@id":"https:\/\/www.notibras.com\/site\/vitima-de-violencia-sexual-no-ira-mulher-mata-estuprador-e-condenada-e-morre-na-forca\/"},"wordCount":395,"commentCount":0,"publisher":{"@id":"https:\/\/www.notibras.com\/site\/#organization"},"image":{"@id":"https:\/\/www.notibras.com\/site\/vitima-de-violencia-sexual-no-ira-mulher-mata-estuprador-e-condenada-e-morre-na-forca\/#primaryimage"},"thumbnailUrl":"https:\/\/www.notibras.com\/site\/wp-content\/uploads\/2014\/10\/iramulher-enforcadatwitter.jpg","articleSection":["Mundo"],"inLanguage":"pt-BR","potentialAction":[{"@type":"CommentAction","name":"Comment","target":["https:\/\/www.notibras.com\/site\/vitima-de-violencia-sexual-no-ira-mulher-mata-estuprador-e-condenada-e-morre-na-forca\/#respond"]}]},{"@type":"WebPage","@id":"https:\/\/www.notibras.com\/site\/vitima-de-violencia-sexual-no-ira-mulher-mata-estuprador-e-condenada-e-morre-na-forca\/","url":"https:\/\/www.notibras.com\/site\/vitima-de-violencia-sexual-no-ira-mulher-mata-estuprador-e-condenada-e-morre-na-forca\/","name":"V\u00edtima de viol\u00eancia sexual, mulher mata estuprador e morre na forca - Notibras","isPartOf":{"@id":"https:\/\/www.notibras.com\/site\/#website"},"primaryImageOfPage":{"@id":"https:\/\/www.notibras.com\/site\/vitima-de-violencia-sexual-no-ira-mulher-mata-estuprador-e-condenada-e-morre-na-forca\/#primaryimage"},"image":{"@id":"https:\/\/www.notibras.com\/site\/vitima-de-violencia-sexual-no-ira-mulher-mata-estuprador-e-condenada-e-morre-na-forca\/#primaryimage"},"thumbnailUrl":"https:\/\/www.notibras.com\/site\/wp-content\/uploads\/2014\/10\/iramulher-enforcadatwitter.jpg","datePublished":"2014-10-26T12:27:11+00:00","dateModified":"2014-10-27T13:30:28+00:00","breadcrumb":{"@id":"https:\/\/www.notibras.com\/site\/vitima-de-violencia-sexual-no-ira-mulher-mata-estuprador-e-condenada-e-morre-na-forca\/#breadcrumb"},"inLanguage":"pt-BR","potentialAction":[{"@type":"ReadAction","target":["https:\/\/www.notibras.com\/site\/vitima-de-violencia-sexual-no-ira-mulher-mata-estuprador-e-condenada-e-morre-na-forca\/"]}]},{"@type":"ImageObject","inLanguage":"pt-BR","@id":"https:\/\/www.notibras.com\/site\/vitima-de-violencia-sexual-no-ira-mulher-mata-estuprador-e-condenada-e-morre-na-forca\/#primaryimage","url":"https:\/\/www.notibras.com\/site\/wp-content\/uploads\/2014\/10\/iramulher-enforcadatwitter.jpg","contentUrl":"https:\/\/www.notibras.com\/site\/wp-content\/uploads\/2014\/10\/iramulher-enforcadatwitter.jpg","width":460,"height":340},{"@type":"BreadcrumbList","@id":"https:\/\/www.notibras.com\/site\/vitima-de-violencia-sexual-no-ira-mulher-mata-estuprador-e-condenada-e-morre-na-forca\/#breadcrumb","itemListElement":[{"@type":"ListItem","position":1,"name":"In\u00edcio","item":"https:\/\/www.notibras.com\/site\/"},{"@type":"ListItem","position":2,"name":"V\u00edtima de viol\u00eancia sexual, mulher mata estuprador e morre na forca"}]},{"@type":"WebSite","@id":"https:\/\/www.notibras.com\/site\/#website","url":"https:\/\/www.notibras.com\/site\/","name":"Notibras","description":"Not\u00edcias de Bras\u00edlia, do Brasil e do Mundo","publisher":{"@id":"https:\/\/www.notibras.com\/site\/#organization"},"potentialAction":[{"@type":"SearchAction","target":{"@type":"EntryPoint","urlTemplate":"https:\/\/www.notibras.com\/site\/?s={search_term_string}"},"query-input":{"@type":"PropertyValueSpecification","valueRequired":true,"valueName":"search_term_string"}}],"inLanguage":"pt-BR"},{"@type":"Organization","@id":"https:\/\/www.notibras.com\/site\/#organization","name":"Grupo Notibras de Comunica\u00e7\u00e3o","url":"https:\/\/www.notibras.com\/site\/","logo":{"@type":"ImageObject","inLanguage":"pt-BR","@id":"https:\/\/www.notibras.com\/site\/#\/schema\/logo\/image\/","url":"https:\/\/www.notibras.com\/site\/wp-content\/uploads\/2023\/01\/notibras23.png","contentUrl":"https:\/\/www.notibras.com\/site\/wp-content\/uploads\/2023\/01\/notibras23.png","width":350,"height":87,"caption":"Grupo Notibras de Comunica\u00e7\u00e3o"},"image":{"@id":"https:\/\/www.notibras.com\/site\/#\/schema\/logo\/image\/"},"sameAs":["https:\/\/www.facebook.com\/notibras\/","https:\/\/x.com\/Notibras","https:\/\/www.instagram.com\/notibras\/"]},{"@type":"Person","@id":"https:\/\/www.notibras.com\/site\/#\/schema\/person\/36ab0979449956132d3e5b517ea76ac8","name":"Reda\u00e7\u00e3o","image":{"@type":"ImageObject","inLanguage":"pt-BR","@id":"https:\/\/secure.gravatar.com\/avatar\/e0a867bdedb85fd243eadf09663511f96fc81e0720a4a42581f334ad4303aa6b?s=96&d=mm&r=g","url":"https:\/\/secure.gravatar.com\/avatar\/e0a867bdedb85fd243eadf09663511f96fc81e0720a4a42581f334ad4303aa6b?s=96&d=mm&r=g","contentUrl":"https:\/\/secure.gravatar.com\/avatar\/e0a867bdedb85fd243eadf09663511f96fc81e0720a4a42581f334ad4303aa6b?s=96&d=mm&r=g","caption":"Reda\u00e7\u00e3o"}}]}},"amp_enabled":true,"_links":{"self":[{"href":"https:\/\/www.notibras.com\/site\/wp-json\/wp\/v2\/posts\/25948","targetHints":{"allow":["GET"]}}],"collection":[{"href":"https:\/\/www.notibras.com\/site\/wp-json\/wp\/v2\/posts"}],"about":[{"href":"https:\/\/www.notibras.com\/site\/wp-json\/wp\/v2\/types\/post"}],"author":[{"embeddable":true,"href":"https:\/\/www.notibras.com\/site\/wp-json\/wp\/v2\/users\/2"}],"replies":[{"embeddable":true,"href":"https:\/\/www.notibras.com\/site\/wp-json\/wp\/v2\/comments?post=25948"}],"version-history":[{"count":0,"href":"https:\/\/www.notibras.com\/site\/wp-json\/wp\/v2\/posts\/25948\/revisions"}],"wp:featuredmedia":[{"embeddable":true,"href":"https:\/\/www.notibras.com\/site\/wp-json\/wp\/v2\/media\/25949"}],"wp:attachment":[{"href":"https:\/\/www.notibras.com\/site\/wp-json\/wp\/v2\/media?parent=25948"}],"wp:term":[{"taxonomy":"category","embeddable":true,"href":"https:\/\/www.notibras.com\/site\/wp-json\/wp\/v2\/categories?post=25948"},{"taxonomy":"post_tag","embeddable":true,"href":"https:\/\/www.notibras.com\/site\/wp-json\/wp\/v2\/tags?post=25948"}],"curies":[{"name":"wp","href":"https:\/\/api.w.org\/{rel}","templated":true}]}}