{"id":25953,"date":"2014-10-26T15:19:10","date_gmt":"2014-10-26T18:19:10","guid":{"rendered":"http:\/\/www.notibras.com\/site\/?p=25953"},"modified":"2014-10-26T15:19:10","modified_gmt":"2014-10-26T18:19:10","slug":"procura-por-universidade-paga-mostra-o-enem-consolidado","status":"publish","type":"post","link":"https:\/\/www.notibras.com\/site\/procura-por-universidade-paga-mostra-o-enem-consolidado\/","title":{"rendered":"Procura por universidade paga mostra o Enem consolidado"},"content":{"rendered":"<p>O Enem \u00e9 uma proposta vitoriosa e os n\u00fameros podem comprovar. No ano passado, mais de 7 milh\u00f5es de jovens fizeram a prova. Esse ano, o percentual de inscritos cresceu 21,6% em rela\u00e7\u00e3o ao ano de 2013, atingindo a marca de 8,7 milh\u00f5es de participantes.<\/p>\n<p>Ao olhar para o gr\u00e1fico que mostra a evolu\u00e7\u00e3o das inscri\u00e7\u00f5es, o que se se observa \u00e9 que houve uma ades\u00e3o expressiva nos \u00faltimos dois anos. A curva vinha crescendo e, em 2013, passou a subir de uma forma acentuada.<\/p>\n<p>Acredito que esse crescimento demonstra que a sociedade brasileira acordou para o problema da educa\u00e7\u00e3o. Isso se deve em grande parte aos programas federais criados na \u00e1rea.<\/p>\n<p>O Brasil triplicou o n\u00famero de vagas nas universidades federais; ampliou a Lei de Cotas; manteve expressivo n\u00famero de vagas no Prouni (Programa Universidade para Todos); e o Fies (programa de financiamento estudantil) contabiliza mais de 1,6 de milh\u00e3o de contratos assinados.<\/p>\n<p>De outro lado, nascido em 1998 como ferramenta de avalia\u00e7\u00e3o do desempenho dos alunos do ensino m\u00e9dio,o Enem \u00e9 hoje a principal forma de acesso dos estudantes ao ensino superior. Muitas institui\u00e7\u00f5es substitu\u00edram o tradicional vestibular pelo exame e outras j\u00e1 o utilizam como parte do processo seletivo.<\/p>\n<p>O Enem \u00e9 adotado por 50 das 59 universidades federais. Neste ano, mais seis universidades federais \u2013 entre elas a Universidade de Bras\u00edlia, a Universidade Federal de Minas Gerais e a Universidade Federal da Bahia \u2013 aderiram ao exame. Al\u00e9m destas, mais quatro universidades estaduais e 29 institutos federais usam o Enem como forma de sele\u00e7\u00e3o de estudantes.<\/p>\n<blockquote><p>O Enem \u00e9 um sucesso. Prova do \u00eaxito dessa inova\u00e7\u00e3o \u00e9 o recente an\u00fancio de tradicionais institui\u00e7\u00f5es privadas de ensino de S\u00e3o Paulo de que adotaram o exame como processo seletivo. Entre estas est\u00e3o a Funda\u00e7\u00e3o Get\u00falio Vargas (FGV) e a Faculdade Armando \u00c1lvares Penteado (Faap). A partir deste ano, elas usar\u00e3o o Enem como forma de ingresso em parte das vagas.<\/p><\/blockquote>\n<p>Na Faap, a iniciativa ser\u00e1 v\u00e1lida para 15 dos 19 cursos. Ao todo, s\u00e3o 305 vagas \u2013 de um total de 1.255 \u2013 destinadas aos candidatos que prestaram o Enem. J\u00e1 na FGV, a Escola de Administra\u00e7\u00e3o de Empresas vai seguir rumo semelhante e destinar parte das vagas ao Enem para os cursos de Administra\u00e7\u00e3o (15 das 200 vagas) e Administra\u00e7\u00e3o P\u00fablica (5 das 50).<\/p>\n<p>Outras universidades particulares de S\u00e3o Paulo j\u00e1 haviam tomado a mesma decis\u00e3o. Desde 1998, o Enem \u00e9 usado na Universidade Metodista, em S\u00e3o Bernardo do Campo. Em 2009, houve a ades\u00e3o da Anhembi Morumbi, na capital. As duas utilizam o exame que pode substituir o vestibular, se o estudante tiver tirado melhor nota.<\/p>\n<p>J\u00e1 na Pontif\u00edcia Universidade Cat\u00f3lica (PUC-SP) e no Mackenzie o exame \u00e9 usado no vestibular do meio do ano, pois no fim do ano as notas do Enem saem ap\u00f3s a divulga\u00e7\u00e3o dos resultados de seus vestibulares.<\/p>\n<p>Do ponto de vista do conte\u00fado, o Enem \u00e9 uma revolu\u00e7\u00e3o. O exame inovou e trouxe a transversalidade e a interdisciplinaridade \u00e0s provas. Trata-se de um m\u00e9todo para despertar no aluno a rela\u00e7\u00e3o entre temas diversos, quebrando a vis\u00e3o fragmentada da realidade que as regras r\u00edgidas e estanques das disciplinas impunham aos alunos.<\/p>\n<p>Por isso, n\u00e3o h\u00e1 como negar que o Enem amadureceu e consolidou-se<\/p>\n<p><strong>Gilberto Giusepone Jr<\/strong><\/p>\n","protected":false},"excerpt":{"rendered":"<p>O Enem \u00e9 uma proposta vitoriosa e os n\u00fameros podem comprovar. No ano passado, mais de 7 milh\u00f5es de jovens fizeram a prova. Esse ano, o percentual de inscritos cresceu 21,6% em rela\u00e7\u00e3o ao ano de 2013, atingindo a marca de 8,7 milh\u00f5es de participantes. Ao olhar para o gr\u00e1fico que mostra a evolu\u00e7\u00e3o das [&hellip;]<\/p>\n","protected":false},"author":2,"featured_media":25955,"comment_status":"open","ping_status":"closed","sticky":false,"template":"","format":"standard","meta":{"_acf_changed":false,"footnotes":""},"categories":[25],"tags":[],"class_list":["post-25953","post","type-post","status-publish","format-standard","has-post-thumbnail","hentry","category-opina-ai"],"acf":[],"yoast_head":"<!-- This site is optimized with the Yoast SEO plugin v27.5 - https:\/\/yoast.com\/product\/yoast-seo-wordpress\/ -->\n<title>Procura por universidade paga mostra o Enem consolidado - Notibras<\/title>\n<meta name=\"robots\" content=\"index, follow, max-snippet:-1, max-image-preview:large, max-video-preview:-1\" \/>\n<link rel=\"canonical\" href=\"https:\/\/www.notibras.com\/site\/procura-por-universidade-paga-mostra-o-enem-consolidado\/\" \/>\n<meta property=\"og:locale\" content=\"pt_BR\" \/>\n<meta property=\"og:type\" content=\"article\" \/>\n<meta property=\"og:title\" content=\"Procura por universidade paga mostra o Enem consolidado - Notibras\" \/>\n<meta property=\"og:description\" content=\"O Enem \u00e9 uma proposta vitoriosa e os n\u00fameros podem comprovar. No ano passado, mais de 7 milh\u00f5es de jovens fizeram a prova. Esse ano, o percentual de inscritos cresceu 21,6% em rela\u00e7\u00e3o ao ano de 2013, atingindo a marca de 8,7 milh\u00f5es de participantes. Ao olhar para o gr\u00e1fico que mostra a evolu\u00e7\u00e3o das [&hellip;]\" \/>\n<meta property=\"og:url\" content=\"https:\/\/www.notibras.com\/site\/procura-por-universidade-paga-mostra-o-enem-consolidado\/\" \/>\n<meta property=\"og:site_name\" content=\"Notibras\" \/>\n<meta property=\"article:publisher\" content=\"https:\/\/www.facebook.com\/notibras\/\" \/>\n<meta property=\"article:published_time\" content=\"2014-10-26T18:19:10+00:00\" \/>\n<meta property=\"og:image\" content=\"https:\/\/www.notibras.com\/site\/wp-content\/uploads\/2014\/10\/op2.jpg\" \/>\n\t<meta property=\"og:image:width\" content=\"720\" \/>\n\t<meta property=\"og:image:height\" content=\"460\" \/>\n\t<meta property=\"og:image:type\" content=\"image\/jpeg\" \/>\n<meta name=\"author\" content=\"Reda\u00e7\u00e3o\" \/>\n<meta name=\"twitter:card\" content=\"summary_large_image\" \/>\n<meta name=\"twitter:creator\" content=\"@Notibras\" \/>\n<meta name=\"twitter:site\" content=\"@Notibras\" \/>\n<meta name=\"twitter:label1\" content=\"Escrito por\" \/>\n\t<meta name=\"twitter:data1\" content=\"Reda\u00e7\u00e3o\" \/>\n\t<meta name=\"twitter:label2\" content=\"Est. tempo de leitura\" \/>\n\t<meta name=\"twitter:data2\" content=\"3 minutos\" \/>\n<script type=\"application\/ld+json\" class=\"yoast-schema-graph\">{\"@context\":\"https:\\\/\\\/schema.org\",\"@graph\":[{\"@type\":\"Article\",\"@id\":\"https:\\\/\\\/www.notibras.com\\\/site\\\/procura-por-universidade-paga-mostra-o-enem-consolidado\\\/#article\",\"isPartOf\":{\"@id\":\"https:\\\/\\\/www.notibras.com\\\/site\\\/procura-por-universidade-paga-mostra-o-enem-consolidado\\\/\"},\"author\":{\"name\":\"Reda\u00e7\u00e3o\",\"@id\":\"https:\\\/\\\/www.notibras.com\\\/site\\\/#\\\/schema\\\/person\\\/36ab0979449956132d3e5b517ea76ac8\"},\"headline\":\"Procura por universidade paga mostra o Enem consolidado\",\"datePublished\":\"2014-10-26T18:19:10+00:00\",\"mainEntityOfPage\":{\"@id\":\"https:\\\/\\\/www.notibras.com\\\/site\\\/procura-por-universidade-paga-mostra-o-enem-consolidado\\\/\"},\"wordCount\":569,\"commentCount\":0,\"publisher\":{\"@id\":\"https:\\\/\\\/www.notibras.com\\\/site\\\/#organization\"},\"image\":{\"@id\":\"https:\\\/\\\/www.notibras.com\\\/site\\\/procura-por-universidade-paga-mostra-o-enem-consolidado\\\/#primaryimage\"},\"thumbnailUrl\":\"https:\\\/\\\/www.notibras.com\\\/site\\\/wp-content\\\/uploads\\\/2014\\\/10\\\/op2.jpg\",\"articleSection\":[\"Opina a\u00ed\"],\"inLanguage\":\"pt-BR\",\"potentialAction\":[{\"@type\":\"CommentAction\",\"name\":\"Comment\",\"target\":[\"https:\\\/\\\/www.notibras.com\\\/site\\\/procura-por-universidade-paga-mostra-o-enem-consolidado\\\/#respond\"]}]},{\"@type\":\"WebPage\",\"@id\":\"https:\\\/\\\/www.notibras.com\\\/site\\\/procura-por-universidade-paga-mostra-o-enem-consolidado\\\/\",\"url\":\"https:\\\/\\\/www.notibras.com\\\/site\\\/procura-por-universidade-paga-mostra-o-enem-consolidado\\\/\",\"name\":\"Procura por universidade paga mostra o Enem consolidado - Notibras\",\"isPartOf\":{\"@id\":\"https:\\\/\\\/www.notibras.com\\\/site\\\/#website\"},\"primaryImageOfPage\":{\"@id\":\"https:\\\/\\\/www.notibras.com\\\/site\\\/procura-por-universidade-paga-mostra-o-enem-consolidado\\\/#primaryimage\"},\"image\":{\"@id\":\"https:\\\/\\\/www.notibras.com\\\/site\\\/procura-por-universidade-paga-mostra-o-enem-consolidado\\\/#primaryimage\"},\"thumbnailUrl\":\"https:\\\/\\\/www.notibras.com\\\/site\\\/wp-content\\\/uploads\\\/2014\\\/10\\\/op2.jpg\",\"datePublished\":\"2014-10-26T18:19:10+00:00\",\"breadcrumb\":{\"@id\":\"https:\\\/\\\/www.notibras.com\\\/site\\\/procura-por-universidade-paga-mostra-o-enem-consolidado\\\/#breadcrumb\"},\"inLanguage\":\"pt-BR\",\"potentialAction\":[{\"@type\":\"ReadAction\",\"target\":[\"https:\\\/\\\/www.notibras.com\\\/site\\\/procura-por-universidade-paga-mostra-o-enem-consolidado\\\/\"]}]},{\"@type\":\"ImageObject\",\"inLanguage\":\"pt-BR\",\"@id\":\"https:\\\/\\\/www.notibras.com\\\/site\\\/procura-por-universidade-paga-mostra-o-enem-consolidado\\\/#primaryimage\",\"url\":\"https:\\\/\\\/www.notibras.com\\\/site\\\/wp-content\\\/uploads\\\/2014\\\/10\\\/op2.jpg\",\"contentUrl\":\"https:\\\/\\\/www.notibras.com\\\/site\\\/wp-content\\\/uploads\\\/2014\\\/10\\\/op2.jpg\",\"width\":720,\"height\":460},{\"@type\":\"BreadcrumbList\",\"@id\":\"https:\\\/\\\/www.notibras.com\\\/site\\\/procura-por-universidade-paga-mostra-o-enem-consolidado\\\/#breadcrumb\",\"itemListElement\":[{\"@type\":\"ListItem\",\"position\":1,\"name\":\"In\u00edcio\",\"item\":\"https:\\\/\\\/www.notibras.com\\\/site\\\/\"},{\"@type\":\"ListItem\",\"position\":2,\"name\":\"Procura por universidade paga mostra o Enem consolidado\"}]},{\"@type\":\"WebSite\",\"@id\":\"https:\\\/\\\/www.notibras.com\\\/site\\\/#website\",\"url\":\"https:\\\/\\\/www.notibras.com\\\/site\\\/\",\"name\":\"Notibras\",\"description\":\"Not\u00edcias de Bras\u00edlia, do Brasil e do Mundo\",\"publisher\":{\"@id\":\"https:\\\/\\\/www.notibras.com\\\/site\\\/#organization\"},\"potentialAction\":[{\"@type\":\"SearchAction\",\"target\":{\"@type\":\"EntryPoint\",\"urlTemplate\":\"https:\\\/\\\/www.notibras.com\\\/site\\\/?s={search_term_string}\"},\"query-input\":{\"@type\":\"PropertyValueSpecification\",\"valueRequired\":true,\"valueName\":\"search_term_string\"}}],\"inLanguage\":\"pt-BR\"},{\"@type\":\"Organization\",\"@id\":\"https:\\\/\\\/www.notibras.com\\\/site\\\/#organization\",\"name\":\"Grupo Notibras de Comunica\u00e7\u00e3o\",\"url\":\"https:\\\/\\\/www.notibras.com\\\/site\\\/\",\"logo\":{\"@type\":\"ImageObject\",\"inLanguage\":\"pt-BR\",\"@id\":\"https:\\\/\\\/www.notibras.com\\\/site\\\/#\\\/schema\\\/logo\\\/image\\\/\",\"url\":\"https:\\\/\\\/www.notibras.com\\\/site\\\/wp-content\\\/uploads\\\/2023\\\/01\\\/notibras23.png\",\"contentUrl\":\"https:\\\/\\\/www.notibras.com\\\/site\\\/wp-content\\\/uploads\\\/2023\\\/01\\\/notibras23.png\",\"width\":350,\"height\":87,\"caption\":\"Grupo Notibras de Comunica\u00e7\u00e3o\"},\"image\":{\"@id\":\"https:\\\/\\\/www.notibras.com\\\/site\\\/#\\\/schema\\\/logo\\\/image\\\/\"},\"sameAs\":[\"https:\\\/\\\/www.facebook.com\\\/notibras\\\/\",\"https:\\\/\\\/x.com\\\/Notibras\",\"https:\\\/\\\/www.instagram.com\\\/notibras\\\/\"]},{\"@type\":\"Person\",\"@id\":\"https:\\\/\\\/www.notibras.com\\\/site\\\/#\\\/schema\\\/person\\\/36ab0979449956132d3e5b517ea76ac8\",\"name\":\"Reda\u00e7\u00e3o\",\"image\":{\"@type\":\"ImageObject\",\"inLanguage\":\"pt-BR\",\"@id\":\"https:\\\/\\\/secure.gravatar.com\\\/avatar\\\/e0a867bdedb85fd243eadf09663511f96fc81e0720a4a42581f334ad4303aa6b?s=96&d=mm&r=g\",\"url\":\"https:\\\/\\\/secure.gravatar.com\\\/avatar\\\/e0a867bdedb85fd243eadf09663511f96fc81e0720a4a42581f334ad4303aa6b?s=96&d=mm&r=g\",\"contentUrl\":\"https:\\\/\\\/secure.gravatar.com\\\/avatar\\\/e0a867bdedb85fd243eadf09663511f96fc81e0720a4a42581f334ad4303aa6b?s=96&d=mm&r=g\",\"caption\":\"Reda\u00e7\u00e3o\"}}]}<\/script>\n<!-- \/ Yoast SEO plugin. -->","yoast_head_json":{"title":"Procura por universidade paga mostra o Enem consolidado - Notibras","robots":{"index":"index","follow":"follow","max-snippet":"max-snippet:-1","max-image-preview":"max-image-preview:large","max-video-preview":"max-video-preview:-1"},"canonical":"https:\/\/www.notibras.com\/site\/procura-por-universidade-paga-mostra-o-enem-consolidado\/","og_locale":"pt_BR","og_type":"article","og_title":"Procura por universidade paga mostra o Enem consolidado - Notibras","og_description":"O Enem \u00e9 uma proposta vitoriosa e os n\u00fameros podem comprovar. No ano passado, mais de 7 milh\u00f5es de jovens fizeram a prova. Esse ano, o percentual de inscritos cresceu 21,6% em rela\u00e7\u00e3o ao ano de 2013, atingindo a marca de 8,7 milh\u00f5es de participantes. Ao olhar para o gr\u00e1fico que mostra a evolu\u00e7\u00e3o das [&hellip;]","og_url":"https:\/\/www.notibras.com\/site\/procura-por-universidade-paga-mostra-o-enem-consolidado\/","og_site_name":"Notibras","article_publisher":"https:\/\/www.facebook.com\/notibras\/","article_published_time":"2014-10-26T18:19:10+00:00","og_image":[{"width":720,"height":460,"url":"https:\/\/www.notibras.com\/site\/wp-content\/uploads\/2014\/10\/op2.jpg","type":"image\/jpeg"}],"author":"Reda\u00e7\u00e3o","twitter_card":"summary_large_image","twitter_creator":"@Notibras","twitter_site":"@Notibras","twitter_misc":{"Escrito por":"Reda\u00e7\u00e3o","Est. tempo de leitura":"3 minutos"},"schema":{"@context":"https:\/\/schema.org","@graph":[{"@type":"Article","@id":"https:\/\/www.notibras.com\/site\/procura-por-universidade-paga-mostra-o-enem-consolidado\/#article","isPartOf":{"@id":"https:\/\/www.notibras.com\/site\/procura-por-universidade-paga-mostra-o-enem-consolidado\/"},"author":{"name":"Reda\u00e7\u00e3o","@id":"https:\/\/www.notibras.com\/site\/#\/schema\/person\/36ab0979449956132d3e5b517ea76ac8"},"headline":"Procura por universidade paga mostra o Enem consolidado","datePublished":"2014-10-26T18:19:10+00:00","mainEntityOfPage":{"@id":"https:\/\/www.notibras.com\/site\/procura-por-universidade-paga-mostra-o-enem-consolidado\/"},"wordCount":569,"commentCount":0,"publisher":{"@id":"https:\/\/www.notibras.com\/site\/#organization"},"image":{"@id":"https:\/\/www.notibras.com\/site\/procura-por-universidade-paga-mostra-o-enem-consolidado\/#primaryimage"},"thumbnailUrl":"https:\/\/www.notibras.com\/site\/wp-content\/uploads\/2014\/10\/op2.jpg","articleSection":["Opina a\u00ed"],"inLanguage":"pt-BR","potentialAction":[{"@type":"CommentAction","name":"Comment","target":["https:\/\/www.notibras.com\/site\/procura-por-universidade-paga-mostra-o-enem-consolidado\/#respond"]}]},{"@type":"WebPage","@id":"https:\/\/www.notibras.com\/site\/procura-por-universidade-paga-mostra-o-enem-consolidado\/","url":"https:\/\/www.notibras.com\/site\/procura-por-universidade-paga-mostra-o-enem-consolidado\/","name":"Procura por universidade paga mostra o Enem consolidado - Notibras","isPartOf":{"@id":"https:\/\/www.notibras.com\/site\/#website"},"primaryImageOfPage":{"@id":"https:\/\/www.notibras.com\/site\/procura-por-universidade-paga-mostra-o-enem-consolidado\/#primaryimage"},"image":{"@id":"https:\/\/www.notibras.com\/site\/procura-por-universidade-paga-mostra-o-enem-consolidado\/#primaryimage"},"thumbnailUrl":"https:\/\/www.notibras.com\/site\/wp-content\/uploads\/2014\/10\/op2.jpg","datePublished":"2014-10-26T18:19:10+00:00","breadcrumb":{"@id":"https:\/\/www.notibras.com\/site\/procura-por-universidade-paga-mostra-o-enem-consolidado\/#breadcrumb"},"inLanguage":"pt-BR","potentialAction":[{"@type":"ReadAction","target":["https:\/\/www.notibras.com\/site\/procura-por-universidade-paga-mostra-o-enem-consolidado\/"]}]},{"@type":"ImageObject","inLanguage":"pt-BR","@id":"https:\/\/www.notibras.com\/site\/procura-por-universidade-paga-mostra-o-enem-consolidado\/#primaryimage","url":"https:\/\/www.notibras.com\/site\/wp-content\/uploads\/2014\/10\/op2.jpg","contentUrl":"https:\/\/www.notibras.com\/site\/wp-content\/uploads\/2014\/10\/op2.jpg","width":720,"height":460},{"@type":"BreadcrumbList","@id":"https:\/\/www.notibras.com\/site\/procura-por-universidade-paga-mostra-o-enem-consolidado\/#breadcrumb","itemListElement":[{"@type":"ListItem","position":1,"name":"In\u00edcio","item":"https:\/\/www.notibras.com\/site\/"},{"@type":"ListItem","position":2,"name":"Procura por universidade paga mostra o Enem consolidado"}]},{"@type":"WebSite","@id":"https:\/\/www.notibras.com\/site\/#website","url":"https:\/\/www.notibras.com\/site\/","name":"Notibras","description":"Not\u00edcias de Bras\u00edlia, do Brasil e do Mundo","publisher":{"@id":"https:\/\/www.notibras.com\/site\/#organization"},"potentialAction":[{"@type":"SearchAction","target":{"@type":"EntryPoint","urlTemplate":"https:\/\/www.notibras.com\/site\/?s={search_term_string}"},"query-input":{"@type":"PropertyValueSpecification","valueRequired":true,"valueName":"search_term_string"}}],"inLanguage":"pt-BR"},{"@type":"Organization","@id":"https:\/\/www.notibras.com\/site\/#organization","name":"Grupo Notibras de Comunica\u00e7\u00e3o","url":"https:\/\/www.notibras.com\/site\/","logo":{"@type":"ImageObject","inLanguage":"pt-BR","@id":"https:\/\/www.notibras.com\/site\/#\/schema\/logo\/image\/","url":"https:\/\/www.notibras.com\/site\/wp-content\/uploads\/2023\/01\/notibras23.png","contentUrl":"https:\/\/www.notibras.com\/site\/wp-content\/uploads\/2023\/01\/notibras23.png","width":350,"height":87,"caption":"Grupo Notibras de Comunica\u00e7\u00e3o"},"image":{"@id":"https:\/\/www.notibras.com\/site\/#\/schema\/logo\/image\/"},"sameAs":["https:\/\/www.facebook.com\/notibras\/","https:\/\/x.com\/Notibras","https:\/\/www.instagram.com\/notibras\/"]},{"@type":"Person","@id":"https:\/\/www.notibras.com\/site\/#\/schema\/person\/36ab0979449956132d3e5b517ea76ac8","name":"Reda\u00e7\u00e3o","image":{"@type":"ImageObject","inLanguage":"pt-BR","@id":"https:\/\/secure.gravatar.com\/avatar\/e0a867bdedb85fd243eadf09663511f96fc81e0720a4a42581f334ad4303aa6b?s=96&d=mm&r=g","url":"https:\/\/secure.gravatar.com\/avatar\/e0a867bdedb85fd243eadf09663511f96fc81e0720a4a42581f334ad4303aa6b?s=96&d=mm&r=g","contentUrl":"https:\/\/secure.gravatar.com\/avatar\/e0a867bdedb85fd243eadf09663511f96fc81e0720a4a42581f334ad4303aa6b?s=96&d=mm&r=g","caption":"Reda\u00e7\u00e3o"}}]}},"amp_enabled":true,"_links":{"self":[{"href":"https:\/\/www.notibras.com\/site\/wp-json\/wp\/v2\/posts\/25953","targetHints":{"allow":["GET"]}}],"collection":[{"href":"https:\/\/www.notibras.com\/site\/wp-json\/wp\/v2\/posts"}],"about":[{"href":"https:\/\/www.notibras.com\/site\/wp-json\/wp\/v2\/types\/post"}],"author":[{"embeddable":true,"href":"https:\/\/www.notibras.com\/site\/wp-json\/wp\/v2\/users\/2"}],"replies":[{"embeddable":true,"href":"https:\/\/www.notibras.com\/site\/wp-json\/wp\/v2\/comments?post=25953"}],"version-history":[{"count":0,"href":"https:\/\/www.notibras.com\/site\/wp-json\/wp\/v2\/posts\/25953\/revisions"}],"wp:featuredmedia":[{"embeddable":true,"href":"https:\/\/www.notibras.com\/site\/wp-json\/wp\/v2\/media\/25955"}],"wp:attachment":[{"href":"https:\/\/www.notibras.com\/site\/wp-json\/wp\/v2\/media?parent=25953"}],"wp:term":[{"taxonomy":"category","embeddable":true,"href":"https:\/\/www.notibras.com\/site\/wp-json\/wp\/v2\/categories?post=25953"},{"taxonomy":"post_tag","embeddable":true,"href":"https:\/\/www.notibras.com\/site\/wp-json\/wp\/v2\/tags?post=25953"}],"curies":[{"name":"wp","href":"https:\/\/api.w.org\/{rel}","templated":true}]}}