{"id":25957,"date":"2014-10-24T15:20:46","date_gmt":"2014-10-24T18:20:46","guid":{"rendered":"http:\/\/www.notibras.com\/site\/?p=25957"},"modified":"2014-10-26T15:24:03","modified_gmt":"2014-10-26T18:24:03","slug":"fim-das-sacolinhas-pode-ate-ser-ruim-hoje-mas-agrada-o-futuro","status":"publish","type":"post","link":"https:\/\/www.notibras.com\/site\/fim-das-sacolinhas-pode-ate-ser-ruim-hoje-mas-agrada-o-futuro\/","title":{"rendered":"Fim das sacolinhas pode at\u00e9 ser ruim hoje, mas agrada o futuro"},"content":{"rendered":"<p>As sacolas pl\u00e1sticas, apesar de serem muito \u00fateis, prejudicam o meio ambiente. Milh\u00f5es delas s\u00e3o utilizadas diariamente e acabam em lix\u00f5es, aterros sanit\u00e1rios, esgotos ou nos cursos d&#8221;\u00e1gua, onde n\u00e3o se degradam. A pol\u00edtica correta a seguir, nesse caso, \u00e9 eliminar gradativamente seu uso e substitu\u00ed-las por sacolas de papel e de tecidos, preferencialmente de fibras vegetais. Isso foi o que aconteceu em pa\u00edses da Europa, onde as donas de casa se acostumaram a levar na bolsa uma sacola reutiliz\u00e1vel em que colocam suas compras.<\/p>\n<p>Para aqueles consumidores que ainda n\u00e3o possuam o h\u00e1bito de transportar seus produtos em sacolas trazidas de casa, os supermercados comercializam uma sacola retorn\u00e1vel no ato da compra \u2013 alternativa que, aos poucos, encorajou as pessoas a mudar o comportamento.<\/p>\n<p>A Lei Municipal n\u00ba\u00a015.374, de 2011, que pro\u00edbe o uso de sacolas pl\u00e1sticas em S\u00e3o Paulo, tinha exatamente essa finalidade: incentivar uma nova postura com rela\u00e7\u00e3o ao uso das sacolinhas. Houve, assim, uma forte movimenta\u00e7\u00e3o dos supermercados e outros estabelecimentos comerciais em oferecer outras op\u00e7\u00f5es, investindo em modelos de sacolas feitas de sisal, atraentes, modernas e bem decoradas.<\/p>\n<blockquote><p>Na ocasi\u00e3o, esperava-se que, com tal medida, consumidores e empresas do com\u00e9rcio, ap\u00f3s per\u00edodo transit\u00f3rio, chegassem a uma solu\u00e7\u00e3o que beneficiasse ambas as partes, como ocorreu nos pa\u00edses europeus. A introdu\u00e7\u00e3o de sacolas pl\u00e1sticas biodegrad\u00e1veis tamb\u00e9m foi considerada, embora com custo um pouco mais alto. Contudo, todo esse processo de readequa\u00e7\u00e3o foi interrompido pela liminar que suspendeu a aplica\u00e7\u00e3o da lei, em junho do mesmo ano.<\/p><\/blockquote>\n<p>Agora, com a derrubada da liminar pelo Superior Tribunal de Justi\u00e7a, ser\u00e1 preciso recuperar o tempo perdido. Lamentavelmente, o intervalo de tempo em que o processo estava em julgamento deveria ter sido aproveitado para a realiza\u00e7\u00e3o de a\u00e7\u00f5es conjuntas entre sociedade civil, \u00f3rg\u00e3os governamentais, ind\u00fastria e com\u00e9rcio, em busca de novas solu\u00e7\u00f5es \u2013 o que, efetivamente, n\u00e3o ocorreu.<\/p>\n<p>N\u00e3o h\u00e1 d\u00favidas, por\u00e9m, de que as ideias e as iniciativas adotadas quando a lei entrou em vigor, h\u00e1 tr\u00eas anos, ser\u00e3o rapidamente recuperadas e adotadas. De qualquer forma, vale o ensinamento: pr\u00e1ticas sustent\u00e1veis de consumo precisam ser estimuladas pela legisla\u00e7\u00e3o e ganhar consist\u00eancia em campanhas de incentivo e de conscientiza\u00e7\u00e3o, evitando que a sociedade, de uma maneira geral, saia prejudicada.<\/p>\n<p>Qualquer mudan\u00e7a feita em um curto per\u00edodo de tempo acarreta transtornos. Nesse caso, durante o intervalo em que a lei estava suspensa, esfor\u00e7os poderiam ter sidos direcionados em prol de um novo comportamento a ser adotado pela sociedade \u2013 a fim de torn\u00e1-la muito mais consciente e informada. Em tempo, estamos no caminho certo. Com a vig\u00eancia plena da lei, aliada a uma nova mentalidade das pessoas, os benef\u00edcios certamente vir\u00e3o.<\/p>\n<p><strong>Jos\u00e9 Goldemberg<\/strong><\/p>\n","protected":false},"excerpt":{"rendered":"<p>As sacolas pl\u00e1sticas, apesar de serem muito \u00fateis, prejudicam o meio ambiente. Milh\u00f5es delas s\u00e3o utilizadas diariamente e acabam em lix\u00f5es, aterros sanit\u00e1rios, esgotos ou nos cursos d&#8221;\u00e1gua, onde n\u00e3o se degradam. A pol\u00edtica correta a seguir, nesse caso, \u00e9 eliminar gradativamente seu uso e substitu\u00ed-las por sacolas de papel e de tecidos, preferencialmente de [&hellip;]<\/p>\n","protected":false},"author":2,"featured_media":25958,"comment_status":"open","ping_status":"closed","sticky":false,"template":"","format":"standard","meta":{"_acf_changed":false,"footnotes":""},"categories":[25],"tags":[],"class_list":["post-25957","post","type-post","status-publish","format-standard","has-post-thumbnail","hentry","category-opina-ai"],"acf":[],"yoast_head":"<!-- This site is optimized with the Yoast SEO plugin v27.5 - https:\/\/yoast.com\/product\/yoast-seo-wordpress\/ -->\n<title>Fim das sacolinhas pode at\u00e9 ser ruim hoje, mas agrada o futuro - Notibras<\/title>\n<meta name=\"robots\" content=\"index, follow, max-snippet:-1, max-image-preview:large, max-video-preview:-1\" \/>\n<link rel=\"canonical\" href=\"https:\/\/www.notibras.com\/site\/fim-das-sacolinhas-pode-ate-ser-ruim-hoje-mas-agrada-o-futuro\/\" \/>\n<meta property=\"og:locale\" content=\"pt_BR\" \/>\n<meta property=\"og:type\" content=\"article\" \/>\n<meta property=\"og:title\" content=\"Fim das sacolinhas pode at\u00e9 ser ruim hoje, mas agrada o futuro - Notibras\" \/>\n<meta property=\"og:description\" content=\"As sacolas pl\u00e1sticas, apesar de serem muito \u00fateis, prejudicam o meio ambiente. Milh\u00f5es delas s\u00e3o utilizadas diariamente e acabam em lix\u00f5es, aterros sanit\u00e1rios, esgotos ou nos cursos d&#8221;\u00e1gua, onde n\u00e3o se degradam. A pol\u00edtica correta a seguir, nesse caso, \u00e9 eliminar gradativamente seu uso e substitu\u00ed-las por sacolas de papel e de tecidos, preferencialmente de [&hellip;]\" \/>\n<meta property=\"og:url\" content=\"https:\/\/www.notibras.com\/site\/fim-das-sacolinhas-pode-ate-ser-ruim-hoje-mas-agrada-o-futuro\/\" \/>\n<meta property=\"og:site_name\" content=\"Notibras\" \/>\n<meta property=\"article:publisher\" content=\"https:\/\/www.facebook.com\/notibras\/\" \/>\n<meta property=\"article:published_time\" content=\"2014-10-24T18:20:46+00:00\" \/>\n<meta property=\"article:modified_time\" content=\"2014-10-26T18:24:03+00:00\" \/>\n<meta property=\"og:image\" content=\"https:\/\/www.notibras.com\/site\/wp-content\/uploads\/2014\/10\/op11.jpg\" \/>\n\t<meta property=\"og:image:width\" content=\"448\" \/>\n\t<meta property=\"og:image:height\" content=\"336\" \/>\n\t<meta property=\"og:image:type\" content=\"image\/jpeg\" \/>\n<meta name=\"author\" content=\"Reda\u00e7\u00e3o\" \/>\n<meta name=\"twitter:card\" content=\"summary_large_image\" \/>\n<meta name=\"twitter:creator\" content=\"@Notibras\" \/>\n<meta name=\"twitter:site\" content=\"@Notibras\" \/>\n<meta name=\"twitter:label1\" content=\"Escrito por\" \/>\n\t<meta name=\"twitter:data1\" content=\"Reda\u00e7\u00e3o\" \/>\n\t<meta name=\"twitter:label2\" content=\"Est. tempo de leitura\" \/>\n\t<meta name=\"twitter:data2\" content=\"2 minutos\" \/>\n<script type=\"application\/ld+json\" class=\"yoast-schema-graph\">{\"@context\":\"https:\\\/\\\/schema.org\",\"@graph\":[{\"@type\":\"Article\",\"@id\":\"https:\\\/\\\/www.notibras.com\\\/site\\\/fim-das-sacolinhas-pode-ate-ser-ruim-hoje-mas-agrada-o-futuro\\\/#article\",\"isPartOf\":{\"@id\":\"https:\\\/\\\/www.notibras.com\\\/site\\\/fim-das-sacolinhas-pode-ate-ser-ruim-hoje-mas-agrada-o-futuro\\\/\"},\"author\":{\"name\":\"Reda\u00e7\u00e3o\",\"@id\":\"https:\\\/\\\/www.notibras.com\\\/site\\\/#\\\/schema\\\/person\\\/36ab0979449956132d3e5b517ea76ac8\"},\"headline\":\"Fim das sacolinhas pode at\u00e9 ser ruim hoje, mas agrada o futuro\",\"datePublished\":\"2014-10-24T18:20:46+00:00\",\"dateModified\":\"2014-10-26T18:24:03+00:00\",\"mainEntityOfPage\":{\"@id\":\"https:\\\/\\\/www.notibras.com\\\/site\\\/fim-das-sacolinhas-pode-ate-ser-ruim-hoje-mas-agrada-o-futuro\\\/\"},\"wordCount\":506,\"commentCount\":0,\"publisher\":{\"@id\":\"https:\\\/\\\/www.notibras.com\\\/site\\\/#organization\"},\"image\":{\"@id\":\"https:\\\/\\\/www.notibras.com\\\/site\\\/fim-das-sacolinhas-pode-ate-ser-ruim-hoje-mas-agrada-o-futuro\\\/#primaryimage\"},\"thumbnailUrl\":\"https:\\\/\\\/www.notibras.com\\\/site\\\/wp-content\\\/uploads\\\/2014\\\/10\\\/op11.jpg\",\"articleSection\":[\"Opina a\u00ed\"],\"inLanguage\":\"pt-BR\",\"potentialAction\":[{\"@type\":\"CommentAction\",\"name\":\"Comment\",\"target\":[\"https:\\\/\\\/www.notibras.com\\\/site\\\/fim-das-sacolinhas-pode-ate-ser-ruim-hoje-mas-agrada-o-futuro\\\/#respond\"]}]},{\"@type\":\"WebPage\",\"@id\":\"https:\\\/\\\/www.notibras.com\\\/site\\\/fim-das-sacolinhas-pode-ate-ser-ruim-hoje-mas-agrada-o-futuro\\\/\",\"url\":\"https:\\\/\\\/www.notibras.com\\\/site\\\/fim-das-sacolinhas-pode-ate-ser-ruim-hoje-mas-agrada-o-futuro\\\/\",\"name\":\"Fim das sacolinhas pode at\u00e9 ser ruim hoje, mas agrada o futuro - Notibras\",\"isPartOf\":{\"@id\":\"https:\\\/\\\/www.notibras.com\\\/site\\\/#website\"},\"primaryImageOfPage\":{\"@id\":\"https:\\\/\\\/www.notibras.com\\\/site\\\/fim-das-sacolinhas-pode-ate-ser-ruim-hoje-mas-agrada-o-futuro\\\/#primaryimage\"},\"image\":{\"@id\":\"https:\\\/\\\/www.notibras.com\\\/site\\\/fim-das-sacolinhas-pode-ate-ser-ruim-hoje-mas-agrada-o-futuro\\\/#primaryimage\"},\"thumbnailUrl\":\"https:\\\/\\\/www.notibras.com\\\/site\\\/wp-content\\\/uploads\\\/2014\\\/10\\\/op11.jpg\",\"datePublished\":\"2014-10-24T18:20:46+00:00\",\"dateModified\":\"2014-10-26T18:24:03+00:00\",\"breadcrumb\":{\"@id\":\"https:\\\/\\\/www.notibras.com\\\/site\\\/fim-das-sacolinhas-pode-ate-ser-ruim-hoje-mas-agrada-o-futuro\\\/#breadcrumb\"},\"inLanguage\":\"pt-BR\",\"potentialAction\":[{\"@type\":\"ReadAction\",\"target\":[\"https:\\\/\\\/www.notibras.com\\\/site\\\/fim-das-sacolinhas-pode-ate-ser-ruim-hoje-mas-agrada-o-futuro\\\/\"]}]},{\"@type\":\"ImageObject\",\"inLanguage\":\"pt-BR\",\"@id\":\"https:\\\/\\\/www.notibras.com\\\/site\\\/fim-das-sacolinhas-pode-ate-ser-ruim-hoje-mas-agrada-o-futuro\\\/#primaryimage\",\"url\":\"https:\\\/\\\/www.notibras.com\\\/site\\\/wp-content\\\/uploads\\\/2014\\\/10\\\/op11.jpg\",\"contentUrl\":\"https:\\\/\\\/www.notibras.com\\\/site\\\/wp-content\\\/uploads\\\/2014\\\/10\\\/op11.jpg\",\"width\":448,\"height\":336},{\"@type\":\"BreadcrumbList\",\"@id\":\"https:\\\/\\\/www.notibras.com\\\/site\\\/fim-das-sacolinhas-pode-ate-ser-ruim-hoje-mas-agrada-o-futuro\\\/#breadcrumb\",\"itemListElement\":[{\"@type\":\"ListItem\",\"position\":1,\"name\":\"In\u00edcio\",\"item\":\"https:\\\/\\\/www.notibras.com\\\/site\\\/\"},{\"@type\":\"ListItem\",\"position\":2,\"name\":\"Fim das sacolinhas pode at\u00e9 ser ruim hoje, mas agrada o futuro\"}]},{\"@type\":\"WebSite\",\"@id\":\"https:\\\/\\\/www.notibras.com\\\/site\\\/#website\",\"url\":\"https:\\\/\\\/www.notibras.com\\\/site\\\/\",\"name\":\"Notibras\",\"description\":\"Not\u00edcias de Bras\u00edlia, do Brasil e do Mundo\",\"publisher\":{\"@id\":\"https:\\\/\\\/www.notibras.com\\\/site\\\/#organization\"},\"potentialAction\":[{\"@type\":\"SearchAction\",\"target\":{\"@type\":\"EntryPoint\",\"urlTemplate\":\"https:\\\/\\\/www.notibras.com\\\/site\\\/?s={search_term_string}\"},\"query-input\":{\"@type\":\"PropertyValueSpecification\",\"valueRequired\":true,\"valueName\":\"search_term_string\"}}],\"inLanguage\":\"pt-BR\"},{\"@type\":\"Organization\",\"@id\":\"https:\\\/\\\/www.notibras.com\\\/site\\\/#organization\",\"name\":\"Grupo Notibras de Comunica\u00e7\u00e3o\",\"url\":\"https:\\\/\\\/www.notibras.com\\\/site\\\/\",\"logo\":{\"@type\":\"ImageObject\",\"inLanguage\":\"pt-BR\",\"@id\":\"https:\\\/\\\/www.notibras.com\\\/site\\\/#\\\/schema\\\/logo\\\/image\\\/\",\"url\":\"https:\\\/\\\/www.notibras.com\\\/site\\\/wp-content\\\/uploads\\\/2023\\\/01\\\/notibras23.png\",\"contentUrl\":\"https:\\\/\\\/www.notibras.com\\\/site\\\/wp-content\\\/uploads\\\/2023\\\/01\\\/notibras23.png\",\"width\":350,\"height\":87,\"caption\":\"Grupo Notibras de Comunica\u00e7\u00e3o\"},\"image\":{\"@id\":\"https:\\\/\\\/www.notibras.com\\\/site\\\/#\\\/schema\\\/logo\\\/image\\\/\"},\"sameAs\":[\"https:\\\/\\\/www.facebook.com\\\/notibras\\\/\",\"https:\\\/\\\/x.com\\\/Notibras\",\"https:\\\/\\\/www.instagram.com\\\/notibras\\\/\"]},{\"@type\":\"Person\",\"@id\":\"https:\\\/\\\/www.notibras.com\\\/site\\\/#\\\/schema\\\/person\\\/36ab0979449956132d3e5b517ea76ac8\",\"name\":\"Reda\u00e7\u00e3o\",\"image\":{\"@type\":\"ImageObject\",\"inLanguage\":\"pt-BR\",\"@id\":\"https:\\\/\\\/secure.gravatar.com\\\/avatar\\\/e0a867bdedb85fd243eadf09663511f96fc81e0720a4a42581f334ad4303aa6b?s=96&d=mm&r=g\",\"url\":\"https:\\\/\\\/secure.gravatar.com\\\/avatar\\\/e0a867bdedb85fd243eadf09663511f96fc81e0720a4a42581f334ad4303aa6b?s=96&d=mm&r=g\",\"contentUrl\":\"https:\\\/\\\/secure.gravatar.com\\\/avatar\\\/e0a867bdedb85fd243eadf09663511f96fc81e0720a4a42581f334ad4303aa6b?s=96&d=mm&r=g\",\"caption\":\"Reda\u00e7\u00e3o\"}}]}<\/script>\n<!-- \/ Yoast SEO plugin. -->","yoast_head_json":{"title":"Fim das sacolinhas pode at\u00e9 ser ruim hoje, mas agrada o futuro - Notibras","robots":{"index":"index","follow":"follow","max-snippet":"max-snippet:-1","max-image-preview":"max-image-preview:large","max-video-preview":"max-video-preview:-1"},"canonical":"https:\/\/www.notibras.com\/site\/fim-das-sacolinhas-pode-ate-ser-ruim-hoje-mas-agrada-o-futuro\/","og_locale":"pt_BR","og_type":"article","og_title":"Fim das sacolinhas pode at\u00e9 ser ruim hoje, mas agrada o futuro - Notibras","og_description":"As sacolas pl\u00e1sticas, apesar de serem muito \u00fateis, prejudicam o meio ambiente. Milh\u00f5es delas s\u00e3o utilizadas diariamente e acabam em lix\u00f5es, aterros sanit\u00e1rios, esgotos ou nos cursos d&#8221;\u00e1gua, onde n\u00e3o se degradam. A pol\u00edtica correta a seguir, nesse caso, \u00e9 eliminar gradativamente seu uso e substitu\u00ed-las por sacolas de papel e de tecidos, preferencialmente de [&hellip;]","og_url":"https:\/\/www.notibras.com\/site\/fim-das-sacolinhas-pode-ate-ser-ruim-hoje-mas-agrada-o-futuro\/","og_site_name":"Notibras","article_publisher":"https:\/\/www.facebook.com\/notibras\/","article_published_time":"2014-10-24T18:20:46+00:00","article_modified_time":"2014-10-26T18:24:03+00:00","og_image":[{"width":448,"height":336,"url":"https:\/\/www.notibras.com\/site\/wp-content\/uploads\/2014\/10\/op11.jpg","type":"image\/jpeg"}],"author":"Reda\u00e7\u00e3o","twitter_card":"summary_large_image","twitter_creator":"@Notibras","twitter_site":"@Notibras","twitter_misc":{"Escrito por":"Reda\u00e7\u00e3o","Est. tempo de leitura":"2 minutos"},"schema":{"@context":"https:\/\/schema.org","@graph":[{"@type":"Article","@id":"https:\/\/www.notibras.com\/site\/fim-das-sacolinhas-pode-ate-ser-ruim-hoje-mas-agrada-o-futuro\/#article","isPartOf":{"@id":"https:\/\/www.notibras.com\/site\/fim-das-sacolinhas-pode-ate-ser-ruim-hoje-mas-agrada-o-futuro\/"},"author":{"name":"Reda\u00e7\u00e3o","@id":"https:\/\/www.notibras.com\/site\/#\/schema\/person\/36ab0979449956132d3e5b517ea76ac8"},"headline":"Fim das sacolinhas pode at\u00e9 ser ruim hoje, mas agrada o futuro","datePublished":"2014-10-24T18:20:46+00:00","dateModified":"2014-10-26T18:24:03+00:00","mainEntityOfPage":{"@id":"https:\/\/www.notibras.com\/site\/fim-das-sacolinhas-pode-ate-ser-ruim-hoje-mas-agrada-o-futuro\/"},"wordCount":506,"commentCount":0,"publisher":{"@id":"https:\/\/www.notibras.com\/site\/#organization"},"image":{"@id":"https:\/\/www.notibras.com\/site\/fim-das-sacolinhas-pode-ate-ser-ruim-hoje-mas-agrada-o-futuro\/#primaryimage"},"thumbnailUrl":"https:\/\/www.notibras.com\/site\/wp-content\/uploads\/2014\/10\/op11.jpg","articleSection":["Opina a\u00ed"],"inLanguage":"pt-BR","potentialAction":[{"@type":"CommentAction","name":"Comment","target":["https:\/\/www.notibras.com\/site\/fim-das-sacolinhas-pode-ate-ser-ruim-hoje-mas-agrada-o-futuro\/#respond"]}]},{"@type":"WebPage","@id":"https:\/\/www.notibras.com\/site\/fim-das-sacolinhas-pode-ate-ser-ruim-hoje-mas-agrada-o-futuro\/","url":"https:\/\/www.notibras.com\/site\/fim-das-sacolinhas-pode-ate-ser-ruim-hoje-mas-agrada-o-futuro\/","name":"Fim das sacolinhas pode at\u00e9 ser ruim hoje, mas agrada o futuro - Notibras","isPartOf":{"@id":"https:\/\/www.notibras.com\/site\/#website"},"primaryImageOfPage":{"@id":"https:\/\/www.notibras.com\/site\/fim-das-sacolinhas-pode-ate-ser-ruim-hoje-mas-agrada-o-futuro\/#primaryimage"},"image":{"@id":"https:\/\/www.notibras.com\/site\/fim-das-sacolinhas-pode-ate-ser-ruim-hoje-mas-agrada-o-futuro\/#primaryimage"},"thumbnailUrl":"https:\/\/www.notibras.com\/site\/wp-content\/uploads\/2014\/10\/op11.jpg","datePublished":"2014-10-24T18:20:46+00:00","dateModified":"2014-10-26T18:24:03+00:00","breadcrumb":{"@id":"https:\/\/www.notibras.com\/site\/fim-das-sacolinhas-pode-ate-ser-ruim-hoje-mas-agrada-o-futuro\/#breadcrumb"},"inLanguage":"pt-BR","potentialAction":[{"@type":"ReadAction","target":["https:\/\/www.notibras.com\/site\/fim-das-sacolinhas-pode-ate-ser-ruim-hoje-mas-agrada-o-futuro\/"]}]},{"@type":"ImageObject","inLanguage":"pt-BR","@id":"https:\/\/www.notibras.com\/site\/fim-das-sacolinhas-pode-ate-ser-ruim-hoje-mas-agrada-o-futuro\/#primaryimage","url":"https:\/\/www.notibras.com\/site\/wp-content\/uploads\/2014\/10\/op11.jpg","contentUrl":"https:\/\/www.notibras.com\/site\/wp-content\/uploads\/2014\/10\/op11.jpg","width":448,"height":336},{"@type":"BreadcrumbList","@id":"https:\/\/www.notibras.com\/site\/fim-das-sacolinhas-pode-ate-ser-ruim-hoje-mas-agrada-o-futuro\/#breadcrumb","itemListElement":[{"@type":"ListItem","position":1,"name":"In\u00edcio","item":"https:\/\/www.notibras.com\/site\/"},{"@type":"ListItem","position":2,"name":"Fim das sacolinhas pode at\u00e9 ser ruim hoje, mas agrada o futuro"}]},{"@type":"WebSite","@id":"https:\/\/www.notibras.com\/site\/#website","url":"https:\/\/www.notibras.com\/site\/","name":"Notibras","description":"Not\u00edcias de Bras\u00edlia, do Brasil e do Mundo","publisher":{"@id":"https:\/\/www.notibras.com\/site\/#organization"},"potentialAction":[{"@type":"SearchAction","target":{"@type":"EntryPoint","urlTemplate":"https:\/\/www.notibras.com\/site\/?s={search_term_string}"},"query-input":{"@type":"PropertyValueSpecification","valueRequired":true,"valueName":"search_term_string"}}],"inLanguage":"pt-BR"},{"@type":"Organization","@id":"https:\/\/www.notibras.com\/site\/#organization","name":"Grupo Notibras de Comunica\u00e7\u00e3o","url":"https:\/\/www.notibras.com\/site\/","logo":{"@type":"ImageObject","inLanguage":"pt-BR","@id":"https:\/\/www.notibras.com\/site\/#\/schema\/logo\/image\/","url":"https:\/\/www.notibras.com\/site\/wp-content\/uploads\/2023\/01\/notibras23.png","contentUrl":"https:\/\/www.notibras.com\/site\/wp-content\/uploads\/2023\/01\/notibras23.png","width":350,"height":87,"caption":"Grupo Notibras de Comunica\u00e7\u00e3o"},"image":{"@id":"https:\/\/www.notibras.com\/site\/#\/schema\/logo\/image\/"},"sameAs":["https:\/\/www.facebook.com\/notibras\/","https:\/\/x.com\/Notibras","https:\/\/www.instagram.com\/notibras\/"]},{"@type":"Person","@id":"https:\/\/www.notibras.com\/site\/#\/schema\/person\/36ab0979449956132d3e5b517ea76ac8","name":"Reda\u00e7\u00e3o","image":{"@type":"ImageObject","inLanguage":"pt-BR","@id":"https:\/\/secure.gravatar.com\/avatar\/e0a867bdedb85fd243eadf09663511f96fc81e0720a4a42581f334ad4303aa6b?s=96&d=mm&r=g","url":"https:\/\/secure.gravatar.com\/avatar\/e0a867bdedb85fd243eadf09663511f96fc81e0720a4a42581f334ad4303aa6b?s=96&d=mm&r=g","contentUrl":"https:\/\/secure.gravatar.com\/avatar\/e0a867bdedb85fd243eadf09663511f96fc81e0720a4a42581f334ad4303aa6b?s=96&d=mm&r=g","caption":"Reda\u00e7\u00e3o"}}]}},"amp_enabled":true,"_links":{"self":[{"href":"https:\/\/www.notibras.com\/site\/wp-json\/wp\/v2\/posts\/25957","targetHints":{"allow":["GET"]}}],"collection":[{"href":"https:\/\/www.notibras.com\/site\/wp-json\/wp\/v2\/posts"}],"about":[{"href":"https:\/\/www.notibras.com\/site\/wp-json\/wp\/v2\/types\/post"}],"author":[{"embeddable":true,"href":"https:\/\/www.notibras.com\/site\/wp-json\/wp\/v2\/users\/2"}],"replies":[{"embeddable":true,"href":"https:\/\/www.notibras.com\/site\/wp-json\/wp\/v2\/comments?post=25957"}],"version-history":[{"count":0,"href":"https:\/\/www.notibras.com\/site\/wp-json\/wp\/v2\/posts\/25957\/revisions"}],"wp:featuredmedia":[{"embeddable":true,"href":"https:\/\/www.notibras.com\/site\/wp-json\/wp\/v2\/media\/25958"}],"wp:attachment":[{"href":"https:\/\/www.notibras.com\/site\/wp-json\/wp\/v2\/media?parent=25957"}],"wp:term":[{"taxonomy":"category","embeddable":true,"href":"https:\/\/www.notibras.com\/site\/wp-json\/wp\/v2\/categories?post=25957"},{"taxonomy":"post_tag","embeddable":true,"href":"https:\/\/www.notibras.com\/site\/wp-json\/wp\/v2\/tags?post=25957"}],"curies":[{"name":"wp","href":"https:\/\/api.w.org\/{rel}","templated":true}]}}