{"id":25963,"date":"2014-10-26T10:28:00","date_gmt":"2014-10-26T13:28:00","guid":{"rendered":"http:\/\/www.notibras.com\/site\/?p=25963"},"modified":"2014-10-26T15:31:29","modified_gmt":"2014-10-26T18:31:29","slug":"um-perigo-lei-atrasada-obriga-piloto-a-trabalhar-ate-a-exaustao","status":"publish","type":"post","link":"https:\/\/www.notibras.com\/site\/um-perigo-lei-atrasada-obriga-piloto-a-trabalhar-ate-a-exaustao\/","title":{"rendered":"Um perigo&#8230; lei atrasada obriga piloto a trabalhar at\u00e9 a exaust\u00e3o"},"content":{"rendered":"<p>A opera\u00e7\u00e3o de sistemas complexos, como s\u00e3o consideradas as modernas aeronaves, exige dos profissionais envolvidos um alto n\u00edvel de qualifica\u00e7\u00e3o t\u00e9cnica, capacidade cognitiva e aten\u00e7\u00e3o. Por esta raz\u00e3o, pilotos da avia\u00e7\u00e3o civil s\u00e3o submetidos a exaustivos treinamentos que simulam com precis\u00e3o diversas situa\u00e7\u00f5es anormais e de emerg\u00eancia e a uma constante atualiza\u00e7\u00e3o, verificada atrav\u00e9s de exames de profici\u00eancia t\u00e9cnica a cada seis meses.<\/p>\n<p>Al\u00e9m da certifica\u00e7\u00e3o t\u00e9cnica, os aviadores passam anualmente por um exame f\u00edsico e psicol\u00f3gico, a fim de atestar sua capacidade para o exerc\u00edcio da atividade a\u00e9rea. Ap\u00f3s completarem 60 anos, este exame acontece obrigatoriamente a cada seis meses.<\/p>\n<p>Diversos problemas de sa\u00fade s\u00e3o impeditivos ao exerc\u00edcio da profiss\u00e3o e determinam o fim da carreira de aviador, como a diabetes. Durante a carreira na avia\u00e7\u00e3o comercial, pilotos s\u00e3o submetidos a exames toxicol\u00f3gicos regulares, verificando a possibilidade de uso de subst\u00e2ncias psicoativas, proibidas para esses profissionais.<\/p>\n<p>Este conjunto de regras e exig\u00eancias tem por objetivo principal manter um alto n\u00edvel de seguran\u00e7a nas opera\u00e7\u00f5es a\u00e9reas, mitigando riscos que possam contribuir para um acidente.<\/p>\n<p>Com o r\u00e1pido desenvolvimento da tecnologia neste setor, na busca de rentabilidade e seguran\u00e7a, vivenciamos uma redu\u00e7\u00e3o significativa nas falhas materiais &#8211; motores, componentes, avi\u00f4nicos (equipamentos eletr\u00f4nicos a bordo dos avi\u00f5es) e estrutura das aeronaves.<\/p>\n<p>Desde a d\u00e9cada de 1970 as falhas materiais deixaram de ser as maiores respons\u00e1veis pelos acidentes a\u00e9reos, dando lugar \u00e0s falhas humanas, que hoje lideram o ranking de fatores contribuintes dos acidentes a\u00e9reos.<\/p>\n<p>Ou seja, apesar da evolu\u00e7\u00e3o tecnol\u00f3gica, acidentes continuam acontecendo, pois os seres humanos possuem limita\u00e7\u00f5es fisiol\u00f3gicas inatas. Atualmente, informa\u00e7\u00f5es da Ag\u00eancia de Investiga\u00e7\u00e3o Americana (NTSB, sigla em ingl\u00eas) indicam que aproximadamente 80% dos acidentes aeron\u00e1uticos s\u00e3o causados por falhas humanas e, destes, mais de 20% s\u00e3o causados pela fadiga dos pilotos.<\/p>\n<p>Se a fadiga pode significar\u00a0para qualquer profissional baixa produtividade e desaten\u00e7\u00e3o durante o desempenho de uma determinada tarefa, para aviadores pode ser o fator respons\u00e1vel por um acidente de grandes propor\u00e7\u00f5es.<\/p>\n<p>Baseada nesses dados e no risco da fadiga nas opera\u00e7\u00f5es a\u00e9reas, a Organiza\u00e7\u00e3o Mundial de Avia\u00e7\u00e3o Civil publicou, em 2010, recomenda\u00e7\u00f5es para a aplica\u00e7\u00e3o de sistemas de gerenciamento da fadiga humana nas escalas de trabalho dos pilotos, buscando mitigar o risco desse fator nas opera\u00e7\u00f5es a\u00e9reas.<\/p>\n<p>Diversos pa\u00edses regulamentaram a quest\u00e3o, exigindo que os operadores planejem e executem as escalas de trabalho de seus pilotos baseados nos limites indicados pelo sistema. Apesar dessa recomenda\u00e7\u00e3o do \u00f3rg\u00e3o m\u00e1ximo da avia\u00e7\u00e3o mundial, o Brasil ainda n\u00e3o regulamentou a quest\u00e3o. E hoje, apesar de ser o terceiro mercado mundial de avia\u00e7\u00e3o, n\u00e3o gerencia o risco de fadiga durante as jornadas de trabalho dos pilotos.<\/p>\n<blockquote><p>A jornada de trabalho dos pilotos brasileiros \u00e9 regulada por uma lei federal com mais de 30 anos, e n\u00e3o prev\u00ea a interfer\u00eancia de fatores humanos na seguran\u00e7a das opera\u00e7\u00f5es a\u00e9reas. Esta lei estabelece limites exaustivos de trabalho, em turnos alternados. Ou seja, as jornadas acontecem em hor\u00e1rios irregulares a cada dia, podendo prever at\u00e9 seis madrugadas consecutivas e jornadas de at\u00e9 12 horas di\u00e1rias.<\/p><\/blockquote>\n<p>Apesar de o \u00f3rg\u00e3o respons\u00e1vel pela investiga\u00e7\u00e3o de acidentes no Brasil n\u00e3o possuir metodologia para determinar do fator fadiga em seus relat\u00f3rios, ind\u00edcios apontam que o acidente a\u00e9reo que matou o presidenci\u00e1vel Eduardo Campos e mais seis pessoas possa ter tido como fator contribuinte a estafa dos pilotos, que reclamavam constantemente de estarem trabalhando exaustos dias antes da queda da aeronave.<\/p>\n<p>Um estudo recente com pilotos de empresas a\u00e9reas brasileiras, utilizando as escalas de trabalho desses profissionais correlacionadas a um modelo bio-matem\u00e1tico do tipo Fast (<em>Fatigue Avoidance Scheduling Tool, em ingl\u00eas<\/em>), demonstrou a presen\u00e7a de fadiga cr\u00f4nica e elevado d\u00e9bito de sono, causados pela distribui\u00e7\u00e3o irregular de hor\u00e1rios de trabalho, falta de oportunidade de sono e extensas jornadas.<\/p>\n<p>Todo este contexto refor\u00e7a a necessidade de regula\u00e7\u00e3o e implanta\u00e7\u00e3o do sistema de gerenciamento da fadiga humana nas escalas de trabalho dos tripulantes brasileiros, em conformidade com as recomenda\u00e7\u00f5es internacionais, alinhando as normativas brasileiras \u00e0s melhores pr\u00e1ticas de todo o mundo.<\/p>\n<p>Na busca de corre\u00e7\u00e3o desta importante quest\u00e3o, dois projetos de lei pretendem regulamentar a implanta\u00e7\u00e3o do Sistema.<\/p>\n<p>Um deles \u00e9 o projeto de lei suplementar 434\/11, substitutivo que tramita no Senado, e outro \u00e9 o projeto de lei 4824\/12, da C\u00e2mara dos Deputados. Estes projetos trazem a necessidade de regular o gerenciamento do risco de fadiga nas opera\u00e7\u00f5es a\u00e9reas, elevando os n\u00edveis de seguran\u00e7a da avia\u00e7\u00e3o brasileira em conformidade com o que se aplica em pa\u00edses como EUA, Austr\u00e1lia e Inglaterra.<\/p>\n<p>Esperamos que, enquanto aguardamos o trabalho do Legislativo, nossos pilotos continuem alertas.<\/p>\n<p><strong>Marcelo Ceriotti<\/strong><\/p>\n","protected":false},"excerpt":{"rendered":"<p>A opera\u00e7\u00e3o de sistemas complexos, como s\u00e3o consideradas as modernas aeronaves, exige dos profissionais envolvidos um alto n\u00edvel de qualifica\u00e7\u00e3o t\u00e9cnica, capacidade cognitiva e aten\u00e7\u00e3o. Por esta raz\u00e3o, pilotos da avia\u00e7\u00e3o civil s\u00e3o submetidos a exaustivos treinamentos que simulam com precis\u00e3o diversas situa\u00e7\u00f5es anormais e de emerg\u00eancia e a uma constante atualiza\u00e7\u00e3o, verificada atrav\u00e9s de [&hellip;]<\/p>\n","protected":false},"author":2,"featured_media":25964,"comment_status":"open","ping_status":"closed","sticky":false,"template":"","format":"standard","meta":{"_acf_changed":false,"footnotes":""},"categories":[25],"tags":[],"class_list":["post-25963","post","type-post","status-publish","format-standard","has-post-thumbnail","hentry","category-opina-ai"],"acf":[],"yoast_head":"<!-- This site is optimized with the Yoast SEO plugin v27.5 - https:\/\/yoast.com\/product\/yoast-seo-wordpress\/ -->\n<title>Um perigo... lei atrasada obriga piloto a trabalhar at\u00e9 a exaust\u00e3o - Notibras<\/title>\n<meta name=\"robots\" content=\"index, follow, max-snippet:-1, max-image-preview:large, max-video-preview:-1\" \/>\n<link rel=\"canonical\" href=\"https:\/\/www.notibras.com\/site\/um-perigo-lei-atrasada-obriga-piloto-a-trabalhar-ate-a-exaustao\/\" \/>\n<meta property=\"og:locale\" content=\"pt_BR\" \/>\n<meta property=\"og:type\" content=\"article\" \/>\n<meta property=\"og:title\" content=\"Um perigo... lei atrasada obriga piloto a trabalhar at\u00e9 a exaust\u00e3o - Notibras\" \/>\n<meta property=\"og:description\" content=\"A opera\u00e7\u00e3o de sistemas complexos, como s\u00e3o consideradas as modernas aeronaves, exige dos profissionais envolvidos um alto n\u00edvel de qualifica\u00e7\u00e3o t\u00e9cnica, capacidade cognitiva e aten\u00e7\u00e3o. Por esta raz\u00e3o, pilotos da avia\u00e7\u00e3o civil s\u00e3o submetidos a exaustivos treinamentos que simulam com precis\u00e3o diversas situa\u00e7\u00f5es anormais e de emerg\u00eancia e a uma constante atualiza\u00e7\u00e3o, verificada atrav\u00e9s de [&hellip;]\" \/>\n<meta property=\"og:url\" content=\"https:\/\/www.notibras.com\/site\/um-perigo-lei-atrasada-obriga-piloto-a-trabalhar-ate-a-exaustao\/\" \/>\n<meta property=\"og:site_name\" content=\"Notibras\" \/>\n<meta property=\"article:publisher\" content=\"https:\/\/www.facebook.com\/notibras\/\" \/>\n<meta property=\"article:published_time\" content=\"2014-10-26T13:28:00+00:00\" \/>\n<meta property=\"article:modified_time\" content=\"2014-10-26T18:31:29+00:00\" \/>\n<meta property=\"og:image\" content=\"https:\/\/www.notibras.com\/site\/wp-content\/uploads\/2014\/10\/aviao-viracopos.jpg\" \/>\n\t<meta property=\"og:image:width\" content=\"620\" \/>\n\t<meta property=\"og:image:height\" content=\"465\" \/>\n\t<meta property=\"og:image:type\" content=\"image\/jpeg\" \/>\n<meta name=\"author\" content=\"Reda\u00e7\u00e3o\" \/>\n<meta name=\"twitter:card\" content=\"summary_large_image\" \/>\n<meta name=\"twitter:creator\" content=\"@Notibras\" \/>\n<meta name=\"twitter:site\" content=\"@Notibras\" \/>\n<meta name=\"twitter:label1\" content=\"Escrito por\" \/>\n\t<meta name=\"twitter:data1\" content=\"Reda\u00e7\u00e3o\" \/>\n\t<meta name=\"twitter:label2\" content=\"Est. tempo de leitura\" \/>\n\t<meta name=\"twitter:data2\" content=\"4 minutos\" \/>\n<script type=\"application\/ld+json\" class=\"yoast-schema-graph\">{\"@context\":\"https:\\\/\\\/schema.org\",\"@graph\":[{\"@type\":\"Article\",\"@id\":\"https:\\\/\\\/www.notibras.com\\\/site\\\/um-perigo-lei-atrasada-obriga-piloto-a-trabalhar-ate-a-exaustao\\\/#article\",\"isPartOf\":{\"@id\":\"https:\\\/\\\/www.notibras.com\\\/site\\\/um-perigo-lei-atrasada-obriga-piloto-a-trabalhar-ate-a-exaustao\\\/\"},\"author\":{\"name\":\"Reda\u00e7\u00e3o\",\"@id\":\"https:\\\/\\\/www.notibras.com\\\/site\\\/#\\\/schema\\\/person\\\/36ab0979449956132d3e5b517ea76ac8\"},\"headline\":\"Um perigo&#8230; lei atrasada obriga piloto a trabalhar at\u00e9 a exaust\u00e3o\",\"datePublished\":\"2014-10-26T13:28:00+00:00\",\"dateModified\":\"2014-10-26T18:31:29+00:00\",\"mainEntityOfPage\":{\"@id\":\"https:\\\/\\\/www.notibras.com\\\/site\\\/um-perigo-lei-atrasada-obriga-piloto-a-trabalhar-ate-a-exaustao\\\/\"},\"wordCount\":873,\"commentCount\":0,\"publisher\":{\"@id\":\"https:\\\/\\\/www.notibras.com\\\/site\\\/#organization\"},\"image\":{\"@id\":\"https:\\\/\\\/www.notibras.com\\\/site\\\/um-perigo-lei-atrasada-obriga-piloto-a-trabalhar-ate-a-exaustao\\\/#primaryimage\"},\"thumbnailUrl\":\"https:\\\/\\\/www.notibras.com\\\/site\\\/wp-content\\\/uploads\\\/2014\\\/10\\\/aviao-viracopos.jpg\",\"articleSection\":[\"Opina a\u00ed\"],\"inLanguage\":\"pt-BR\",\"potentialAction\":[{\"@type\":\"CommentAction\",\"name\":\"Comment\",\"target\":[\"https:\\\/\\\/www.notibras.com\\\/site\\\/um-perigo-lei-atrasada-obriga-piloto-a-trabalhar-ate-a-exaustao\\\/#respond\"]}]},{\"@type\":\"WebPage\",\"@id\":\"https:\\\/\\\/www.notibras.com\\\/site\\\/um-perigo-lei-atrasada-obriga-piloto-a-trabalhar-ate-a-exaustao\\\/\",\"url\":\"https:\\\/\\\/www.notibras.com\\\/site\\\/um-perigo-lei-atrasada-obriga-piloto-a-trabalhar-ate-a-exaustao\\\/\",\"name\":\"Um perigo... lei atrasada obriga piloto a trabalhar at\u00e9 a exaust\u00e3o - Notibras\",\"isPartOf\":{\"@id\":\"https:\\\/\\\/www.notibras.com\\\/site\\\/#website\"},\"primaryImageOfPage\":{\"@id\":\"https:\\\/\\\/www.notibras.com\\\/site\\\/um-perigo-lei-atrasada-obriga-piloto-a-trabalhar-ate-a-exaustao\\\/#primaryimage\"},\"image\":{\"@id\":\"https:\\\/\\\/www.notibras.com\\\/site\\\/um-perigo-lei-atrasada-obriga-piloto-a-trabalhar-ate-a-exaustao\\\/#primaryimage\"},\"thumbnailUrl\":\"https:\\\/\\\/www.notibras.com\\\/site\\\/wp-content\\\/uploads\\\/2014\\\/10\\\/aviao-viracopos.jpg\",\"datePublished\":\"2014-10-26T13:28:00+00:00\",\"dateModified\":\"2014-10-26T18:31:29+00:00\",\"breadcrumb\":{\"@id\":\"https:\\\/\\\/www.notibras.com\\\/site\\\/um-perigo-lei-atrasada-obriga-piloto-a-trabalhar-ate-a-exaustao\\\/#breadcrumb\"},\"inLanguage\":\"pt-BR\",\"potentialAction\":[{\"@type\":\"ReadAction\",\"target\":[\"https:\\\/\\\/www.notibras.com\\\/site\\\/um-perigo-lei-atrasada-obriga-piloto-a-trabalhar-ate-a-exaustao\\\/\"]}]},{\"@type\":\"ImageObject\",\"inLanguage\":\"pt-BR\",\"@id\":\"https:\\\/\\\/www.notibras.com\\\/site\\\/um-perigo-lei-atrasada-obriga-piloto-a-trabalhar-ate-a-exaustao\\\/#primaryimage\",\"url\":\"https:\\\/\\\/www.notibras.com\\\/site\\\/wp-content\\\/uploads\\\/2014\\\/10\\\/aviao-viracopos.jpg\",\"contentUrl\":\"https:\\\/\\\/www.notibras.com\\\/site\\\/wp-content\\\/uploads\\\/2014\\\/10\\\/aviao-viracopos.jpg\",\"width\":620,\"height\":465},{\"@type\":\"BreadcrumbList\",\"@id\":\"https:\\\/\\\/www.notibras.com\\\/site\\\/um-perigo-lei-atrasada-obriga-piloto-a-trabalhar-ate-a-exaustao\\\/#breadcrumb\",\"itemListElement\":[{\"@type\":\"ListItem\",\"position\":1,\"name\":\"In\u00edcio\",\"item\":\"https:\\\/\\\/www.notibras.com\\\/site\\\/\"},{\"@type\":\"ListItem\",\"position\":2,\"name\":\"Um perigo&#8230; lei atrasada obriga piloto a trabalhar at\u00e9 a exaust\u00e3o\"}]},{\"@type\":\"WebSite\",\"@id\":\"https:\\\/\\\/www.notibras.com\\\/site\\\/#website\",\"url\":\"https:\\\/\\\/www.notibras.com\\\/site\\\/\",\"name\":\"Notibras\",\"description\":\"Not\u00edcias de Bras\u00edlia, do Brasil e do Mundo\",\"publisher\":{\"@id\":\"https:\\\/\\\/www.notibras.com\\\/site\\\/#organization\"},\"potentialAction\":[{\"@type\":\"SearchAction\",\"target\":{\"@type\":\"EntryPoint\",\"urlTemplate\":\"https:\\\/\\\/www.notibras.com\\\/site\\\/?s={search_term_string}\"},\"query-input\":{\"@type\":\"PropertyValueSpecification\",\"valueRequired\":true,\"valueName\":\"search_term_string\"}}],\"inLanguage\":\"pt-BR\"},{\"@type\":\"Organization\",\"@id\":\"https:\\\/\\\/www.notibras.com\\\/site\\\/#organization\",\"name\":\"Grupo Notibras de Comunica\u00e7\u00e3o\",\"url\":\"https:\\\/\\\/www.notibras.com\\\/site\\\/\",\"logo\":{\"@type\":\"ImageObject\",\"inLanguage\":\"pt-BR\",\"@id\":\"https:\\\/\\\/www.notibras.com\\\/site\\\/#\\\/schema\\\/logo\\\/image\\\/\",\"url\":\"https:\\\/\\\/www.notibras.com\\\/site\\\/wp-content\\\/uploads\\\/2023\\\/01\\\/notibras23.png\",\"contentUrl\":\"https:\\\/\\\/www.notibras.com\\\/site\\\/wp-content\\\/uploads\\\/2023\\\/01\\\/notibras23.png\",\"width\":350,\"height\":87,\"caption\":\"Grupo Notibras de Comunica\u00e7\u00e3o\"},\"image\":{\"@id\":\"https:\\\/\\\/www.notibras.com\\\/site\\\/#\\\/schema\\\/logo\\\/image\\\/\"},\"sameAs\":[\"https:\\\/\\\/www.facebook.com\\\/notibras\\\/\",\"https:\\\/\\\/x.com\\\/Notibras\",\"https:\\\/\\\/www.instagram.com\\\/notibras\\\/\"]},{\"@type\":\"Person\",\"@id\":\"https:\\\/\\\/www.notibras.com\\\/site\\\/#\\\/schema\\\/person\\\/36ab0979449956132d3e5b517ea76ac8\",\"name\":\"Reda\u00e7\u00e3o\",\"image\":{\"@type\":\"ImageObject\",\"inLanguage\":\"pt-BR\",\"@id\":\"https:\\\/\\\/secure.gravatar.com\\\/avatar\\\/e0a867bdedb85fd243eadf09663511f96fc81e0720a4a42581f334ad4303aa6b?s=96&d=mm&r=g\",\"url\":\"https:\\\/\\\/secure.gravatar.com\\\/avatar\\\/e0a867bdedb85fd243eadf09663511f96fc81e0720a4a42581f334ad4303aa6b?s=96&d=mm&r=g\",\"contentUrl\":\"https:\\\/\\\/secure.gravatar.com\\\/avatar\\\/e0a867bdedb85fd243eadf09663511f96fc81e0720a4a42581f334ad4303aa6b?s=96&d=mm&r=g\",\"caption\":\"Reda\u00e7\u00e3o\"}}]}<\/script>\n<!-- \/ Yoast SEO plugin. -->","yoast_head_json":{"title":"Um perigo... lei atrasada obriga piloto a trabalhar at\u00e9 a exaust\u00e3o - Notibras","robots":{"index":"index","follow":"follow","max-snippet":"max-snippet:-1","max-image-preview":"max-image-preview:large","max-video-preview":"max-video-preview:-1"},"canonical":"https:\/\/www.notibras.com\/site\/um-perigo-lei-atrasada-obriga-piloto-a-trabalhar-ate-a-exaustao\/","og_locale":"pt_BR","og_type":"article","og_title":"Um perigo... lei atrasada obriga piloto a trabalhar at\u00e9 a exaust\u00e3o - Notibras","og_description":"A opera\u00e7\u00e3o de sistemas complexos, como s\u00e3o consideradas as modernas aeronaves, exige dos profissionais envolvidos um alto n\u00edvel de qualifica\u00e7\u00e3o t\u00e9cnica, capacidade cognitiva e aten\u00e7\u00e3o. Por esta raz\u00e3o, pilotos da avia\u00e7\u00e3o civil s\u00e3o submetidos a exaustivos treinamentos que simulam com precis\u00e3o diversas situa\u00e7\u00f5es anormais e de emerg\u00eancia e a uma constante atualiza\u00e7\u00e3o, verificada atrav\u00e9s de [&hellip;]","og_url":"https:\/\/www.notibras.com\/site\/um-perigo-lei-atrasada-obriga-piloto-a-trabalhar-ate-a-exaustao\/","og_site_name":"Notibras","article_publisher":"https:\/\/www.facebook.com\/notibras\/","article_published_time":"2014-10-26T13:28:00+00:00","article_modified_time":"2014-10-26T18:31:29+00:00","og_image":[{"width":620,"height":465,"url":"https:\/\/www.notibras.com\/site\/wp-content\/uploads\/2014\/10\/aviao-viracopos.jpg","type":"image\/jpeg"}],"author":"Reda\u00e7\u00e3o","twitter_card":"summary_large_image","twitter_creator":"@Notibras","twitter_site":"@Notibras","twitter_misc":{"Escrito por":"Reda\u00e7\u00e3o","Est. tempo de leitura":"4 minutos"},"schema":{"@context":"https:\/\/schema.org","@graph":[{"@type":"Article","@id":"https:\/\/www.notibras.com\/site\/um-perigo-lei-atrasada-obriga-piloto-a-trabalhar-ate-a-exaustao\/#article","isPartOf":{"@id":"https:\/\/www.notibras.com\/site\/um-perigo-lei-atrasada-obriga-piloto-a-trabalhar-ate-a-exaustao\/"},"author":{"name":"Reda\u00e7\u00e3o","@id":"https:\/\/www.notibras.com\/site\/#\/schema\/person\/36ab0979449956132d3e5b517ea76ac8"},"headline":"Um perigo&#8230; lei atrasada obriga piloto a trabalhar at\u00e9 a exaust\u00e3o","datePublished":"2014-10-26T13:28:00+00:00","dateModified":"2014-10-26T18:31:29+00:00","mainEntityOfPage":{"@id":"https:\/\/www.notibras.com\/site\/um-perigo-lei-atrasada-obriga-piloto-a-trabalhar-ate-a-exaustao\/"},"wordCount":873,"commentCount":0,"publisher":{"@id":"https:\/\/www.notibras.com\/site\/#organization"},"image":{"@id":"https:\/\/www.notibras.com\/site\/um-perigo-lei-atrasada-obriga-piloto-a-trabalhar-ate-a-exaustao\/#primaryimage"},"thumbnailUrl":"https:\/\/www.notibras.com\/site\/wp-content\/uploads\/2014\/10\/aviao-viracopos.jpg","articleSection":["Opina a\u00ed"],"inLanguage":"pt-BR","potentialAction":[{"@type":"CommentAction","name":"Comment","target":["https:\/\/www.notibras.com\/site\/um-perigo-lei-atrasada-obriga-piloto-a-trabalhar-ate-a-exaustao\/#respond"]}]},{"@type":"WebPage","@id":"https:\/\/www.notibras.com\/site\/um-perigo-lei-atrasada-obriga-piloto-a-trabalhar-ate-a-exaustao\/","url":"https:\/\/www.notibras.com\/site\/um-perigo-lei-atrasada-obriga-piloto-a-trabalhar-ate-a-exaustao\/","name":"Um perigo... lei atrasada obriga piloto a trabalhar at\u00e9 a exaust\u00e3o - Notibras","isPartOf":{"@id":"https:\/\/www.notibras.com\/site\/#website"},"primaryImageOfPage":{"@id":"https:\/\/www.notibras.com\/site\/um-perigo-lei-atrasada-obriga-piloto-a-trabalhar-ate-a-exaustao\/#primaryimage"},"image":{"@id":"https:\/\/www.notibras.com\/site\/um-perigo-lei-atrasada-obriga-piloto-a-trabalhar-ate-a-exaustao\/#primaryimage"},"thumbnailUrl":"https:\/\/www.notibras.com\/site\/wp-content\/uploads\/2014\/10\/aviao-viracopos.jpg","datePublished":"2014-10-26T13:28:00+00:00","dateModified":"2014-10-26T18:31:29+00:00","breadcrumb":{"@id":"https:\/\/www.notibras.com\/site\/um-perigo-lei-atrasada-obriga-piloto-a-trabalhar-ate-a-exaustao\/#breadcrumb"},"inLanguage":"pt-BR","potentialAction":[{"@type":"ReadAction","target":["https:\/\/www.notibras.com\/site\/um-perigo-lei-atrasada-obriga-piloto-a-trabalhar-ate-a-exaustao\/"]}]},{"@type":"ImageObject","inLanguage":"pt-BR","@id":"https:\/\/www.notibras.com\/site\/um-perigo-lei-atrasada-obriga-piloto-a-trabalhar-ate-a-exaustao\/#primaryimage","url":"https:\/\/www.notibras.com\/site\/wp-content\/uploads\/2014\/10\/aviao-viracopos.jpg","contentUrl":"https:\/\/www.notibras.com\/site\/wp-content\/uploads\/2014\/10\/aviao-viracopos.jpg","width":620,"height":465},{"@type":"BreadcrumbList","@id":"https:\/\/www.notibras.com\/site\/um-perigo-lei-atrasada-obriga-piloto-a-trabalhar-ate-a-exaustao\/#breadcrumb","itemListElement":[{"@type":"ListItem","position":1,"name":"In\u00edcio","item":"https:\/\/www.notibras.com\/site\/"},{"@type":"ListItem","position":2,"name":"Um perigo&#8230; lei atrasada obriga piloto a trabalhar at\u00e9 a exaust\u00e3o"}]},{"@type":"WebSite","@id":"https:\/\/www.notibras.com\/site\/#website","url":"https:\/\/www.notibras.com\/site\/","name":"Notibras","description":"Not\u00edcias de Bras\u00edlia, do Brasil e do Mundo","publisher":{"@id":"https:\/\/www.notibras.com\/site\/#organization"},"potentialAction":[{"@type":"SearchAction","target":{"@type":"EntryPoint","urlTemplate":"https:\/\/www.notibras.com\/site\/?s={search_term_string}"},"query-input":{"@type":"PropertyValueSpecification","valueRequired":true,"valueName":"search_term_string"}}],"inLanguage":"pt-BR"},{"@type":"Organization","@id":"https:\/\/www.notibras.com\/site\/#organization","name":"Grupo Notibras de Comunica\u00e7\u00e3o","url":"https:\/\/www.notibras.com\/site\/","logo":{"@type":"ImageObject","inLanguage":"pt-BR","@id":"https:\/\/www.notibras.com\/site\/#\/schema\/logo\/image\/","url":"https:\/\/www.notibras.com\/site\/wp-content\/uploads\/2023\/01\/notibras23.png","contentUrl":"https:\/\/www.notibras.com\/site\/wp-content\/uploads\/2023\/01\/notibras23.png","width":350,"height":87,"caption":"Grupo Notibras de Comunica\u00e7\u00e3o"},"image":{"@id":"https:\/\/www.notibras.com\/site\/#\/schema\/logo\/image\/"},"sameAs":["https:\/\/www.facebook.com\/notibras\/","https:\/\/x.com\/Notibras","https:\/\/www.instagram.com\/notibras\/"]},{"@type":"Person","@id":"https:\/\/www.notibras.com\/site\/#\/schema\/person\/36ab0979449956132d3e5b517ea76ac8","name":"Reda\u00e7\u00e3o","image":{"@type":"ImageObject","inLanguage":"pt-BR","@id":"https:\/\/secure.gravatar.com\/avatar\/e0a867bdedb85fd243eadf09663511f96fc81e0720a4a42581f334ad4303aa6b?s=96&d=mm&r=g","url":"https:\/\/secure.gravatar.com\/avatar\/e0a867bdedb85fd243eadf09663511f96fc81e0720a4a42581f334ad4303aa6b?s=96&d=mm&r=g","contentUrl":"https:\/\/secure.gravatar.com\/avatar\/e0a867bdedb85fd243eadf09663511f96fc81e0720a4a42581f334ad4303aa6b?s=96&d=mm&r=g","caption":"Reda\u00e7\u00e3o"}}]}},"amp_enabled":true,"_links":{"self":[{"href":"https:\/\/www.notibras.com\/site\/wp-json\/wp\/v2\/posts\/25963","targetHints":{"allow":["GET"]}}],"collection":[{"href":"https:\/\/www.notibras.com\/site\/wp-json\/wp\/v2\/posts"}],"about":[{"href":"https:\/\/www.notibras.com\/site\/wp-json\/wp\/v2\/types\/post"}],"author":[{"embeddable":true,"href":"https:\/\/www.notibras.com\/site\/wp-json\/wp\/v2\/users\/2"}],"replies":[{"embeddable":true,"href":"https:\/\/www.notibras.com\/site\/wp-json\/wp\/v2\/comments?post=25963"}],"version-history":[{"count":0,"href":"https:\/\/www.notibras.com\/site\/wp-json\/wp\/v2\/posts\/25963\/revisions"}],"wp:featuredmedia":[{"embeddable":true,"href":"https:\/\/www.notibras.com\/site\/wp-json\/wp\/v2\/media\/25964"}],"wp:attachment":[{"href":"https:\/\/www.notibras.com\/site\/wp-json\/wp\/v2\/media?parent=25963"}],"wp:term":[{"taxonomy":"category","embeddable":true,"href":"https:\/\/www.notibras.com\/site\/wp-json\/wp\/v2\/categories?post=25963"},{"taxonomy":"post_tag","embeddable":true,"href":"https:\/\/www.notibras.com\/site\/wp-json\/wp\/v2\/tags?post=25963"}],"curies":[{"name":"wp","href":"https:\/\/api.w.org\/{rel}","templated":true}]}}