{"id":26007,"date":"2014-10-26T20:31:42","date_gmt":"2014-10-26T23:31:42","guid":{"rendered":"http:\/\/www.notibras.com\/site\/?p=26007"},"modified":"2014-10-27T10:24:14","modified_gmt":"2014-10-27T13:24:14","slug":"lobao-o-que-foi-de-mentirinha-e-promete-ficar-de-verdade","status":"publish","type":"post","link":"https:\/\/www.notibras.com\/site\/lobao-o-que-foi-de-mentirinha-e-promete-ficar-de-verdade\/","title":{"rendered":"Lob\u00e3o, o que foi de mentirinha e promete ficar de verdade"},"content":{"rendered":"<p>Lob\u00e3o voltou atr\u00e1s. O m\u00fasico, cr\u00edtico do PT que se engajou na campanha de A\u00e9cio Neves (PSDB) nessas elei\u00e7\u00f5es presidenciais, havia prometido que deixaria o Brasil caso Dilma Rousseff (PT) fosse reeleita. A presidente venceu, mas ele informou seus seguidores das redes sociais, ap\u00f3s a divulga\u00e7\u00e3o do resultado, que desistiu de se mudar.\u00a0&#8220;Dilma est\u00e1 reeleita, grande trag\u00e9dia para o Brasil.\u00a0Agora estamos mais fortes, mais articulados e mais numerosos. Nasce uma verdadeira oposi\u00e7\u00e3o no Brasil e ningu\u00e9m arredar\u00e1\u00a0p\u00e9 daqui. Esse Pa\u00eds tamb\u00e9m \u00e9 nosso e ficaremos firmes e fortes para lutar por ele. Vamos em frente&#8221;, escreveu.\u00a0&#8220;Se \u00e9 para o bem dos bons e desespero total do PT, diga ao povo que fico&#8221;, completou, com toda a frase em\u00a0letras mai\u00fasculas.<\/p>\n","protected":false},"excerpt":{"rendered":"<p>Lob\u00e3o voltou atr\u00e1s. O m\u00fasico, cr\u00edtico do PT que se engajou na campanha de A\u00e9cio Neves (PSDB) nessas elei\u00e7\u00f5es presidenciais, havia prometido que deixaria o Brasil caso Dilma Rousseff (PT) fosse reeleita. A presidente venceu, mas ele informou seus seguidores das redes sociais, ap\u00f3s a divulga\u00e7\u00e3o do resultado, que desistiu de se mudar.\u00a0&#8220;Dilma est\u00e1 reeleita, [&hellip;]<\/p>\n","protected":false},"author":2,"featured_media":26008,"comment_status":"open","ping_status":"closed","sticky":false,"template":"","format":"standard","meta":{"_acf_changed":false,"footnotes":""},"categories":[26],"tags":[],"class_list":["post-26007","post","type-post","status-publish","format-standard","has-post-thumbnail","hentry","category-eleicoes-2022"],"acf":[],"yoast_head":"<!-- This site is optimized with the Yoast SEO plugin v27.5 - https:\/\/yoast.com\/product\/yoast-seo-wordpress\/ -->\n<title>Lob\u00e3o, o que foi de mentirinha e promete ficar de verdade - Notibras<\/title>\n<meta name=\"robots\" content=\"index, follow, max-snippet:-1, max-image-preview:large, max-video-preview:-1\" \/>\n<link rel=\"canonical\" href=\"https:\/\/www.notibras.com\/site\/lobao-o-que-foi-de-mentirinha-e-promete-ficar-de-verdade\/\" \/>\n<meta property=\"og:locale\" content=\"pt_BR\" \/>\n<meta property=\"og:type\" content=\"article\" \/>\n<meta property=\"og:title\" content=\"Lob\u00e3o, o que foi de mentirinha e promete ficar de verdade - Notibras\" \/>\n<meta property=\"og:description\" content=\"Lob\u00e3o voltou atr\u00e1s. O m\u00fasico, cr\u00edtico do PT que se engajou na campanha de A\u00e9cio Neves (PSDB) nessas elei\u00e7\u00f5es presidenciais, havia prometido que deixaria o Brasil caso Dilma Rousseff (PT) fosse reeleita. A presidente venceu, mas ele informou seus seguidores das redes sociais, ap\u00f3s a divulga\u00e7\u00e3o do resultado, que desistiu de se mudar.\u00a0&#8220;Dilma est\u00e1 reeleita, [&hellip;]\" \/>\n<meta property=\"og:url\" content=\"https:\/\/www.notibras.com\/site\/lobao-o-que-foi-de-mentirinha-e-promete-ficar-de-verdade\/\" \/>\n<meta property=\"og:site_name\" content=\"Notibras\" \/>\n<meta property=\"article:publisher\" content=\"https:\/\/www.facebook.com\/notibras\/\" \/>\n<meta property=\"article:published_time\" content=\"2014-10-26T23:31:42+00:00\" \/>\n<meta property=\"article:modified_time\" content=\"2014-10-27T13:24:14+00:00\" \/>\n<meta property=\"og:image\" content=\"https:\/\/www.notibras.com\/site\/wp-content\/uploads\/2014\/10\/p16.jpg\" \/>\n\t<meta property=\"og:image:width\" content=\"291\" \/>\n\t<meta property=\"og:image:height\" content=\"274\" \/>\n\t<meta property=\"og:image:type\" content=\"image\/jpeg\" \/>\n<meta name=\"author\" content=\"Reda\u00e7\u00e3o\" \/>\n<meta name=\"twitter:card\" content=\"summary_large_image\" \/>\n<meta name=\"twitter:creator\" content=\"@Notibras\" \/>\n<meta name=\"twitter:site\" content=\"@Notibras\" \/>\n<meta name=\"twitter:label1\" content=\"Escrito por\" \/>\n\t<meta name=\"twitter:data1\" content=\"Reda\u00e7\u00e3o\" \/>\n\t<meta name=\"twitter:label2\" content=\"Est. tempo de leitura\" \/>\n\t<meta name=\"twitter:data2\" content=\"1 minuto\" \/>\n<script type=\"application\/ld+json\" class=\"yoast-schema-graph\">{\"@context\":\"https:\\\/\\\/schema.org\",\"@graph\":[{\"@type\":\"Article\",\"@id\":\"https:\\\/\\\/www.notibras.com\\\/site\\\/lobao-o-que-foi-de-mentirinha-e-promete-ficar-de-verdade\\\/#article\",\"isPartOf\":{\"@id\":\"https:\\\/\\\/www.notibras.com\\\/site\\\/lobao-o-que-foi-de-mentirinha-e-promete-ficar-de-verdade\\\/\"},\"author\":{\"name\":\"Reda\u00e7\u00e3o\",\"@id\":\"https:\\\/\\\/www.notibras.com\\\/site\\\/#\\\/schema\\\/person\\\/36ab0979449956132d3e5b517ea76ac8\"},\"headline\":\"Lob\u00e3o, o que foi de mentirinha e promete ficar de verdade\",\"datePublished\":\"2014-10-26T23:31:42+00:00\",\"dateModified\":\"2014-10-27T13:24:14+00:00\",\"mainEntityOfPage\":{\"@id\":\"https:\\\/\\\/www.notibras.com\\\/site\\\/lobao-o-que-foi-de-mentirinha-e-promete-ficar-de-verdade\\\/\"},\"wordCount\":148,\"commentCount\":0,\"publisher\":{\"@id\":\"https:\\\/\\\/www.notibras.com\\\/site\\\/#organization\"},\"image\":{\"@id\":\"https:\\\/\\\/www.notibras.com\\\/site\\\/lobao-o-que-foi-de-mentirinha-e-promete-ficar-de-verdade\\\/#primaryimage\"},\"thumbnailUrl\":\"https:\\\/\\\/www.notibras.com\\\/site\\\/wp-content\\\/uploads\\\/2014\\\/10\\\/p16.jpg\",\"articleSection\":[\"Elei\u00e7\u00f5es 2022\"],\"inLanguage\":\"pt-BR\",\"potentialAction\":[{\"@type\":\"CommentAction\",\"name\":\"Comment\",\"target\":[\"https:\\\/\\\/www.notibras.com\\\/site\\\/lobao-o-que-foi-de-mentirinha-e-promete-ficar-de-verdade\\\/#respond\"]}]},{\"@type\":\"WebPage\",\"@id\":\"https:\\\/\\\/www.notibras.com\\\/site\\\/lobao-o-que-foi-de-mentirinha-e-promete-ficar-de-verdade\\\/\",\"url\":\"https:\\\/\\\/www.notibras.com\\\/site\\\/lobao-o-que-foi-de-mentirinha-e-promete-ficar-de-verdade\\\/\",\"name\":\"Lob\u00e3o, o que foi de mentirinha e promete ficar de verdade - Notibras\",\"isPartOf\":{\"@id\":\"https:\\\/\\\/www.notibras.com\\\/site\\\/#website\"},\"primaryImageOfPage\":{\"@id\":\"https:\\\/\\\/www.notibras.com\\\/site\\\/lobao-o-que-foi-de-mentirinha-e-promete-ficar-de-verdade\\\/#primaryimage\"},\"image\":{\"@id\":\"https:\\\/\\\/www.notibras.com\\\/site\\\/lobao-o-que-foi-de-mentirinha-e-promete-ficar-de-verdade\\\/#primaryimage\"},\"thumbnailUrl\":\"https:\\\/\\\/www.notibras.com\\\/site\\\/wp-content\\\/uploads\\\/2014\\\/10\\\/p16.jpg\",\"datePublished\":\"2014-10-26T23:31:42+00:00\",\"dateModified\":\"2014-10-27T13:24:14+00:00\",\"breadcrumb\":{\"@id\":\"https:\\\/\\\/www.notibras.com\\\/site\\\/lobao-o-que-foi-de-mentirinha-e-promete-ficar-de-verdade\\\/#breadcrumb\"},\"inLanguage\":\"pt-BR\",\"potentialAction\":[{\"@type\":\"ReadAction\",\"target\":[\"https:\\\/\\\/www.notibras.com\\\/site\\\/lobao-o-que-foi-de-mentirinha-e-promete-ficar-de-verdade\\\/\"]}]},{\"@type\":\"ImageObject\",\"inLanguage\":\"pt-BR\",\"@id\":\"https:\\\/\\\/www.notibras.com\\\/site\\\/lobao-o-que-foi-de-mentirinha-e-promete-ficar-de-verdade\\\/#primaryimage\",\"url\":\"https:\\\/\\\/www.notibras.com\\\/site\\\/wp-content\\\/uploads\\\/2014\\\/10\\\/p16.jpg\",\"contentUrl\":\"https:\\\/\\\/www.notibras.com\\\/site\\\/wp-content\\\/uploads\\\/2014\\\/10\\\/p16.jpg\",\"width\":291,\"height\":274},{\"@type\":\"BreadcrumbList\",\"@id\":\"https:\\\/\\\/www.notibras.com\\\/site\\\/lobao-o-que-foi-de-mentirinha-e-promete-ficar-de-verdade\\\/#breadcrumb\",\"itemListElement\":[{\"@type\":\"ListItem\",\"position\":1,\"name\":\"In\u00edcio\",\"item\":\"https:\\\/\\\/www.notibras.com\\\/site\\\/\"},{\"@type\":\"ListItem\",\"position\":2,\"name\":\"Lob\u00e3o, o que foi de mentirinha e promete ficar de verdade\"}]},{\"@type\":\"WebSite\",\"@id\":\"https:\\\/\\\/www.notibras.com\\\/site\\\/#website\",\"url\":\"https:\\\/\\\/www.notibras.com\\\/site\\\/\",\"name\":\"Notibras\",\"description\":\"Not\u00edcias de Bras\u00edlia, do Brasil e do Mundo\",\"publisher\":{\"@id\":\"https:\\\/\\\/www.notibras.com\\\/site\\\/#organization\"},\"potentialAction\":[{\"@type\":\"SearchAction\",\"target\":{\"@type\":\"EntryPoint\",\"urlTemplate\":\"https:\\\/\\\/www.notibras.com\\\/site\\\/?s={search_term_string}\"},\"query-input\":{\"@type\":\"PropertyValueSpecification\",\"valueRequired\":true,\"valueName\":\"search_term_string\"}}],\"inLanguage\":\"pt-BR\"},{\"@type\":\"Organization\",\"@id\":\"https:\\\/\\\/www.notibras.com\\\/site\\\/#organization\",\"name\":\"Grupo Notibras de Comunica\u00e7\u00e3o\",\"url\":\"https:\\\/\\\/www.notibras.com\\\/site\\\/\",\"logo\":{\"@type\":\"ImageObject\",\"inLanguage\":\"pt-BR\",\"@id\":\"https:\\\/\\\/www.notibras.com\\\/site\\\/#\\\/schema\\\/logo\\\/image\\\/\",\"url\":\"https:\\\/\\\/www.notibras.com\\\/site\\\/wp-content\\\/uploads\\\/2023\\\/01\\\/notibras23.png\",\"contentUrl\":\"https:\\\/\\\/www.notibras.com\\\/site\\\/wp-content\\\/uploads\\\/2023\\\/01\\\/notibras23.png\",\"width\":350,\"height\":87,\"caption\":\"Grupo Notibras de Comunica\u00e7\u00e3o\"},\"image\":{\"@id\":\"https:\\\/\\\/www.notibras.com\\\/site\\\/#\\\/schema\\\/logo\\\/image\\\/\"},\"sameAs\":[\"https:\\\/\\\/www.facebook.com\\\/notibras\\\/\",\"https:\\\/\\\/x.com\\\/Notibras\",\"https:\\\/\\\/www.instagram.com\\\/notibras\\\/\"]},{\"@type\":\"Person\",\"@id\":\"https:\\\/\\\/www.notibras.com\\\/site\\\/#\\\/schema\\\/person\\\/36ab0979449956132d3e5b517ea76ac8\",\"name\":\"Reda\u00e7\u00e3o\",\"image\":{\"@type\":\"ImageObject\",\"inLanguage\":\"pt-BR\",\"@id\":\"https:\\\/\\\/secure.gravatar.com\\\/avatar\\\/e0a867bdedb85fd243eadf09663511f96fc81e0720a4a42581f334ad4303aa6b?s=96&d=mm&r=g\",\"url\":\"https:\\\/\\\/secure.gravatar.com\\\/avatar\\\/e0a867bdedb85fd243eadf09663511f96fc81e0720a4a42581f334ad4303aa6b?s=96&d=mm&r=g\",\"contentUrl\":\"https:\\\/\\\/secure.gravatar.com\\\/avatar\\\/e0a867bdedb85fd243eadf09663511f96fc81e0720a4a42581f334ad4303aa6b?s=96&d=mm&r=g\",\"caption\":\"Reda\u00e7\u00e3o\"}}]}<\/script>\n<!-- \/ Yoast SEO plugin. -->","yoast_head_json":{"title":"Lob\u00e3o, o que foi de mentirinha e promete ficar de verdade - Notibras","robots":{"index":"index","follow":"follow","max-snippet":"max-snippet:-1","max-image-preview":"max-image-preview:large","max-video-preview":"max-video-preview:-1"},"canonical":"https:\/\/www.notibras.com\/site\/lobao-o-que-foi-de-mentirinha-e-promete-ficar-de-verdade\/","og_locale":"pt_BR","og_type":"article","og_title":"Lob\u00e3o, o que foi de mentirinha e promete ficar de verdade - Notibras","og_description":"Lob\u00e3o voltou atr\u00e1s. O m\u00fasico, cr\u00edtico do PT que se engajou na campanha de A\u00e9cio Neves (PSDB) nessas elei\u00e7\u00f5es presidenciais, havia prometido que deixaria o Brasil caso Dilma Rousseff (PT) fosse reeleita. A presidente venceu, mas ele informou seus seguidores das redes sociais, ap\u00f3s a divulga\u00e7\u00e3o do resultado, que desistiu de se mudar.\u00a0&#8220;Dilma est\u00e1 reeleita, [&hellip;]","og_url":"https:\/\/www.notibras.com\/site\/lobao-o-que-foi-de-mentirinha-e-promete-ficar-de-verdade\/","og_site_name":"Notibras","article_publisher":"https:\/\/www.facebook.com\/notibras\/","article_published_time":"2014-10-26T23:31:42+00:00","article_modified_time":"2014-10-27T13:24:14+00:00","og_image":[{"width":291,"height":274,"url":"https:\/\/www.notibras.com\/site\/wp-content\/uploads\/2014\/10\/p16.jpg","type":"image\/jpeg"}],"author":"Reda\u00e7\u00e3o","twitter_card":"summary_large_image","twitter_creator":"@Notibras","twitter_site":"@Notibras","twitter_misc":{"Escrito por":"Reda\u00e7\u00e3o","Est. tempo de leitura":"1 minuto"},"schema":{"@context":"https:\/\/schema.org","@graph":[{"@type":"Article","@id":"https:\/\/www.notibras.com\/site\/lobao-o-que-foi-de-mentirinha-e-promete-ficar-de-verdade\/#article","isPartOf":{"@id":"https:\/\/www.notibras.com\/site\/lobao-o-que-foi-de-mentirinha-e-promete-ficar-de-verdade\/"},"author":{"name":"Reda\u00e7\u00e3o","@id":"https:\/\/www.notibras.com\/site\/#\/schema\/person\/36ab0979449956132d3e5b517ea76ac8"},"headline":"Lob\u00e3o, o que foi de mentirinha e promete ficar de verdade","datePublished":"2014-10-26T23:31:42+00:00","dateModified":"2014-10-27T13:24:14+00:00","mainEntityOfPage":{"@id":"https:\/\/www.notibras.com\/site\/lobao-o-que-foi-de-mentirinha-e-promete-ficar-de-verdade\/"},"wordCount":148,"commentCount":0,"publisher":{"@id":"https:\/\/www.notibras.com\/site\/#organization"},"image":{"@id":"https:\/\/www.notibras.com\/site\/lobao-o-que-foi-de-mentirinha-e-promete-ficar-de-verdade\/#primaryimage"},"thumbnailUrl":"https:\/\/www.notibras.com\/site\/wp-content\/uploads\/2014\/10\/p16.jpg","articleSection":["Elei\u00e7\u00f5es 2022"],"inLanguage":"pt-BR","potentialAction":[{"@type":"CommentAction","name":"Comment","target":["https:\/\/www.notibras.com\/site\/lobao-o-que-foi-de-mentirinha-e-promete-ficar-de-verdade\/#respond"]}]},{"@type":"WebPage","@id":"https:\/\/www.notibras.com\/site\/lobao-o-que-foi-de-mentirinha-e-promete-ficar-de-verdade\/","url":"https:\/\/www.notibras.com\/site\/lobao-o-que-foi-de-mentirinha-e-promete-ficar-de-verdade\/","name":"Lob\u00e3o, o que foi de mentirinha e promete ficar de verdade - Notibras","isPartOf":{"@id":"https:\/\/www.notibras.com\/site\/#website"},"primaryImageOfPage":{"@id":"https:\/\/www.notibras.com\/site\/lobao-o-que-foi-de-mentirinha-e-promete-ficar-de-verdade\/#primaryimage"},"image":{"@id":"https:\/\/www.notibras.com\/site\/lobao-o-que-foi-de-mentirinha-e-promete-ficar-de-verdade\/#primaryimage"},"thumbnailUrl":"https:\/\/www.notibras.com\/site\/wp-content\/uploads\/2014\/10\/p16.jpg","datePublished":"2014-10-26T23:31:42+00:00","dateModified":"2014-10-27T13:24:14+00:00","breadcrumb":{"@id":"https:\/\/www.notibras.com\/site\/lobao-o-que-foi-de-mentirinha-e-promete-ficar-de-verdade\/#breadcrumb"},"inLanguage":"pt-BR","potentialAction":[{"@type":"ReadAction","target":["https:\/\/www.notibras.com\/site\/lobao-o-que-foi-de-mentirinha-e-promete-ficar-de-verdade\/"]}]},{"@type":"ImageObject","inLanguage":"pt-BR","@id":"https:\/\/www.notibras.com\/site\/lobao-o-que-foi-de-mentirinha-e-promete-ficar-de-verdade\/#primaryimage","url":"https:\/\/www.notibras.com\/site\/wp-content\/uploads\/2014\/10\/p16.jpg","contentUrl":"https:\/\/www.notibras.com\/site\/wp-content\/uploads\/2014\/10\/p16.jpg","width":291,"height":274},{"@type":"BreadcrumbList","@id":"https:\/\/www.notibras.com\/site\/lobao-o-que-foi-de-mentirinha-e-promete-ficar-de-verdade\/#breadcrumb","itemListElement":[{"@type":"ListItem","position":1,"name":"In\u00edcio","item":"https:\/\/www.notibras.com\/site\/"},{"@type":"ListItem","position":2,"name":"Lob\u00e3o, o que foi de mentirinha e promete ficar de verdade"}]},{"@type":"WebSite","@id":"https:\/\/www.notibras.com\/site\/#website","url":"https:\/\/www.notibras.com\/site\/","name":"Notibras","description":"Not\u00edcias de Bras\u00edlia, do Brasil e do Mundo","publisher":{"@id":"https:\/\/www.notibras.com\/site\/#organization"},"potentialAction":[{"@type":"SearchAction","target":{"@type":"EntryPoint","urlTemplate":"https:\/\/www.notibras.com\/site\/?s={search_term_string}"},"query-input":{"@type":"PropertyValueSpecification","valueRequired":true,"valueName":"search_term_string"}}],"inLanguage":"pt-BR"},{"@type":"Organization","@id":"https:\/\/www.notibras.com\/site\/#organization","name":"Grupo Notibras de Comunica\u00e7\u00e3o","url":"https:\/\/www.notibras.com\/site\/","logo":{"@type":"ImageObject","inLanguage":"pt-BR","@id":"https:\/\/www.notibras.com\/site\/#\/schema\/logo\/image\/","url":"https:\/\/www.notibras.com\/site\/wp-content\/uploads\/2023\/01\/notibras23.png","contentUrl":"https:\/\/www.notibras.com\/site\/wp-content\/uploads\/2023\/01\/notibras23.png","width":350,"height":87,"caption":"Grupo Notibras de Comunica\u00e7\u00e3o"},"image":{"@id":"https:\/\/www.notibras.com\/site\/#\/schema\/logo\/image\/"},"sameAs":["https:\/\/www.facebook.com\/notibras\/","https:\/\/x.com\/Notibras","https:\/\/www.instagram.com\/notibras\/"]},{"@type":"Person","@id":"https:\/\/www.notibras.com\/site\/#\/schema\/person\/36ab0979449956132d3e5b517ea76ac8","name":"Reda\u00e7\u00e3o","image":{"@type":"ImageObject","inLanguage":"pt-BR","@id":"https:\/\/secure.gravatar.com\/avatar\/e0a867bdedb85fd243eadf09663511f96fc81e0720a4a42581f334ad4303aa6b?s=96&d=mm&r=g","url":"https:\/\/secure.gravatar.com\/avatar\/e0a867bdedb85fd243eadf09663511f96fc81e0720a4a42581f334ad4303aa6b?s=96&d=mm&r=g","contentUrl":"https:\/\/secure.gravatar.com\/avatar\/e0a867bdedb85fd243eadf09663511f96fc81e0720a4a42581f334ad4303aa6b?s=96&d=mm&r=g","caption":"Reda\u00e7\u00e3o"}}]}},"amp_enabled":true,"_links":{"self":[{"href":"https:\/\/www.notibras.com\/site\/wp-json\/wp\/v2\/posts\/26007","targetHints":{"allow":["GET"]}}],"collection":[{"href":"https:\/\/www.notibras.com\/site\/wp-json\/wp\/v2\/posts"}],"about":[{"href":"https:\/\/www.notibras.com\/site\/wp-json\/wp\/v2\/types\/post"}],"author":[{"embeddable":true,"href":"https:\/\/www.notibras.com\/site\/wp-json\/wp\/v2\/users\/2"}],"replies":[{"embeddable":true,"href":"https:\/\/www.notibras.com\/site\/wp-json\/wp\/v2\/comments?post=26007"}],"version-history":[{"count":0,"href":"https:\/\/www.notibras.com\/site\/wp-json\/wp\/v2\/posts\/26007\/revisions"}],"wp:featuredmedia":[{"embeddable":true,"href":"https:\/\/www.notibras.com\/site\/wp-json\/wp\/v2\/media\/26008"}],"wp:attachment":[{"href":"https:\/\/www.notibras.com\/site\/wp-json\/wp\/v2\/media?parent=26007"}],"wp:term":[{"taxonomy":"category","embeddable":true,"href":"https:\/\/www.notibras.com\/site\/wp-json\/wp\/v2\/categories?post=26007"},{"taxonomy":"post_tag","embeddable":true,"href":"https:\/\/www.notibras.com\/site\/wp-json\/wp\/v2\/tags?post=26007"}],"curies":[{"name":"wp","href":"https:\/\/api.w.org\/{rel}","templated":true}]}}