{"id":26097,"date":"2014-10-27T18:55:05","date_gmt":"2014-10-27T21:55:05","guid":{"rendered":"http:\/\/www.notibras.com\/site\/?p=26097"},"modified":"2014-10-27T18:55:05","modified_gmt":"2014-10-27T21:55:05","slug":"das-urnas-saiu-a-voz-do-povo-por-um-novo-brasil-um-novo-df","status":"publish","type":"post","link":"https:\/\/www.notibras.com\/site\/das-urnas-saiu-a-voz-do-povo-por-um-novo-brasil-um-novo-df\/","title":{"rendered":"Das urnas saiu a voz do povo, por um novo Brasil, um novo DF"},"content":{"rendered":"<p>Eu, eleitor da maior zona eleitoral do DF \u2013 \u00c1guas Claras, com 127.357 eleitores e 448 se\u00e7\u00f5es, fui\u00a0\u2013 como tantos outros eleitores Brasil a fora &#8211; mandar meu recado aos candidatos \u00e0 presid\u00eancia da Rep\u00fablica e ao Governo do Distrito Federal. Eu dei voz a um novo Brasil! A um novo DF!<\/p>\n<p>Contrariando todos os progn\u00f3sticos dos especialistas econ\u00f4micos, o Datafolha sinalizou (h\u00e1 uma semana) uma virada na onda eleitoral e isso teria como causa o otimismo do brasileiro com o futuro da economia. Descren\u00e7a, rep\u00fadio e massacre total (nas redes sociais) contra essa constata\u00e7\u00e3o.<\/p>\n<p>Aberta as urnas e totalizando os votos, a constata\u00e7\u00e3o: a diferen\u00e7a apertada entre os dois candidatos que chegaram \u00e0 reta final do pleito reflete mais do que a virul\u00eancia dos ataques. Mostra um pa\u00eds claramente dividido, fato que n\u00e3o pode ser minimizado por nenhuma das partes.<\/p>\n<p>N\u00e3o ser\u00e1 poss\u00edvel governar sem o respeito aos milh\u00f5es que votaram na oposi\u00e7\u00e3o e isso faz da imediata reconstru\u00e7\u00e3o da unidade nacional e de bases de entendimento e conviv\u00eancia democr\u00e1tica a primeira grande tarefa de Dilma Rousseff e de A\u00e9cio Neves.<\/p>\n<p>Ao cabo da disputa eleitoral mais acirrada desde o retorno do pa\u00eds \u00e0 democracia, h\u00e1 26 anos, a maioria dos cerca de 140 milh\u00f5es de brasileiros que foram \u00e0s urnas decidiram dar mais um mandato de quatro anos \u00e0 presidente Dilma Rousseff.<\/p>\n<blockquote><p>Day after, n\u00e3o faltam pesquisas indicando a insatisfa\u00e7\u00e3o geral com rela\u00e7\u00e3o \u00e0 sa\u00fade e ao transporte p\u00fablico. A educa\u00e7\u00e3o, que deveria ser prioridade absoluta de qualquer governo, continua comprometendo o futuro do pa\u00eds, em raz\u00e3o de sua baixa qualidade em todos os n\u00edveis. E a seguran\u00e7a p\u00fablica prende em casa o cidad\u00e3o que paga impostos, enquanto a marginalidade age com desenvoltura.<\/p><\/blockquote>\n<p>Os desafios s\u00e3o enormes. Tanto para a situa\u00e7\u00e3o do novo governo Dilma, quanto para a oposi\u00e7\u00e3o a ele. S\u00e3o desafios enormes e, na maioria, imposs\u00edveis de serem enfrentados sem determina\u00e7\u00e3o e constru\u00e7\u00e3o di\u00e1ria da democracia.<\/p>\n<p>\u00c9 preciso descer do palanque eleitoral. Acabou. Dilma n\u00e3o deve esperar chega janeiro para iniciar seu novo governo. Isso deve ser feito j\u00e1. A partir de agora.<\/p>\n<p>Deixando de lado os fascistas de direita e de esquerda, o povo deu mais uma demonstra\u00e7\u00e3o de que parece estar mais preparado para a democracia.<\/p>\n<p>\u00c0queles que n\u00e3o compreendem o poder da democracia brasileira, s\u00f3 um lembrete quanto a esse imenso pa\u00eds chamado Brasil: AME-O ou DEIXE-O!<\/p>\n<p><strong>Jo\u00e3o Moura<\/strong> &#8211; <a title=\"Este link externo ir\u00e1 abrir em nova janela\" href=\"http:\/\/conversascomjoaomoura.blogspot.com\/2014\/10\/das-urnas-saiu-voz-do-povo.html\" target=\"_blank\">Blog do Jo\u00e3o Moura<\/a><\/p>\n","protected":false},"excerpt":{"rendered":"<p>Eu, eleitor da maior zona eleitoral do DF \u2013 \u00c1guas Claras, com 127.357 eleitores e 448 se\u00e7\u00f5es, fui\u00a0\u2013 como tantos outros eleitores Brasil a fora &#8211; mandar meu recado aos candidatos \u00e0 presid\u00eancia da Rep\u00fablica e ao Governo do Distrito Federal. Eu dei voz a um novo Brasil! A um novo DF! Contrariando todos os [&hellip;]<\/p>\n","protected":false},"author":2,"featured_media":26098,"comment_status":"open","ping_status":"closed","sticky":false,"template":"","format":"standard","meta":{"_acf_changed":false,"footnotes":""},"categories":[25],"tags":[],"class_list":["post-26097","post","type-post","status-publish","format-standard","has-post-thumbnail","hentry","category-opina-ai"],"acf":[],"yoast_head":"<!-- This site is optimized with the Yoast SEO plugin v27.2 - https:\/\/yoast.com\/product\/yoast-seo-wordpress\/ -->\n<title>Das urnas saiu a voz do povo, por um novo Brasil, um novo DF - Notibras<\/title>\n<meta name=\"robots\" content=\"index, follow, max-snippet:-1, max-image-preview:large, max-video-preview:-1\" \/>\n<link rel=\"canonical\" href=\"https:\/\/www.notibras.com\/site\/das-urnas-saiu-a-voz-do-povo-por-um-novo-brasil-um-novo-df\/\" \/>\n<meta property=\"og:locale\" content=\"pt_BR\" \/>\n<meta property=\"og:type\" content=\"article\" \/>\n<meta property=\"og:title\" content=\"Das urnas saiu a voz do povo, por um novo Brasil, um novo DF - Notibras\" \/>\n<meta property=\"og:description\" content=\"Eu, eleitor da maior zona eleitoral do DF \u2013 \u00c1guas Claras, com 127.357 eleitores e 448 se\u00e7\u00f5es, fui\u00a0\u2013 como tantos outros eleitores Brasil a fora &#8211; mandar meu recado aos candidatos \u00e0 presid\u00eancia da Rep\u00fablica e ao Governo do Distrito Federal. Eu dei voz a um novo Brasil! A um novo DF! Contrariando todos os [&hellip;]\" \/>\n<meta property=\"og:url\" content=\"https:\/\/www.notibras.com\/site\/das-urnas-saiu-a-voz-do-povo-por-um-novo-brasil-um-novo-df\/\" \/>\n<meta property=\"og:site_name\" content=\"Notibras\" \/>\n<meta property=\"article:publisher\" content=\"https:\/\/www.facebook.com\/notibras\/\" \/>\n<meta property=\"article:published_time\" content=\"2014-10-27T21:55:05+00:00\" \/>\n<meta property=\"og:image\" content=\"https:\/\/www.notibras.com\/site\/wp-content\/uploads\/2014\/10\/op3.jpg\" \/>\n\t<meta property=\"og:image:width\" content=\"1172\" \/>\n\t<meta property=\"og:image:height\" content=\"785\" \/>\n\t<meta property=\"og:image:type\" content=\"image\/jpeg\" \/>\n<meta name=\"author\" content=\"Reda\u00e7\u00e3o\" \/>\n<meta name=\"twitter:card\" content=\"summary_large_image\" \/>\n<meta name=\"twitter:creator\" content=\"@Notibras\" \/>\n<meta name=\"twitter:site\" content=\"@Notibras\" \/>\n<meta name=\"twitter:label1\" content=\"Escrito por\" \/>\n\t<meta name=\"twitter:data1\" content=\"Reda\u00e7\u00e3o\" \/>\n\t<meta name=\"twitter:label2\" content=\"Est. tempo de leitura\" \/>\n\t<meta name=\"twitter:data2\" content=\"2 minutos\" \/>\n<script type=\"application\/ld+json\" class=\"yoast-schema-graph\">{\"@context\":\"https:\/\/schema.org\",\"@graph\":[{\"@type\":\"Article\",\"@id\":\"https:\/\/www.notibras.com\/site\/das-urnas-saiu-a-voz-do-povo-por-um-novo-brasil-um-novo-df\/#article\",\"isPartOf\":{\"@id\":\"https:\/\/www.notibras.com\/site\/das-urnas-saiu-a-voz-do-povo-por-um-novo-brasil-um-novo-df\/\"},\"author\":{\"name\":\"Reda\u00e7\u00e3o\",\"@id\":\"https:\/\/www.notibras.com\/site\/#\/schema\/person\/36ab0979449956132d3e5b517ea76ac8\"},\"headline\":\"Das urnas saiu a voz do povo, por um novo Brasil, um novo DF\",\"datePublished\":\"2014-10-27T21:55:05+00:00\",\"mainEntityOfPage\":{\"@id\":\"https:\/\/www.notibras.com\/site\/das-urnas-saiu-a-voz-do-povo-por-um-novo-brasil-um-novo-df\/\"},\"wordCount\":453,\"commentCount\":0,\"publisher\":{\"@id\":\"https:\/\/www.notibras.com\/site\/#organization\"},\"image\":{\"@id\":\"https:\/\/www.notibras.com\/site\/das-urnas-saiu-a-voz-do-povo-por-um-novo-brasil-um-novo-df\/#primaryimage\"},\"thumbnailUrl\":\"https:\/\/www.notibras.com\/site\/wp-content\/uploads\/2014\/10\/op3.jpg\",\"articleSection\":[\"Opina a\u00ed\"],\"inLanguage\":\"pt-BR\",\"potentialAction\":[{\"@type\":\"CommentAction\",\"name\":\"Comment\",\"target\":[\"https:\/\/www.notibras.com\/site\/das-urnas-saiu-a-voz-do-povo-por-um-novo-brasil-um-novo-df\/#respond\"]}]},{\"@type\":\"WebPage\",\"@id\":\"https:\/\/www.notibras.com\/site\/das-urnas-saiu-a-voz-do-povo-por-um-novo-brasil-um-novo-df\/\",\"url\":\"https:\/\/www.notibras.com\/site\/das-urnas-saiu-a-voz-do-povo-por-um-novo-brasil-um-novo-df\/\",\"name\":\"Das urnas saiu a voz do povo, por um novo Brasil, um novo DF - Notibras\",\"isPartOf\":{\"@id\":\"https:\/\/www.notibras.com\/site\/#website\"},\"primaryImageOfPage\":{\"@id\":\"https:\/\/www.notibras.com\/site\/das-urnas-saiu-a-voz-do-povo-por-um-novo-brasil-um-novo-df\/#primaryimage\"},\"image\":{\"@id\":\"https:\/\/www.notibras.com\/site\/das-urnas-saiu-a-voz-do-povo-por-um-novo-brasil-um-novo-df\/#primaryimage\"},\"thumbnailUrl\":\"https:\/\/www.notibras.com\/site\/wp-content\/uploads\/2014\/10\/op3.jpg\",\"datePublished\":\"2014-10-27T21:55:05+00:00\",\"breadcrumb\":{\"@id\":\"https:\/\/www.notibras.com\/site\/das-urnas-saiu-a-voz-do-povo-por-um-novo-brasil-um-novo-df\/#breadcrumb\"},\"inLanguage\":\"pt-BR\",\"potentialAction\":[{\"@type\":\"ReadAction\",\"target\":[\"https:\/\/www.notibras.com\/site\/das-urnas-saiu-a-voz-do-povo-por-um-novo-brasil-um-novo-df\/\"]}]},{\"@type\":\"ImageObject\",\"inLanguage\":\"pt-BR\",\"@id\":\"https:\/\/www.notibras.com\/site\/das-urnas-saiu-a-voz-do-povo-por-um-novo-brasil-um-novo-df\/#primaryimage\",\"url\":\"https:\/\/www.notibras.com\/site\/wp-content\/uploads\/2014\/10\/op3.jpg\",\"contentUrl\":\"https:\/\/www.notibras.com\/site\/wp-content\/uploads\/2014\/10\/op3.jpg\",\"width\":1172,\"height\":785},{\"@type\":\"BreadcrumbList\",\"@id\":\"https:\/\/www.notibras.com\/site\/das-urnas-saiu-a-voz-do-povo-por-um-novo-brasil-um-novo-df\/#breadcrumb\",\"itemListElement\":[{\"@type\":\"ListItem\",\"position\":1,\"name\":\"In\u00edcio\",\"item\":\"https:\/\/www.notibras.com\/site\/\"},{\"@type\":\"ListItem\",\"position\":2,\"name\":\"Das urnas saiu a voz do povo, por um novo Brasil, um novo DF\"}]},{\"@type\":\"WebSite\",\"@id\":\"https:\/\/www.notibras.com\/site\/#website\",\"url\":\"https:\/\/www.notibras.com\/site\/\",\"name\":\"Notibras\",\"description\":\"Not\u00edcias de Bras\u00edlia, do Brasil e do Mundo\",\"publisher\":{\"@id\":\"https:\/\/www.notibras.com\/site\/#organization\"},\"potentialAction\":[{\"@type\":\"SearchAction\",\"target\":{\"@type\":\"EntryPoint\",\"urlTemplate\":\"https:\/\/www.notibras.com\/site\/?s={search_term_string}\"},\"query-input\":{\"@type\":\"PropertyValueSpecification\",\"valueRequired\":true,\"valueName\":\"search_term_string\"}}],\"inLanguage\":\"pt-BR\"},{\"@type\":\"Organization\",\"@id\":\"https:\/\/www.notibras.com\/site\/#organization\",\"name\":\"Grupo Notibras de Comunica\u00e7\u00e3o\",\"url\":\"https:\/\/www.notibras.com\/site\/\",\"logo\":{\"@type\":\"ImageObject\",\"inLanguage\":\"pt-BR\",\"@id\":\"https:\/\/www.notibras.com\/site\/#\/schema\/logo\/image\/\",\"url\":\"https:\/\/www.notibras.com\/site\/wp-content\/uploads\/2023\/01\/notibras23.png\",\"contentUrl\":\"https:\/\/www.notibras.com\/site\/wp-content\/uploads\/2023\/01\/notibras23.png\",\"width\":350,\"height\":87,\"caption\":\"Grupo Notibras de Comunica\u00e7\u00e3o\"},\"image\":{\"@id\":\"https:\/\/www.notibras.com\/site\/#\/schema\/logo\/image\/\"},\"sameAs\":[\"https:\/\/www.facebook.com\/notibras\/\",\"https:\/\/x.com\/Notibras\",\"https:\/\/www.instagram.com\/notibras\/\"]},{\"@type\":\"Person\",\"@id\":\"https:\/\/www.notibras.com\/site\/#\/schema\/person\/36ab0979449956132d3e5b517ea76ac8\",\"name\":\"Reda\u00e7\u00e3o\",\"image\":{\"@type\":\"ImageObject\",\"inLanguage\":\"pt-BR\",\"@id\":\"https:\/\/secure.gravatar.com\/avatar\/e0a867bdedb85fd243eadf09663511f96fc81e0720a4a42581f334ad4303aa6b?s=96&d=mm&r=g\",\"url\":\"https:\/\/secure.gravatar.com\/avatar\/e0a867bdedb85fd243eadf09663511f96fc81e0720a4a42581f334ad4303aa6b?s=96&d=mm&r=g\",\"contentUrl\":\"https:\/\/secure.gravatar.com\/avatar\/e0a867bdedb85fd243eadf09663511f96fc81e0720a4a42581f334ad4303aa6b?s=96&d=mm&r=g\",\"caption\":\"Reda\u00e7\u00e3o\"}}]}<\/script>\n<!-- \/ Yoast SEO plugin. -->","yoast_head_json":{"title":"Das urnas saiu a voz do povo, por um novo Brasil, um novo DF - Notibras","robots":{"index":"index","follow":"follow","max-snippet":"max-snippet:-1","max-image-preview":"max-image-preview:large","max-video-preview":"max-video-preview:-1"},"canonical":"https:\/\/www.notibras.com\/site\/das-urnas-saiu-a-voz-do-povo-por-um-novo-brasil-um-novo-df\/","og_locale":"pt_BR","og_type":"article","og_title":"Das urnas saiu a voz do povo, por um novo Brasil, um novo DF - Notibras","og_description":"Eu, eleitor da maior zona eleitoral do DF \u2013 \u00c1guas Claras, com 127.357 eleitores e 448 se\u00e7\u00f5es, fui\u00a0\u2013 como tantos outros eleitores Brasil a fora &#8211; mandar meu recado aos candidatos \u00e0 presid\u00eancia da Rep\u00fablica e ao Governo do Distrito Federal. Eu dei voz a um novo Brasil! A um novo DF! Contrariando todos os [&hellip;]","og_url":"https:\/\/www.notibras.com\/site\/das-urnas-saiu-a-voz-do-povo-por-um-novo-brasil-um-novo-df\/","og_site_name":"Notibras","article_publisher":"https:\/\/www.facebook.com\/notibras\/","article_published_time":"2014-10-27T21:55:05+00:00","og_image":[{"width":1172,"height":785,"url":"https:\/\/www.notibras.com\/site\/wp-content\/uploads\/2014\/10\/op3.jpg","type":"image\/jpeg"}],"author":"Reda\u00e7\u00e3o","twitter_card":"summary_large_image","twitter_creator":"@Notibras","twitter_site":"@Notibras","twitter_misc":{"Escrito por":"Reda\u00e7\u00e3o","Est. tempo de leitura":"2 minutos"},"schema":{"@context":"https:\/\/schema.org","@graph":[{"@type":"Article","@id":"https:\/\/www.notibras.com\/site\/das-urnas-saiu-a-voz-do-povo-por-um-novo-brasil-um-novo-df\/#article","isPartOf":{"@id":"https:\/\/www.notibras.com\/site\/das-urnas-saiu-a-voz-do-povo-por-um-novo-brasil-um-novo-df\/"},"author":{"name":"Reda\u00e7\u00e3o","@id":"https:\/\/www.notibras.com\/site\/#\/schema\/person\/36ab0979449956132d3e5b517ea76ac8"},"headline":"Das urnas saiu a voz do povo, por um novo Brasil, um novo DF","datePublished":"2014-10-27T21:55:05+00:00","mainEntityOfPage":{"@id":"https:\/\/www.notibras.com\/site\/das-urnas-saiu-a-voz-do-povo-por-um-novo-brasil-um-novo-df\/"},"wordCount":453,"commentCount":0,"publisher":{"@id":"https:\/\/www.notibras.com\/site\/#organization"},"image":{"@id":"https:\/\/www.notibras.com\/site\/das-urnas-saiu-a-voz-do-povo-por-um-novo-brasil-um-novo-df\/#primaryimage"},"thumbnailUrl":"https:\/\/www.notibras.com\/site\/wp-content\/uploads\/2014\/10\/op3.jpg","articleSection":["Opina a\u00ed"],"inLanguage":"pt-BR","potentialAction":[{"@type":"CommentAction","name":"Comment","target":["https:\/\/www.notibras.com\/site\/das-urnas-saiu-a-voz-do-povo-por-um-novo-brasil-um-novo-df\/#respond"]}]},{"@type":"WebPage","@id":"https:\/\/www.notibras.com\/site\/das-urnas-saiu-a-voz-do-povo-por-um-novo-brasil-um-novo-df\/","url":"https:\/\/www.notibras.com\/site\/das-urnas-saiu-a-voz-do-povo-por-um-novo-brasil-um-novo-df\/","name":"Das urnas saiu a voz do povo, por um novo Brasil, um novo DF - Notibras","isPartOf":{"@id":"https:\/\/www.notibras.com\/site\/#website"},"primaryImageOfPage":{"@id":"https:\/\/www.notibras.com\/site\/das-urnas-saiu-a-voz-do-povo-por-um-novo-brasil-um-novo-df\/#primaryimage"},"image":{"@id":"https:\/\/www.notibras.com\/site\/das-urnas-saiu-a-voz-do-povo-por-um-novo-brasil-um-novo-df\/#primaryimage"},"thumbnailUrl":"https:\/\/www.notibras.com\/site\/wp-content\/uploads\/2014\/10\/op3.jpg","datePublished":"2014-10-27T21:55:05+00:00","breadcrumb":{"@id":"https:\/\/www.notibras.com\/site\/das-urnas-saiu-a-voz-do-povo-por-um-novo-brasil-um-novo-df\/#breadcrumb"},"inLanguage":"pt-BR","potentialAction":[{"@type":"ReadAction","target":["https:\/\/www.notibras.com\/site\/das-urnas-saiu-a-voz-do-povo-por-um-novo-brasil-um-novo-df\/"]}]},{"@type":"ImageObject","inLanguage":"pt-BR","@id":"https:\/\/www.notibras.com\/site\/das-urnas-saiu-a-voz-do-povo-por-um-novo-brasil-um-novo-df\/#primaryimage","url":"https:\/\/www.notibras.com\/site\/wp-content\/uploads\/2014\/10\/op3.jpg","contentUrl":"https:\/\/www.notibras.com\/site\/wp-content\/uploads\/2014\/10\/op3.jpg","width":1172,"height":785},{"@type":"BreadcrumbList","@id":"https:\/\/www.notibras.com\/site\/das-urnas-saiu-a-voz-do-povo-por-um-novo-brasil-um-novo-df\/#breadcrumb","itemListElement":[{"@type":"ListItem","position":1,"name":"In\u00edcio","item":"https:\/\/www.notibras.com\/site\/"},{"@type":"ListItem","position":2,"name":"Das urnas saiu a voz do povo, por um novo Brasil, um novo DF"}]},{"@type":"WebSite","@id":"https:\/\/www.notibras.com\/site\/#website","url":"https:\/\/www.notibras.com\/site\/","name":"Notibras","description":"Not\u00edcias de Bras\u00edlia, do Brasil e do Mundo","publisher":{"@id":"https:\/\/www.notibras.com\/site\/#organization"},"potentialAction":[{"@type":"SearchAction","target":{"@type":"EntryPoint","urlTemplate":"https:\/\/www.notibras.com\/site\/?s={search_term_string}"},"query-input":{"@type":"PropertyValueSpecification","valueRequired":true,"valueName":"search_term_string"}}],"inLanguage":"pt-BR"},{"@type":"Organization","@id":"https:\/\/www.notibras.com\/site\/#organization","name":"Grupo Notibras de Comunica\u00e7\u00e3o","url":"https:\/\/www.notibras.com\/site\/","logo":{"@type":"ImageObject","inLanguage":"pt-BR","@id":"https:\/\/www.notibras.com\/site\/#\/schema\/logo\/image\/","url":"https:\/\/www.notibras.com\/site\/wp-content\/uploads\/2023\/01\/notibras23.png","contentUrl":"https:\/\/www.notibras.com\/site\/wp-content\/uploads\/2023\/01\/notibras23.png","width":350,"height":87,"caption":"Grupo Notibras de Comunica\u00e7\u00e3o"},"image":{"@id":"https:\/\/www.notibras.com\/site\/#\/schema\/logo\/image\/"},"sameAs":["https:\/\/www.facebook.com\/notibras\/","https:\/\/x.com\/Notibras","https:\/\/www.instagram.com\/notibras\/"]},{"@type":"Person","@id":"https:\/\/www.notibras.com\/site\/#\/schema\/person\/36ab0979449956132d3e5b517ea76ac8","name":"Reda\u00e7\u00e3o","image":{"@type":"ImageObject","inLanguage":"pt-BR","@id":"https:\/\/secure.gravatar.com\/avatar\/e0a867bdedb85fd243eadf09663511f96fc81e0720a4a42581f334ad4303aa6b?s=96&d=mm&r=g","url":"https:\/\/secure.gravatar.com\/avatar\/e0a867bdedb85fd243eadf09663511f96fc81e0720a4a42581f334ad4303aa6b?s=96&d=mm&r=g","contentUrl":"https:\/\/secure.gravatar.com\/avatar\/e0a867bdedb85fd243eadf09663511f96fc81e0720a4a42581f334ad4303aa6b?s=96&d=mm&r=g","caption":"Reda\u00e7\u00e3o"}}]}},"amp_enabled":true,"_links":{"self":[{"href":"https:\/\/www.notibras.com\/site\/wp-json\/wp\/v2\/posts\/26097","targetHints":{"allow":["GET"]}}],"collection":[{"href":"https:\/\/www.notibras.com\/site\/wp-json\/wp\/v2\/posts"}],"about":[{"href":"https:\/\/www.notibras.com\/site\/wp-json\/wp\/v2\/types\/post"}],"author":[{"embeddable":true,"href":"https:\/\/www.notibras.com\/site\/wp-json\/wp\/v2\/users\/2"}],"replies":[{"embeddable":true,"href":"https:\/\/www.notibras.com\/site\/wp-json\/wp\/v2\/comments?post=26097"}],"version-history":[{"count":0,"href":"https:\/\/www.notibras.com\/site\/wp-json\/wp\/v2\/posts\/26097\/revisions"}],"wp:featuredmedia":[{"embeddable":true,"href":"https:\/\/www.notibras.com\/site\/wp-json\/wp\/v2\/media\/26098"}],"wp:attachment":[{"href":"https:\/\/www.notibras.com\/site\/wp-json\/wp\/v2\/media?parent=26097"}],"wp:term":[{"taxonomy":"category","embeddable":true,"href":"https:\/\/www.notibras.com\/site\/wp-json\/wp\/v2\/categories?post=26097"},{"taxonomy":"post_tag","embeddable":true,"href":"https:\/\/www.notibras.com\/site\/wp-json\/wp\/v2\/tags?post=26097"}],"curies":[{"name":"wp","href":"https:\/\/api.w.org\/{rel}","templated":true}]}}