{"id":26141,"date":"2014-10-27T20:26:47","date_gmt":"2014-10-27T23:26:47","guid":{"rendered":"http:\/\/www.notibras.com\/site\/?p=26141"},"modified":"2014-10-27T21:33:57","modified_gmt":"2014-10-28T00:33:57","slug":"corrupcao-na-petrobras-deixa-youssef-fora-e-chama-cosenza","status":"publish","type":"post","link":"https:\/\/www.notibras.com\/site\/corrupcao-na-petrobras-deixa-youssef-fora-e-chama-cosenza\/","title":{"rendered":"Corrup\u00e7\u00e3o na Petrobras deixa Youssef fora e chama Cosenza"},"content":{"rendered":"<p class=\"text\">O depoimento do doleiro Alberto Youssef na Comiss\u00e3o Parlamentar Mista de Inqu\u00e9rito da Petrobras (CPMI), previsto para a quarta-feira (29), foi adiado.\u00a0No lugar do doleiro, os integrantes da CPMI v\u00e3o tomar o depoimento diretor de Abastecimento da estatal Jos\u00e9 Carlos Cosenza. O doleiro est\u00e1 hospitalizado em Curitiba, ap\u00f3s passar mal no \u00faltimo s\u00e1bado.<\/p>\n","protected":false},"excerpt":{"rendered":"<p>O depoimento do doleiro Alberto Youssef na Comiss\u00e3o Parlamentar Mista de Inqu\u00e9rito da Petrobras (CPMI), previsto para a quarta-feira (29), foi adiado.\u00a0No lugar do doleiro, os integrantes da CPMI v\u00e3o tomar o depoimento diretor de Abastecimento da estatal Jos\u00e9 Carlos Cosenza. O doleiro est\u00e1 hospitalizado em Curitiba, ap\u00f3s passar mal no \u00faltimo s\u00e1bado.<\/p>\n","protected":false},"author":2,"featured_media":26142,"comment_status":"open","ping_status":"closed","sticky":false,"template":"","format":"standard","meta":{"_acf_changed":false,"footnotes":""},"categories":[26],"tags":[],"class_list":["post-26141","post","type-post","status-publish","format-standard","has-post-thumbnail","hentry","category-eleicoes-2022"],"acf":[],"yoast_head":"<!-- This site is optimized with the Yoast SEO plugin v27.2 - https:\/\/yoast.com\/product\/yoast-seo-wordpress\/ -->\n<title>Corrup\u00e7\u00e3o na Petrobras deixa Youssef fora e chama Cosenza - Notibras<\/title>\n<meta name=\"robots\" content=\"index, follow, max-snippet:-1, max-image-preview:large, max-video-preview:-1\" \/>\n<link rel=\"canonical\" href=\"https:\/\/www.notibras.com\/site\/corrupcao-na-petrobras-deixa-youssef-fora-e-chama-cosenza\/\" \/>\n<meta property=\"og:locale\" content=\"pt_BR\" \/>\n<meta property=\"og:type\" content=\"article\" \/>\n<meta property=\"og:title\" content=\"Corrup\u00e7\u00e3o na Petrobras deixa Youssef fora e chama Cosenza - Notibras\" \/>\n<meta property=\"og:description\" content=\"O depoimento do doleiro Alberto Youssef na Comiss\u00e3o Parlamentar Mista de Inqu\u00e9rito da Petrobras (CPMI), previsto para a quarta-feira (29), foi adiado.\u00a0No lugar do doleiro, os integrantes da CPMI v\u00e3o tomar o depoimento diretor de Abastecimento da estatal Jos\u00e9 Carlos Cosenza. O doleiro est\u00e1 hospitalizado em Curitiba, ap\u00f3s passar mal no \u00faltimo s\u00e1bado.\" \/>\n<meta property=\"og:url\" content=\"https:\/\/www.notibras.com\/site\/corrupcao-na-petrobras-deixa-youssef-fora-e-chama-cosenza\/\" \/>\n<meta property=\"og:site_name\" content=\"Notibras\" \/>\n<meta property=\"article:publisher\" content=\"https:\/\/www.facebook.com\/notibras\/\" \/>\n<meta property=\"article:published_time\" content=\"2014-10-27T23:26:47+00:00\" \/>\n<meta property=\"article:modified_time\" content=\"2014-10-28T00:33:57+00:00\" \/>\n<meta property=\"og:image\" content=\"https:\/\/www.notibras.com\/site\/wp-content\/uploads\/2014\/10\/p6.jpg\" \/>\n\t<meta property=\"og:image:width\" content=\"380\" \/>\n\t<meta property=\"og:image:height\" content=\"280\" \/>\n\t<meta property=\"og:image:type\" content=\"image\/jpeg\" \/>\n<meta name=\"author\" content=\"Reda\u00e7\u00e3o\" \/>\n<meta name=\"twitter:card\" content=\"summary_large_image\" \/>\n<meta name=\"twitter:creator\" content=\"@Notibras\" \/>\n<meta name=\"twitter:site\" content=\"@Notibras\" \/>\n<meta name=\"twitter:label1\" content=\"Escrito por\" \/>\n\t<meta name=\"twitter:data1\" content=\"Reda\u00e7\u00e3o\" \/>\n<script type=\"application\/ld+json\" class=\"yoast-schema-graph\">{\"@context\":\"https:\/\/schema.org\",\"@graph\":[{\"@type\":\"Article\",\"@id\":\"https:\/\/www.notibras.com\/site\/corrupcao-na-petrobras-deixa-youssef-fora-e-chama-cosenza\/#article\",\"isPartOf\":{\"@id\":\"https:\/\/www.notibras.com\/site\/corrupcao-na-petrobras-deixa-youssef-fora-e-chama-cosenza\/\"},\"author\":{\"name\":\"Reda\u00e7\u00e3o\",\"@id\":\"https:\/\/www.notibras.com\/site\/#\/schema\/person\/36ab0979449956132d3e5b517ea76ac8\"},\"headline\":\"Corrup\u00e7\u00e3o na Petrobras deixa Youssef fora e chama Cosenza\",\"datePublished\":\"2014-10-27T23:26:47+00:00\",\"dateModified\":\"2014-10-28T00:33:57+00:00\",\"mainEntityOfPage\":{\"@id\":\"https:\/\/www.notibras.com\/site\/corrupcao-na-petrobras-deixa-youssef-fora-e-chama-cosenza\/\"},\"wordCount\":68,\"commentCount\":0,\"publisher\":{\"@id\":\"https:\/\/www.notibras.com\/site\/#organization\"},\"image\":{\"@id\":\"https:\/\/www.notibras.com\/site\/corrupcao-na-petrobras-deixa-youssef-fora-e-chama-cosenza\/#primaryimage\"},\"thumbnailUrl\":\"https:\/\/www.notibras.com\/site\/wp-content\/uploads\/2014\/10\/p6.jpg\",\"articleSection\":[\"Elei\u00e7\u00f5es 2022\"],\"inLanguage\":\"pt-BR\",\"potentialAction\":[{\"@type\":\"CommentAction\",\"name\":\"Comment\",\"target\":[\"https:\/\/www.notibras.com\/site\/corrupcao-na-petrobras-deixa-youssef-fora-e-chama-cosenza\/#respond\"]}]},{\"@type\":\"WebPage\",\"@id\":\"https:\/\/www.notibras.com\/site\/corrupcao-na-petrobras-deixa-youssef-fora-e-chama-cosenza\/\",\"url\":\"https:\/\/www.notibras.com\/site\/corrupcao-na-petrobras-deixa-youssef-fora-e-chama-cosenza\/\",\"name\":\"Corrup\u00e7\u00e3o na Petrobras deixa Youssef fora e chama Cosenza - Notibras\",\"isPartOf\":{\"@id\":\"https:\/\/www.notibras.com\/site\/#website\"},\"primaryImageOfPage\":{\"@id\":\"https:\/\/www.notibras.com\/site\/corrupcao-na-petrobras-deixa-youssef-fora-e-chama-cosenza\/#primaryimage\"},\"image\":{\"@id\":\"https:\/\/www.notibras.com\/site\/corrupcao-na-petrobras-deixa-youssef-fora-e-chama-cosenza\/#primaryimage\"},\"thumbnailUrl\":\"https:\/\/www.notibras.com\/site\/wp-content\/uploads\/2014\/10\/p6.jpg\",\"datePublished\":\"2014-10-27T23:26:47+00:00\",\"dateModified\":\"2014-10-28T00:33:57+00:00\",\"breadcrumb\":{\"@id\":\"https:\/\/www.notibras.com\/site\/corrupcao-na-petrobras-deixa-youssef-fora-e-chama-cosenza\/#breadcrumb\"},\"inLanguage\":\"pt-BR\",\"potentialAction\":[{\"@type\":\"ReadAction\",\"target\":[\"https:\/\/www.notibras.com\/site\/corrupcao-na-petrobras-deixa-youssef-fora-e-chama-cosenza\/\"]}]},{\"@type\":\"ImageObject\",\"inLanguage\":\"pt-BR\",\"@id\":\"https:\/\/www.notibras.com\/site\/corrupcao-na-petrobras-deixa-youssef-fora-e-chama-cosenza\/#primaryimage\",\"url\":\"https:\/\/www.notibras.com\/site\/wp-content\/uploads\/2014\/10\/p6.jpg\",\"contentUrl\":\"https:\/\/www.notibras.com\/site\/wp-content\/uploads\/2014\/10\/p6.jpg\",\"width\":380,\"height\":280},{\"@type\":\"BreadcrumbList\",\"@id\":\"https:\/\/www.notibras.com\/site\/corrupcao-na-petrobras-deixa-youssef-fora-e-chama-cosenza\/#breadcrumb\",\"itemListElement\":[{\"@type\":\"ListItem\",\"position\":1,\"name\":\"In\u00edcio\",\"item\":\"https:\/\/www.notibras.com\/site\/\"},{\"@type\":\"ListItem\",\"position\":2,\"name\":\"Corrup\u00e7\u00e3o na Petrobras deixa Youssef fora e chama Cosenza\"}]},{\"@type\":\"WebSite\",\"@id\":\"https:\/\/www.notibras.com\/site\/#website\",\"url\":\"https:\/\/www.notibras.com\/site\/\",\"name\":\"Notibras\",\"description\":\"Not\u00edcias de Bras\u00edlia, do Brasil e do Mundo\",\"publisher\":{\"@id\":\"https:\/\/www.notibras.com\/site\/#organization\"},\"potentialAction\":[{\"@type\":\"SearchAction\",\"target\":{\"@type\":\"EntryPoint\",\"urlTemplate\":\"https:\/\/www.notibras.com\/site\/?s={search_term_string}\"},\"query-input\":{\"@type\":\"PropertyValueSpecification\",\"valueRequired\":true,\"valueName\":\"search_term_string\"}}],\"inLanguage\":\"pt-BR\"},{\"@type\":\"Organization\",\"@id\":\"https:\/\/www.notibras.com\/site\/#organization\",\"name\":\"Grupo Notibras de Comunica\u00e7\u00e3o\",\"url\":\"https:\/\/www.notibras.com\/site\/\",\"logo\":{\"@type\":\"ImageObject\",\"inLanguage\":\"pt-BR\",\"@id\":\"https:\/\/www.notibras.com\/site\/#\/schema\/logo\/image\/\",\"url\":\"https:\/\/www.notibras.com\/site\/wp-content\/uploads\/2023\/01\/notibras23.png\",\"contentUrl\":\"https:\/\/www.notibras.com\/site\/wp-content\/uploads\/2023\/01\/notibras23.png\",\"width\":350,\"height\":87,\"caption\":\"Grupo Notibras de Comunica\u00e7\u00e3o\"},\"image\":{\"@id\":\"https:\/\/www.notibras.com\/site\/#\/schema\/logo\/image\/\"},\"sameAs\":[\"https:\/\/www.facebook.com\/notibras\/\",\"https:\/\/x.com\/Notibras\",\"https:\/\/www.instagram.com\/notibras\/\"]},{\"@type\":\"Person\",\"@id\":\"https:\/\/www.notibras.com\/site\/#\/schema\/person\/36ab0979449956132d3e5b517ea76ac8\",\"name\":\"Reda\u00e7\u00e3o\",\"image\":{\"@type\":\"ImageObject\",\"inLanguage\":\"pt-BR\",\"@id\":\"https:\/\/secure.gravatar.com\/avatar\/e0a867bdedb85fd243eadf09663511f96fc81e0720a4a42581f334ad4303aa6b?s=96&d=mm&r=g\",\"url\":\"https:\/\/secure.gravatar.com\/avatar\/e0a867bdedb85fd243eadf09663511f96fc81e0720a4a42581f334ad4303aa6b?s=96&d=mm&r=g\",\"contentUrl\":\"https:\/\/secure.gravatar.com\/avatar\/e0a867bdedb85fd243eadf09663511f96fc81e0720a4a42581f334ad4303aa6b?s=96&d=mm&r=g\",\"caption\":\"Reda\u00e7\u00e3o\"}}]}<\/script>\n<!-- \/ Yoast SEO plugin. -->","yoast_head_json":{"title":"Corrup\u00e7\u00e3o na Petrobras deixa Youssef fora e chama Cosenza - Notibras","robots":{"index":"index","follow":"follow","max-snippet":"max-snippet:-1","max-image-preview":"max-image-preview:large","max-video-preview":"max-video-preview:-1"},"canonical":"https:\/\/www.notibras.com\/site\/corrupcao-na-petrobras-deixa-youssef-fora-e-chama-cosenza\/","og_locale":"pt_BR","og_type":"article","og_title":"Corrup\u00e7\u00e3o na Petrobras deixa Youssef fora e chama Cosenza - Notibras","og_description":"O depoimento do doleiro Alberto Youssef na Comiss\u00e3o Parlamentar Mista de Inqu\u00e9rito da Petrobras (CPMI), previsto para a quarta-feira (29), foi adiado.\u00a0No lugar do doleiro, os integrantes da CPMI v\u00e3o tomar o depoimento diretor de Abastecimento da estatal Jos\u00e9 Carlos Cosenza. O doleiro est\u00e1 hospitalizado em Curitiba, ap\u00f3s passar mal no \u00faltimo s\u00e1bado.","og_url":"https:\/\/www.notibras.com\/site\/corrupcao-na-petrobras-deixa-youssef-fora-e-chama-cosenza\/","og_site_name":"Notibras","article_publisher":"https:\/\/www.facebook.com\/notibras\/","article_published_time":"2014-10-27T23:26:47+00:00","article_modified_time":"2014-10-28T00:33:57+00:00","og_image":[{"width":380,"height":280,"url":"https:\/\/www.notibras.com\/site\/wp-content\/uploads\/2014\/10\/p6.jpg","type":"image\/jpeg"}],"author":"Reda\u00e7\u00e3o","twitter_card":"summary_large_image","twitter_creator":"@Notibras","twitter_site":"@Notibras","twitter_misc":{"Escrito por":"Reda\u00e7\u00e3o"},"schema":{"@context":"https:\/\/schema.org","@graph":[{"@type":"Article","@id":"https:\/\/www.notibras.com\/site\/corrupcao-na-petrobras-deixa-youssef-fora-e-chama-cosenza\/#article","isPartOf":{"@id":"https:\/\/www.notibras.com\/site\/corrupcao-na-petrobras-deixa-youssef-fora-e-chama-cosenza\/"},"author":{"name":"Reda\u00e7\u00e3o","@id":"https:\/\/www.notibras.com\/site\/#\/schema\/person\/36ab0979449956132d3e5b517ea76ac8"},"headline":"Corrup\u00e7\u00e3o na Petrobras deixa Youssef fora e chama Cosenza","datePublished":"2014-10-27T23:26:47+00:00","dateModified":"2014-10-28T00:33:57+00:00","mainEntityOfPage":{"@id":"https:\/\/www.notibras.com\/site\/corrupcao-na-petrobras-deixa-youssef-fora-e-chama-cosenza\/"},"wordCount":68,"commentCount":0,"publisher":{"@id":"https:\/\/www.notibras.com\/site\/#organization"},"image":{"@id":"https:\/\/www.notibras.com\/site\/corrupcao-na-petrobras-deixa-youssef-fora-e-chama-cosenza\/#primaryimage"},"thumbnailUrl":"https:\/\/www.notibras.com\/site\/wp-content\/uploads\/2014\/10\/p6.jpg","articleSection":["Elei\u00e7\u00f5es 2022"],"inLanguage":"pt-BR","potentialAction":[{"@type":"CommentAction","name":"Comment","target":["https:\/\/www.notibras.com\/site\/corrupcao-na-petrobras-deixa-youssef-fora-e-chama-cosenza\/#respond"]}]},{"@type":"WebPage","@id":"https:\/\/www.notibras.com\/site\/corrupcao-na-petrobras-deixa-youssef-fora-e-chama-cosenza\/","url":"https:\/\/www.notibras.com\/site\/corrupcao-na-petrobras-deixa-youssef-fora-e-chama-cosenza\/","name":"Corrup\u00e7\u00e3o na Petrobras deixa Youssef fora e chama Cosenza - Notibras","isPartOf":{"@id":"https:\/\/www.notibras.com\/site\/#website"},"primaryImageOfPage":{"@id":"https:\/\/www.notibras.com\/site\/corrupcao-na-petrobras-deixa-youssef-fora-e-chama-cosenza\/#primaryimage"},"image":{"@id":"https:\/\/www.notibras.com\/site\/corrupcao-na-petrobras-deixa-youssef-fora-e-chama-cosenza\/#primaryimage"},"thumbnailUrl":"https:\/\/www.notibras.com\/site\/wp-content\/uploads\/2014\/10\/p6.jpg","datePublished":"2014-10-27T23:26:47+00:00","dateModified":"2014-10-28T00:33:57+00:00","breadcrumb":{"@id":"https:\/\/www.notibras.com\/site\/corrupcao-na-petrobras-deixa-youssef-fora-e-chama-cosenza\/#breadcrumb"},"inLanguage":"pt-BR","potentialAction":[{"@type":"ReadAction","target":["https:\/\/www.notibras.com\/site\/corrupcao-na-petrobras-deixa-youssef-fora-e-chama-cosenza\/"]}]},{"@type":"ImageObject","inLanguage":"pt-BR","@id":"https:\/\/www.notibras.com\/site\/corrupcao-na-petrobras-deixa-youssef-fora-e-chama-cosenza\/#primaryimage","url":"https:\/\/www.notibras.com\/site\/wp-content\/uploads\/2014\/10\/p6.jpg","contentUrl":"https:\/\/www.notibras.com\/site\/wp-content\/uploads\/2014\/10\/p6.jpg","width":380,"height":280},{"@type":"BreadcrumbList","@id":"https:\/\/www.notibras.com\/site\/corrupcao-na-petrobras-deixa-youssef-fora-e-chama-cosenza\/#breadcrumb","itemListElement":[{"@type":"ListItem","position":1,"name":"In\u00edcio","item":"https:\/\/www.notibras.com\/site\/"},{"@type":"ListItem","position":2,"name":"Corrup\u00e7\u00e3o na Petrobras deixa Youssef fora e chama Cosenza"}]},{"@type":"WebSite","@id":"https:\/\/www.notibras.com\/site\/#website","url":"https:\/\/www.notibras.com\/site\/","name":"Notibras","description":"Not\u00edcias de Bras\u00edlia, do Brasil e do Mundo","publisher":{"@id":"https:\/\/www.notibras.com\/site\/#organization"},"potentialAction":[{"@type":"SearchAction","target":{"@type":"EntryPoint","urlTemplate":"https:\/\/www.notibras.com\/site\/?s={search_term_string}"},"query-input":{"@type":"PropertyValueSpecification","valueRequired":true,"valueName":"search_term_string"}}],"inLanguage":"pt-BR"},{"@type":"Organization","@id":"https:\/\/www.notibras.com\/site\/#organization","name":"Grupo Notibras de Comunica\u00e7\u00e3o","url":"https:\/\/www.notibras.com\/site\/","logo":{"@type":"ImageObject","inLanguage":"pt-BR","@id":"https:\/\/www.notibras.com\/site\/#\/schema\/logo\/image\/","url":"https:\/\/www.notibras.com\/site\/wp-content\/uploads\/2023\/01\/notibras23.png","contentUrl":"https:\/\/www.notibras.com\/site\/wp-content\/uploads\/2023\/01\/notibras23.png","width":350,"height":87,"caption":"Grupo Notibras de Comunica\u00e7\u00e3o"},"image":{"@id":"https:\/\/www.notibras.com\/site\/#\/schema\/logo\/image\/"},"sameAs":["https:\/\/www.facebook.com\/notibras\/","https:\/\/x.com\/Notibras","https:\/\/www.instagram.com\/notibras\/"]},{"@type":"Person","@id":"https:\/\/www.notibras.com\/site\/#\/schema\/person\/36ab0979449956132d3e5b517ea76ac8","name":"Reda\u00e7\u00e3o","image":{"@type":"ImageObject","inLanguage":"pt-BR","@id":"https:\/\/secure.gravatar.com\/avatar\/e0a867bdedb85fd243eadf09663511f96fc81e0720a4a42581f334ad4303aa6b?s=96&d=mm&r=g","url":"https:\/\/secure.gravatar.com\/avatar\/e0a867bdedb85fd243eadf09663511f96fc81e0720a4a42581f334ad4303aa6b?s=96&d=mm&r=g","contentUrl":"https:\/\/secure.gravatar.com\/avatar\/e0a867bdedb85fd243eadf09663511f96fc81e0720a4a42581f334ad4303aa6b?s=96&d=mm&r=g","caption":"Reda\u00e7\u00e3o"}}]}},"amp_enabled":true,"_links":{"self":[{"href":"https:\/\/www.notibras.com\/site\/wp-json\/wp\/v2\/posts\/26141","targetHints":{"allow":["GET"]}}],"collection":[{"href":"https:\/\/www.notibras.com\/site\/wp-json\/wp\/v2\/posts"}],"about":[{"href":"https:\/\/www.notibras.com\/site\/wp-json\/wp\/v2\/types\/post"}],"author":[{"embeddable":true,"href":"https:\/\/www.notibras.com\/site\/wp-json\/wp\/v2\/users\/2"}],"replies":[{"embeddable":true,"href":"https:\/\/www.notibras.com\/site\/wp-json\/wp\/v2\/comments?post=26141"}],"version-history":[{"count":0,"href":"https:\/\/www.notibras.com\/site\/wp-json\/wp\/v2\/posts\/26141\/revisions"}],"wp:featuredmedia":[{"embeddable":true,"href":"https:\/\/www.notibras.com\/site\/wp-json\/wp\/v2\/media\/26142"}],"wp:attachment":[{"href":"https:\/\/www.notibras.com\/site\/wp-json\/wp\/v2\/media?parent=26141"}],"wp:term":[{"taxonomy":"category","embeddable":true,"href":"https:\/\/www.notibras.com\/site\/wp-json\/wp\/v2\/categories?post=26141"},{"taxonomy":"post_tag","embeddable":true,"href":"https:\/\/www.notibras.com\/site\/wp-json\/wp\/v2\/tags?post=26141"}],"curies":[{"name":"wp","href":"https:\/\/api.w.org\/{rel}","templated":true}]}}