{"id":26298,"date":"2014-10-28T21:30:41","date_gmt":"2014-10-29T00:30:41","guid":{"rendered":"http:\/\/www.notibras.com\/site\/?p=26298"},"modified":"2014-10-29T08:43:22","modified_gmt":"2014-10-29T11:43:22","slug":"portuguesa-perde-para-oeste-e-e-rebaixada-para-a-serie-c-pela-primeira-vez","status":"publish","type":"post","link":"https:\/\/www.notibras.com\/site\/portuguesa-perde-para-oeste-e-e-rebaixada-para-a-serie-c-pela-primeira-vez\/","title":{"rendered":"Lusa perde para Oeste e \u00e9 rebaixada para a S\u00e9rie C"},"content":{"rendered":"<p>A trag\u00e9dia estava anuncia h\u00e1 algumas rodadas, mas foi nesta ter\u00e7a-feira que o rebaixamento \u00e0 S\u00e9rie C do Campeonato Brasileiro foi confirmado &#8211; com cinco jogos de anteced\u00eancia. No acanhado Est\u00e1dio dos Amaros, em It\u00e1polis, interior de S\u00e3o Paulo, a Portuguesa foi mais uma vez derrotada, at\u00e9 com certa facilidade, desta vez por 3 a 0. Esta \u00e9 a primeira vez que o time do Canind\u00e9 disputa a terceira divis\u00e3o em 94 anos de hist\u00f3ria.<\/p>\n<p>A campanha deste ano, ali\u00e1s, acumula vexames. O primeiro j\u00e1 na estreia, quando a equipe abandonou o campo diante do Joinville, no interior catarinense. Ap\u00f3s 33 jogos disputados, a equipe rubro-verde somou apenas tr\u00eas vit\u00f3rias. A derrota para o Oeste nesta ter\u00e7a, por sua vez, representa a 14\u00aa partida sem vit\u00f3rias, sendo que a maior sequ\u00eancia de sua hist\u00f3ria era de 12 embates at\u00e9 ent\u00e3o.<\/p>\n<p>As dificuldades, ap\u00f3s um rebaixamento decretado no tribunal, j\u00e1 poderiam ser esperadas pelo torcedor, mas a queda decretada com cinco rodadas de anteced\u00eancia faz com que o epis\u00f3dio no STJD se torna apenas um detalhe de uma temporada desastrosa. Com 21 pontos somados, a Portuguesa amarga a \u00faltima coloca\u00e7\u00e3o, sendo que o melhor posto na campanha foi um modesto 15\u00ba lugar.<\/p>\n<blockquote><p>O Oeste, por sua vez, consegue dar um passo importante para permanecer na S\u00e9rie B do Campeonato Brasileiro. Com a vit\u00f3ria, o clube de It\u00e1polis chega aos 38 pontos e come\u00e7a a 33\u00aa rodada fora da zona de rebaixamento. Na pr\u00f3xima ter\u00e7a-feira, o Rubr\u00e3o tenta manter sua recupera\u00e7\u00e3o diante do Ava\u00ed, fora de casa. A Portuguesa, por sua vez, recebe o Luverdense, no Canind\u00e9.<\/p><\/blockquote>\n","protected":false},"excerpt":{"rendered":"<p>A trag\u00e9dia estava anuncia h\u00e1 algumas rodadas, mas foi nesta ter\u00e7a-feira que o rebaixamento \u00e0 S\u00e9rie C do Campeonato Brasileiro foi confirmado &#8211; com cinco jogos de anteced\u00eancia. No acanhado Est\u00e1dio dos Amaros, em It\u00e1polis, interior de S\u00e3o Paulo, a Portuguesa foi mais uma vez derrotada, at\u00e9 com certa facilidade, desta vez por 3 a [&hellip;]<\/p>\n","protected":false},"author":1,"featured_media":26299,"comment_status":"open","ping_status":"closed","sticky":false,"template":"","format":"standard","meta":{"_acf_changed":false,"footnotes":""},"categories":[29],"tags":[],"class_list":["post-26298","post","type-post","status-publish","format-standard","has-post-thumbnail","hentry","category-futebol"],"acf":[],"yoast_head":"<!-- This site is optimized with the Yoast SEO plugin v27.2 - https:\/\/yoast.com\/product\/yoast-seo-wordpress\/ -->\n<title>Lusa perde para Oeste e \u00e9 rebaixada para a S\u00e9rie C - Notibras<\/title>\n<meta name=\"robots\" content=\"index, follow, max-snippet:-1, max-image-preview:large, max-video-preview:-1\" \/>\n<link rel=\"canonical\" href=\"https:\/\/www.notibras.com\/site\/portuguesa-perde-para-oeste-e-e-rebaixada-para-a-serie-c-pela-primeira-vez\/\" \/>\n<meta property=\"og:locale\" content=\"pt_BR\" \/>\n<meta property=\"og:type\" content=\"article\" \/>\n<meta property=\"og:title\" content=\"Lusa perde para Oeste e \u00e9 rebaixada para a S\u00e9rie C - Notibras\" \/>\n<meta property=\"og:description\" content=\"A trag\u00e9dia estava anuncia h\u00e1 algumas rodadas, mas foi nesta ter\u00e7a-feira que o rebaixamento \u00e0 S\u00e9rie C do Campeonato Brasileiro foi confirmado &#8211; com cinco jogos de anteced\u00eancia. No acanhado Est\u00e1dio dos Amaros, em It\u00e1polis, interior de S\u00e3o Paulo, a Portuguesa foi mais uma vez derrotada, at\u00e9 com certa facilidade, desta vez por 3 a [&hellip;]\" \/>\n<meta property=\"og:url\" content=\"https:\/\/www.notibras.com\/site\/portuguesa-perde-para-oeste-e-e-rebaixada-para-a-serie-c-pela-primeira-vez\/\" \/>\n<meta property=\"og:site_name\" content=\"Notibras\" \/>\n<meta property=\"article:publisher\" content=\"https:\/\/www.facebook.com\/notibras\/\" \/>\n<meta property=\"article:published_time\" content=\"2014-10-29T00:30:41+00:00\" \/>\n<meta property=\"article:modified_time\" content=\"2014-10-29T11:43:22+00:00\" \/>\n<meta property=\"og:image\" content=\"https:\/\/www.notibras.com\/site\/wp-content\/uploads\/2014\/10\/Sem-t\u00edtulo-111.jpg\" \/>\n\t<meta property=\"og:image:width\" content=\"615\" \/>\n\t<meta property=\"og:image:height\" content=\"300\" \/>\n\t<meta property=\"og:image:type\" content=\"image\/jpeg\" \/>\n<meta name=\"author\" content=\"Reda\u00e7\u00e3o\" \/>\n<meta name=\"twitter:card\" content=\"summary_large_image\" \/>\n<meta name=\"twitter:creator\" content=\"@Notibras\" \/>\n<meta name=\"twitter:site\" content=\"@Notibras\" \/>\n<meta name=\"twitter:label1\" content=\"Escrito por\" \/>\n\t<meta name=\"twitter:data1\" content=\"Reda\u00e7\u00e3o\" \/>\n\t<meta name=\"twitter:label2\" content=\"Est. tempo de leitura\" \/>\n\t<meta name=\"twitter:data2\" content=\"1 minuto\" \/>\n<script type=\"application\/ld+json\" class=\"yoast-schema-graph\">{\"@context\":\"https:\/\/schema.org\",\"@graph\":[{\"@type\":\"Article\",\"@id\":\"https:\/\/www.notibras.com\/site\/portuguesa-perde-para-oeste-e-e-rebaixada-para-a-serie-c-pela-primeira-vez\/#article\",\"isPartOf\":{\"@id\":\"https:\/\/www.notibras.com\/site\/portuguesa-perde-para-oeste-e-e-rebaixada-para-a-serie-c-pela-primeira-vez\/\"},\"author\":{\"name\":\"Reda\u00e7\u00e3o\",\"@id\":\"https:\/\/www.notibras.com\/site\/#\/schema\/person\/00b8e1aa08f9ef6563e878c5159d01cf\"},\"headline\":\"Lusa perde para Oeste e \u00e9 rebaixada para a S\u00e9rie C\",\"datePublished\":\"2014-10-29T00:30:41+00:00\",\"dateModified\":\"2014-10-29T11:43:22+00:00\",\"mainEntityOfPage\":{\"@id\":\"https:\/\/www.notibras.com\/site\/portuguesa-perde-para-oeste-e-e-rebaixada-para-a-serie-c-pela-primeira-vez\/\"},\"wordCount\":294,\"commentCount\":0,\"publisher\":{\"@id\":\"https:\/\/www.notibras.com\/site\/#organization\"},\"image\":{\"@id\":\"https:\/\/www.notibras.com\/site\/portuguesa-perde-para-oeste-e-e-rebaixada-para-a-serie-c-pela-primeira-vez\/#primaryimage\"},\"thumbnailUrl\":\"https:\/\/www.notibras.com\/site\/wp-content\/uploads\/2014\/10\/Sem-t\u00edtulo-111.jpg\",\"articleSection\":[\"Futebol\"],\"inLanguage\":\"pt-BR\",\"potentialAction\":[{\"@type\":\"CommentAction\",\"name\":\"Comment\",\"target\":[\"https:\/\/www.notibras.com\/site\/portuguesa-perde-para-oeste-e-e-rebaixada-para-a-serie-c-pela-primeira-vez\/#respond\"]}]},{\"@type\":\"WebPage\",\"@id\":\"https:\/\/www.notibras.com\/site\/portuguesa-perde-para-oeste-e-e-rebaixada-para-a-serie-c-pela-primeira-vez\/\",\"url\":\"https:\/\/www.notibras.com\/site\/portuguesa-perde-para-oeste-e-e-rebaixada-para-a-serie-c-pela-primeira-vez\/\",\"name\":\"Lusa perde para Oeste e \u00e9 rebaixada para a S\u00e9rie C - Notibras\",\"isPartOf\":{\"@id\":\"https:\/\/www.notibras.com\/site\/#website\"},\"primaryImageOfPage\":{\"@id\":\"https:\/\/www.notibras.com\/site\/portuguesa-perde-para-oeste-e-e-rebaixada-para-a-serie-c-pela-primeira-vez\/#primaryimage\"},\"image\":{\"@id\":\"https:\/\/www.notibras.com\/site\/portuguesa-perde-para-oeste-e-e-rebaixada-para-a-serie-c-pela-primeira-vez\/#primaryimage\"},\"thumbnailUrl\":\"https:\/\/www.notibras.com\/site\/wp-content\/uploads\/2014\/10\/Sem-t\u00edtulo-111.jpg\",\"datePublished\":\"2014-10-29T00:30:41+00:00\",\"dateModified\":\"2014-10-29T11:43:22+00:00\",\"breadcrumb\":{\"@id\":\"https:\/\/www.notibras.com\/site\/portuguesa-perde-para-oeste-e-e-rebaixada-para-a-serie-c-pela-primeira-vez\/#breadcrumb\"},\"inLanguage\":\"pt-BR\",\"potentialAction\":[{\"@type\":\"ReadAction\",\"target\":[\"https:\/\/www.notibras.com\/site\/portuguesa-perde-para-oeste-e-e-rebaixada-para-a-serie-c-pela-primeira-vez\/\"]}]},{\"@type\":\"ImageObject\",\"inLanguage\":\"pt-BR\",\"@id\":\"https:\/\/www.notibras.com\/site\/portuguesa-perde-para-oeste-e-e-rebaixada-para-a-serie-c-pela-primeira-vez\/#primaryimage\",\"url\":\"https:\/\/www.notibras.com\/site\/wp-content\/uploads\/2014\/10\/Sem-t\u00edtulo-111.jpg\",\"contentUrl\":\"https:\/\/www.notibras.com\/site\/wp-content\/uploads\/2014\/10\/Sem-t\u00edtulo-111.jpg\",\"width\":615,\"height\":300},{\"@type\":\"BreadcrumbList\",\"@id\":\"https:\/\/www.notibras.com\/site\/portuguesa-perde-para-oeste-e-e-rebaixada-para-a-serie-c-pela-primeira-vez\/#breadcrumb\",\"itemListElement\":[{\"@type\":\"ListItem\",\"position\":1,\"name\":\"In\u00edcio\",\"item\":\"https:\/\/www.notibras.com\/site\/\"},{\"@type\":\"ListItem\",\"position\":2,\"name\":\"Lusa perde para Oeste e \u00e9 rebaixada para a S\u00e9rie C\"}]},{\"@type\":\"WebSite\",\"@id\":\"https:\/\/www.notibras.com\/site\/#website\",\"url\":\"https:\/\/www.notibras.com\/site\/\",\"name\":\"Notibras\",\"description\":\"Not\u00edcias de Bras\u00edlia, do Brasil e do Mundo\",\"publisher\":{\"@id\":\"https:\/\/www.notibras.com\/site\/#organization\"},\"potentialAction\":[{\"@type\":\"SearchAction\",\"target\":{\"@type\":\"EntryPoint\",\"urlTemplate\":\"https:\/\/www.notibras.com\/site\/?s={search_term_string}\"},\"query-input\":{\"@type\":\"PropertyValueSpecification\",\"valueRequired\":true,\"valueName\":\"search_term_string\"}}],\"inLanguage\":\"pt-BR\"},{\"@type\":\"Organization\",\"@id\":\"https:\/\/www.notibras.com\/site\/#organization\",\"name\":\"Grupo Notibras de Comunica\u00e7\u00e3o\",\"url\":\"https:\/\/www.notibras.com\/site\/\",\"logo\":{\"@type\":\"ImageObject\",\"inLanguage\":\"pt-BR\",\"@id\":\"https:\/\/www.notibras.com\/site\/#\/schema\/logo\/image\/\",\"url\":\"https:\/\/www.notibras.com\/site\/wp-content\/uploads\/2023\/01\/notibras23.png\",\"contentUrl\":\"https:\/\/www.notibras.com\/site\/wp-content\/uploads\/2023\/01\/notibras23.png\",\"width\":350,\"height\":87,\"caption\":\"Grupo Notibras de Comunica\u00e7\u00e3o\"},\"image\":{\"@id\":\"https:\/\/www.notibras.com\/site\/#\/schema\/logo\/image\/\"},\"sameAs\":[\"https:\/\/www.facebook.com\/notibras\/\",\"https:\/\/x.com\/Notibras\",\"https:\/\/www.instagram.com\/notibras\/\"]},{\"@type\":\"Person\",\"@id\":\"https:\/\/www.notibras.com\/site\/#\/schema\/person\/00b8e1aa08f9ef6563e878c5159d01cf\",\"name\":\"Reda\u00e7\u00e3o\",\"image\":{\"@type\":\"ImageObject\",\"inLanguage\":\"pt-BR\",\"@id\":\"https:\/\/secure.gravatar.com\/avatar\/ac5a707d5b47784a5ed426c6e213e201423c750890f64e4c379114dade67dfb9?s=96&d=mm&r=g\",\"url\":\"https:\/\/secure.gravatar.com\/avatar\/ac5a707d5b47784a5ed426c6e213e201423c750890f64e4c379114dade67dfb9?s=96&d=mm&r=g\",\"contentUrl\":\"https:\/\/secure.gravatar.com\/avatar\/ac5a707d5b47784a5ed426c6e213e201423c750890f64e4c379114dade67dfb9?s=96&d=mm&r=g\",\"caption\":\"Reda\u00e7\u00e3o\"}}]}<\/script>\n<!-- \/ Yoast SEO plugin. -->","yoast_head_json":{"title":"Lusa perde para Oeste e \u00e9 rebaixada para a S\u00e9rie C - Notibras","robots":{"index":"index","follow":"follow","max-snippet":"max-snippet:-1","max-image-preview":"max-image-preview:large","max-video-preview":"max-video-preview:-1"},"canonical":"https:\/\/www.notibras.com\/site\/portuguesa-perde-para-oeste-e-e-rebaixada-para-a-serie-c-pela-primeira-vez\/","og_locale":"pt_BR","og_type":"article","og_title":"Lusa perde para Oeste e \u00e9 rebaixada para a S\u00e9rie C - Notibras","og_description":"A trag\u00e9dia estava anuncia h\u00e1 algumas rodadas, mas foi nesta ter\u00e7a-feira que o rebaixamento \u00e0 S\u00e9rie C do Campeonato Brasileiro foi confirmado &#8211; com cinco jogos de anteced\u00eancia. No acanhado Est\u00e1dio dos Amaros, em It\u00e1polis, interior de S\u00e3o Paulo, a Portuguesa foi mais uma vez derrotada, at\u00e9 com certa facilidade, desta vez por 3 a [&hellip;]","og_url":"https:\/\/www.notibras.com\/site\/portuguesa-perde-para-oeste-e-e-rebaixada-para-a-serie-c-pela-primeira-vez\/","og_site_name":"Notibras","article_publisher":"https:\/\/www.facebook.com\/notibras\/","article_published_time":"2014-10-29T00:30:41+00:00","article_modified_time":"2014-10-29T11:43:22+00:00","og_image":[{"width":615,"height":300,"url":"https:\/\/www.notibras.com\/site\/wp-content\/uploads\/2014\/10\/Sem-t\u00edtulo-111.jpg","type":"image\/jpeg"}],"author":"Reda\u00e7\u00e3o","twitter_card":"summary_large_image","twitter_creator":"@Notibras","twitter_site":"@Notibras","twitter_misc":{"Escrito por":"Reda\u00e7\u00e3o","Est. tempo de leitura":"1 minuto"},"schema":{"@context":"https:\/\/schema.org","@graph":[{"@type":"Article","@id":"https:\/\/www.notibras.com\/site\/portuguesa-perde-para-oeste-e-e-rebaixada-para-a-serie-c-pela-primeira-vez\/#article","isPartOf":{"@id":"https:\/\/www.notibras.com\/site\/portuguesa-perde-para-oeste-e-e-rebaixada-para-a-serie-c-pela-primeira-vez\/"},"author":{"name":"Reda\u00e7\u00e3o","@id":"https:\/\/www.notibras.com\/site\/#\/schema\/person\/00b8e1aa08f9ef6563e878c5159d01cf"},"headline":"Lusa perde para Oeste e \u00e9 rebaixada para a S\u00e9rie C","datePublished":"2014-10-29T00:30:41+00:00","dateModified":"2014-10-29T11:43:22+00:00","mainEntityOfPage":{"@id":"https:\/\/www.notibras.com\/site\/portuguesa-perde-para-oeste-e-e-rebaixada-para-a-serie-c-pela-primeira-vez\/"},"wordCount":294,"commentCount":0,"publisher":{"@id":"https:\/\/www.notibras.com\/site\/#organization"},"image":{"@id":"https:\/\/www.notibras.com\/site\/portuguesa-perde-para-oeste-e-e-rebaixada-para-a-serie-c-pela-primeira-vez\/#primaryimage"},"thumbnailUrl":"https:\/\/www.notibras.com\/site\/wp-content\/uploads\/2014\/10\/Sem-t\u00edtulo-111.jpg","articleSection":["Futebol"],"inLanguage":"pt-BR","potentialAction":[{"@type":"CommentAction","name":"Comment","target":["https:\/\/www.notibras.com\/site\/portuguesa-perde-para-oeste-e-e-rebaixada-para-a-serie-c-pela-primeira-vez\/#respond"]}]},{"@type":"WebPage","@id":"https:\/\/www.notibras.com\/site\/portuguesa-perde-para-oeste-e-e-rebaixada-para-a-serie-c-pela-primeira-vez\/","url":"https:\/\/www.notibras.com\/site\/portuguesa-perde-para-oeste-e-e-rebaixada-para-a-serie-c-pela-primeira-vez\/","name":"Lusa perde para Oeste e \u00e9 rebaixada para a S\u00e9rie C - Notibras","isPartOf":{"@id":"https:\/\/www.notibras.com\/site\/#website"},"primaryImageOfPage":{"@id":"https:\/\/www.notibras.com\/site\/portuguesa-perde-para-oeste-e-e-rebaixada-para-a-serie-c-pela-primeira-vez\/#primaryimage"},"image":{"@id":"https:\/\/www.notibras.com\/site\/portuguesa-perde-para-oeste-e-e-rebaixada-para-a-serie-c-pela-primeira-vez\/#primaryimage"},"thumbnailUrl":"https:\/\/www.notibras.com\/site\/wp-content\/uploads\/2014\/10\/Sem-t\u00edtulo-111.jpg","datePublished":"2014-10-29T00:30:41+00:00","dateModified":"2014-10-29T11:43:22+00:00","breadcrumb":{"@id":"https:\/\/www.notibras.com\/site\/portuguesa-perde-para-oeste-e-e-rebaixada-para-a-serie-c-pela-primeira-vez\/#breadcrumb"},"inLanguage":"pt-BR","potentialAction":[{"@type":"ReadAction","target":["https:\/\/www.notibras.com\/site\/portuguesa-perde-para-oeste-e-e-rebaixada-para-a-serie-c-pela-primeira-vez\/"]}]},{"@type":"ImageObject","inLanguage":"pt-BR","@id":"https:\/\/www.notibras.com\/site\/portuguesa-perde-para-oeste-e-e-rebaixada-para-a-serie-c-pela-primeira-vez\/#primaryimage","url":"https:\/\/www.notibras.com\/site\/wp-content\/uploads\/2014\/10\/Sem-t\u00edtulo-111.jpg","contentUrl":"https:\/\/www.notibras.com\/site\/wp-content\/uploads\/2014\/10\/Sem-t\u00edtulo-111.jpg","width":615,"height":300},{"@type":"BreadcrumbList","@id":"https:\/\/www.notibras.com\/site\/portuguesa-perde-para-oeste-e-e-rebaixada-para-a-serie-c-pela-primeira-vez\/#breadcrumb","itemListElement":[{"@type":"ListItem","position":1,"name":"In\u00edcio","item":"https:\/\/www.notibras.com\/site\/"},{"@type":"ListItem","position":2,"name":"Lusa perde para Oeste e \u00e9 rebaixada para a S\u00e9rie C"}]},{"@type":"WebSite","@id":"https:\/\/www.notibras.com\/site\/#website","url":"https:\/\/www.notibras.com\/site\/","name":"Notibras","description":"Not\u00edcias de Bras\u00edlia, do Brasil e do Mundo","publisher":{"@id":"https:\/\/www.notibras.com\/site\/#organization"},"potentialAction":[{"@type":"SearchAction","target":{"@type":"EntryPoint","urlTemplate":"https:\/\/www.notibras.com\/site\/?s={search_term_string}"},"query-input":{"@type":"PropertyValueSpecification","valueRequired":true,"valueName":"search_term_string"}}],"inLanguage":"pt-BR"},{"@type":"Organization","@id":"https:\/\/www.notibras.com\/site\/#organization","name":"Grupo Notibras de Comunica\u00e7\u00e3o","url":"https:\/\/www.notibras.com\/site\/","logo":{"@type":"ImageObject","inLanguage":"pt-BR","@id":"https:\/\/www.notibras.com\/site\/#\/schema\/logo\/image\/","url":"https:\/\/www.notibras.com\/site\/wp-content\/uploads\/2023\/01\/notibras23.png","contentUrl":"https:\/\/www.notibras.com\/site\/wp-content\/uploads\/2023\/01\/notibras23.png","width":350,"height":87,"caption":"Grupo Notibras de Comunica\u00e7\u00e3o"},"image":{"@id":"https:\/\/www.notibras.com\/site\/#\/schema\/logo\/image\/"},"sameAs":["https:\/\/www.facebook.com\/notibras\/","https:\/\/x.com\/Notibras","https:\/\/www.instagram.com\/notibras\/"]},{"@type":"Person","@id":"https:\/\/www.notibras.com\/site\/#\/schema\/person\/00b8e1aa08f9ef6563e878c5159d01cf","name":"Reda\u00e7\u00e3o","image":{"@type":"ImageObject","inLanguage":"pt-BR","@id":"https:\/\/secure.gravatar.com\/avatar\/ac5a707d5b47784a5ed426c6e213e201423c750890f64e4c379114dade67dfb9?s=96&d=mm&r=g","url":"https:\/\/secure.gravatar.com\/avatar\/ac5a707d5b47784a5ed426c6e213e201423c750890f64e4c379114dade67dfb9?s=96&d=mm&r=g","contentUrl":"https:\/\/secure.gravatar.com\/avatar\/ac5a707d5b47784a5ed426c6e213e201423c750890f64e4c379114dade67dfb9?s=96&d=mm&r=g","caption":"Reda\u00e7\u00e3o"}}]}},"amp_enabled":true,"_links":{"self":[{"href":"https:\/\/www.notibras.com\/site\/wp-json\/wp\/v2\/posts\/26298","targetHints":{"allow":["GET"]}}],"collection":[{"href":"https:\/\/www.notibras.com\/site\/wp-json\/wp\/v2\/posts"}],"about":[{"href":"https:\/\/www.notibras.com\/site\/wp-json\/wp\/v2\/types\/post"}],"author":[{"embeddable":true,"href":"https:\/\/www.notibras.com\/site\/wp-json\/wp\/v2\/users\/1"}],"replies":[{"embeddable":true,"href":"https:\/\/www.notibras.com\/site\/wp-json\/wp\/v2\/comments?post=26298"}],"version-history":[{"count":0,"href":"https:\/\/www.notibras.com\/site\/wp-json\/wp\/v2\/posts\/26298\/revisions"}],"wp:featuredmedia":[{"embeddable":true,"href":"https:\/\/www.notibras.com\/site\/wp-json\/wp\/v2\/media\/26299"}],"wp:attachment":[{"href":"https:\/\/www.notibras.com\/site\/wp-json\/wp\/v2\/media?parent=26298"}],"wp:term":[{"taxonomy":"category","embeddable":true,"href":"https:\/\/www.notibras.com\/site\/wp-json\/wp\/v2\/categories?post=26298"},{"taxonomy":"post_tag","embeddable":true,"href":"https:\/\/www.notibras.com\/site\/wp-json\/wp\/v2\/tags?post=26298"}],"curies":[{"name":"wp","href":"https:\/\/api.w.org\/{rel}","templated":true}]}}