{"id":26302,"date":"2014-10-28T23:35:06","date_gmt":"2014-10-29T02:35:06","guid":{"rendered":"http:\/\/www.notibras.com\/site\/?p=26302"},"modified":"2014-10-29T08:42:37","modified_gmt":"2014-10-29T11:42:37","slug":"avai-leva-3-do-luverdense-no-mt-e-pode-deixar-g-4","status":"publish","type":"post","link":"https:\/\/www.notibras.com\/site\/avai-leva-3-do-luverdense-no-mt-e-pode-deixar-g-4\/","title":{"rendered":"Ava\u00ed leva 3 do Luverdense no MT e pode deixar G-4 no fim da rodada"},"content":{"rendered":"<p class=\"text\">O Ava\u00ed desembarcou no Mato Grosso ciente de que uma vit\u00f3ria sobre o Luverdense o garantiria no grupo de acesso \u00e0 elite do Campeonato Brasileiro por mais uma rodada. Entretanto, os comandados de Geninho n\u00e3o voltar\u00e3o para Florian\u00f3polis-SC com um ponto sequer na bagagem.<\/p>\n<p class=\"text\">A equipe alviazul acabou superada no acanhado est\u00e1dio Passo das Emas, pelo placar de 3 a 1, e pode deixar a regi\u00e3o de promo\u00e7\u00e3o ao final da 33\u00aa rodada. Os gols mandantes foram anotados por G\u00edlson e L\u00e9o (duas vezes). O volante Eduardo Costa descontou para o Ava\u00ed. Todos os tentos foram anotados ainda na primeira etapa. O time da casa abriu 3 a 0, e os visitantes descontaram no fim.<\/p>\n<p class=\"text\">Com o importante resultado, o Luverdense chega aos 46 pontos e segue em posi\u00e7\u00e3o intermedi\u00e1ria na tabela de classifica\u00e7\u00e3o, no 11\u00ba posto. Por sua vez, resta ao clube azurra, dono da quarta coloca\u00e7\u00e3o, torcer contra os clubes que o mais amea\u00e7am na briga pela primeira divis\u00e3o: Santa Cruz (51), Cear\u00e1 (50), Atl\u00e9tico-GO (49) e Am\u00e9rica-MG (48).<\/p>\n<blockquote>\n<p class=\"text\">O pr\u00f3ximo desafio da representa\u00e7\u00e3o de Lucas do Rio Verde ocorre neste s\u00e1bado, \u00e0s 21 horas (de Bras\u00edlia), diante da j\u00e1 rebaixada Portuguesa, no Est\u00e1dio do Canind\u00e9. J\u00e1 os sulistas medem for\u00e7as com o Oeste, ter\u00e7a-feira, \u00e0s 19h30, na Ressacada.<\/p>\n<\/blockquote>\n","protected":false},"excerpt":{"rendered":"<p>O Ava\u00ed desembarcou no Mato Grosso ciente de que uma vit\u00f3ria sobre o Luverdense o garantiria no grupo de acesso \u00e0 elite do Campeonato Brasileiro por mais uma rodada. Entretanto, os comandados de Geninho n\u00e3o voltar\u00e3o para Florian\u00f3polis-SC com um ponto sequer na bagagem. A equipe alviazul acabou superada no acanhado est\u00e1dio Passo das Emas, [&hellip;]<\/p>\n","protected":false},"author":1,"featured_media":26304,"comment_status":"open","ping_status":"closed","sticky":false,"template":"","format":"standard","meta":{"_acf_changed":false,"footnotes":""},"categories":[29],"tags":[],"class_list":["post-26302","post","type-post","status-publish","format-standard","has-post-thumbnail","hentry","category-futebol"],"acf":[],"yoast_head":"<!-- This site is optimized with the Yoast SEO plugin v27.2 - https:\/\/yoast.com\/product\/yoast-seo-wordpress\/ -->\n<title>Ava\u00ed leva 3 do Luverdense no MT e pode deixar G-4 no fim da rodada - Notibras<\/title>\n<meta name=\"robots\" content=\"index, follow, max-snippet:-1, max-image-preview:large, max-video-preview:-1\" \/>\n<link rel=\"canonical\" href=\"https:\/\/www.notibras.com\/site\/avai-leva-3-do-luverdense-no-mt-e-pode-deixar-g-4\/\" \/>\n<meta property=\"og:locale\" content=\"pt_BR\" \/>\n<meta property=\"og:type\" content=\"article\" \/>\n<meta property=\"og:title\" content=\"Ava\u00ed leva 3 do Luverdense no MT e pode deixar G-4 no fim da rodada - Notibras\" \/>\n<meta property=\"og:description\" content=\"O Ava\u00ed desembarcou no Mato Grosso ciente de que uma vit\u00f3ria sobre o Luverdense o garantiria no grupo de acesso \u00e0 elite do Campeonato Brasileiro por mais uma rodada. Entretanto, os comandados de Geninho n\u00e3o voltar\u00e3o para Florian\u00f3polis-SC com um ponto sequer na bagagem. A equipe alviazul acabou superada no acanhado est\u00e1dio Passo das Emas, [&hellip;]\" \/>\n<meta property=\"og:url\" content=\"https:\/\/www.notibras.com\/site\/avai-leva-3-do-luverdense-no-mt-e-pode-deixar-g-4\/\" \/>\n<meta property=\"og:site_name\" content=\"Notibras\" \/>\n<meta property=\"article:publisher\" content=\"https:\/\/www.facebook.com\/notibras\/\" \/>\n<meta property=\"article:published_time\" content=\"2014-10-29T02:35:06+00:00\" \/>\n<meta property=\"article:modified_time\" content=\"2014-10-29T11:42:37+00:00\" \/>\n<meta property=\"og:image\" content=\"https:\/\/www.notibras.com\/site\/wp-content\/uploads\/2014\/10\/Sem-t\u00edtulo-112.jpg\" \/>\n\t<meta property=\"og:image:width\" content=\"572\" \/>\n\t<meta property=\"og:image:height\" content=\"381\" \/>\n\t<meta property=\"og:image:type\" content=\"image\/jpeg\" \/>\n<meta name=\"author\" content=\"Reda\u00e7\u00e3o\" \/>\n<meta name=\"twitter:card\" content=\"summary_large_image\" \/>\n<meta name=\"twitter:creator\" content=\"@Notibras\" \/>\n<meta name=\"twitter:site\" content=\"@Notibras\" \/>\n<meta name=\"twitter:label1\" content=\"Escrito por\" \/>\n\t<meta name=\"twitter:data1\" content=\"Reda\u00e7\u00e3o\" \/>\n\t<meta name=\"twitter:label2\" content=\"Est. tempo de leitura\" \/>\n\t<meta name=\"twitter:data2\" content=\"1 minuto\" \/>\n<script type=\"application\/ld+json\" class=\"yoast-schema-graph\">{\"@context\":\"https:\/\/schema.org\",\"@graph\":[{\"@type\":\"Article\",\"@id\":\"https:\/\/www.notibras.com\/site\/avai-leva-3-do-luverdense-no-mt-e-pode-deixar-g-4\/#article\",\"isPartOf\":{\"@id\":\"https:\/\/www.notibras.com\/site\/avai-leva-3-do-luverdense-no-mt-e-pode-deixar-g-4\/\"},\"author\":{\"name\":\"Reda\u00e7\u00e3o\",\"@id\":\"https:\/\/www.notibras.com\/site\/#\/schema\/person\/00b8e1aa08f9ef6563e878c5159d01cf\"},\"headline\":\"Ava\u00ed leva 3 do Luverdense no MT e pode deixar G-4 no fim da rodada\",\"datePublished\":\"2014-10-29T02:35:06+00:00\",\"dateModified\":\"2014-10-29T11:42:37+00:00\",\"mainEntityOfPage\":{\"@id\":\"https:\/\/www.notibras.com\/site\/avai-leva-3-do-luverdense-no-mt-e-pode-deixar-g-4\/\"},\"wordCount\":236,\"commentCount\":0,\"publisher\":{\"@id\":\"https:\/\/www.notibras.com\/site\/#organization\"},\"image\":{\"@id\":\"https:\/\/www.notibras.com\/site\/avai-leva-3-do-luverdense-no-mt-e-pode-deixar-g-4\/#primaryimage\"},\"thumbnailUrl\":\"https:\/\/www.notibras.com\/site\/wp-content\/uploads\/2014\/10\/Sem-t\u00edtulo-112.jpg\",\"articleSection\":[\"Futebol\"],\"inLanguage\":\"pt-BR\",\"potentialAction\":[{\"@type\":\"CommentAction\",\"name\":\"Comment\",\"target\":[\"https:\/\/www.notibras.com\/site\/avai-leva-3-do-luverdense-no-mt-e-pode-deixar-g-4\/#respond\"]}]},{\"@type\":\"WebPage\",\"@id\":\"https:\/\/www.notibras.com\/site\/avai-leva-3-do-luverdense-no-mt-e-pode-deixar-g-4\/\",\"url\":\"https:\/\/www.notibras.com\/site\/avai-leva-3-do-luverdense-no-mt-e-pode-deixar-g-4\/\",\"name\":\"Ava\u00ed leva 3 do Luverdense no MT e pode deixar G-4 no fim da rodada - Notibras\",\"isPartOf\":{\"@id\":\"https:\/\/www.notibras.com\/site\/#website\"},\"primaryImageOfPage\":{\"@id\":\"https:\/\/www.notibras.com\/site\/avai-leva-3-do-luverdense-no-mt-e-pode-deixar-g-4\/#primaryimage\"},\"image\":{\"@id\":\"https:\/\/www.notibras.com\/site\/avai-leva-3-do-luverdense-no-mt-e-pode-deixar-g-4\/#primaryimage\"},\"thumbnailUrl\":\"https:\/\/www.notibras.com\/site\/wp-content\/uploads\/2014\/10\/Sem-t\u00edtulo-112.jpg\",\"datePublished\":\"2014-10-29T02:35:06+00:00\",\"dateModified\":\"2014-10-29T11:42:37+00:00\",\"breadcrumb\":{\"@id\":\"https:\/\/www.notibras.com\/site\/avai-leva-3-do-luverdense-no-mt-e-pode-deixar-g-4\/#breadcrumb\"},\"inLanguage\":\"pt-BR\",\"potentialAction\":[{\"@type\":\"ReadAction\",\"target\":[\"https:\/\/www.notibras.com\/site\/avai-leva-3-do-luverdense-no-mt-e-pode-deixar-g-4\/\"]}]},{\"@type\":\"ImageObject\",\"inLanguage\":\"pt-BR\",\"@id\":\"https:\/\/www.notibras.com\/site\/avai-leva-3-do-luverdense-no-mt-e-pode-deixar-g-4\/#primaryimage\",\"url\":\"https:\/\/www.notibras.com\/site\/wp-content\/uploads\/2014\/10\/Sem-t\u00edtulo-112.jpg\",\"contentUrl\":\"https:\/\/www.notibras.com\/site\/wp-content\/uploads\/2014\/10\/Sem-t\u00edtulo-112.jpg\",\"width\":572,\"height\":381},{\"@type\":\"BreadcrumbList\",\"@id\":\"https:\/\/www.notibras.com\/site\/avai-leva-3-do-luverdense-no-mt-e-pode-deixar-g-4\/#breadcrumb\",\"itemListElement\":[{\"@type\":\"ListItem\",\"position\":1,\"name\":\"In\u00edcio\",\"item\":\"https:\/\/www.notibras.com\/site\/\"},{\"@type\":\"ListItem\",\"position\":2,\"name\":\"Ava\u00ed leva 3 do Luverdense no MT e pode deixar G-4 no fim da rodada\"}]},{\"@type\":\"WebSite\",\"@id\":\"https:\/\/www.notibras.com\/site\/#website\",\"url\":\"https:\/\/www.notibras.com\/site\/\",\"name\":\"Notibras\",\"description\":\"Not\u00edcias de Bras\u00edlia, do Brasil e do Mundo\",\"publisher\":{\"@id\":\"https:\/\/www.notibras.com\/site\/#organization\"},\"potentialAction\":[{\"@type\":\"SearchAction\",\"target\":{\"@type\":\"EntryPoint\",\"urlTemplate\":\"https:\/\/www.notibras.com\/site\/?s={search_term_string}\"},\"query-input\":{\"@type\":\"PropertyValueSpecification\",\"valueRequired\":true,\"valueName\":\"search_term_string\"}}],\"inLanguage\":\"pt-BR\"},{\"@type\":\"Organization\",\"@id\":\"https:\/\/www.notibras.com\/site\/#organization\",\"name\":\"Grupo Notibras de Comunica\u00e7\u00e3o\",\"url\":\"https:\/\/www.notibras.com\/site\/\",\"logo\":{\"@type\":\"ImageObject\",\"inLanguage\":\"pt-BR\",\"@id\":\"https:\/\/www.notibras.com\/site\/#\/schema\/logo\/image\/\",\"url\":\"https:\/\/www.notibras.com\/site\/wp-content\/uploads\/2023\/01\/notibras23.png\",\"contentUrl\":\"https:\/\/www.notibras.com\/site\/wp-content\/uploads\/2023\/01\/notibras23.png\",\"width\":350,\"height\":87,\"caption\":\"Grupo Notibras de Comunica\u00e7\u00e3o\"},\"image\":{\"@id\":\"https:\/\/www.notibras.com\/site\/#\/schema\/logo\/image\/\"},\"sameAs\":[\"https:\/\/www.facebook.com\/notibras\/\",\"https:\/\/x.com\/Notibras\",\"https:\/\/www.instagram.com\/notibras\/\"]},{\"@type\":\"Person\",\"@id\":\"https:\/\/www.notibras.com\/site\/#\/schema\/person\/00b8e1aa08f9ef6563e878c5159d01cf\",\"name\":\"Reda\u00e7\u00e3o\",\"image\":{\"@type\":\"ImageObject\",\"inLanguage\":\"pt-BR\",\"@id\":\"https:\/\/secure.gravatar.com\/avatar\/ac5a707d5b47784a5ed426c6e213e201423c750890f64e4c379114dade67dfb9?s=96&d=mm&r=g\",\"url\":\"https:\/\/secure.gravatar.com\/avatar\/ac5a707d5b47784a5ed426c6e213e201423c750890f64e4c379114dade67dfb9?s=96&d=mm&r=g\",\"contentUrl\":\"https:\/\/secure.gravatar.com\/avatar\/ac5a707d5b47784a5ed426c6e213e201423c750890f64e4c379114dade67dfb9?s=96&d=mm&r=g\",\"caption\":\"Reda\u00e7\u00e3o\"}}]}<\/script>\n<!-- \/ Yoast SEO plugin. -->","yoast_head_json":{"title":"Ava\u00ed leva 3 do Luverdense no MT e pode deixar G-4 no fim da rodada - Notibras","robots":{"index":"index","follow":"follow","max-snippet":"max-snippet:-1","max-image-preview":"max-image-preview:large","max-video-preview":"max-video-preview:-1"},"canonical":"https:\/\/www.notibras.com\/site\/avai-leva-3-do-luverdense-no-mt-e-pode-deixar-g-4\/","og_locale":"pt_BR","og_type":"article","og_title":"Ava\u00ed leva 3 do Luverdense no MT e pode deixar G-4 no fim da rodada - Notibras","og_description":"O Ava\u00ed desembarcou no Mato Grosso ciente de que uma vit\u00f3ria sobre o Luverdense o garantiria no grupo de acesso \u00e0 elite do Campeonato Brasileiro por mais uma rodada. Entretanto, os comandados de Geninho n\u00e3o voltar\u00e3o para Florian\u00f3polis-SC com um ponto sequer na bagagem. A equipe alviazul acabou superada no acanhado est\u00e1dio Passo das Emas, [&hellip;]","og_url":"https:\/\/www.notibras.com\/site\/avai-leva-3-do-luverdense-no-mt-e-pode-deixar-g-4\/","og_site_name":"Notibras","article_publisher":"https:\/\/www.facebook.com\/notibras\/","article_published_time":"2014-10-29T02:35:06+00:00","article_modified_time":"2014-10-29T11:42:37+00:00","og_image":[{"width":572,"height":381,"url":"https:\/\/www.notibras.com\/site\/wp-content\/uploads\/2014\/10\/Sem-t\u00edtulo-112.jpg","type":"image\/jpeg"}],"author":"Reda\u00e7\u00e3o","twitter_card":"summary_large_image","twitter_creator":"@Notibras","twitter_site":"@Notibras","twitter_misc":{"Escrito por":"Reda\u00e7\u00e3o","Est. tempo de leitura":"1 minuto"},"schema":{"@context":"https:\/\/schema.org","@graph":[{"@type":"Article","@id":"https:\/\/www.notibras.com\/site\/avai-leva-3-do-luverdense-no-mt-e-pode-deixar-g-4\/#article","isPartOf":{"@id":"https:\/\/www.notibras.com\/site\/avai-leva-3-do-luverdense-no-mt-e-pode-deixar-g-4\/"},"author":{"name":"Reda\u00e7\u00e3o","@id":"https:\/\/www.notibras.com\/site\/#\/schema\/person\/00b8e1aa08f9ef6563e878c5159d01cf"},"headline":"Ava\u00ed leva 3 do Luverdense no MT e pode deixar G-4 no fim da rodada","datePublished":"2014-10-29T02:35:06+00:00","dateModified":"2014-10-29T11:42:37+00:00","mainEntityOfPage":{"@id":"https:\/\/www.notibras.com\/site\/avai-leva-3-do-luverdense-no-mt-e-pode-deixar-g-4\/"},"wordCount":236,"commentCount":0,"publisher":{"@id":"https:\/\/www.notibras.com\/site\/#organization"},"image":{"@id":"https:\/\/www.notibras.com\/site\/avai-leva-3-do-luverdense-no-mt-e-pode-deixar-g-4\/#primaryimage"},"thumbnailUrl":"https:\/\/www.notibras.com\/site\/wp-content\/uploads\/2014\/10\/Sem-t\u00edtulo-112.jpg","articleSection":["Futebol"],"inLanguage":"pt-BR","potentialAction":[{"@type":"CommentAction","name":"Comment","target":["https:\/\/www.notibras.com\/site\/avai-leva-3-do-luverdense-no-mt-e-pode-deixar-g-4\/#respond"]}]},{"@type":"WebPage","@id":"https:\/\/www.notibras.com\/site\/avai-leva-3-do-luverdense-no-mt-e-pode-deixar-g-4\/","url":"https:\/\/www.notibras.com\/site\/avai-leva-3-do-luverdense-no-mt-e-pode-deixar-g-4\/","name":"Ava\u00ed leva 3 do Luverdense no MT e pode deixar G-4 no fim da rodada - Notibras","isPartOf":{"@id":"https:\/\/www.notibras.com\/site\/#website"},"primaryImageOfPage":{"@id":"https:\/\/www.notibras.com\/site\/avai-leva-3-do-luverdense-no-mt-e-pode-deixar-g-4\/#primaryimage"},"image":{"@id":"https:\/\/www.notibras.com\/site\/avai-leva-3-do-luverdense-no-mt-e-pode-deixar-g-4\/#primaryimage"},"thumbnailUrl":"https:\/\/www.notibras.com\/site\/wp-content\/uploads\/2014\/10\/Sem-t\u00edtulo-112.jpg","datePublished":"2014-10-29T02:35:06+00:00","dateModified":"2014-10-29T11:42:37+00:00","breadcrumb":{"@id":"https:\/\/www.notibras.com\/site\/avai-leva-3-do-luverdense-no-mt-e-pode-deixar-g-4\/#breadcrumb"},"inLanguage":"pt-BR","potentialAction":[{"@type":"ReadAction","target":["https:\/\/www.notibras.com\/site\/avai-leva-3-do-luverdense-no-mt-e-pode-deixar-g-4\/"]}]},{"@type":"ImageObject","inLanguage":"pt-BR","@id":"https:\/\/www.notibras.com\/site\/avai-leva-3-do-luverdense-no-mt-e-pode-deixar-g-4\/#primaryimage","url":"https:\/\/www.notibras.com\/site\/wp-content\/uploads\/2014\/10\/Sem-t\u00edtulo-112.jpg","contentUrl":"https:\/\/www.notibras.com\/site\/wp-content\/uploads\/2014\/10\/Sem-t\u00edtulo-112.jpg","width":572,"height":381},{"@type":"BreadcrumbList","@id":"https:\/\/www.notibras.com\/site\/avai-leva-3-do-luverdense-no-mt-e-pode-deixar-g-4\/#breadcrumb","itemListElement":[{"@type":"ListItem","position":1,"name":"In\u00edcio","item":"https:\/\/www.notibras.com\/site\/"},{"@type":"ListItem","position":2,"name":"Ava\u00ed leva 3 do Luverdense no MT e pode deixar G-4 no fim da rodada"}]},{"@type":"WebSite","@id":"https:\/\/www.notibras.com\/site\/#website","url":"https:\/\/www.notibras.com\/site\/","name":"Notibras","description":"Not\u00edcias de Bras\u00edlia, do Brasil e do Mundo","publisher":{"@id":"https:\/\/www.notibras.com\/site\/#organization"},"potentialAction":[{"@type":"SearchAction","target":{"@type":"EntryPoint","urlTemplate":"https:\/\/www.notibras.com\/site\/?s={search_term_string}"},"query-input":{"@type":"PropertyValueSpecification","valueRequired":true,"valueName":"search_term_string"}}],"inLanguage":"pt-BR"},{"@type":"Organization","@id":"https:\/\/www.notibras.com\/site\/#organization","name":"Grupo Notibras de Comunica\u00e7\u00e3o","url":"https:\/\/www.notibras.com\/site\/","logo":{"@type":"ImageObject","inLanguage":"pt-BR","@id":"https:\/\/www.notibras.com\/site\/#\/schema\/logo\/image\/","url":"https:\/\/www.notibras.com\/site\/wp-content\/uploads\/2023\/01\/notibras23.png","contentUrl":"https:\/\/www.notibras.com\/site\/wp-content\/uploads\/2023\/01\/notibras23.png","width":350,"height":87,"caption":"Grupo Notibras de Comunica\u00e7\u00e3o"},"image":{"@id":"https:\/\/www.notibras.com\/site\/#\/schema\/logo\/image\/"},"sameAs":["https:\/\/www.facebook.com\/notibras\/","https:\/\/x.com\/Notibras","https:\/\/www.instagram.com\/notibras\/"]},{"@type":"Person","@id":"https:\/\/www.notibras.com\/site\/#\/schema\/person\/00b8e1aa08f9ef6563e878c5159d01cf","name":"Reda\u00e7\u00e3o","image":{"@type":"ImageObject","inLanguage":"pt-BR","@id":"https:\/\/secure.gravatar.com\/avatar\/ac5a707d5b47784a5ed426c6e213e201423c750890f64e4c379114dade67dfb9?s=96&d=mm&r=g","url":"https:\/\/secure.gravatar.com\/avatar\/ac5a707d5b47784a5ed426c6e213e201423c750890f64e4c379114dade67dfb9?s=96&d=mm&r=g","contentUrl":"https:\/\/secure.gravatar.com\/avatar\/ac5a707d5b47784a5ed426c6e213e201423c750890f64e4c379114dade67dfb9?s=96&d=mm&r=g","caption":"Reda\u00e7\u00e3o"}}]}},"amp_enabled":true,"_links":{"self":[{"href":"https:\/\/www.notibras.com\/site\/wp-json\/wp\/v2\/posts\/26302","targetHints":{"allow":["GET"]}}],"collection":[{"href":"https:\/\/www.notibras.com\/site\/wp-json\/wp\/v2\/posts"}],"about":[{"href":"https:\/\/www.notibras.com\/site\/wp-json\/wp\/v2\/types\/post"}],"author":[{"embeddable":true,"href":"https:\/\/www.notibras.com\/site\/wp-json\/wp\/v2\/users\/1"}],"replies":[{"embeddable":true,"href":"https:\/\/www.notibras.com\/site\/wp-json\/wp\/v2\/comments?post=26302"}],"version-history":[{"count":0,"href":"https:\/\/www.notibras.com\/site\/wp-json\/wp\/v2\/posts\/26302\/revisions"}],"wp:featuredmedia":[{"embeddable":true,"href":"https:\/\/www.notibras.com\/site\/wp-json\/wp\/v2\/media\/26304"}],"wp:attachment":[{"href":"https:\/\/www.notibras.com\/site\/wp-json\/wp\/v2\/media?parent=26302"}],"wp:term":[{"taxonomy":"category","embeddable":true,"href":"https:\/\/www.notibras.com\/site\/wp-json\/wp\/v2\/categories?post=26302"},{"taxonomy":"post_tag","embeddable":true,"href":"https:\/\/www.notibras.com\/site\/wp-json\/wp\/v2\/tags?post=26302"}],"curies":[{"name":"wp","href":"https:\/\/api.w.org\/{rel}","templated":true}]}}