{"id":26331,"date":"2014-10-29T10:38:56","date_gmt":"2014-10-29T13:38:56","guid":{"rendered":"http:\/\/www.notibras.com\/site\/?p=26331"},"modified":"2014-10-29T11:49:12","modified_gmt":"2014-10-29T14:49:12","slug":"berger-manda-rafael-parar-de-esbravejar-e-o-silencio-reinou","status":"publish","type":"post","link":"https:\/\/www.notibras.com\/site\/berger-manda-rafael-parar-de-esbravejar-e-o-silencio-reinou\/","title":{"rendered":"Berger manda Rafael parar de esbravejar. E o sil\u00eancio reinou"},"content":{"rendered":"<p>Ainda sob o efeito da ressaca provocada pela derrota nas urnas, o ex-secret\u00e1rio de Sa\u00fade do Distrito Federal Rafael Barbosa, esbravejou no Pal\u00e1cio do Buriti, h\u00e1 dois dias, tentando intimidar muita gente para virar coordenador da transi\u00e7\u00e3o, pelo lado de Agnelo Queiroz.\u00a0 Mas Berger Barbosa, conhecedor da m\u00e1quina, bateu o p\u00e9 e chutou o desiludido postulante a uma cadeira na C\u00e2mara dos Deputados para escanteio. A Rafael restou voltar para piscina, para n\u00e3o ficar sozinho.<\/p>\n","protected":false},"excerpt":{"rendered":"<p>Ainda sob o efeito da ressaca provocada pela derrota nas urnas, o ex-secret\u00e1rio de Sa\u00fade do Distrito Federal Rafael Barbosa, esbravejou no Pal\u00e1cio do Buriti, h\u00e1 dois dias, tentando intimidar muita gente para virar coordenador da transi\u00e7\u00e3o, pelo lado de Agnelo Queiroz.\u00a0 Mas Berger Barbosa, conhecedor da m\u00e1quina, bateu o p\u00e9 e chutou o desiludido [&hellip;]<\/p>\n","protected":false},"author":2,"featured_media":26332,"comment_status":"open","ping_status":"closed","sticky":false,"template":"","format":"standard","meta":{"_acf_changed":false,"footnotes":""},"categories":[26],"tags":[],"class_list":["post-26331","post","type-post","status-publish","format-standard","has-post-thumbnail","hentry","category-eleicoes-2022"],"acf":[],"yoast_head":"<!-- This site is optimized with the Yoast SEO plugin v27.2 - https:\/\/yoast.com\/product\/yoast-seo-wordpress\/ -->\n<title>Berger manda Rafael parar de esbravejar. E o sil\u00eancio reinou - Notibras<\/title>\n<meta name=\"robots\" content=\"index, follow, max-snippet:-1, max-image-preview:large, max-video-preview:-1\" \/>\n<link rel=\"canonical\" href=\"https:\/\/www.notibras.com\/site\/berger-manda-rafael-parar-de-esbravejar-e-o-silencio-reinou\/\" \/>\n<meta property=\"og:locale\" content=\"pt_BR\" \/>\n<meta property=\"og:type\" content=\"article\" \/>\n<meta property=\"og:title\" content=\"Berger manda Rafael parar de esbravejar. E o sil\u00eancio reinou - Notibras\" \/>\n<meta property=\"og:description\" content=\"Ainda sob o efeito da ressaca provocada pela derrota nas urnas, o ex-secret\u00e1rio de Sa\u00fade do Distrito Federal Rafael Barbosa, esbravejou no Pal\u00e1cio do Buriti, h\u00e1 dois dias, tentando intimidar muita gente para virar coordenador da transi\u00e7\u00e3o, pelo lado de Agnelo Queiroz.\u00a0 Mas Berger Barbosa, conhecedor da m\u00e1quina, bateu o p\u00e9 e chutou o desiludido [&hellip;]\" \/>\n<meta property=\"og:url\" content=\"https:\/\/www.notibras.com\/site\/berger-manda-rafael-parar-de-esbravejar-e-o-silencio-reinou\/\" \/>\n<meta property=\"og:site_name\" content=\"Notibras\" \/>\n<meta property=\"article:publisher\" content=\"https:\/\/www.facebook.com\/notibras\/\" \/>\n<meta property=\"article:published_time\" content=\"2014-10-29T13:38:56+00:00\" \/>\n<meta property=\"article:modified_time\" content=\"2014-10-29T14:49:12+00:00\" \/>\n<meta property=\"og:image\" content=\"https:\/\/www.notibras.com\/site\/wp-content\/uploads\/2014\/10\/11.jpg\" \/>\n\t<meta property=\"og:image:width\" content=\"960\" \/>\n\t<meta property=\"og:image:height\" content=\"720\" \/>\n\t<meta property=\"og:image:type\" content=\"image\/jpeg\" \/>\n<meta name=\"author\" content=\"Reda\u00e7\u00e3o\" \/>\n<meta name=\"twitter:card\" content=\"summary_large_image\" \/>\n<meta name=\"twitter:creator\" content=\"@Notibras\" \/>\n<meta name=\"twitter:site\" content=\"@Notibras\" \/>\n<meta name=\"twitter:label1\" content=\"Escrito por\" \/>\n\t<meta name=\"twitter:data1\" content=\"Reda\u00e7\u00e3o\" \/>\n<script type=\"application\/ld+json\" class=\"yoast-schema-graph\">{\"@context\":\"https:\/\/schema.org\",\"@graph\":[{\"@type\":\"Article\",\"@id\":\"https:\/\/www.notibras.com\/site\/berger-manda-rafael-parar-de-esbravejar-e-o-silencio-reinou\/#article\",\"isPartOf\":{\"@id\":\"https:\/\/www.notibras.com\/site\/berger-manda-rafael-parar-de-esbravejar-e-o-silencio-reinou\/\"},\"author\":{\"name\":\"Reda\u00e7\u00e3o\",\"@id\":\"https:\/\/www.notibras.com\/site\/#\/schema\/person\/36ab0979449956132d3e5b517ea76ac8\"},\"headline\":\"Berger manda Rafael parar de esbravejar. E o sil\u00eancio reinou\",\"datePublished\":\"2014-10-29T13:38:56+00:00\",\"dateModified\":\"2014-10-29T14:49:12+00:00\",\"mainEntityOfPage\":{\"@id\":\"https:\/\/www.notibras.com\/site\/berger-manda-rafael-parar-de-esbravejar-e-o-silencio-reinou\/\"},\"wordCount\":93,\"commentCount\":0,\"publisher\":{\"@id\":\"https:\/\/www.notibras.com\/site\/#organization\"},\"image\":{\"@id\":\"https:\/\/www.notibras.com\/site\/berger-manda-rafael-parar-de-esbravejar-e-o-silencio-reinou\/#primaryimage\"},\"thumbnailUrl\":\"https:\/\/www.notibras.com\/site\/wp-content\/uploads\/2014\/10\/11.jpg\",\"articleSection\":[\"Elei\u00e7\u00f5es 2022\"],\"inLanguage\":\"pt-BR\",\"potentialAction\":[{\"@type\":\"CommentAction\",\"name\":\"Comment\",\"target\":[\"https:\/\/www.notibras.com\/site\/berger-manda-rafael-parar-de-esbravejar-e-o-silencio-reinou\/#respond\"]}]},{\"@type\":\"WebPage\",\"@id\":\"https:\/\/www.notibras.com\/site\/berger-manda-rafael-parar-de-esbravejar-e-o-silencio-reinou\/\",\"url\":\"https:\/\/www.notibras.com\/site\/berger-manda-rafael-parar-de-esbravejar-e-o-silencio-reinou\/\",\"name\":\"Berger manda Rafael parar de esbravejar. E o sil\u00eancio reinou - Notibras\",\"isPartOf\":{\"@id\":\"https:\/\/www.notibras.com\/site\/#website\"},\"primaryImageOfPage\":{\"@id\":\"https:\/\/www.notibras.com\/site\/berger-manda-rafael-parar-de-esbravejar-e-o-silencio-reinou\/#primaryimage\"},\"image\":{\"@id\":\"https:\/\/www.notibras.com\/site\/berger-manda-rafael-parar-de-esbravejar-e-o-silencio-reinou\/#primaryimage\"},\"thumbnailUrl\":\"https:\/\/www.notibras.com\/site\/wp-content\/uploads\/2014\/10\/11.jpg\",\"datePublished\":\"2014-10-29T13:38:56+00:00\",\"dateModified\":\"2014-10-29T14:49:12+00:00\",\"breadcrumb\":{\"@id\":\"https:\/\/www.notibras.com\/site\/berger-manda-rafael-parar-de-esbravejar-e-o-silencio-reinou\/#breadcrumb\"},\"inLanguage\":\"pt-BR\",\"potentialAction\":[{\"@type\":\"ReadAction\",\"target\":[\"https:\/\/www.notibras.com\/site\/berger-manda-rafael-parar-de-esbravejar-e-o-silencio-reinou\/\"]}]},{\"@type\":\"ImageObject\",\"inLanguage\":\"pt-BR\",\"@id\":\"https:\/\/www.notibras.com\/site\/berger-manda-rafael-parar-de-esbravejar-e-o-silencio-reinou\/#primaryimage\",\"url\":\"https:\/\/www.notibras.com\/site\/wp-content\/uploads\/2014\/10\/11.jpg\",\"contentUrl\":\"https:\/\/www.notibras.com\/site\/wp-content\/uploads\/2014\/10\/11.jpg\",\"width\":960,\"height\":720},{\"@type\":\"BreadcrumbList\",\"@id\":\"https:\/\/www.notibras.com\/site\/berger-manda-rafael-parar-de-esbravejar-e-o-silencio-reinou\/#breadcrumb\",\"itemListElement\":[{\"@type\":\"ListItem\",\"position\":1,\"name\":\"In\u00edcio\",\"item\":\"https:\/\/www.notibras.com\/site\/\"},{\"@type\":\"ListItem\",\"position\":2,\"name\":\"Berger manda Rafael parar de esbravejar. E o sil\u00eancio reinou\"}]},{\"@type\":\"WebSite\",\"@id\":\"https:\/\/www.notibras.com\/site\/#website\",\"url\":\"https:\/\/www.notibras.com\/site\/\",\"name\":\"Notibras\",\"description\":\"Not\u00edcias de Bras\u00edlia, do Brasil e do Mundo\",\"publisher\":{\"@id\":\"https:\/\/www.notibras.com\/site\/#organization\"},\"potentialAction\":[{\"@type\":\"SearchAction\",\"target\":{\"@type\":\"EntryPoint\",\"urlTemplate\":\"https:\/\/www.notibras.com\/site\/?s={search_term_string}\"},\"query-input\":{\"@type\":\"PropertyValueSpecification\",\"valueRequired\":true,\"valueName\":\"search_term_string\"}}],\"inLanguage\":\"pt-BR\"},{\"@type\":\"Organization\",\"@id\":\"https:\/\/www.notibras.com\/site\/#organization\",\"name\":\"Grupo Notibras de Comunica\u00e7\u00e3o\",\"url\":\"https:\/\/www.notibras.com\/site\/\",\"logo\":{\"@type\":\"ImageObject\",\"inLanguage\":\"pt-BR\",\"@id\":\"https:\/\/www.notibras.com\/site\/#\/schema\/logo\/image\/\",\"url\":\"https:\/\/www.notibras.com\/site\/wp-content\/uploads\/2023\/01\/notibras23.png\",\"contentUrl\":\"https:\/\/www.notibras.com\/site\/wp-content\/uploads\/2023\/01\/notibras23.png\",\"width\":350,\"height\":87,\"caption\":\"Grupo Notibras de Comunica\u00e7\u00e3o\"},\"image\":{\"@id\":\"https:\/\/www.notibras.com\/site\/#\/schema\/logo\/image\/\"},\"sameAs\":[\"https:\/\/www.facebook.com\/notibras\/\",\"https:\/\/x.com\/Notibras\",\"https:\/\/www.instagram.com\/notibras\/\"]},{\"@type\":\"Person\",\"@id\":\"https:\/\/www.notibras.com\/site\/#\/schema\/person\/36ab0979449956132d3e5b517ea76ac8\",\"name\":\"Reda\u00e7\u00e3o\",\"image\":{\"@type\":\"ImageObject\",\"inLanguage\":\"pt-BR\",\"@id\":\"https:\/\/secure.gravatar.com\/avatar\/e0a867bdedb85fd243eadf09663511f96fc81e0720a4a42581f334ad4303aa6b?s=96&d=mm&r=g\",\"url\":\"https:\/\/secure.gravatar.com\/avatar\/e0a867bdedb85fd243eadf09663511f96fc81e0720a4a42581f334ad4303aa6b?s=96&d=mm&r=g\",\"contentUrl\":\"https:\/\/secure.gravatar.com\/avatar\/e0a867bdedb85fd243eadf09663511f96fc81e0720a4a42581f334ad4303aa6b?s=96&d=mm&r=g\",\"caption\":\"Reda\u00e7\u00e3o\"}}]}<\/script>\n<!-- \/ Yoast SEO plugin. -->","yoast_head_json":{"title":"Berger manda Rafael parar de esbravejar. E o sil\u00eancio reinou - Notibras","robots":{"index":"index","follow":"follow","max-snippet":"max-snippet:-1","max-image-preview":"max-image-preview:large","max-video-preview":"max-video-preview:-1"},"canonical":"https:\/\/www.notibras.com\/site\/berger-manda-rafael-parar-de-esbravejar-e-o-silencio-reinou\/","og_locale":"pt_BR","og_type":"article","og_title":"Berger manda Rafael parar de esbravejar. E o sil\u00eancio reinou - Notibras","og_description":"Ainda sob o efeito da ressaca provocada pela derrota nas urnas, o ex-secret\u00e1rio de Sa\u00fade do Distrito Federal Rafael Barbosa, esbravejou no Pal\u00e1cio do Buriti, h\u00e1 dois dias, tentando intimidar muita gente para virar coordenador da transi\u00e7\u00e3o, pelo lado de Agnelo Queiroz.\u00a0 Mas Berger Barbosa, conhecedor da m\u00e1quina, bateu o p\u00e9 e chutou o desiludido [&hellip;]","og_url":"https:\/\/www.notibras.com\/site\/berger-manda-rafael-parar-de-esbravejar-e-o-silencio-reinou\/","og_site_name":"Notibras","article_publisher":"https:\/\/www.facebook.com\/notibras\/","article_published_time":"2014-10-29T13:38:56+00:00","article_modified_time":"2014-10-29T14:49:12+00:00","og_image":[{"width":960,"height":720,"url":"https:\/\/www.notibras.com\/site\/wp-content\/uploads\/2014\/10\/11.jpg","type":"image\/jpeg"}],"author":"Reda\u00e7\u00e3o","twitter_card":"summary_large_image","twitter_creator":"@Notibras","twitter_site":"@Notibras","twitter_misc":{"Escrito por":"Reda\u00e7\u00e3o"},"schema":{"@context":"https:\/\/schema.org","@graph":[{"@type":"Article","@id":"https:\/\/www.notibras.com\/site\/berger-manda-rafael-parar-de-esbravejar-e-o-silencio-reinou\/#article","isPartOf":{"@id":"https:\/\/www.notibras.com\/site\/berger-manda-rafael-parar-de-esbravejar-e-o-silencio-reinou\/"},"author":{"name":"Reda\u00e7\u00e3o","@id":"https:\/\/www.notibras.com\/site\/#\/schema\/person\/36ab0979449956132d3e5b517ea76ac8"},"headline":"Berger manda Rafael parar de esbravejar. E o sil\u00eancio reinou","datePublished":"2014-10-29T13:38:56+00:00","dateModified":"2014-10-29T14:49:12+00:00","mainEntityOfPage":{"@id":"https:\/\/www.notibras.com\/site\/berger-manda-rafael-parar-de-esbravejar-e-o-silencio-reinou\/"},"wordCount":93,"commentCount":0,"publisher":{"@id":"https:\/\/www.notibras.com\/site\/#organization"},"image":{"@id":"https:\/\/www.notibras.com\/site\/berger-manda-rafael-parar-de-esbravejar-e-o-silencio-reinou\/#primaryimage"},"thumbnailUrl":"https:\/\/www.notibras.com\/site\/wp-content\/uploads\/2014\/10\/11.jpg","articleSection":["Elei\u00e7\u00f5es 2022"],"inLanguage":"pt-BR","potentialAction":[{"@type":"CommentAction","name":"Comment","target":["https:\/\/www.notibras.com\/site\/berger-manda-rafael-parar-de-esbravejar-e-o-silencio-reinou\/#respond"]}]},{"@type":"WebPage","@id":"https:\/\/www.notibras.com\/site\/berger-manda-rafael-parar-de-esbravejar-e-o-silencio-reinou\/","url":"https:\/\/www.notibras.com\/site\/berger-manda-rafael-parar-de-esbravejar-e-o-silencio-reinou\/","name":"Berger manda Rafael parar de esbravejar. E o sil\u00eancio reinou - Notibras","isPartOf":{"@id":"https:\/\/www.notibras.com\/site\/#website"},"primaryImageOfPage":{"@id":"https:\/\/www.notibras.com\/site\/berger-manda-rafael-parar-de-esbravejar-e-o-silencio-reinou\/#primaryimage"},"image":{"@id":"https:\/\/www.notibras.com\/site\/berger-manda-rafael-parar-de-esbravejar-e-o-silencio-reinou\/#primaryimage"},"thumbnailUrl":"https:\/\/www.notibras.com\/site\/wp-content\/uploads\/2014\/10\/11.jpg","datePublished":"2014-10-29T13:38:56+00:00","dateModified":"2014-10-29T14:49:12+00:00","breadcrumb":{"@id":"https:\/\/www.notibras.com\/site\/berger-manda-rafael-parar-de-esbravejar-e-o-silencio-reinou\/#breadcrumb"},"inLanguage":"pt-BR","potentialAction":[{"@type":"ReadAction","target":["https:\/\/www.notibras.com\/site\/berger-manda-rafael-parar-de-esbravejar-e-o-silencio-reinou\/"]}]},{"@type":"ImageObject","inLanguage":"pt-BR","@id":"https:\/\/www.notibras.com\/site\/berger-manda-rafael-parar-de-esbravejar-e-o-silencio-reinou\/#primaryimage","url":"https:\/\/www.notibras.com\/site\/wp-content\/uploads\/2014\/10\/11.jpg","contentUrl":"https:\/\/www.notibras.com\/site\/wp-content\/uploads\/2014\/10\/11.jpg","width":960,"height":720},{"@type":"BreadcrumbList","@id":"https:\/\/www.notibras.com\/site\/berger-manda-rafael-parar-de-esbravejar-e-o-silencio-reinou\/#breadcrumb","itemListElement":[{"@type":"ListItem","position":1,"name":"In\u00edcio","item":"https:\/\/www.notibras.com\/site\/"},{"@type":"ListItem","position":2,"name":"Berger manda Rafael parar de esbravejar. E o sil\u00eancio reinou"}]},{"@type":"WebSite","@id":"https:\/\/www.notibras.com\/site\/#website","url":"https:\/\/www.notibras.com\/site\/","name":"Notibras","description":"Not\u00edcias de Bras\u00edlia, do Brasil e do Mundo","publisher":{"@id":"https:\/\/www.notibras.com\/site\/#organization"},"potentialAction":[{"@type":"SearchAction","target":{"@type":"EntryPoint","urlTemplate":"https:\/\/www.notibras.com\/site\/?s={search_term_string}"},"query-input":{"@type":"PropertyValueSpecification","valueRequired":true,"valueName":"search_term_string"}}],"inLanguage":"pt-BR"},{"@type":"Organization","@id":"https:\/\/www.notibras.com\/site\/#organization","name":"Grupo Notibras de Comunica\u00e7\u00e3o","url":"https:\/\/www.notibras.com\/site\/","logo":{"@type":"ImageObject","inLanguage":"pt-BR","@id":"https:\/\/www.notibras.com\/site\/#\/schema\/logo\/image\/","url":"https:\/\/www.notibras.com\/site\/wp-content\/uploads\/2023\/01\/notibras23.png","contentUrl":"https:\/\/www.notibras.com\/site\/wp-content\/uploads\/2023\/01\/notibras23.png","width":350,"height":87,"caption":"Grupo Notibras de Comunica\u00e7\u00e3o"},"image":{"@id":"https:\/\/www.notibras.com\/site\/#\/schema\/logo\/image\/"},"sameAs":["https:\/\/www.facebook.com\/notibras\/","https:\/\/x.com\/Notibras","https:\/\/www.instagram.com\/notibras\/"]},{"@type":"Person","@id":"https:\/\/www.notibras.com\/site\/#\/schema\/person\/36ab0979449956132d3e5b517ea76ac8","name":"Reda\u00e7\u00e3o","image":{"@type":"ImageObject","inLanguage":"pt-BR","@id":"https:\/\/secure.gravatar.com\/avatar\/e0a867bdedb85fd243eadf09663511f96fc81e0720a4a42581f334ad4303aa6b?s=96&d=mm&r=g","url":"https:\/\/secure.gravatar.com\/avatar\/e0a867bdedb85fd243eadf09663511f96fc81e0720a4a42581f334ad4303aa6b?s=96&d=mm&r=g","contentUrl":"https:\/\/secure.gravatar.com\/avatar\/e0a867bdedb85fd243eadf09663511f96fc81e0720a4a42581f334ad4303aa6b?s=96&d=mm&r=g","caption":"Reda\u00e7\u00e3o"}}]}},"amp_enabled":true,"_links":{"self":[{"href":"https:\/\/www.notibras.com\/site\/wp-json\/wp\/v2\/posts\/26331","targetHints":{"allow":["GET"]}}],"collection":[{"href":"https:\/\/www.notibras.com\/site\/wp-json\/wp\/v2\/posts"}],"about":[{"href":"https:\/\/www.notibras.com\/site\/wp-json\/wp\/v2\/types\/post"}],"author":[{"embeddable":true,"href":"https:\/\/www.notibras.com\/site\/wp-json\/wp\/v2\/users\/2"}],"replies":[{"embeddable":true,"href":"https:\/\/www.notibras.com\/site\/wp-json\/wp\/v2\/comments?post=26331"}],"version-history":[{"count":0,"href":"https:\/\/www.notibras.com\/site\/wp-json\/wp\/v2\/posts\/26331\/revisions"}],"wp:featuredmedia":[{"embeddable":true,"href":"https:\/\/www.notibras.com\/site\/wp-json\/wp\/v2\/media\/26332"}],"wp:attachment":[{"href":"https:\/\/www.notibras.com\/site\/wp-json\/wp\/v2\/media?parent=26331"}],"wp:term":[{"taxonomy":"category","embeddable":true,"href":"https:\/\/www.notibras.com\/site\/wp-json\/wp\/v2\/categories?post=26331"},{"taxonomy":"post_tag","embeddable":true,"href":"https:\/\/www.notibras.com\/site\/wp-json\/wp\/v2\/tags?post=26331"}],"curies":[{"name":"wp","href":"https:\/\/api.w.org\/{rel}","templated":true}]}}