{"id":26438,"date":"2014-10-29T23:50:22","date_gmt":"2014-10-30T02:50:22","guid":{"rendered":"http:\/\/www.notibras.com\/site\/?p=26438"},"modified":"2014-10-30T08:39:37","modified_gmt":"2014-10-30T11:39:37","slug":"cruzeiro-faz-gol-no-inicio-tem-gol-anulado-e-joga-por-empate-na-vila","status":"publish","type":"post","link":"https:\/\/www.notibras.com\/site\/cruzeiro-faz-gol-no-inicio-tem-gol-anulado-e-joga-por-empate-na-vila\/","title":{"rendered":"Cruzeiro faz gol no in\u00edcio, tem gol anulado e joga por empate na Vila"},"content":{"rendered":"<p>Com um gol de Willian, aos 13 min do primeiro tempo, o Cruzeiro venceu o Santos, por 1 a 0, na noite desta quarta-feira, no Mineir\u00e3o, iniciando com vantagem o confronto v\u00e1lido pela semifinal da Copa do Brasil.<\/p>\n<p>Foram dois tempos completamente diferentes. No primeiro, a equipe celeste foi bastante superior e desperdi\u00e7ou chances de ampliar o marcador. J\u00e1 na etapa final, o clube santista melhorou e poderia ter empatado. Por outro lado, o clube mineiro acabou tendo um gol mal anulado.<\/p>\n<p>Com o triunfo, por vantagem m\u00ednima, o Cruzeiro jogar\u00e1 pelo empate na partida da volta ou mesmo derrota por um gol de diferen\u00e7a caso fa\u00e7a um gol (2 a 1, 3 a 2, etc), em 5 de novembro (quarta-feira), na Vila Belmiro.<\/p>\n<blockquote><p>O Santos precisa ganhar por dois ou mais gols de diferen\u00e7a para avan\u00e7ar \u00e0 decis\u00e3o. Se vencer por 1 a 0, levar\u00e1 a decis\u00e3o para os p\u00eanaltis.<\/p><\/blockquote>\n<p>Por conseguir a vantagem nos minutos iniciais da primeira etapa, a torcida cruzeirense criou a expectativa de um triunfo com maior diferen\u00e7a de gols, o que daria tranquilidade extra ao time na partida decisiva. N\u00e3o foi poss\u00edvel, j\u00e1 que o Santos, na etapa final, equilibrou as a\u00e7\u00f5es. O Cruzeiro ainda reclama de um gol, que considera mal anulado, marcado por Ricardo Goulart ap\u00f3s rebote do goleiro Aranha em chute de J\u00falio Baptista. O \u00e1rbitro marcou impedimento de J\u00falio Baptista, mas o cruzeirense estava em posi\u00e7\u00e3o legal.<\/p>\n","protected":false},"excerpt":{"rendered":"<p>Com um gol de Willian, aos 13 min do primeiro tempo, o Cruzeiro venceu o Santos, por 1 a 0, na noite desta quarta-feira, no Mineir\u00e3o, iniciando com vantagem o confronto v\u00e1lido pela semifinal da Copa do Brasil. Foram dois tempos completamente diferentes. No primeiro, a equipe celeste foi bastante superior e desperdi\u00e7ou chances de [&hellip;]<\/p>\n","protected":false},"author":1,"featured_media":26439,"comment_status":"open","ping_status":"closed","sticky":false,"template":"","format":"standard","meta":{"_acf_changed":false,"footnotes":""},"categories":[29],"tags":[],"class_list":["post-26438","post","type-post","status-publish","format-standard","has-post-thumbnail","hentry","category-futebol"],"acf":[],"yoast_head":"<!-- This site is optimized with the Yoast SEO plugin v27.2 - https:\/\/yoast.com\/product\/yoast-seo-wordpress\/ -->\n<title>Cruzeiro faz gol no in\u00edcio, tem gol anulado e joga por empate na Vila - Notibras<\/title>\n<meta name=\"robots\" content=\"index, follow, max-snippet:-1, max-image-preview:large, max-video-preview:-1\" \/>\n<link rel=\"canonical\" href=\"https:\/\/www.notibras.com\/site\/cruzeiro-faz-gol-no-inicio-tem-gol-anulado-e-joga-por-empate-na-vila\/\" \/>\n<meta property=\"og:locale\" content=\"pt_BR\" \/>\n<meta property=\"og:type\" content=\"article\" \/>\n<meta property=\"og:title\" content=\"Cruzeiro faz gol no in\u00edcio, tem gol anulado e joga por empate na Vila - Notibras\" \/>\n<meta property=\"og:description\" content=\"Com um gol de Willian, aos 13 min do primeiro tempo, o Cruzeiro venceu o Santos, por 1 a 0, na noite desta quarta-feira, no Mineir\u00e3o, iniciando com vantagem o confronto v\u00e1lido pela semifinal da Copa do Brasil. Foram dois tempos completamente diferentes. No primeiro, a equipe celeste foi bastante superior e desperdi\u00e7ou chances de [&hellip;]\" \/>\n<meta property=\"og:url\" content=\"https:\/\/www.notibras.com\/site\/cruzeiro-faz-gol-no-inicio-tem-gol-anulado-e-joga-por-empate-na-vila\/\" \/>\n<meta property=\"og:site_name\" content=\"Notibras\" \/>\n<meta property=\"article:publisher\" content=\"https:\/\/www.facebook.com\/notibras\/\" \/>\n<meta property=\"article:published_time\" content=\"2014-10-30T02:50:22+00:00\" \/>\n<meta property=\"article:modified_time\" content=\"2014-10-30T11:39:37+00:00\" \/>\n<meta property=\"og:image\" content=\"https:\/\/www.notibras.com\/site\/wp-content\/uploads\/2014\/10\/Sem-t\u00edtulo-118.jpg\" \/>\n\t<meta property=\"og:image:width\" content=\"821\" \/>\n\t<meta property=\"og:image:height\" content=\"485\" \/>\n\t<meta property=\"og:image:type\" content=\"image\/jpeg\" \/>\n<meta name=\"author\" content=\"Reda\u00e7\u00e3o\" \/>\n<meta name=\"twitter:card\" content=\"summary_large_image\" \/>\n<meta name=\"twitter:creator\" content=\"@Notibras\" \/>\n<meta name=\"twitter:site\" content=\"@Notibras\" \/>\n<meta name=\"twitter:label1\" content=\"Escrito por\" \/>\n\t<meta name=\"twitter:data1\" content=\"Reda\u00e7\u00e3o\" \/>\n\t<meta name=\"twitter:label2\" content=\"Est. tempo de leitura\" \/>\n\t<meta name=\"twitter:data2\" content=\"1 minuto\" \/>\n<script type=\"application\/ld+json\" class=\"yoast-schema-graph\">{\"@context\":\"https:\/\/schema.org\",\"@graph\":[{\"@type\":\"Article\",\"@id\":\"https:\/\/www.notibras.com\/site\/cruzeiro-faz-gol-no-inicio-tem-gol-anulado-e-joga-por-empate-na-vila\/#article\",\"isPartOf\":{\"@id\":\"https:\/\/www.notibras.com\/site\/cruzeiro-faz-gol-no-inicio-tem-gol-anulado-e-joga-por-empate-na-vila\/\"},\"author\":{\"name\":\"Reda\u00e7\u00e3o\",\"@id\":\"https:\/\/www.notibras.com\/site\/#\/schema\/person\/00b8e1aa08f9ef6563e878c5159d01cf\"},\"headline\":\"Cruzeiro faz gol no in\u00edcio, tem gol anulado e joga por empate na Vila\",\"datePublished\":\"2014-10-30T02:50:22+00:00\",\"dateModified\":\"2014-10-30T11:39:37+00:00\",\"mainEntityOfPage\":{\"@id\":\"https:\/\/www.notibras.com\/site\/cruzeiro-faz-gol-no-inicio-tem-gol-anulado-e-joga-por-empate-na-vila\/\"},\"wordCount\":260,\"commentCount\":0,\"publisher\":{\"@id\":\"https:\/\/www.notibras.com\/site\/#organization\"},\"image\":{\"@id\":\"https:\/\/www.notibras.com\/site\/cruzeiro-faz-gol-no-inicio-tem-gol-anulado-e-joga-por-empate-na-vila\/#primaryimage\"},\"thumbnailUrl\":\"https:\/\/www.notibras.com\/site\/wp-content\/uploads\/2014\/10\/Sem-t\u00edtulo-118.jpg\",\"articleSection\":[\"Futebol\"],\"inLanguage\":\"pt-BR\",\"potentialAction\":[{\"@type\":\"CommentAction\",\"name\":\"Comment\",\"target\":[\"https:\/\/www.notibras.com\/site\/cruzeiro-faz-gol-no-inicio-tem-gol-anulado-e-joga-por-empate-na-vila\/#respond\"]}]},{\"@type\":\"WebPage\",\"@id\":\"https:\/\/www.notibras.com\/site\/cruzeiro-faz-gol-no-inicio-tem-gol-anulado-e-joga-por-empate-na-vila\/\",\"url\":\"https:\/\/www.notibras.com\/site\/cruzeiro-faz-gol-no-inicio-tem-gol-anulado-e-joga-por-empate-na-vila\/\",\"name\":\"Cruzeiro faz gol no in\u00edcio, tem gol anulado e joga por empate na Vila - Notibras\",\"isPartOf\":{\"@id\":\"https:\/\/www.notibras.com\/site\/#website\"},\"primaryImageOfPage\":{\"@id\":\"https:\/\/www.notibras.com\/site\/cruzeiro-faz-gol-no-inicio-tem-gol-anulado-e-joga-por-empate-na-vila\/#primaryimage\"},\"image\":{\"@id\":\"https:\/\/www.notibras.com\/site\/cruzeiro-faz-gol-no-inicio-tem-gol-anulado-e-joga-por-empate-na-vila\/#primaryimage\"},\"thumbnailUrl\":\"https:\/\/www.notibras.com\/site\/wp-content\/uploads\/2014\/10\/Sem-t\u00edtulo-118.jpg\",\"datePublished\":\"2014-10-30T02:50:22+00:00\",\"dateModified\":\"2014-10-30T11:39:37+00:00\",\"breadcrumb\":{\"@id\":\"https:\/\/www.notibras.com\/site\/cruzeiro-faz-gol-no-inicio-tem-gol-anulado-e-joga-por-empate-na-vila\/#breadcrumb\"},\"inLanguage\":\"pt-BR\",\"potentialAction\":[{\"@type\":\"ReadAction\",\"target\":[\"https:\/\/www.notibras.com\/site\/cruzeiro-faz-gol-no-inicio-tem-gol-anulado-e-joga-por-empate-na-vila\/\"]}]},{\"@type\":\"ImageObject\",\"inLanguage\":\"pt-BR\",\"@id\":\"https:\/\/www.notibras.com\/site\/cruzeiro-faz-gol-no-inicio-tem-gol-anulado-e-joga-por-empate-na-vila\/#primaryimage\",\"url\":\"https:\/\/www.notibras.com\/site\/wp-content\/uploads\/2014\/10\/Sem-t\u00edtulo-118.jpg\",\"contentUrl\":\"https:\/\/www.notibras.com\/site\/wp-content\/uploads\/2014\/10\/Sem-t\u00edtulo-118.jpg\",\"width\":821,\"height\":485},{\"@type\":\"BreadcrumbList\",\"@id\":\"https:\/\/www.notibras.com\/site\/cruzeiro-faz-gol-no-inicio-tem-gol-anulado-e-joga-por-empate-na-vila\/#breadcrumb\",\"itemListElement\":[{\"@type\":\"ListItem\",\"position\":1,\"name\":\"In\u00edcio\",\"item\":\"https:\/\/www.notibras.com\/site\/\"},{\"@type\":\"ListItem\",\"position\":2,\"name\":\"Cruzeiro faz gol no in\u00edcio, tem gol anulado e joga por empate na Vila\"}]},{\"@type\":\"WebSite\",\"@id\":\"https:\/\/www.notibras.com\/site\/#website\",\"url\":\"https:\/\/www.notibras.com\/site\/\",\"name\":\"Notibras\",\"description\":\"Not\u00edcias de Bras\u00edlia, do Brasil e do Mundo\",\"publisher\":{\"@id\":\"https:\/\/www.notibras.com\/site\/#organization\"},\"potentialAction\":[{\"@type\":\"SearchAction\",\"target\":{\"@type\":\"EntryPoint\",\"urlTemplate\":\"https:\/\/www.notibras.com\/site\/?s={search_term_string}\"},\"query-input\":{\"@type\":\"PropertyValueSpecification\",\"valueRequired\":true,\"valueName\":\"search_term_string\"}}],\"inLanguage\":\"pt-BR\"},{\"@type\":\"Organization\",\"@id\":\"https:\/\/www.notibras.com\/site\/#organization\",\"name\":\"Grupo Notibras de Comunica\u00e7\u00e3o\",\"url\":\"https:\/\/www.notibras.com\/site\/\",\"logo\":{\"@type\":\"ImageObject\",\"inLanguage\":\"pt-BR\",\"@id\":\"https:\/\/www.notibras.com\/site\/#\/schema\/logo\/image\/\",\"url\":\"https:\/\/www.notibras.com\/site\/wp-content\/uploads\/2023\/01\/notibras23.png\",\"contentUrl\":\"https:\/\/www.notibras.com\/site\/wp-content\/uploads\/2023\/01\/notibras23.png\",\"width\":350,\"height\":87,\"caption\":\"Grupo Notibras de Comunica\u00e7\u00e3o\"},\"image\":{\"@id\":\"https:\/\/www.notibras.com\/site\/#\/schema\/logo\/image\/\"},\"sameAs\":[\"https:\/\/www.facebook.com\/notibras\/\",\"https:\/\/x.com\/Notibras\",\"https:\/\/www.instagram.com\/notibras\/\"]},{\"@type\":\"Person\",\"@id\":\"https:\/\/www.notibras.com\/site\/#\/schema\/person\/00b8e1aa08f9ef6563e878c5159d01cf\",\"name\":\"Reda\u00e7\u00e3o\",\"image\":{\"@type\":\"ImageObject\",\"inLanguage\":\"pt-BR\",\"@id\":\"https:\/\/secure.gravatar.com\/avatar\/ac5a707d5b47784a5ed426c6e213e201423c750890f64e4c379114dade67dfb9?s=96&d=mm&r=g\",\"url\":\"https:\/\/secure.gravatar.com\/avatar\/ac5a707d5b47784a5ed426c6e213e201423c750890f64e4c379114dade67dfb9?s=96&d=mm&r=g\",\"contentUrl\":\"https:\/\/secure.gravatar.com\/avatar\/ac5a707d5b47784a5ed426c6e213e201423c750890f64e4c379114dade67dfb9?s=96&d=mm&r=g\",\"caption\":\"Reda\u00e7\u00e3o\"}}]}<\/script>\n<!-- \/ Yoast SEO plugin. -->","yoast_head_json":{"title":"Cruzeiro faz gol no in\u00edcio, tem gol anulado e joga por empate na Vila - Notibras","robots":{"index":"index","follow":"follow","max-snippet":"max-snippet:-1","max-image-preview":"max-image-preview:large","max-video-preview":"max-video-preview:-1"},"canonical":"https:\/\/www.notibras.com\/site\/cruzeiro-faz-gol-no-inicio-tem-gol-anulado-e-joga-por-empate-na-vila\/","og_locale":"pt_BR","og_type":"article","og_title":"Cruzeiro faz gol no in\u00edcio, tem gol anulado e joga por empate na Vila - Notibras","og_description":"Com um gol de Willian, aos 13 min do primeiro tempo, o Cruzeiro venceu o Santos, por 1 a 0, na noite desta quarta-feira, no Mineir\u00e3o, iniciando com vantagem o confronto v\u00e1lido pela semifinal da Copa do Brasil. Foram dois tempos completamente diferentes. No primeiro, a equipe celeste foi bastante superior e desperdi\u00e7ou chances de [&hellip;]","og_url":"https:\/\/www.notibras.com\/site\/cruzeiro-faz-gol-no-inicio-tem-gol-anulado-e-joga-por-empate-na-vila\/","og_site_name":"Notibras","article_publisher":"https:\/\/www.facebook.com\/notibras\/","article_published_time":"2014-10-30T02:50:22+00:00","article_modified_time":"2014-10-30T11:39:37+00:00","og_image":[{"width":821,"height":485,"url":"https:\/\/www.notibras.com\/site\/wp-content\/uploads\/2014\/10\/Sem-t\u00edtulo-118.jpg","type":"image\/jpeg"}],"author":"Reda\u00e7\u00e3o","twitter_card":"summary_large_image","twitter_creator":"@Notibras","twitter_site":"@Notibras","twitter_misc":{"Escrito por":"Reda\u00e7\u00e3o","Est. tempo de leitura":"1 minuto"},"schema":{"@context":"https:\/\/schema.org","@graph":[{"@type":"Article","@id":"https:\/\/www.notibras.com\/site\/cruzeiro-faz-gol-no-inicio-tem-gol-anulado-e-joga-por-empate-na-vila\/#article","isPartOf":{"@id":"https:\/\/www.notibras.com\/site\/cruzeiro-faz-gol-no-inicio-tem-gol-anulado-e-joga-por-empate-na-vila\/"},"author":{"name":"Reda\u00e7\u00e3o","@id":"https:\/\/www.notibras.com\/site\/#\/schema\/person\/00b8e1aa08f9ef6563e878c5159d01cf"},"headline":"Cruzeiro faz gol no in\u00edcio, tem gol anulado e joga por empate na Vila","datePublished":"2014-10-30T02:50:22+00:00","dateModified":"2014-10-30T11:39:37+00:00","mainEntityOfPage":{"@id":"https:\/\/www.notibras.com\/site\/cruzeiro-faz-gol-no-inicio-tem-gol-anulado-e-joga-por-empate-na-vila\/"},"wordCount":260,"commentCount":0,"publisher":{"@id":"https:\/\/www.notibras.com\/site\/#organization"},"image":{"@id":"https:\/\/www.notibras.com\/site\/cruzeiro-faz-gol-no-inicio-tem-gol-anulado-e-joga-por-empate-na-vila\/#primaryimage"},"thumbnailUrl":"https:\/\/www.notibras.com\/site\/wp-content\/uploads\/2014\/10\/Sem-t\u00edtulo-118.jpg","articleSection":["Futebol"],"inLanguage":"pt-BR","potentialAction":[{"@type":"CommentAction","name":"Comment","target":["https:\/\/www.notibras.com\/site\/cruzeiro-faz-gol-no-inicio-tem-gol-anulado-e-joga-por-empate-na-vila\/#respond"]}]},{"@type":"WebPage","@id":"https:\/\/www.notibras.com\/site\/cruzeiro-faz-gol-no-inicio-tem-gol-anulado-e-joga-por-empate-na-vila\/","url":"https:\/\/www.notibras.com\/site\/cruzeiro-faz-gol-no-inicio-tem-gol-anulado-e-joga-por-empate-na-vila\/","name":"Cruzeiro faz gol no in\u00edcio, tem gol anulado e joga por empate na Vila - Notibras","isPartOf":{"@id":"https:\/\/www.notibras.com\/site\/#website"},"primaryImageOfPage":{"@id":"https:\/\/www.notibras.com\/site\/cruzeiro-faz-gol-no-inicio-tem-gol-anulado-e-joga-por-empate-na-vila\/#primaryimage"},"image":{"@id":"https:\/\/www.notibras.com\/site\/cruzeiro-faz-gol-no-inicio-tem-gol-anulado-e-joga-por-empate-na-vila\/#primaryimage"},"thumbnailUrl":"https:\/\/www.notibras.com\/site\/wp-content\/uploads\/2014\/10\/Sem-t\u00edtulo-118.jpg","datePublished":"2014-10-30T02:50:22+00:00","dateModified":"2014-10-30T11:39:37+00:00","breadcrumb":{"@id":"https:\/\/www.notibras.com\/site\/cruzeiro-faz-gol-no-inicio-tem-gol-anulado-e-joga-por-empate-na-vila\/#breadcrumb"},"inLanguage":"pt-BR","potentialAction":[{"@type":"ReadAction","target":["https:\/\/www.notibras.com\/site\/cruzeiro-faz-gol-no-inicio-tem-gol-anulado-e-joga-por-empate-na-vila\/"]}]},{"@type":"ImageObject","inLanguage":"pt-BR","@id":"https:\/\/www.notibras.com\/site\/cruzeiro-faz-gol-no-inicio-tem-gol-anulado-e-joga-por-empate-na-vila\/#primaryimage","url":"https:\/\/www.notibras.com\/site\/wp-content\/uploads\/2014\/10\/Sem-t\u00edtulo-118.jpg","contentUrl":"https:\/\/www.notibras.com\/site\/wp-content\/uploads\/2014\/10\/Sem-t\u00edtulo-118.jpg","width":821,"height":485},{"@type":"BreadcrumbList","@id":"https:\/\/www.notibras.com\/site\/cruzeiro-faz-gol-no-inicio-tem-gol-anulado-e-joga-por-empate-na-vila\/#breadcrumb","itemListElement":[{"@type":"ListItem","position":1,"name":"In\u00edcio","item":"https:\/\/www.notibras.com\/site\/"},{"@type":"ListItem","position":2,"name":"Cruzeiro faz gol no in\u00edcio, tem gol anulado e joga por empate na Vila"}]},{"@type":"WebSite","@id":"https:\/\/www.notibras.com\/site\/#website","url":"https:\/\/www.notibras.com\/site\/","name":"Notibras","description":"Not\u00edcias de Bras\u00edlia, do Brasil e do Mundo","publisher":{"@id":"https:\/\/www.notibras.com\/site\/#organization"},"potentialAction":[{"@type":"SearchAction","target":{"@type":"EntryPoint","urlTemplate":"https:\/\/www.notibras.com\/site\/?s={search_term_string}"},"query-input":{"@type":"PropertyValueSpecification","valueRequired":true,"valueName":"search_term_string"}}],"inLanguage":"pt-BR"},{"@type":"Organization","@id":"https:\/\/www.notibras.com\/site\/#organization","name":"Grupo Notibras de Comunica\u00e7\u00e3o","url":"https:\/\/www.notibras.com\/site\/","logo":{"@type":"ImageObject","inLanguage":"pt-BR","@id":"https:\/\/www.notibras.com\/site\/#\/schema\/logo\/image\/","url":"https:\/\/www.notibras.com\/site\/wp-content\/uploads\/2023\/01\/notibras23.png","contentUrl":"https:\/\/www.notibras.com\/site\/wp-content\/uploads\/2023\/01\/notibras23.png","width":350,"height":87,"caption":"Grupo Notibras de Comunica\u00e7\u00e3o"},"image":{"@id":"https:\/\/www.notibras.com\/site\/#\/schema\/logo\/image\/"},"sameAs":["https:\/\/www.facebook.com\/notibras\/","https:\/\/x.com\/Notibras","https:\/\/www.instagram.com\/notibras\/"]},{"@type":"Person","@id":"https:\/\/www.notibras.com\/site\/#\/schema\/person\/00b8e1aa08f9ef6563e878c5159d01cf","name":"Reda\u00e7\u00e3o","image":{"@type":"ImageObject","inLanguage":"pt-BR","@id":"https:\/\/secure.gravatar.com\/avatar\/ac5a707d5b47784a5ed426c6e213e201423c750890f64e4c379114dade67dfb9?s=96&d=mm&r=g","url":"https:\/\/secure.gravatar.com\/avatar\/ac5a707d5b47784a5ed426c6e213e201423c750890f64e4c379114dade67dfb9?s=96&d=mm&r=g","contentUrl":"https:\/\/secure.gravatar.com\/avatar\/ac5a707d5b47784a5ed426c6e213e201423c750890f64e4c379114dade67dfb9?s=96&d=mm&r=g","caption":"Reda\u00e7\u00e3o"}}]}},"amp_enabled":true,"_links":{"self":[{"href":"https:\/\/www.notibras.com\/site\/wp-json\/wp\/v2\/posts\/26438","targetHints":{"allow":["GET"]}}],"collection":[{"href":"https:\/\/www.notibras.com\/site\/wp-json\/wp\/v2\/posts"}],"about":[{"href":"https:\/\/www.notibras.com\/site\/wp-json\/wp\/v2\/types\/post"}],"author":[{"embeddable":true,"href":"https:\/\/www.notibras.com\/site\/wp-json\/wp\/v2\/users\/1"}],"replies":[{"embeddable":true,"href":"https:\/\/www.notibras.com\/site\/wp-json\/wp\/v2\/comments?post=26438"}],"version-history":[{"count":0,"href":"https:\/\/www.notibras.com\/site\/wp-json\/wp\/v2\/posts\/26438\/revisions"}],"wp:featuredmedia":[{"embeddable":true,"href":"https:\/\/www.notibras.com\/site\/wp-json\/wp\/v2\/media\/26439"}],"wp:attachment":[{"href":"https:\/\/www.notibras.com\/site\/wp-json\/wp\/v2\/media?parent=26438"}],"wp:term":[{"taxonomy":"category","embeddable":true,"href":"https:\/\/www.notibras.com\/site\/wp-json\/wp\/v2\/categories?post=26438"},{"taxonomy":"post_tag","embeddable":true,"href":"https:\/\/www.notibras.com\/site\/wp-json\/wp\/v2\/tags?post=26438"}],"curies":[{"name":"wp","href":"https:\/\/api.w.org\/{rel}","templated":true}]}}