{"id":26510,"date":"2014-10-31T08:20:37","date_gmt":"2014-10-31T11:20:37","guid":{"rendered":"http:\/\/www.notibras.com\/site\/?p=26510"},"modified":"2014-10-31T08:20:37","modified_gmt":"2014-10-31T11:20:37","slug":"marca-propria-agrada-cliente-e-ganha-mais-espaco-no-varejo","status":"publish","type":"post","link":"https:\/\/www.notibras.com\/site\/marca-propria-agrada-cliente-e-ganha-mais-espaco-no-varejo\/","title":{"rendered":"Marca pr\u00f3pria agrada cliente e ganha mais espa\u00e7o no varejo"},"content":{"rendered":"<p>Devido ao grande crescimento do poder de persuas\u00e3o publicit\u00e1ria, hoje colocamos a nossa credibilidade no fornecedor, n\u00e3o no varejo. Tentando ir contra essa mar\u00e9, os produtos de marca pr\u00f3pria buscam garantir o seu espa\u00e7o no carrinho de compras dos consumidores, e dessa vez n\u00e3o s\u00f3 por custar um pouco menos que as marcas l\u00edderes de venda.<\/p>\n<p>Esses produtos come\u00e7aram a ser comuns nos supermercados brasileiros no come\u00e7o dos anos 2000, e, em 2012, movimentaram quase 3 bilh\u00f5es de reais no varejo nacional. Por\u00e9m, mesmo com esse crescimento, os produtos ainda s\u00e3o vistos como inferiores ou como uma alternativa de baixo pre\u00e7o \u00e0s marcas similares. Realidade que acontece gra\u00e7as \u00e0 falta de publicidade, que tamb\u00e9m \u00e9 um dos motivos para o pre\u00e7o inferior. Ou seja, uma via de m\u00e3o dupla.<\/p>\n<blockquote><p>H\u00e1 tr\u00eas anos, o Grupo Pereira \u2013 que abrange a rede de supermercados Comper &#8211; investiu na sua primeira marca pr\u00f3pria, a Amorita, linha de atomatados, azeite, palmito e etc.\u00a0 Os produtos da linha geram, em m\u00e9dia, uma economia de 15% a 20% em rela\u00e7\u00e3o aos produtos de outras marcas, e o consumidor leva pra casa um produto com a mesma qualidade dos melhores do mercados.<\/p><\/blockquote>\n<p>A economia n\u00e3o \u00e9 somente do consumidor, mas tamb\u00e9m da empresa, j\u00e1 que sendo dona da marca, os varejistas tem o controle da produ\u00e7\u00e3o, promo\u00e7\u00e3o e pre\u00e7o, assim, podendo evitar gastos desnecess\u00e1rios.<\/p>\n<p>Mesmo com a economia \u00e0 primeira vista, o maior lucro para os varejistas vem a longo prazo, j\u00e1 que possuem uma marca que s\u00f3 \u00e9 encontrada no seu pr\u00f3prio com\u00e9rcio, quando o cliente acaba criando uma fideliza\u00e7\u00e3o com a empresa.<\/p>\n<p><strong>Lisete Caetano<\/strong><\/p>\n","protected":false},"excerpt":{"rendered":"<p>Devido ao grande crescimento do poder de persuas\u00e3o publicit\u00e1ria, hoje colocamos a nossa credibilidade no fornecedor, n\u00e3o no varejo. Tentando ir contra essa mar\u00e9, os produtos de marca pr\u00f3pria buscam garantir o seu espa\u00e7o no carrinho de compras dos consumidores, e dessa vez n\u00e3o s\u00f3 por custar um pouco menos que as marcas l\u00edderes de [&hellip;]<\/p>\n","protected":false},"author":2,"featured_media":26511,"comment_status":"open","ping_status":"closed","sticky":false,"template":"","format":"standard","meta":{"_acf_changed":false,"footnotes":""},"categories":[25],"tags":[],"class_list":["post-26510","post","type-post","status-publish","format-standard","has-post-thumbnail","hentry","category-opina-ai"],"acf":[],"yoast_head":"<!-- This site is optimized with the Yoast SEO plugin v27.5 - https:\/\/yoast.com\/product\/yoast-seo-wordpress\/ -->\n<title>Marca pr\u00f3pria agrada cliente e ganha mais espa\u00e7o no varejo - Notibras<\/title>\n<meta name=\"robots\" content=\"index, follow, max-snippet:-1, max-image-preview:large, max-video-preview:-1\" \/>\n<link rel=\"canonical\" href=\"https:\/\/www.notibras.com\/site\/marca-propria-agrada-cliente-e-ganha-mais-espaco-no-varejo\/\" \/>\n<meta property=\"og:locale\" content=\"pt_BR\" \/>\n<meta property=\"og:type\" content=\"article\" \/>\n<meta property=\"og:title\" content=\"Marca pr\u00f3pria agrada cliente e ganha mais espa\u00e7o no varejo - Notibras\" \/>\n<meta property=\"og:description\" content=\"Devido ao grande crescimento do poder de persuas\u00e3o publicit\u00e1ria, hoje colocamos a nossa credibilidade no fornecedor, n\u00e3o no varejo. Tentando ir contra essa mar\u00e9, os produtos de marca pr\u00f3pria buscam garantir o seu espa\u00e7o no carrinho de compras dos consumidores, e dessa vez n\u00e3o s\u00f3 por custar um pouco menos que as marcas l\u00edderes de [&hellip;]\" \/>\n<meta property=\"og:url\" content=\"https:\/\/www.notibras.com\/site\/marca-propria-agrada-cliente-e-ganha-mais-espaco-no-varejo\/\" \/>\n<meta property=\"og:site_name\" content=\"Notibras\" \/>\n<meta property=\"article:publisher\" content=\"https:\/\/www.facebook.com\/notibras\/\" \/>\n<meta property=\"article:published_time\" content=\"2014-10-31T11:20:37+00:00\" \/>\n<meta property=\"og:image\" content=\"https:\/\/www.notibras.com\/site\/wp-content\/uploads\/2014\/10\/M\u00fasica-em-Supermercado.jpg\" \/>\n\t<meta property=\"og:image:width\" content=\"455\" \/>\n\t<meta property=\"og:image:height\" content=\"303\" \/>\n\t<meta property=\"og:image:type\" content=\"image\/jpeg\" \/>\n<meta name=\"author\" content=\"Reda\u00e7\u00e3o\" \/>\n<meta name=\"twitter:card\" content=\"summary_large_image\" \/>\n<meta name=\"twitter:creator\" content=\"@Notibras\" \/>\n<meta name=\"twitter:site\" content=\"@Notibras\" \/>\n<meta name=\"twitter:label1\" content=\"Escrito por\" \/>\n\t<meta name=\"twitter:data1\" content=\"Reda\u00e7\u00e3o\" \/>\n\t<meta name=\"twitter:label2\" content=\"Est. tempo de leitura\" \/>\n\t<meta name=\"twitter:data2\" content=\"1 minuto\" \/>\n<script type=\"application\/ld+json\" class=\"yoast-schema-graph\">{\"@context\":\"https:\\\/\\\/schema.org\",\"@graph\":[{\"@type\":\"Article\",\"@id\":\"https:\\\/\\\/www.notibras.com\\\/site\\\/marca-propria-agrada-cliente-e-ganha-mais-espaco-no-varejo\\\/#article\",\"isPartOf\":{\"@id\":\"https:\\\/\\\/www.notibras.com\\\/site\\\/marca-propria-agrada-cliente-e-ganha-mais-espaco-no-varejo\\\/\"},\"author\":{\"name\":\"Reda\u00e7\u00e3o\",\"@id\":\"https:\\\/\\\/www.notibras.com\\\/site\\\/#\\\/schema\\\/person\\\/36ab0979449956132d3e5b517ea76ac8\"},\"headline\":\"Marca pr\u00f3pria agrada cliente e ganha mais espa\u00e7o no varejo\",\"datePublished\":\"2014-10-31T11:20:37+00:00\",\"mainEntityOfPage\":{\"@id\":\"https:\\\/\\\/www.notibras.com\\\/site\\\/marca-propria-agrada-cliente-e-ganha-mais-espaco-no-varejo\\\/\"},\"wordCount\":300,\"commentCount\":0,\"publisher\":{\"@id\":\"https:\\\/\\\/www.notibras.com\\\/site\\\/#organization\"},\"image\":{\"@id\":\"https:\\\/\\\/www.notibras.com\\\/site\\\/marca-propria-agrada-cliente-e-ganha-mais-espaco-no-varejo\\\/#primaryimage\"},\"thumbnailUrl\":\"https:\\\/\\\/www.notibras.com\\\/site\\\/wp-content\\\/uploads\\\/2014\\\/10\\\/M\u00fasica-em-Supermercado.jpg\",\"articleSection\":[\"Opina a\u00ed\"],\"inLanguage\":\"pt-BR\",\"potentialAction\":[{\"@type\":\"CommentAction\",\"name\":\"Comment\",\"target\":[\"https:\\\/\\\/www.notibras.com\\\/site\\\/marca-propria-agrada-cliente-e-ganha-mais-espaco-no-varejo\\\/#respond\"]}]},{\"@type\":\"WebPage\",\"@id\":\"https:\\\/\\\/www.notibras.com\\\/site\\\/marca-propria-agrada-cliente-e-ganha-mais-espaco-no-varejo\\\/\",\"url\":\"https:\\\/\\\/www.notibras.com\\\/site\\\/marca-propria-agrada-cliente-e-ganha-mais-espaco-no-varejo\\\/\",\"name\":\"Marca pr\u00f3pria agrada cliente e ganha mais espa\u00e7o no varejo - Notibras\",\"isPartOf\":{\"@id\":\"https:\\\/\\\/www.notibras.com\\\/site\\\/#website\"},\"primaryImageOfPage\":{\"@id\":\"https:\\\/\\\/www.notibras.com\\\/site\\\/marca-propria-agrada-cliente-e-ganha-mais-espaco-no-varejo\\\/#primaryimage\"},\"image\":{\"@id\":\"https:\\\/\\\/www.notibras.com\\\/site\\\/marca-propria-agrada-cliente-e-ganha-mais-espaco-no-varejo\\\/#primaryimage\"},\"thumbnailUrl\":\"https:\\\/\\\/www.notibras.com\\\/site\\\/wp-content\\\/uploads\\\/2014\\\/10\\\/M\u00fasica-em-Supermercado.jpg\",\"datePublished\":\"2014-10-31T11:20:37+00:00\",\"breadcrumb\":{\"@id\":\"https:\\\/\\\/www.notibras.com\\\/site\\\/marca-propria-agrada-cliente-e-ganha-mais-espaco-no-varejo\\\/#breadcrumb\"},\"inLanguage\":\"pt-BR\",\"potentialAction\":[{\"@type\":\"ReadAction\",\"target\":[\"https:\\\/\\\/www.notibras.com\\\/site\\\/marca-propria-agrada-cliente-e-ganha-mais-espaco-no-varejo\\\/\"]}]},{\"@type\":\"ImageObject\",\"inLanguage\":\"pt-BR\",\"@id\":\"https:\\\/\\\/www.notibras.com\\\/site\\\/marca-propria-agrada-cliente-e-ganha-mais-espaco-no-varejo\\\/#primaryimage\",\"url\":\"https:\\\/\\\/www.notibras.com\\\/site\\\/wp-content\\\/uploads\\\/2014\\\/10\\\/M\u00fasica-em-Supermercado.jpg\",\"contentUrl\":\"https:\\\/\\\/www.notibras.com\\\/site\\\/wp-content\\\/uploads\\\/2014\\\/10\\\/M\u00fasica-em-Supermercado.jpg\",\"width\":455,\"height\":303},{\"@type\":\"BreadcrumbList\",\"@id\":\"https:\\\/\\\/www.notibras.com\\\/site\\\/marca-propria-agrada-cliente-e-ganha-mais-espaco-no-varejo\\\/#breadcrumb\",\"itemListElement\":[{\"@type\":\"ListItem\",\"position\":1,\"name\":\"In\u00edcio\",\"item\":\"https:\\\/\\\/www.notibras.com\\\/site\\\/\"},{\"@type\":\"ListItem\",\"position\":2,\"name\":\"Marca pr\u00f3pria agrada cliente e ganha mais espa\u00e7o no varejo\"}]},{\"@type\":\"WebSite\",\"@id\":\"https:\\\/\\\/www.notibras.com\\\/site\\\/#website\",\"url\":\"https:\\\/\\\/www.notibras.com\\\/site\\\/\",\"name\":\"Notibras\",\"description\":\"Not\u00edcias de Bras\u00edlia, do Brasil e do Mundo\",\"publisher\":{\"@id\":\"https:\\\/\\\/www.notibras.com\\\/site\\\/#organization\"},\"potentialAction\":[{\"@type\":\"SearchAction\",\"target\":{\"@type\":\"EntryPoint\",\"urlTemplate\":\"https:\\\/\\\/www.notibras.com\\\/site\\\/?s={search_term_string}\"},\"query-input\":{\"@type\":\"PropertyValueSpecification\",\"valueRequired\":true,\"valueName\":\"search_term_string\"}}],\"inLanguage\":\"pt-BR\"},{\"@type\":\"Organization\",\"@id\":\"https:\\\/\\\/www.notibras.com\\\/site\\\/#organization\",\"name\":\"Grupo Notibras de Comunica\u00e7\u00e3o\",\"url\":\"https:\\\/\\\/www.notibras.com\\\/site\\\/\",\"logo\":{\"@type\":\"ImageObject\",\"inLanguage\":\"pt-BR\",\"@id\":\"https:\\\/\\\/www.notibras.com\\\/site\\\/#\\\/schema\\\/logo\\\/image\\\/\",\"url\":\"https:\\\/\\\/www.notibras.com\\\/site\\\/wp-content\\\/uploads\\\/2023\\\/01\\\/notibras23.png\",\"contentUrl\":\"https:\\\/\\\/www.notibras.com\\\/site\\\/wp-content\\\/uploads\\\/2023\\\/01\\\/notibras23.png\",\"width\":350,\"height\":87,\"caption\":\"Grupo Notibras de Comunica\u00e7\u00e3o\"},\"image\":{\"@id\":\"https:\\\/\\\/www.notibras.com\\\/site\\\/#\\\/schema\\\/logo\\\/image\\\/\"},\"sameAs\":[\"https:\\\/\\\/www.facebook.com\\\/notibras\\\/\",\"https:\\\/\\\/x.com\\\/Notibras\",\"https:\\\/\\\/www.instagram.com\\\/notibras\\\/\"]},{\"@type\":\"Person\",\"@id\":\"https:\\\/\\\/www.notibras.com\\\/site\\\/#\\\/schema\\\/person\\\/36ab0979449956132d3e5b517ea76ac8\",\"name\":\"Reda\u00e7\u00e3o\",\"image\":{\"@type\":\"ImageObject\",\"inLanguage\":\"pt-BR\",\"@id\":\"https:\\\/\\\/secure.gravatar.com\\\/avatar\\\/e0a867bdedb85fd243eadf09663511f96fc81e0720a4a42581f334ad4303aa6b?s=96&d=mm&r=g\",\"url\":\"https:\\\/\\\/secure.gravatar.com\\\/avatar\\\/e0a867bdedb85fd243eadf09663511f96fc81e0720a4a42581f334ad4303aa6b?s=96&d=mm&r=g\",\"contentUrl\":\"https:\\\/\\\/secure.gravatar.com\\\/avatar\\\/e0a867bdedb85fd243eadf09663511f96fc81e0720a4a42581f334ad4303aa6b?s=96&d=mm&r=g\",\"caption\":\"Reda\u00e7\u00e3o\"}}]}<\/script>\n<!-- \/ Yoast SEO plugin. -->","yoast_head_json":{"title":"Marca pr\u00f3pria agrada cliente e ganha mais espa\u00e7o no varejo - Notibras","robots":{"index":"index","follow":"follow","max-snippet":"max-snippet:-1","max-image-preview":"max-image-preview:large","max-video-preview":"max-video-preview:-1"},"canonical":"https:\/\/www.notibras.com\/site\/marca-propria-agrada-cliente-e-ganha-mais-espaco-no-varejo\/","og_locale":"pt_BR","og_type":"article","og_title":"Marca pr\u00f3pria agrada cliente e ganha mais espa\u00e7o no varejo - Notibras","og_description":"Devido ao grande crescimento do poder de persuas\u00e3o publicit\u00e1ria, hoje colocamos a nossa credibilidade no fornecedor, n\u00e3o no varejo. Tentando ir contra essa mar\u00e9, os produtos de marca pr\u00f3pria buscam garantir o seu espa\u00e7o no carrinho de compras dos consumidores, e dessa vez n\u00e3o s\u00f3 por custar um pouco menos que as marcas l\u00edderes de [&hellip;]","og_url":"https:\/\/www.notibras.com\/site\/marca-propria-agrada-cliente-e-ganha-mais-espaco-no-varejo\/","og_site_name":"Notibras","article_publisher":"https:\/\/www.facebook.com\/notibras\/","article_published_time":"2014-10-31T11:20:37+00:00","og_image":[{"width":455,"height":303,"url":"https:\/\/www.notibras.com\/site\/wp-content\/uploads\/2014\/10\/M\u00fasica-em-Supermercado.jpg","type":"image\/jpeg"}],"author":"Reda\u00e7\u00e3o","twitter_card":"summary_large_image","twitter_creator":"@Notibras","twitter_site":"@Notibras","twitter_misc":{"Escrito por":"Reda\u00e7\u00e3o","Est. tempo de leitura":"1 minuto"},"schema":{"@context":"https:\/\/schema.org","@graph":[{"@type":"Article","@id":"https:\/\/www.notibras.com\/site\/marca-propria-agrada-cliente-e-ganha-mais-espaco-no-varejo\/#article","isPartOf":{"@id":"https:\/\/www.notibras.com\/site\/marca-propria-agrada-cliente-e-ganha-mais-espaco-no-varejo\/"},"author":{"name":"Reda\u00e7\u00e3o","@id":"https:\/\/www.notibras.com\/site\/#\/schema\/person\/36ab0979449956132d3e5b517ea76ac8"},"headline":"Marca pr\u00f3pria agrada cliente e ganha mais espa\u00e7o no varejo","datePublished":"2014-10-31T11:20:37+00:00","mainEntityOfPage":{"@id":"https:\/\/www.notibras.com\/site\/marca-propria-agrada-cliente-e-ganha-mais-espaco-no-varejo\/"},"wordCount":300,"commentCount":0,"publisher":{"@id":"https:\/\/www.notibras.com\/site\/#organization"},"image":{"@id":"https:\/\/www.notibras.com\/site\/marca-propria-agrada-cliente-e-ganha-mais-espaco-no-varejo\/#primaryimage"},"thumbnailUrl":"https:\/\/www.notibras.com\/site\/wp-content\/uploads\/2014\/10\/M\u00fasica-em-Supermercado.jpg","articleSection":["Opina a\u00ed"],"inLanguage":"pt-BR","potentialAction":[{"@type":"CommentAction","name":"Comment","target":["https:\/\/www.notibras.com\/site\/marca-propria-agrada-cliente-e-ganha-mais-espaco-no-varejo\/#respond"]}]},{"@type":"WebPage","@id":"https:\/\/www.notibras.com\/site\/marca-propria-agrada-cliente-e-ganha-mais-espaco-no-varejo\/","url":"https:\/\/www.notibras.com\/site\/marca-propria-agrada-cliente-e-ganha-mais-espaco-no-varejo\/","name":"Marca pr\u00f3pria agrada cliente e ganha mais espa\u00e7o no varejo - Notibras","isPartOf":{"@id":"https:\/\/www.notibras.com\/site\/#website"},"primaryImageOfPage":{"@id":"https:\/\/www.notibras.com\/site\/marca-propria-agrada-cliente-e-ganha-mais-espaco-no-varejo\/#primaryimage"},"image":{"@id":"https:\/\/www.notibras.com\/site\/marca-propria-agrada-cliente-e-ganha-mais-espaco-no-varejo\/#primaryimage"},"thumbnailUrl":"https:\/\/www.notibras.com\/site\/wp-content\/uploads\/2014\/10\/M\u00fasica-em-Supermercado.jpg","datePublished":"2014-10-31T11:20:37+00:00","breadcrumb":{"@id":"https:\/\/www.notibras.com\/site\/marca-propria-agrada-cliente-e-ganha-mais-espaco-no-varejo\/#breadcrumb"},"inLanguage":"pt-BR","potentialAction":[{"@type":"ReadAction","target":["https:\/\/www.notibras.com\/site\/marca-propria-agrada-cliente-e-ganha-mais-espaco-no-varejo\/"]}]},{"@type":"ImageObject","inLanguage":"pt-BR","@id":"https:\/\/www.notibras.com\/site\/marca-propria-agrada-cliente-e-ganha-mais-espaco-no-varejo\/#primaryimage","url":"https:\/\/www.notibras.com\/site\/wp-content\/uploads\/2014\/10\/M\u00fasica-em-Supermercado.jpg","contentUrl":"https:\/\/www.notibras.com\/site\/wp-content\/uploads\/2014\/10\/M\u00fasica-em-Supermercado.jpg","width":455,"height":303},{"@type":"BreadcrumbList","@id":"https:\/\/www.notibras.com\/site\/marca-propria-agrada-cliente-e-ganha-mais-espaco-no-varejo\/#breadcrumb","itemListElement":[{"@type":"ListItem","position":1,"name":"In\u00edcio","item":"https:\/\/www.notibras.com\/site\/"},{"@type":"ListItem","position":2,"name":"Marca pr\u00f3pria agrada cliente e ganha mais espa\u00e7o no varejo"}]},{"@type":"WebSite","@id":"https:\/\/www.notibras.com\/site\/#website","url":"https:\/\/www.notibras.com\/site\/","name":"Notibras","description":"Not\u00edcias de Bras\u00edlia, do Brasil e do Mundo","publisher":{"@id":"https:\/\/www.notibras.com\/site\/#organization"},"potentialAction":[{"@type":"SearchAction","target":{"@type":"EntryPoint","urlTemplate":"https:\/\/www.notibras.com\/site\/?s={search_term_string}"},"query-input":{"@type":"PropertyValueSpecification","valueRequired":true,"valueName":"search_term_string"}}],"inLanguage":"pt-BR"},{"@type":"Organization","@id":"https:\/\/www.notibras.com\/site\/#organization","name":"Grupo Notibras de Comunica\u00e7\u00e3o","url":"https:\/\/www.notibras.com\/site\/","logo":{"@type":"ImageObject","inLanguage":"pt-BR","@id":"https:\/\/www.notibras.com\/site\/#\/schema\/logo\/image\/","url":"https:\/\/www.notibras.com\/site\/wp-content\/uploads\/2023\/01\/notibras23.png","contentUrl":"https:\/\/www.notibras.com\/site\/wp-content\/uploads\/2023\/01\/notibras23.png","width":350,"height":87,"caption":"Grupo Notibras de Comunica\u00e7\u00e3o"},"image":{"@id":"https:\/\/www.notibras.com\/site\/#\/schema\/logo\/image\/"},"sameAs":["https:\/\/www.facebook.com\/notibras\/","https:\/\/x.com\/Notibras","https:\/\/www.instagram.com\/notibras\/"]},{"@type":"Person","@id":"https:\/\/www.notibras.com\/site\/#\/schema\/person\/36ab0979449956132d3e5b517ea76ac8","name":"Reda\u00e7\u00e3o","image":{"@type":"ImageObject","inLanguage":"pt-BR","@id":"https:\/\/secure.gravatar.com\/avatar\/e0a867bdedb85fd243eadf09663511f96fc81e0720a4a42581f334ad4303aa6b?s=96&d=mm&r=g","url":"https:\/\/secure.gravatar.com\/avatar\/e0a867bdedb85fd243eadf09663511f96fc81e0720a4a42581f334ad4303aa6b?s=96&d=mm&r=g","contentUrl":"https:\/\/secure.gravatar.com\/avatar\/e0a867bdedb85fd243eadf09663511f96fc81e0720a4a42581f334ad4303aa6b?s=96&d=mm&r=g","caption":"Reda\u00e7\u00e3o"}}]}},"amp_enabled":true,"_links":{"self":[{"href":"https:\/\/www.notibras.com\/site\/wp-json\/wp\/v2\/posts\/26510","targetHints":{"allow":["GET"]}}],"collection":[{"href":"https:\/\/www.notibras.com\/site\/wp-json\/wp\/v2\/posts"}],"about":[{"href":"https:\/\/www.notibras.com\/site\/wp-json\/wp\/v2\/types\/post"}],"author":[{"embeddable":true,"href":"https:\/\/www.notibras.com\/site\/wp-json\/wp\/v2\/users\/2"}],"replies":[{"embeddable":true,"href":"https:\/\/www.notibras.com\/site\/wp-json\/wp\/v2\/comments?post=26510"}],"version-history":[{"count":0,"href":"https:\/\/www.notibras.com\/site\/wp-json\/wp\/v2\/posts\/26510\/revisions"}],"wp:featuredmedia":[{"embeddable":true,"href":"https:\/\/www.notibras.com\/site\/wp-json\/wp\/v2\/media\/26511"}],"wp:attachment":[{"href":"https:\/\/www.notibras.com\/site\/wp-json\/wp\/v2\/media?parent=26510"}],"wp:term":[{"taxonomy":"category","embeddable":true,"href":"https:\/\/www.notibras.com\/site\/wp-json\/wp\/v2\/categories?post=26510"},{"taxonomy":"post_tag","embeddable":true,"href":"https:\/\/www.notibras.com\/site\/wp-json\/wp\/v2\/tags?post=26510"}],"curies":[{"name":"wp","href":"https:\/\/api.w.org\/{rel}","templated":true}]}}