{"id":26513,"date":"2014-10-31T08:43:27","date_gmt":"2014-10-31T11:43:27","guid":{"rendered":"http:\/\/www.notibras.com\/site\/?p=26513"},"modified":"2014-11-01T09:42:04","modified_gmt":"2014-11-01T12:42:04","slug":"jovem-com-cancer-em-estado-terminal-adia-suicidio-assistido-para-ter-mais-tempo-de-sorrir","status":"publish","type":"post","link":"https:\/\/www.notibras.com\/site\/jovem-com-cancer-em-estado-terminal-adia-suicidio-assistido-para-ter-mais-tempo-de-sorrir\/","title":{"rendered":"Jovem com c\u00e2ncer terminal adia suic\u00eddio para sorrir mais"},"content":{"rendered":"<p>Brittany Maynard, a jovem americana com c\u00e2ncer terminal que comoveu os Estados Unidos ao anunciar que tinha planejado sua morte para o dia 1\u00ba de novembro, afirmou nesta quinta-feira que decidiu adiar seu suic\u00eddio assistido para poder passar mais tempo com seus entes queridos.<\/p>\n<p>&#8220;Ainda me sinto bem o suficiente, ainda tenho alegria suficiente, ainda dou risadas e sorrio ao lado de minha fam\u00edlia e meus amigos, portanto, acho que este n\u00e3o \u00e9 o momento adequado&#8221;, explicou Brittany em um v\u00eddeo divulgado na internet.<\/p>\n<p>No entanto, a jovem disse que o dia de seu suic\u00eddio assistido chegar\u00e1 porque, a cada semana que passa, sente que sua sa\u00fade est\u00e1 se deteriorando.<\/p>\n<blockquote><p>O caso da jovem, de 29 anos, teve grande repercuss\u00e3o midi\u00e1tica nos Estados Unidos e trouxe novamente \u00e0 tona o debate sobre o suic\u00eddio assistido no pa\u00eds.<\/p><\/blockquote>\n<p>Essa pr\u00e1tica s\u00f3 \u00e9 considerada legal em cinco estados dos EUA, por isso a jovem, que reside em Oakland (Calif\u00f3rnia), se mudou junto com sua fam\u00edlia para o estado do Oregon, que permite o suic\u00eddio assistido.<\/p>\n<p>Al\u00e9m disso, Brittany criou um fundo com seu nome com o objetivo de promover o &#8220;direito a uma morte digna&#8221; em todo o pa\u00eds.<\/p>\n<p>&#8220;Fico sentida quando as pessoas me criticam porque n\u00e3o vou esperar mais tempo ou porque n\u00e3o sigo o que eles decidiram que \u00e9 o melhor para mim. Porque eu me arrisco a cada dia, a cada dia de manh\u00e3 quando acordo&#8221;, disse a jovem.<\/p>\n<p>Em janeiro, pouco mais de um ano ap\u00f3s ter se casado, Brittany procurou um m\u00e9dico porque sentia fortes dores de cabe\u00e7a. Os exames revelaram que a enxaqueca era decorrente de um grave tumor cerebral.<\/p>\n<blockquote><p>O c\u00e2ncer avan\u00e7ou rapidamente e os especialistas informaram \u00e0 jovem que s\u00f3 lhe restavam poucos meses de vida. Al\u00e9m disso, explicaram a Brittany que o desenvolvimento da doen\u00e7a lhe causaria muito sofrimento e dor antes de acabar com sua vida.<\/p><\/blockquote>\n<p>Diante desse cen\u00e1rio, a jovem decidiu se mudar, junto com sua fam\u00edlia, para o Oregon, onde a lei estadual permite que Brittany tenha acesso a um medicamento que acabe com sua vida sem causar dor.<\/p>\n<p>Apenas os estados de Oregon, Washington, Montana, Novo M\u00e9xico e Vermont permitem essa pr\u00e1tica nos Estados Unidos.<\/p>\n","protected":false},"excerpt":{"rendered":"<p>Brittany Maynard, a jovem americana com c\u00e2ncer terminal que comoveu os Estados Unidos ao anunciar que tinha planejado sua morte para o dia 1\u00ba de novembro, afirmou nesta quinta-feira que decidiu adiar seu suic\u00eddio assistido para poder passar mais tempo com seus entes queridos. &#8220;Ainda me sinto bem o suficiente, ainda tenho alegria suficiente, ainda [&hellip;]<\/p>\n","protected":false},"author":2,"featured_media":26514,"comment_status":"open","ping_status":"closed","sticky":false,"template":"","format":"standard","meta":{"_acf_changed":false,"footnotes":""},"categories":[17],"tags":[],"class_list":["post-26513","post","type-post","status-publish","format-standard","has-post-thumbnail","hentry","category-mundo"],"acf":[],"yoast_head":"<!-- This site is optimized with the Yoast SEO plugin v27.2 - https:\/\/yoast.com\/product\/yoast-seo-wordpress\/ -->\n<title>Jovem com c\u00e2ncer terminal adia suic\u00eddio para sorrir mais - Notibras<\/title>\n<meta name=\"robots\" content=\"index, follow, max-snippet:-1, max-image-preview:large, max-video-preview:-1\" \/>\n<link rel=\"canonical\" href=\"https:\/\/www.notibras.com\/site\/jovem-com-cancer-em-estado-terminal-adia-suicidio-assistido-para-ter-mais-tempo-de-sorrir\/\" \/>\n<meta property=\"og:locale\" content=\"pt_BR\" \/>\n<meta property=\"og:type\" content=\"article\" \/>\n<meta property=\"og:title\" content=\"Jovem com c\u00e2ncer terminal adia suic\u00eddio para sorrir mais - Notibras\" \/>\n<meta property=\"og:description\" content=\"Brittany Maynard, a jovem americana com c\u00e2ncer terminal que comoveu os Estados Unidos ao anunciar que tinha planejado sua morte para o dia 1\u00ba de novembro, afirmou nesta quinta-feira que decidiu adiar seu suic\u00eddio assistido para poder passar mais tempo com seus entes queridos. &#8220;Ainda me sinto bem o suficiente, ainda tenho alegria suficiente, ainda [&hellip;]\" \/>\n<meta property=\"og:url\" content=\"https:\/\/www.notibras.com\/site\/jovem-com-cancer-em-estado-terminal-adia-suicidio-assistido-para-ter-mais-tempo-de-sorrir\/\" \/>\n<meta property=\"og:site_name\" content=\"Notibras\" \/>\n<meta property=\"article:publisher\" content=\"https:\/\/www.facebook.com\/notibras\/\" \/>\n<meta property=\"article:published_time\" content=\"2014-10-31T11:43:27+00:00\" \/>\n<meta property=\"article:modified_time\" content=\"2014-11-01T12:42:04+00:00\" \/>\n<meta property=\"og:image\" content=\"https:\/\/www.notibras.com\/site\/wp-content\/uploads\/2014\/10\/euaamericanacancertwitter.jpg\" \/>\n\t<meta property=\"og:image:width\" content=\"460\" \/>\n\t<meta property=\"og:image:height\" content=\"340\" \/>\n\t<meta property=\"og:image:type\" content=\"image\/jpeg\" \/>\n<meta name=\"author\" content=\"Reda\u00e7\u00e3o\" \/>\n<meta name=\"twitter:card\" content=\"summary_large_image\" \/>\n<meta name=\"twitter:creator\" content=\"@Notibras\" \/>\n<meta name=\"twitter:site\" content=\"@Notibras\" \/>\n<meta name=\"twitter:label1\" content=\"Escrito por\" \/>\n\t<meta name=\"twitter:data1\" content=\"Reda\u00e7\u00e3o\" \/>\n\t<meta name=\"twitter:label2\" content=\"Est. tempo de leitura\" \/>\n\t<meta name=\"twitter:data2\" content=\"2 minutos\" \/>\n<script type=\"application\/ld+json\" class=\"yoast-schema-graph\">{\"@context\":\"https:\/\/schema.org\",\"@graph\":[{\"@type\":\"Article\",\"@id\":\"https:\/\/www.notibras.com\/site\/jovem-com-cancer-em-estado-terminal-adia-suicidio-assistido-para-ter-mais-tempo-de-sorrir\/#article\",\"isPartOf\":{\"@id\":\"https:\/\/www.notibras.com\/site\/jovem-com-cancer-em-estado-terminal-adia-suicidio-assistido-para-ter-mais-tempo-de-sorrir\/\"},\"author\":{\"name\":\"Reda\u00e7\u00e3o\",\"@id\":\"https:\/\/www.notibras.com\/site\/#\/schema\/person\/36ab0979449956132d3e5b517ea76ac8\"},\"headline\":\"Jovem com c\u00e2ncer terminal adia suic\u00eddio para sorrir mais\",\"datePublished\":\"2014-10-31T11:43:27+00:00\",\"dateModified\":\"2014-11-01T12:42:04+00:00\",\"mainEntityOfPage\":{\"@id\":\"https:\/\/www.notibras.com\/site\/jovem-com-cancer-em-estado-terminal-adia-suicidio-assistido-para-ter-mais-tempo-de-sorrir\/\"},\"wordCount\":401,\"commentCount\":0,\"publisher\":{\"@id\":\"https:\/\/www.notibras.com\/site\/#organization\"},\"image\":{\"@id\":\"https:\/\/www.notibras.com\/site\/jovem-com-cancer-em-estado-terminal-adia-suicidio-assistido-para-ter-mais-tempo-de-sorrir\/#primaryimage\"},\"thumbnailUrl\":\"https:\/\/www.notibras.com\/site\/wp-content\/uploads\/2014\/10\/euaamericanacancertwitter.jpg\",\"articleSection\":[\"Mundo\"],\"inLanguage\":\"pt-BR\",\"potentialAction\":[{\"@type\":\"CommentAction\",\"name\":\"Comment\",\"target\":[\"https:\/\/www.notibras.com\/site\/jovem-com-cancer-em-estado-terminal-adia-suicidio-assistido-para-ter-mais-tempo-de-sorrir\/#respond\"]}]},{\"@type\":\"WebPage\",\"@id\":\"https:\/\/www.notibras.com\/site\/jovem-com-cancer-em-estado-terminal-adia-suicidio-assistido-para-ter-mais-tempo-de-sorrir\/\",\"url\":\"https:\/\/www.notibras.com\/site\/jovem-com-cancer-em-estado-terminal-adia-suicidio-assistido-para-ter-mais-tempo-de-sorrir\/\",\"name\":\"Jovem com c\u00e2ncer terminal adia suic\u00eddio para sorrir mais - Notibras\",\"isPartOf\":{\"@id\":\"https:\/\/www.notibras.com\/site\/#website\"},\"primaryImageOfPage\":{\"@id\":\"https:\/\/www.notibras.com\/site\/jovem-com-cancer-em-estado-terminal-adia-suicidio-assistido-para-ter-mais-tempo-de-sorrir\/#primaryimage\"},\"image\":{\"@id\":\"https:\/\/www.notibras.com\/site\/jovem-com-cancer-em-estado-terminal-adia-suicidio-assistido-para-ter-mais-tempo-de-sorrir\/#primaryimage\"},\"thumbnailUrl\":\"https:\/\/www.notibras.com\/site\/wp-content\/uploads\/2014\/10\/euaamericanacancertwitter.jpg\",\"datePublished\":\"2014-10-31T11:43:27+00:00\",\"dateModified\":\"2014-11-01T12:42:04+00:00\",\"breadcrumb\":{\"@id\":\"https:\/\/www.notibras.com\/site\/jovem-com-cancer-em-estado-terminal-adia-suicidio-assistido-para-ter-mais-tempo-de-sorrir\/#breadcrumb\"},\"inLanguage\":\"pt-BR\",\"potentialAction\":[{\"@type\":\"ReadAction\",\"target\":[\"https:\/\/www.notibras.com\/site\/jovem-com-cancer-em-estado-terminal-adia-suicidio-assistido-para-ter-mais-tempo-de-sorrir\/\"]}]},{\"@type\":\"ImageObject\",\"inLanguage\":\"pt-BR\",\"@id\":\"https:\/\/www.notibras.com\/site\/jovem-com-cancer-em-estado-terminal-adia-suicidio-assistido-para-ter-mais-tempo-de-sorrir\/#primaryimage\",\"url\":\"https:\/\/www.notibras.com\/site\/wp-content\/uploads\/2014\/10\/euaamericanacancertwitter.jpg\",\"contentUrl\":\"https:\/\/www.notibras.com\/site\/wp-content\/uploads\/2014\/10\/euaamericanacancertwitter.jpg\",\"width\":460,\"height\":340},{\"@type\":\"BreadcrumbList\",\"@id\":\"https:\/\/www.notibras.com\/site\/jovem-com-cancer-em-estado-terminal-adia-suicidio-assistido-para-ter-mais-tempo-de-sorrir\/#breadcrumb\",\"itemListElement\":[{\"@type\":\"ListItem\",\"position\":1,\"name\":\"In\u00edcio\",\"item\":\"https:\/\/www.notibras.com\/site\/\"},{\"@type\":\"ListItem\",\"position\":2,\"name\":\"Jovem com c\u00e2ncer terminal adia suic\u00eddio para sorrir mais\"}]},{\"@type\":\"WebSite\",\"@id\":\"https:\/\/www.notibras.com\/site\/#website\",\"url\":\"https:\/\/www.notibras.com\/site\/\",\"name\":\"Notibras\",\"description\":\"Not\u00edcias de Bras\u00edlia, do Brasil e do Mundo\",\"publisher\":{\"@id\":\"https:\/\/www.notibras.com\/site\/#organization\"},\"potentialAction\":[{\"@type\":\"SearchAction\",\"target\":{\"@type\":\"EntryPoint\",\"urlTemplate\":\"https:\/\/www.notibras.com\/site\/?s={search_term_string}\"},\"query-input\":{\"@type\":\"PropertyValueSpecification\",\"valueRequired\":true,\"valueName\":\"search_term_string\"}}],\"inLanguage\":\"pt-BR\"},{\"@type\":\"Organization\",\"@id\":\"https:\/\/www.notibras.com\/site\/#organization\",\"name\":\"Grupo Notibras de Comunica\u00e7\u00e3o\",\"url\":\"https:\/\/www.notibras.com\/site\/\",\"logo\":{\"@type\":\"ImageObject\",\"inLanguage\":\"pt-BR\",\"@id\":\"https:\/\/www.notibras.com\/site\/#\/schema\/logo\/image\/\",\"url\":\"https:\/\/www.notibras.com\/site\/wp-content\/uploads\/2023\/01\/notibras23.png\",\"contentUrl\":\"https:\/\/www.notibras.com\/site\/wp-content\/uploads\/2023\/01\/notibras23.png\",\"width\":350,\"height\":87,\"caption\":\"Grupo Notibras de Comunica\u00e7\u00e3o\"},\"image\":{\"@id\":\"https:\/\/www.notibras.com\/site\/#\/schema\/logo\/image\/\"},\"sameAs\":[\"https:\/\/www.facebook.com\/notibras\/\",\"https:\/\/x.com\/Notibras\",\"https:\/\/www.instagram.com\/notibras\/\"]},{\"@type\":\"Person\",\"@id\":\"https:\/\/www.notibras.com\/site\/#\/schema\/person\/36ab0979449956132d3e5b517ea76ac8\",\"name\":\"Reda\u00e7\u00e3o\",\"image\":{\"@type\":\"ImageObject\",\"inLanguage\":\"pt-BR\",\"@id\":\"https:\/\/secure.gravatar.com\/avatar\/e0a867bdedb85fd243eadf09663511f96fc81e0720a4a42581f334ad4303aa6b?s=96&d=mm&r=g\",\"url\":\"https:\/\/secure.gravatar.com\/avatar\/e0a867bdedb85fd243eadf09663511f96fc81e0720a4a42581f334ad4303aa6b?s=96&d=mm&r=g\",\"contentUrl\":\"https:\/\/secure.gravatar.com\/avatar\/e0a867bdedb85fd243eadf09663511f96fc81e0720a4a42581f334ad4303aa6b?s=96&d=mm&r=g\",\"caption\":\"Reda\u00e7\u00e3o\"}}]}<\/script>\n<!-- \/ Yoast SEO plugin. -->","yoast_head_json":{"title":"Jovem com c\u00e2ncer terminal adia suic\u00eddio para sorrir mais - Notibras","robots":{"index":"index","follow":"follow","max-snippet":"max-snippet:-1","max-image-preview":"max-image-preview:large","max-video-preview":"max-video-preview:-1"},"canonical":"https:\/\/www.notibras.com\/site\/jovem-com-cancer-em-estado-terminal-adia-suicidio-assistido-para-ter-mais-tempo-de-sorrir\/","og_locale":"pt_BR","og_type":"article","og_title":"Jovem com c\u00e2ncer terminal adia suic\u00eddio para sorrir mais - Notibras","og_description":"Brittany Maynard, a jovem americana com c\u00e2ncer terminal que comoveu os Estados Unidos ao anunciar que tinha planejado sua morte para o dia 1\u00ba de novembro, afirmou nesta quinta-feira que decidiu adiar seu suic\u00eddio assistido para poder passar mais tempo com seus entes queridos. &#8220;Ainda me sinto bem o suficiente, ainda tenho alegria suficiente, ainda [&hellip;]","og_url":"https:\/\/www.notibras.com\/site\/jovem-com-cancer-em-estado-terminal-adia-suicidio-assistido-para-ter-mais-tempo-de-sorrir\/","og_site_name":"Notibras","article_publisher":"https:\/\/www.facebook.com\/notibras\/","article_published_time":"2014-10-31T11:43:27+00:00","article_modified_time":"2014-11-01T12:42:04+00:00","og_image":[{"width":460,"height":340,"url":"https:\/\/www.notibras.com\/site\/wp-content\/uploads\/2014\/10\/euaamericanacancertwitter.jpg","type":"image\/jpeg"}],"author":"Reda\u00e7\u00e3o","twitter_card":"summary_large_image","twitter_creator":"@Notibras","twitter_site":"@Notibras","twitter_misc":{"Escrito por":"Reda\u00e7\u00e3o","Est. tempo de leitura":"2 minutos"},"schema":{"@context":"https:\/\/schema.org","@graph":[{"@type":"Article","@id":"https:\/\/www.notibras.com\/site\/jovem-com-cancer-em-estado-terminal-adia-suicidio-assistido-para-ter-mais-tempo-de-sorrir\/#article","isPartOf":{"@id":"https:\/\/www.notibras.com\/site\/jovem-com-cancer-em-estado-terminal-adia-suicidio-assistido-para-ter-mais-tempo-de-sorrir\/"},"author":{"name":"Reda\u00e7\u00e3o","@id":"https:\/\/www.notibras.com\/site\/#\/schema\/person\/36ab0979449956132d3e5b517ea76ac8"},"headline":"Jovem com c\u00e2ncer terminal adia suic\u00eddio para sorrir mais","datePublished":"2014-10-31T11:43:27+00:00","dateModified":"2014-11-01T12:42:04+00:00","mainEntityOfPage":{"@id":"https:\/\/www.notibras.com\/site\/jovem-com-cancer-em-estado-terminal-adia-suicidio-assistido-para-ter-mais-tempo-de-sorrir\/"},"wordCount":401,"commentCount":0,"publisher":{"@id":"https:\/\/www.notibras.com\/site\/#organization"},"image":{"@id":"https:\/\/www.notibras.com\/site\/jovem-com-cancer-em-estado-terminal-adia-suicidio-assistido-para-ter-mais-tempo-de-sorrir\/#primaryimage"},"thumbnailUrl":"https:\/\/www.notibras.com\/site\/wp-content\/uploads\/2014\/10\/euaamericanacancertwitter.jpg","articleSection":["Mundo"],"inLanguage":"pt-BR","potentialAction":[{"@type":"CommentAction","name":"Comment","target":["https:\/\/www.notibras.com\/site\/jovem-com-cancer-em-estado-terminal-adia-suicidio-assistido-para-ter-mais-tempo-de-sorrir\/#respond"]}]},{"@type":"WebPage","@id":"https:\/\/www.notibras.com\/site\/jovem-com-cancer-em-estado-terminal-adia-suicidio-assistido-para-ter-mais-tempo-de-sorrir\/","url":"https:\/\/www.notibras.com\/site\/jovem-com-cancer-em-estado-terminal-adia-suicidio-assistido-para-ter-mais-tempo-de-sorrir\/","name":"Jovem com c\u00e2ncer terminal adia suic\u00eddio para sorrir mais - Notibras","isPartOf":{"@id":"https:\/\/www.notibras.com\/site\/#website"},"primaryImageOfPage":{"@id":"https:\/\/www.notibras.com\/site\/jovem-com-cancer-em-estado-terminal-adia-suicidio-assistido-para-ter-mais-tempo-de-sorrir\/#primaryimage"},"image":{"@id":"https:\/\/www.notibras.com\/site\/jovem-com-cancer-em-estado-terminal-adia-suicidio-assistido-para-ter-mais-tempo-de-sorrir\/#primaryimage"},"thumbnailUrl":"https:\/\/www.notibras.com\/site\/wp-content\/uploads\/2014\/10\/euaamericanacancertwitter.jpg","datePublished":"2014-10-31T11:43:27+00:00","dateModified":"2014-11-01T12:42:04+00:00","breadcrumb":{"@id":"https:\/\/www.notibras.com\/site\/jovem-com-cancer-em-estado-terminal-adia-suicidio-assistido-para-ter-mais-tempo-de-sorrir\/#breadcrumb"},"inLanguage":"pt-BR","potentialAction":[{"@type":"ReadAction","target":["https:\/\/www.notibras.com\/site\/jovem-com-cancer-em-estado-terminal-adia-suicidio-assistido-para-ter-mais-tempo-de-sorrir\/"]}]},{"@type":"ImageObject","inLanguage":"pt-BR","@id":"https:\/\/www.notibras.com\/site\/jovem-com-cancer-em-estado-terminal-adia-suicidio-assistido-para-ter-mais-tempo-de-sorrir\/#primaryimage","url":"https:\/\/www.notibras.com\/site\/wp-content\/uploads\/2014\/10\/euaamericanacancertwitter.jpg","contentUrl":"https:\/\/www.notibras.com\/site\/wp-content\/uploads\/2014\/10\/euaamericanacancertwitter.jpg","width":460,"height":340},{"@type":"BreadcrumbList","@id":"https:\/\/www.notibras.com\/site\/jovem-com-cancer-em-estado-terminal-adia-suicidio-assistido-para-ter-mais-tempo-de-sorrir\/#breadcrumb","itemListElement":[{"@type":"ListItem","position":1,"name":"In\u00edcio","item":"https:\/\/www.notibras.com\/site\/"},{"@type":"ListItem","position":2,"name":"Jovem com c\u00e2ncer terminal adia suic\u00eddio para sorrir mais"}]},{"@type":"WebSite","@id":"https:\/\/www.notibras.com\/site\/#website","url":"https:\/\/www.notibras.com\/site\/","name":"Notibras","description":"Not\u00edcias de Bras\u00edlia, do Brasil e do Mundo","publisher":{"@id":"https:\/\/www.notibras.com\/site\/#organization"},"potentialAction":[{"@type":"SearchAction","target":{"@type":"EntryPoint","urlTemplate":"https:\/\/www.notibras.com\/site\/?s={search_term_string}"},"query-input":{"@type":"PropertyValueSpecification","valueRequired":true,"valueName":"search_term_string"}}],"inLanguage":"pt-BR"},{"@type":"Organization","@id":"https:\/\/www.notibras.com\/site\/#organization","name":"Grupo Notibras de Comunica\u00e7\u00e3o","url":"https:\/\/www.notibras.com\/site\/","logo":{"@type":"ImageObject","inLanguage":"pt-BR","@id":"https:\/\/www.notibras.com\/site\/#\/schema\/logo\/image\/","url":"https:\/\/www.notibras.com\/site\/wp-content\/uploads\/2023\/01\/notibras23.png","contentUrl":"https:\/\/www.notibras.com\/site\/wp-content\/uploads\/2023\/01\/notibras23.png","width":350,"height":87,"caption":"Grupo Notibras de Comunica\u00e7\u00e3o"},"image":{"@id":"https:\/\/www.notibras.com\/site\/#\/schema\/logo\/image\/"},"sameAs":["https:\/\/www.facebook.com\/notibras\/","https:\/\/x.com\/Notibras","https:\/\/www.instagram.com\/notibras\/"]},{"@type":"Person","@id":"https:\/\/www.notibras.com\/site\/#\/schema\/person\/36ab0979449956132d3e5b517ea76ac8","name":"Reda\u00e7\u00e3o","image":{"@type":"ImageObject","inLanguage":"pt-BR","@id":"https:\/\/secure.gravatar.com\/avatar\/e0a867bdedb85fd243eadf09663511f96fc81e0720a4a42581f334ad4303aa6b?s=96&d=mm&r=g","url":"https:\/\/secure.gravatar.com\/avatar\/e0a867bdedb85fd243eadf09663511f96fc81e0720a4a42581f334ad4303aa6b?s=96&d=mm&r=g","contentUrl":"https:\/\/secure.gravatar.com\/avatar\/e0a867bdedb85fd243eadf09663511f96fc81e0720a4a42581f334ad4303aa6b?s=96&d=mm&r=g","caption":"Reda\u00e7\u00e3o"}}]}},"amp_enabled":true,"_links":{"self":[{"href":"https:\/\/www.notibras.com\/site\/wp-json\/wp\/v2\/posts\/26513","targetHints":{"allow":["GET"]}}],"collection":[{"href":"https:\/\/www.notibras.com\/site\/wp-json\/wp\/v2\/posts"}],"about":[{"href":"https:\/\/www.notibras.com\/site\/wp-json\/wp\/v2\/types\/post"}],"author":[{"embeddable":true,"href":"https:\/\/www.notibras.com\/site\/wp-json\/wp\/v2\/users\/2"}],"replies":[{"embeddable":true,"href":"https:\/\/www.notibras.com\/site\/wp-json\/wp\/v2\/comments?post=26513"}],"version-history":[{"count":0,"href":"https:\/\/www.notibras.com\/site\/wp-json\/wp\/v2\/posts\/26513\/revisions"}],"wp:featuredmedia":[{"embeddable":true,"href":"https:\/\/www.notibras.com\/site\/wp-json\/wp\/v2\/media\/26514"}],"wp:attachment":[{"href":"https:\/\/www.notibras.com\/site\/wp-json\/wp\/v2\/media?parent=26513"}],"wp:term":[{"taxonomy":"category","embeddable":true,"href":"https:\/\/www.notibras.com\/site\/wp-json\/wp\/v2\/categories?post=26513"},{"taxonomy":"post_tag","embeddable":true,"href":"https:\/\/www.notibras.com\/site\/wp-json\/wp\/v2\/tags?post=26513"}],"curies":[{"name":"wp","href":"https:\/\/api.w.org\/{rel}","templated":true}]}}