{"id":26645,"date":"2014-11-01T19:06:52","date_gmt":"2014-11-01T22:06:52","guid":{"rendered":"http:\/\/www.notibras.com\/site\/?p=26645"},"modified":"2014-11-02T07:09:04","modified_gmt":"2014-11-02T10:09:04","slug":"com-gol-contra-gremio-passa-apertado-pelo-vitoria-por-1-a-0","status":"publish","type":"post","link":"https:\/\/www.notibras.com\/site\/com-gol-contra-gremio-passa-apertado-pelo-vitoria-por-1-a-0\/","title":{"rendered":"Com gol contra, Gr\u00eamio passa apertado pelo Vit\u00f3ria por 1 a 0"},"content":{"rendered":"<p>Gr\u00eamio fez seu dever de casa,\u00a0superou o Vit\u00f3ria por 1 a 0 na noite deste s\u00e1bado, em duelo v\u00e1lido pela 32\u00aa rodada do Campeonato Brasileiro e manteve vivo o sonho de conseguir uma vaga na pr\u00f3xima Copa Libertadores.<\/p>\n<p>Jogando em sua Arena localizada em Porto Alegre, a equipe comandada por Luiz Felipe Scolari marcou no primeiro tempo e fez jus a sua fama de melhor defesa da competi\u00e7\u00e3o para encostar no G-4 da S\u00e9rie A. Richarlyson, contra, foi o respons\u00e1vel pelo triunfo gremista.<\/p>\n<p>O resultado positivo faz o Gr\u00eamio pular para a quinta posi\u00e7\u00e3o, agora com 54 pontos, mesmo n\u00famero de Fluminense, que venceu o Goi\u00e1s neste s\u00e1bado, e Atl\u00e9tico-MG, que entra em campo domingo, contra o Atl\u00e9tico-PR. J\u00e1 o Vit\u00f3ria perde a oportunidade de desgarrar da zona da degola. Apesar de estar fora da regi\u00e3o do rebaixamento, em 16\u00ba, com 34 tentos conquistados, a equipe baiana ainda pode ser ultrapassada por Coritiba, Botafogo e Bahia, que ainda entram em campo pela 32\u00aa rodada.<\/p>\n<blockquote><p>As equipes fizeram um primeiro tempo truncado no meio-campo e com muitos passes errados. A priemira oportunidade foi do Vit\u00f3ria, logo aos 2min. Richarlyson cruzou da esquerda e Edno cabeceou na trave. Depois disso, o Gr\u00eamio dominou as a\u00e7\u00f5es e assustou duas vezes com Luan antes de abrir o placar. Na primeira o meia-atacante invadiu a \u00e1rea e tocou na sa\u00edda do goleiro Wilson, mas Roger Carvalho tirou em cima da linha. Na segunda, o jogador arriscou de longe e o arqueiro espalmou.<\/p><\/blockquote>\n<p>O gol foi sair apenas aos 44min, em uma infelicidade do capit\u00e3o dos visitantes. Ap\u00f3s belo lan\u00e7amento de Fellipe Bastos, Par\u00e1 arriscou um cruzamento de primeira da direta. Antes de chegar nos atacantes gremistas, a bola encontrou Richarlyson, que tentou cortar e mandou contra a pr\u00f3pria meta.<\/p>\n<p>As equipes voltaram do intervalo em um ritmo muito parecido com o adotado na etapa inicial. A \u00fanica diferen\u00e7a foi que o Gr\u00eamio, com a vantagem no placar, come\u00e7ou a tomar mais cuidado para atacar, para n\u00e3o proporcionar contra-ataques para o Vit\u00f3ria. Aos 20min, Luiz Felipe Scolari deixou claro a preocupa\u00e7\u00e3o com o sistema defensivo. Ele tirou o atacante Lucas Coelho e colocou Matheus Biteco, voltando com o esquema de tr\u00eas volantes.<\/p>\n<p>Na pr\u00f3xima rodada, o Gr\u00eamio e Internacional fazem o famoso Gre-Nal, domingo (9), \u00e0s 17h (hor\u00e1rio de Bras\u00edlia), na Arena do clube tricolor, em Porto Alegre. J\u00e1 o Vit\u00f3ria recebe o S\u00e3o Paulo, no mesmo dia e hor\u00e1rio, no Barrad\u00e3o, em Salvador.<\/p>\n","protected":false},"excerpt":{"rendered":"<p>Gr\u00eamio fez seu dever de casa,\u00a0superou o Vit\u00f3ria por 1 a 0 na noite deste s\u00e1bado, em duelo v\u00e1lido pela 32\u00aa rodada do Campeonato Brasileiro e manteve vivo o sonho de conseguir uma vaga na pr\u00f3xima Copa Libertadores. Jogando em sua Arena localizada em Porto Alegre, a equipe comandada por Luiz Felipe Scolari marcou no [&hellip;]<\/p>\n","protected":false},"author":2,"featured_media":26646,"comment_status":"open","ping_status":"closed","sticky":false,"template":"","format":"standard","meta":{"_acf_changed":false,"footnotes":""},"categories":[19,29],"tags":[],"class_list":["post-26645","post","type-post","status-publish","format-standard","has-post-thumbnail","hentry","category-esportes","category-futebol"],"acf":[],"yoast_head":"<!-- This site is optimized with the Yoast SEO plugin v27.2 - https:\/\/yoast.com\/product\/yoast-seo-wordpress\/ -->\n<title>Com gol contra, Gr\u00eamio passa apertado pelo Vit\u00f3ria por 1 a 0 - Notibras<\/title>\n<meta name=\"robots\" content=\"index, follow, max-snippet:-1, max-image-preview:large, max-video-preview:-1\" \/>\n<link rel=\"canonical\" href=\"https:\/\/www.notibras.com\/site\/com-gol-contra-gremio-passa-apertado-pelo-vitoria-por-1-a-0\/\" \/>\n<meta property=\"og:locale\" content=\"pt_BR\" \/>\n<meta property=\"og:type\" content=\"article\" \/>\n<meta property=\"og:title\" content=\"Com gol contra, Gr\u00eamio passa apertado pelo Vit\u00f3ria por 1 a 0 - Notibras\" \/>\n<meta property=\"og:description\" content=\"Gr\u00eamio fez seu dever de casa,\u00a0superou o Vit\u00f3ria por 1 a 0 na noite deste s\u00e1bado, em duelo v\u00e1lido pela 32\u00aa rodada do Campeonato Brasileiro e manteve vivo o sonho de conseguir uma vaga na pr\u00f3xima Copa Libertadores. Jogando em sua Arena localizada em Porto Alegre, a equipe comandada por Luiz Felipe Scolari marcou no [&hellip;]\" \/>\n<meta property=\"og:url\" content=\"https:\/\/www.notibras.com\/site\/com-gol-contra-gremio-passa-apertado-pelo-vitoria-por-1-a-0\/\" \/>\n<meta property=\"og:site_name\" content=\"Notibras\" \/>\n<meta property=\"article:publisher\" content=\"https:\/\/www.facebook.com\/notibras\/\" \/>\n<meta property=\"article:published_time\" content=\"2014-11-01T22:06:52+00:00\" \/>\n<meta property=\"article:modified_time\" content=\"2014-11-02T10:09:04+00:00\" \/>\n<meta property=\"og:image\" content=\"https:\/\/www.notibras.com\/site\/wp-content\/uploads\/2014\/11\/es2.jpg\" \/>\n\t<meta property=\"og:image:width\" content=\"460\" \/>\n\t<meta property=\"og:image:height\" content=\"340\" \/>\n\t<meta property=\"og:image:type\" content=\"image\/jpeg\" \/>\n<meta name=\"author\" content=\"Reda\u00e7\u00e3o\" \/>\n<meta name=\"twitter:card\" content=\"summary_large_image\" \/>\n<meta name=\"twitter:creator\" content=\"@Notibras\" \/>\n<meta name=\"twitter:site\" content=\"@Notibras\" \/>\n<meta name=\"twitter:label1\" content=\"Escrito por\" \/>\n\t<meta name=\"twitter:data1\" content=\"Reda\u00e7\u00e3o\" \/>\n\t<meta name=\"twitter:label2\" content=\"Est. tempo de leitura\" \/>\n\t<meta name=\"twitter:data2\" content=\"2 minutos\" \/>\n<script type=\"application\/ld+json\" class=\"yoast-schema-graph\">{\"@context\":\"https:\/\/schema.org\",\"@graph\":[{\"@type\":\"Article\",\"@id\":\"https:\/\/www.notibras.com\/site\/com-gol-contra-gremio-passa-apertado-pelo-vitoria-por-1-a-0\/#article\",\"isPartOf\":{\"@id\":\"https:\/\/www.notibras.com\/site\/com-gol-contra-gremio-passa-apertado-pelo-vitoria-por-1-a-0\/\"},\"author\":{\"name\":\"Reda\u00e7\u00e3o\",\"@id\":\"https:\/\/www.notibras.com\/site\/#\/schema\/person\/36ab0979449956132d3e5b517ea76ac8\"},\"headline\":\"Com gol contra, Gr\u00eamio passa apertado pelo Vit\u00f3ria por 1 a 0\",\"datePublished\":\"2014-11-01T22:06:52+00:00\",\"dateModified\":\"2014-11-02T10:09:04+00:00\",\"mainEntityOfPage\":{\"@id\":\"https:\/\/www.notibras.com\/site\/com-gol-contra-gremio-passa-apertado-pelo-vitoria-por-1-a-0\/\"},\"wordCount\":453,\"commentCount\":0,\"publisher\":{\"@id\":\"https:\/\/www.notibras.com\/site\/#organization\"},\"image\":{\"@id\":\"https:\/\/www.notibras.com\/site\/com-gol-contra-gremio-passa-apertado-pelo-vitoria-por-1-a-0\/#primaryimage\"},\"thumbnailUrl\":\"https:\/\/www.notibras.com\/site\/wp-content\/uploads\/2014\/11\/es2.jpg\",\"articleSection\":[\"Esportes\",\"Futebol\"],\"inLanguage\":\"pt-BR\",\"potentialAction\":[{\"@type\":\"CommentAction\",\"name\":\"Comment\",\"target\":[\"https:\/\/www.notibras.com\/site\/com-gol-contra-gremio-passa-apertado-pelo-vitoria-por-1-a-0\/#respond\"]}]},{\"@type\":\"WebPage\",\"@id\":\"https:\/\/www.notibras.com\/site\/com-gol-contra-gremio-passa-apertado-pelo-vitoria-por-1-a-0\/\",\"url\":\"https:\/\/www.notibras.com\/site\/com-gol-contra-gremio-passa-apertado-pelo-vitoria-por-1-a-0\/\",\"name\":\"Com gol contra, Gr\u00eamio passa apertado pelo Vit\u00f3ria por 1 a 0 - Notibras\",\"isPartOf\":{\"@id\":\"https:\/\/www.notibras.com\/site\/#website\"},\"primaryImageOfPage\":{\"@id\":\"https:\/\/www.notibras.com\/site\/com-gol-contra-gremio-passa-apertado-pelo-vitoria-por-1-a-0\/#primaryimage\"},\"image\":{\"@id\":\"https:\/\/www.notibras.com\/site\/com-gol-contra-gremio-passa-apertado-pelo-vitoria-por-1-a-0\/#primaryimage\"},\"thumbnailUrl\":\"https:\/\/www.notibras.com\/site\/wp-content\/uploads\/2014\/11\/es2.jpg\",\"datePublished\":\"2014-11-01T22:06:52+00:00\",\"dateModified\":\"2014-11-02T10:09:04+00:00\",\"breadcrumb\":{\"@id\":\"https:\/\/www.notibras.com\/site\/com-gol-contra-gremio-passa-apertado-pelo-vitoria-por-1-a-0\/#breadcrumb\"},\"inLanguage\":\"pt-BR\",\"potentialAction\":[{\"@type\":\"ReadAction\",\"target\":[\"https:\/\/www.notibras.com\/site\/com-gol-contra-gremio-passa-apertado-pelo-vitoria-por-1-a-0\/\"]}]},{\"@type\":\"ImageObject\",\"inLanguage\":\"pt-BR\",\"@id\":\"https:\/\/www.notibras.com\/site\/com-gol-contra-gremio-passa-apertado-pelo-vitoria-por-1-a-0\/#primaryimage\",\"url\":\"https:\/\/www.notibras.com\/site\/wp-content\/uploads\/2014\/11\/es2.jpg\",\"contentUrl\":\"https:\/\/www.notibras.com\/site\/wp-content\/uploads\/2014\/11\/es2.jpg\",\"width\":460,\"height\":340},{\"@type\":\"BreadcrumbList\",\"@id\":\"https:\/\/www.notibras.com\/site\/com-gol-contra-gremio-passa-apertado-pelo-vitoria-por-1-a-0\/#breadcrumb\",\"itemListElement\":[{\"@type\":\"ListItem\",\"position\":1,\"name\":\"In\u00edcio\",\"item\":\"https:\/\/www.notibras.com\/site\/\"},{\"@type\":\"ListItem\",\"position\":2,\"name\":\"Com gol contra, Gr\u00eamio passa apertado pelo Vit\u00f3ria por 1 a 0\"}]},{\"@type\":\"WebSite\",\"@id\":\"https:\/\/www.notibras.com\/site\/#website\",\"url\":\"https:\/\/www.notibras.com\/site\/\",\"name\":\"Notibras\",\"description\":\"Not\u00edcias de Bras\u00edlia, do Brasil e do Mundo\",\"publisher\":{\"@id\":\"https:\/\/www.notibras.com\/site\/#organization\"},\"potentialAction\":[{\"@type\":\"SearchAction\",\"target\":{\"@type\":\"EntryPoint\",\"urlTemplate\":\"https:\/\/www.notibras.com\/site\/?s={search_term_string}\"},\"query-input\":{\"@type\":\"PropertyValueSpecification\",\"valueRequired\":true,\"valueName\":\"search_term_string\"}}],\"inLanguage\":\"pt-BR\"},{\"@type\":\"Organization\",\"@id\":\"https:\/\/www.notibras.com\/site\/#organization\",\"name\":\"Grupo Notibras de Comunica\u00e7\u00e3o\",\"url\":\"https:\/\/www.notibras.com\/site\/\",\"logo\":{\"@type\":\"ImageObject\",\"inLanguage\":\"pt-BR\",\"@id\":\"https:\/\/www.notibras.com\/site\/#\/schema\/logo\/image\/\",\"url\":\"https:\/\/www.notibras.com\/site\/wp-content\/uploads\/2023\/01\/notibras23.png\",\"contentUrl\":\"https:\/\/www.notibras.com\/site\/wp-content\/uploads\/2023\/01\/notibras23.png\",\"width\":350,\"height\":87,\"caption\":\"Grupo Notibras de Comunica\u00e7\u00e3o\"},\"image\":{\"@id\":\"https:\/\/www.notibras.com\/site\/#\/schema\/logo\/image\/\"},\"sameAs\":[\"https:\/\/www.facebook.com\/notibras\/\",\"https:\/\/x.com\/Notibras\",\"https:\/\/www.instagram.com\/notibras\/\"]},{\"@type\":\"Person\",\"@id\":\"https:\/\/www.notibras.com\/site\/#\/schema\/person\/36ab0979449956132d3e5b517ea76ac8\",\"name\":\"Reda\u00e7\u00e3o\",\"image\":{\"@type\":\"ImageObject\",\"inLanguage\":\"pt-BR\",\"@id\":\"https:\/\/secure.gravatar.com\/avatar\/e0a867bdedb85fd243eadf09663511f96fc81e0720a4a42581f334ad4303aa6b?s=96&d=mm&r=g\",\"url\":\"https:\/\/secure.gravatar.com\/avatar\/e0a867bdedb85fd243eadf09663511f96fc81e0720a4a42581f334ad4303aa6b?s=96&d=mm&r=g\",\"contentUrl\":\"https:\/\/secure.gravatar.com\/avatar\/e0a867bdedb85fd243eadf09663511f96fc81e0720a4a42581f334ad4303aa6b?s=96&d=mm&r=g\",\"caption\":\"Reda\u00e7\u00e3o\"}}]}<\/script>\n<!-- \/ Yoast SEO plugin. -->","yoast_head_json":{"title":"Com gol contra, Gr\u00eamio passa apertado pelo Vit\u00f3ria por 1 a 0 - Notibras","robots":{"index":"index","follow":"follow","max-snippet":"max-snippet:-1","max-image-preview":"max-image-preview:large","max-video-preview":"max-video-preview:-1"},"canonical":"https:\/\/www.notibras.com\/site\/com-gol-contra-gremio-passa-apertado-pelo-vitoria-por-1-a-0\/","og_locale":"pt_BR","og_type":"article","og_title":"Com gol contra, Gr\u00eamio passa apertado pelo Vit\u00f3ria por 1 a 0 - Notibras","og_description":"Gr\u00eamio fez seu dever de casa,\u00a0superou o Vit\u00f3ria por 1 a 0 na noite deste s\u00e1bado, em duelo v\u00e1lido pela 32\u00aa rodada do Campeonato Brasileiro e manteve vivo o sonho de conseguir uma vaga na pr\u00f3xima Copa Libertadores. Jogando em sua Arena localizada em Porto Alegre, a equipe comandada por Luiz Felipe Scolari marcou no [&hellip;]","og_url":"https:\/\/www.notibras.com\/site\/com-gol-contra-gremio-passa-apertado-pelo-vitoria-por-1-a-0\/","og_site_name":"Notibras","article_publisher":"https:\/\/www.facebook.com\/notibras\/","article_published_time":"2014-11-01T22:06:52+00:00","article_modified_time":"2014-11-02T10:09:04+00:00","og_image":[{"width":460,"height":340,"url":"https:\/\/www.notibras.com\/site\/wp-content\/uploads\/2014\/11\/es2.jpg","type":"image\/jpeg"}],"author":"Reda\u00e7\u00e3o","twitter_card":"summary_large_image","twitter_creator":"@Notibras","twitter_site":"@Notibras","twitter_misc":{"Escrito por":"Reda\u00e7\u00e3o","Est. tempo de leitura":"2 minutos"},"schema":{"@context":"https:\/\/schema.org","@graph":[{"@type":"Article","@id":"https:\/\/www.notibras.com\/site\/com-gol-contra-gremio-passa-apertado-pelo-vitoria-por-1-a-0\/#article","isPartOf":{"@id":"https:\/\/www.notibras.com\/site\/com-gol-contra-gremio-passa-apertado-pelo-vitoria-por-1-a-0\/"},"author":{"name":"Reda\u00e7\u00e3o","@id":"https:\/\/www.notibras.com\/site\/#\/schema\/person\/36ab0979449956132d3e5b517ea76ac8"},"headline":"Com gol contra, Gr\u00eamio passa apertado pelo Vit\u00f3ria por 1 a 0","datePublished":"2014-11-01T22:06:52+00:00","dateModified":"2014-11-02T10:09:04+00:00","mainEntityOfPage":{"@id":"https:\/\/www.notibras.com\/site\/com-gol-contra-gremio-passa-apertado-pelo-vitoria-por-1-a-0\/"},"wordCount":453,"commentCount":0,"publisher":{"@id":"https:\/\/www.notibras.com\/site\/#organization"},"image":{"@id":"https:\/\/www.notibras.com\/site\/com-gol-contra-gremio-passa-apertado-pelo-vitoria-por-1-a-0\/#primaryimage"},"thumbnailUrl":"https:\/\/www.notibras.com\/site\/wp-content\/uploads\/2014\/11\/es2.jpg","articleSection":["Esportes","Futebol"],"inLanguage":"pt-BR","potentialAction":[{"@type":"CommentAction","name":"Comment","target":["https:\/\/www.notibras.com\/site\/com-gol-contra-gremio-passa-apertado-pelo-vitoria-por-1-a-0\/#respond"]}]},{"@type":"WebPage","@id":"https:\/\/www.notibras.com\/site\/com-gol-contra-gremio-passa-apertado-pelo-vitoria-por-1-a-0\/","url":"https:\/\/www.notibras.com\/site\/com-gol-contra-gremio-passa-apertado-pelo-vitoria-por-1-a-0\/","name":"Com gol contra, Gr\u00eamio passa apertado pelo Vit\u00f3ria por 1 a 0 - Notibras","isPartOf":{"@id":"https:\/\/www.notibras.com\/site\/#website"},"primaryImageOfPage":{"@id":"https:\/\/www.notibras.com\/site\/com-gol-contra-gremio-passa-apertado-pelo-vitoria-por-1-a-0\/#primaryimage"},"image":{"@id":"https:\/\/www.notibras.com\/site\/com-gol-contra-gremio-passa-apertado-pelo-vitoria-por-1-a-0\/#primaryimage"},"thumbnailUrl":"https:\/\/www.notibras.com\/site\/wp-content\/uploads\/2014\/11\/es2.jpg","datePublished":"2014-11-01T22:06:52+00:00","dateModified":"2014-11-02T10:09:04+00:00","breadcrumb":{"@id":"https:\/\/www.notibras.com\/site\/com-gol-contra-gremio-passa-apertado-pelo-vitoria-por-1-a-0\/#breadcrumb"},"inLanguage":"pt-BR","potentialAction":[{"@type":"ReadAction","target":["https:\/\/www.notibras.com\/site\/com-gol-contra-gremio-passa-apertado-pelo-vitoria-por-1-a-0\/"]}]},{"@type":"ImageObject","inLanguage":"pt-BR","@id":"https:\/\/www.notibras.com\/site\/com-gol-contra-gremio-passa-apertado-pelo-vitoria-por-1-a-0\/#primaryimage","url":"https:\/\/www.notibras.com\/site\/wp-content\/uploads\/2014\/11\/es2.jpg","contentUrl":"https:\/\/www.notibras.com\/site\/wp-content\/uploads\/2014\/11\/es2.jpg","width":460,"height":340},{"@type":"BreadcrumbList","@id":"https:\/\/www.notibras.com\/site\/com-gol-contra-gremio-passa-apertado-pelo-vitoria-por-1-a-0\/#breadcrumb","itemListElement":[{"@type":"ListItem","position":1,"name":"In\u00edcio","item":"https:\/\/www.notibras.com\/site\/"},{"@type":"ListItem","position":2,"name":"Com gol contra, Gr\u00eamio passa apertado pelo Vit\u00f3ria por 1 a 0"}]},{"@type":"WebSite","@id":"https:\/\/www.notibras.com\/site\/#website","url":"https:\/\/www.notibras.com\/site\/","name":"Notibras","description":"Not\u00edcias de Bras\u00edlia, do Brasil e do Mundo","publisher":{"@id":"https:\/\/www.notibras.com\/site\/#organization"},"potentialAction":[{"@type":"SearchAction","target":{"@type":"EntryPoint","urlTemplate":"https:\/\/www.notibras.com\/site\/?s={search_term_string}"},"query-input":{"@type":"PropertyValueSpecification","valueRequired":true,"valueName":"search_term_string"}}],"inLanguage":"pt-BR"},{"@type":"Organization","@id":"https:\/\/www.notibras.com\/site\/#organization","name":"Grupo Notibras de Comunica\u00e7\u00e3o","url":"https:\/\/www.notibras.com\/site\/","logo":{"@type":"ImageObject","inLanguage":"pt-BR","@id":"https:\/\/www.notibras.com\/site\/#\/schema\/logo\/image\/","url":"https:\/\/www.notibras.com\/site\/wp-content\/uploads\/2023\/01\/notibras23.png","contentUrl":"https:\/\/www.notibras.com\/site\/wp-content\/uploads\/2023\/01\/notibras23.png","width":350,"height":87,"caption":"Grupo Notibras de Comunica\u00e7\u00e3o"},"image":{"@id":"https:\/\/www.notibras.com\/site\/#\/schema\/logo\/image\/"},"sameAs":["https:\/\/www.facebook.com\/notibras\/","https:\/\/x.com\/Notibras","https:\/\/www.instagram.com\/notibras\/"]},{"@type":"Person","@id":"https:\/\/www.notibras.com\/site\/#\/schema\/person\/36ab0979449956132d3e5b517ea76ac8","name":"Reda\u00e7\u00e3o","image":{"@type":"ImageObject","inLanguage":"pt-BR","@id":"https:\/\/secure.gravatar.com\/avatar\/e0a867bdedb85fd243eadf09663511f96fc81e0720a4a42581f334ad4303aa6b?s=96&d=mm&r=g","url":"https:\/\/secure.gravatar.com\/avatar\/e0a867bdedb85fd243eadf09663511f96fc81e0720a4a42581f334ad4303aa6b?s=96&d=mm&r=g","contentUrl":"https:\/\/secure.gravatar.com\/avatar\/e0a867bdedb85fd243eadf09663511f96fc81e0720a4a42581f334ad4303aa6b?s=96&d=mm&r=g","caption":"Reda\u00e7\u00e3o"}}]}},"amp_enabled":true,"_links":{"self":[{"href":"https:\/\/www.notibras.com\/site\/wp-json\/wp\/v2\/posts\/26645","targetHints":{"allow":["GET"]}}],"collection":[{"href":"https:\/\/www.notibras.com\/site\/wp-json\/wp\/v2\/posts"}],"about":[{"href":"https:\/\/www.notibras.com\/site\/wp-json\/wp\/v2\/types\/post"}],"author":[{"embeddable":true,"href":"https:\/\/www.notibras.com\/site\/wp-json\/wp\/v2\/users\/2"}],"replies":[{"embeddable":true,"href":"https:\/\/www.notibras.com\/site\/wp-json\/wp\/v2\/comments?post=26645"}],"version-history":[{"count":0,"href":"https:\/\/www.notibras.com\/site\/wp-json\/wp\/v2\/posts\/26645\/revisions"}],"wp:featuredmedia":[{"embeddable":true,"href":"https:\/\/www.notibras.com\/site\/wp-json\/wp\/v2\/media\/26646"}],"wp:attachment":[{"href":"https:\/\/www.notibras.com\/site\/wp-json\/wp\/v2\/media?parent=26645"}],"wp:term":[{"taxonomy":"category","embeddable":true,"href":"https:\/\/www.notibras.com\/site\/wp-json\/wp\/v2\/categories?post=26645"},{"taxonomy":"post_tag","embeddable":true,"href":"https:\/\/www.notibras.com\/site\/wp-json\/wp\/v2\/tags?post=26645"}],"curies":[{"name":"wp","href":"https:\/\/api.w.org\/{rel}","templated":true}]}}