{"id":26648,"date":"2014-11-01T19:12:21","date_gmt":"2014-11-01T22:12:21","guid":{"rendered":"http:\/\/www.notibras.com\/site\/?p=26648"},"modified":"2014-11-02T07:12:56","modified_gmt":"2014-11-02T10:12:56","slug":"arbitragem-confusa-marca-empate-de-corinthians-e-coritiba","status":"publish","type":"post","link":"https:\/\/www.notibras.com\/site\/arbitragem-confusa-marca-empate-de-corinthians-e-coritiba\/","title":{"rendered":"Arbitragem confusa marca empate de Corinthians e Coritiba"},"content":{"rendered":"<p class=\"text\">O talento de Alex n\u00e3o foi suficiente para o Coritiba conseguir uma improv\u00e1vel vit\u00f3ria contra o Corinthians na Arena, em S\u00e3o Paulo. V\u00e1lida pela\u00a032\u00aa rodada do Campeonato Brasileiro, a partida disputada na noite deste s\u00e1bado terminou empatada\u00a0por 2 a 2, com gols de Robinho e Alex a favor dos visitantes e Elias e Bruno Henrique pelos anfitri\u00f5es. A igualdade foi alcan\u00e7ada aos 49min do segundo tempo,\u00a0no \u00faltimo lance da partida, que ficou marcada pela arbitragem confusa de\u00a0Jean-Pierre Gon\u00e7alves.<\/p>\n<p class=\"text\">O resultado faz o Corinthians cair para a sexta posi\u00e7\u00e3o do Campeonato Brasileiro, com 54 pontos, j\u00e1 que Gr\u00eamio e Fluminense venceram neste s\u00e1bado e ultrapassaram a equipe paulista na classifica\u00e7\u00e3o. O Coritiba, por sua vez, subiu ao 17\u00ba lugar e est\u00e1 atr\u00e1s do Vit\u00f3ria, primeiro time fora da zona de rebaixamento, pelos crit\u00e9rios de desempate.<\/p>\n<blockquote>\n<p class=\"text\">O \u00e1rbitro Jean-Pierre Gon\u00e7alves foi o personagem do jogo desde o in\u00edcio do primeito tempo, quando\u00a0marcou p\u00eanalti aos 16min, em uma divida pelo alto de Luccas Claro com Luciano, mas mudou de ideia ao conversar com o \u00e1rbitro adicional e anulou a decis\u00e3o. Enquanto os times discutiam com o juiz, um cachorro invadiu o gramado da Arena Corinthians, atravessou o campo e saiu pelo outro lado, para minutos depois entrar de novo e retornar para o local de onde apareceu pela primeira vez.<\/p>\n<\/blockquote>\n<p class=\"text\">Tr\u00eas minutos depois, ap\u00f3s a poeira baixar, o clube alvinegro teve um gol anulado por impedimento. Renato Augusto cobrou uma falta pela esquerda e Anderson Martins desviou para as redes, mas o bandeirinha levantou seu instrumento de trabalho corretamente, pois o zagueiro corintiano estava impedido.<\/p>\n<p>A estrela do veterano Alex come\u00e7ou a brilhar logo na sequ\u00eancia, quando o camisa 10 do Coritiba mandou um chute colocado por cima da meta defendida por C\u00e1ssio. Aos 24min, o meia deu um passe cir\u00fargico para Robinho, que se livrou do goleiro corintiano dentro da pequena \u00e1rea e abriu o placar.<\/p>\n<p>Seis minutos depois, Alex recebeu livre na intermedi\u00e1ria e bateu com curva de fora da \u00e1rea, acertando o canto direito de C\u00e1ssio, que nada pode fazer no lance. O Corinthians at\u00e9 tentou reagir ainda no primeiro tempo, mas s\u00f3 a 1min da etapa complementar conseguiu descontar, em uma jogada que contou com um chute torto de Romero que desviou em Elias e vazou Vanderlei.<\/p>\n<p>No \u00faltimo lance do jogo, Uendel cobrou escanteio e Bruno Henrique testou para as redes, conseguindo o sofrido empate que impediu que o time visitante sa\u00edsse da zona do descenso.<\/p>\n<p>O Corinthians recebe o Santos na Arena na partida da 33\u00aa rodada, que ser\u00e1 realizada \u00e0s 19h30 (de Bras\u00edlia) do pr\u00f3ximo domingo. J\u00e1 o Coritiba ter\u00e1 pela frente o Fluminense no Couto Pereira, em partida marcada para as 19h30 do pr\u00f3ximo s\u00e1bado.<\/p>\n","protected":false},"excerpt":{"rendered":"<p>O talento de Alex n\u00e3o foi suficiente para o Coritiba conseguir uma improv\u00e1vel vit\u00f3ria contra o Corinthians na Arena, em S\u00e3o Paulo. V\u00e1lida pela\u00a032\u00aa rodada do Campeonato Brasileiro, a partida disputada na noite deste s\u00e1bado terminou empatada\u00a0por 2 a 2, com gols de Robinho e Alex a favor dos visitantes e Elias e Bruno Henrique [&hellip;]<\/p>\n","protected":false},"author":2,"featured_media":26649,"comment_status":"open","ping_status":"closed","sticky":false,"template":"","format":"standard","meta":{"_acf_changed":false,"footnotes":""},"categories":[19,29],"tags":[],"class_list":["post-26648","post","type-post","status-publish","format-standard","has-post-thumbnail","hentry","category-esportes","category-futebol"],"acf":[],"yoast_head":"<!-- This site is optimized with the Yoast SEO plugin v27.2 - https:\/\/yoast.com\/product\/yoast-seo-wordpress\/ -->\n<title>Arbitragem confusa marca empate de Corinthians e Coritiba - Notibras<\/title>\n<meta name=\"robots\" content=\"index, follow, max-snippet:-1, max-image-preview:large, max-video-preview:-1\" \/>\n<link rel=\"canonical\" href=\"https:\/\/www.notibras.com\/site\/arbitragem-confusa-marca-empate-de-corinthians-e-coritiba\/\" \/>\n<meta property=\"og:locale\" content=\"pt_BR\" \/>\n<meta property=\"og:type\" content=\"article\" \/>\n<meta property=\"og:title\" content=\"Arbitragem confusa marca empate de Corinthians e Coritiba - Notibras\" \/>\n<meta property=\"og:description\" content=\"O talento de Alex n\u00e3o foi suficiente para o Coritiba conseguir uma improv\u00e1vel vit\u00f3ria contra o Corinthians na Arena, em S\u00e3o Paulo. V\u00e1lida pela\u00a032\u00aa rodada do Campeonato Brasileiro, a partida disputada na noite deste s\u00e1bado terminou empatada\u00a0por 2 a 2, com gols de Robinho e Alex a favor dos visitantes e Elias e Bruno Henrique [&hellip;]\" \/>\n<meta property=\"og:url\" content=\"https:\/\/www.notibras.com\/site\/arbitragem-confusa-marca-empate-de-corinthians-e-coritiba\/\" \/>\n<meta property=\"og:site_name\" content=\"Notibras\" \/>\n<meta property=\"article:publisher\" content=\"https:\/\/www.facebook.com\/notibras\/\" \/>\n<meta property=\"article:published_time\" content=\"2014-11-01T22:12:21+00:00\" \/>\n<meta property=\"article:modified_time\" content=\"2014-11-02T10:12:56+00:00\" \/>\n<meta property=\"og:image\" content=\"https:\/\/www.notibras.com\/site\/wp-content\/uploads\/2014\/11\/es3.jpg\" \/>\n\t<meta property=\"og:image:width\" content=\"460\" \/>\n\t<meta property=\"og:image:height\" content=\"340\" \/>\n\t<meta property=\"og:image:type\" content=\"image\/jpeg\" \/>\n<meta name=\"author\" content=\"Reda\u00e7\u00e3o\" \/>\n<meta name=\"twitter:card\" content=\"summary_large_image\" \/>\n<meta name=\"twitter:creator\" content=\"@Notibras\" \/>\n<meta name=\"twitter:site\" content=\"@Notibras\" \/>\n<meta name=\"twitter:label1\" content=\"Escrito por\" \/>\n\t<meta name=\"twitter:data1\" content=\"Reda\u00e7\u00e3o\" \/>\n\t<meta name=\"twitter:label2\" content=\"Est. tempo de leitura\" \/>\n\t<meta name=\"twitter:data2\" content=\"2 minutos\" \/>\n<script type=\"application\/ld+json\" class=\"yoast-schema-graph\">{\"@context\":\"https:\/\/schema.org\",\"@graph\":[{\"@type\":\"Article\",\"@id\":\"https:\/\/www.notibras.com\/site\/arbitragem-confusa-marca-empate-de-corinthians-e-coritiba\/#article\",\"isPartOf\":{\"@id\":\"https:\/\/www.notibras.com\/site\/arbitragem-confusa-marca-empate-de-corinthians-e-coritiba\/\"},\"author\":{\"name\":\"Reda\u00e7\u00e3o\",\"@id\":\"https:\/\/www.notibras.com\/site\/#\/schema\/person\/36ab0979449956132d3e5b517ea76ac8\"},\"headline\":\"Arbitragem confusa marca empate de Corinthians e Coritiba\",\"datePublished\":\"2014-11-01T22:12:21+00:00\",\"dateModified\":\"2014-11-02T10:12:56+00:00\",\"mainEntityOfPage\":{\"@id\":\"https:\/\/www.notibras.com\/site\/arbitragem-confusa-marca-empate-de-corinthians-e-coritiba\/\"},\"wordCount\":489,\"commentCount\":0,\"publisher\":{\"@id\":\"https:\/\/www.notibras.com\/site\/#organization\"},\"image\":{\"@id\":\"https:\/\/www.notibras.com\/site\/arbitragem-confusa-marca-empate-de-corinthians-e-coritiba\/#primaryimage\"},\"thumbnailUrl\":\"https:\/\/www.notibras.com\/site\/wp-content\/uploads\/2014\/11\/es3.jpg\",\"articleSection\":[\"Esportes\",\"Futebol\"],\"inLanguage\":\"pt-BR\",\"potentialAction\":[{\"@type\":\"CommentAction\",\"name\":\"Comment\",\"target\":[\"https:\/\/www.notibras.com\/site\/arbitragem-confusa-marca-empate-de-corinthians-e-coritiba\/#respond\"]}]},{\"@type\":\"WebPage\",\"@id\":\"https:\/\/www.notibras.com\/site\/arbitragem-confusa-marca-empate-de-corinthians-e-coritiba\/\",\"url\":\"https:\/\/www.notibras.com\/site\/arbitragem-confusa-marca-empate-de-corinthians-e-coritiba\/\",\"name\":\"Arbitragem confusa marca empate de Corinthians e Coritiba - Notibras\",\"isPartOf\":{\"@id\":\"https:\/\/www.notibras.com\/site\/#website\"},\"primaryImageOfPage\":{\"@id\":\"https:\/\/www.notibras.com\/site\/arbitragem-confusa-marca-empate-de-corinthians-e-coritiba\/#primaryimage\"},\"image\":{\"@id\":\"https:\/\/www.notibras.com\/site\/arbitragem-confusa-marca-empate-de-corinthians-e-coritiba\/#primaryimage\"},\"thumbnailUrl\":\"https:\/\/www.notibras.com\/site\/wp-content\/uploads\/2014\/11\/es3.jpg\",\"datePublished\":\"2014-11-01T22:12:21+00:00\",\"dateModified\":\"2014-11-02T10:12:56+00:00\",\"breadcrumb\":{\"@id\":\"https:\/\/www.notibras.com\/site\/arbitragem-confusa-marca-empate-de-corinthians-e-coritiba\/#breadcrumb\"},\"inLanguage\":\"pt-BR\",\"potentialAction\":[{\"@type\":\"ReadAction\",\"target\":[\"https:\/\/www.notibras.com\/site\/arbitragem-confusa-marca-empate-de-corinthians-e-coritiba\/\"]}]},{\"@type\":\"ImageObject\",\"inLanguage\":\"pt-BR\",\"@id\":\"https:\/\/www.notibras.com\/site\/arbitragem-confusa-marca-empate-de-corinthians-e-coritiba\/#primaryimage\",\"url\":\"https:\/\/www.notibras.com\/site\/wp-content\/uploads\/2014\/11\/es3.jpg\",\"contentUrl\":\"https:\/\/www.notibras.com\/site\/wp-content\/uploads\/2014\/11\/es3.jpg\",\"width\":460,\"height\":340},{\"@type\":\"BreadcrumbList\",\"@id\":\"https:\/\/www.notibras.com\/site\/arbitragem-confusa-marca-empate-de-corinthians-e-coritiba\/#breadcrumb\",\"itemListElement\":[{\"@type\":\"ListItem\",\"position\":1,\"name\":\"In\u00edcio\",\"item\":\"https:\/\/www.notibras.com\/site\/\"},{\"@type\":\"ListItem\",\"position\":2,\"name\":\"Arbitragem confusa marca empate de Corinthians e Coritiba\"}]},{\"@type\":\"WebSite\",\"@id\":\"https:\/\/www.notibras.com\/site\/#website\",\"url\":\"https:\/\/www.notibras.com\/site\/\",\"name\":\"Notibras\",\"description\":\"Not\u00edcias de Bras\u00edlia, do Brasil e do Mundo\",\"publisher\":{\"@id\":\"https:\/\/www.notibras.com\/site\/#organization\"},\"potentialAction\":[{\"@type\":\"SearchAction\",\"target\":{\"@type\":\"EntryPoint\",\"urlTemplate\":\"https:\/\/www.notibras.com\/site\/?s={search_term_string}\"},\"query-input\":{\"@type\":\"PropertyValueSpecification\",\"valueRequired\":true,\"valueName\":\"search_term_string\"}}],\"inLanguage\":\"pt-BR\"},{\"@type\":\"Organization\",\"@id\":\"https:\/\/www.notibras.com\/site\/#organization\",\"name\":\"Grupo Notibras de Comunica\u00e7\u00e3o\",\"url\":\"https:\/\/www.notibras.com\/site\/\",\"logo\":{\"@type\":\"ImageObject\",\"inLanguage\":\"pt-BR\",\"@id\":\"https:\/\/www.notibras.com\/site\/#\/schema\/logo\/image\/\",\"url\":\"https:\/\/www.notibras.com\/site\/wp-content\/uploads\/2023\/01\/notibras23.png\",\"contentUrl\":\"https:\/\/www.notibras.com\/site\/wp-content\/uploads\/2023\/01\/notibras23.png\",\"width\":350,\"height\":87,\"caption\":\"Grupo Notibras de Comunica\u00e7\u00e3o\"},\"image\":{\"@id\":\"https:\/\/www.notibras.com\/site\/#\/schema\/logo\/image\/\"},\"sameAs\":[\"https:\/\/www.facebook.com\/notibras\/\",\"https:\/\/x.com\/Notibras\",\"https:\/\/www.instagram.com\/notibras\/\"]},{\"@type\":\"Person\",\"@id\":\"https:\/\/www.notibras.com\/site\/#\/schema\/person\/36ab0979449956132d3e5b517ea76ac8\",\"name\":\"Reda\u00e7\u00e3o\",\"image\":{\"@type\":\"ImageObject\",\"inLanguage\":\"pt-BR\",\"@id\":\"https:\/\/secure.gravatar.com\/avatar\/e0a867bdedb85fd243eadf09663511f96fc81e0720a4a42581f334ad4303aa6b?s=96&d=mm&r=g\",\"url\":\"https:\/\/secure.gravatar.com\/avatar\/e0a867bdedb85fd243eadf09663511f96fc81e0720a4a42581f334ad4303aa6b?s=96&d=mm&r=g\",\"contentUrl\":\"https:\/\/secure.gravatar.com\/avatar\/e0a867bdedb85fd243eadf09663511f96fc81e0720a4a42581f334ad4303aa6b?s=96&d=mm&r=g\",\"caption\":\"Reda\u00e7\u00e3o\"}}]}<\/script>\n<!-- \/ Yoast SEO plugin. -->","yoast_head_json":{"title":"Arbitragem confusa marca empate de Corinthians e Coritiba - Notibras","robots":{"index":"index","follow":"follow","max-snippet":"max-snippet:-1","max-image-preview":"max-image-preview:large","max-video-preview":"max-video-preview:-1"},"canonical":"https:\/\/www.notibras.com\/site\/arbitragem-confusa-marca-empate-de-corinthians-e-coritiba\/","og_locale":"pt_BR","og_type":"article","og_title":"Arbitragem confusa marca empate de Corinthians e Coritiba - Notibras","og_description":"O talento de Alex n\u00e3o foi suficiente para o Coritiba conseguir uma improv\u00e1vel vit\u00f3ria contra o Corinthians na Arena, em S\u00e3o Paulo. V\u00e1lida pela\u00a032\u00aa rodada do Campeonato Brasileiro, a partida disputada na noite deste s\u00e1bado terminou empatada\u00a0por 2 a 2, com gols de Robinho e Alex a favor dos visitantes e Elias e Bruno Henrique [&hellip;]","og_url":"https:\/\/www.notibras.com\/site\/arbitragem-confusa-marca-empate-de-corinthians-e-coritiba\/","og_site_name":"Notibras","article_publisher":"https:\/\/www.facebook.com\/notibras\/","article_published_time":"2014-11-01T22:12:21+00:00","article_modified_time":"2014-11-02T10:12:56+00:00","og_image":[{"width":460,"height":340,"url":"https:\/\/www.notibras.com\/site\/wp-content\/uploads\/2014\/11\/es3.jpg","type":"image\/jpeg"}],"author":"Reda\u00e7\u00e3o","twitter_card":"summary_large_image","twitter_creator":"@Notibras","twitter_site":"@Notibras","twitter_misc":{"Escrito por":"Reda\u00e7\u00e3o","Est. tempo de leitura":"2 minutos"},"schema":{"@context":"https:\/\/schema.org","@graph":[{"@type":"Article","@id":"https:\/\/www.notibras.com\/site\/arbitragem-confusa-marca-empate-de-corinthians-e-coritiba\/#article","isPartOf":{"@id":"https:\/\/www.notibras.com\/site\/arbitragem-confusa-marca-empate-de-corinthians-e-coritiba\/"},"author":{"name":"Reda\u00e7\u00e3o","@id":"https:\/\/www.notibras.com\/site\/#\/schema\/person\/36ab0979449956132d3e5b517ea76ac8"},"headline":"Arbitragem confusa marca empate de Corinthians e Coritiba","datePublished":"2014-11-01T22:12:21+00:00","dateModified":"2014-11-02T10:12:56+00:00","mainEntityOfPage":{"@id":"https:\/\/www.notibras.com\/site\/arbitragem-confusa-marca-empate-de-corinthians-e-coritiba\/"},"wordCount":489,"commentCount":0,"publisher":{"@id":"https:\/\/www.notibras.com\/site\/#organization"},"image":{"@id":"https:\/\/www.notibras.com\/site\/arbitragem-confusa-marca-empate-de-corinthians-e-coritiba\/#primaryimage"},"thumbnailUrl":"https:\/\/www.notibras.com\/site\/wp-content\/uploads\/2014\/11\/es3.jpg","articleSection":["Esportes","Futebol"],"inLanguage":"pt-BR","potentialAction":[{"@type":"CommentAction","name":"Comment","target":["https:\/\/www.notibras.com\/site\/arbitragem-confusa-marca-empate-de-corinthians-e-coritiba\/#respond"]}]},{"@type":"WebPage","@id":"https:\/\/www.notibras.com\/site\/arbitragem-confusa-marca-empate-de-corinthians-e-coritiba\/","url":"https:\/\/www.notibras.com\/site\/arbitragem-confusa-marca-empate-de-corinthians-e-coritiba\/","name":"Arbitragem confusa marca empate de Corinthians e Coritiba - Notibras","isPartOf":{"@id":"https:\/\/www.notibras.com\/site\/#website"},"primaryImageOfPage":{"@id":"https:\/\/www.notibras.com\/site\/arbitragem-confusa-marca-empate-de-corinthians-e-coritiba\/#primaryimage"},"image":{"@id":"https:\/\/www.notibras.com\/site\/arbitragem-confusa-marca-empate-de-corinthians-e-coritiba\/#primaryimage"},"thumbnailUrl":"https:\/\/www.notibras.com\/site\/wp-content\/uploads\/2014\/11\/es3.jpg","datePublished":"2014-11-01T22:12:21+00:00","dateModified":"2014-11-02T10:12:56+00:00","breadcrumb":{"@id":"https:\/\/www.notibras.com\/site\/arbitragem-confusa-marca-empate-de-corinthians-e-coritiba\/#breadcrumb"},"inLanguage":"pt-BR","potentialAction":[{"@type":"ReadAction","target":["https:\/\/www.notibras.com\/site\/arbitragem-confusa-marca-empate-de-corinthians-e-coritiba\/"]}]},{"@type":"ImageObject","inLanguage":"pt-BR","@id":"https:\/\/www.notibras.com\/site\/arbitragem-confusa-marca-empate-de-corinthians-e-coritiba\/#primaryimage","url":"https:\/\/www.notibras.com\/site\/wp-content\/uploads\/2014\/11\/es3.jpg","contentUrl":"https:\/\/www.notibras.com\/site\/wp-content\/uploads\/2014\/11\/es3.jpg","width":460,"height":340},{"@type":"BreadcrumbList","@id":"https:\/\/www.notibras.com\/site\/arbitragem-confusa-marca-empate-de-corinthians-e-coritiba\/#breadcrumb","itemListElement":[{"@type":"ListItem","position":1,"name":"In\u00edcio","item":"https:\/\/www.notibras.com\/site\/"},{"@type":"ListItem","position":2,"name":"Arbitragem confusa marca empate de Corinthians e Coritiba"}]},{"@type":"WebSite","@id":"https:\/\/www.notibras.com\/site\/#website","url":"https:\/\/www.notibras.com\/site\/","name":"Notibras","description":"Not\u00edcias de Bras\u00edlia, do Brasil e do Mundo","publisher":{"@id":"https:\/\/www.notibras.com\/site\/#organization"},"potentialAction":[{"@type":"SearchAction","target":{"@type":"EntryPoint","urlTemplate":"https:\/\/www.notibras.com\/site\/?s={search_term_string}"},"query-input":{"@type":"PropertyValueSpecification","valueRequired":true,"valueName":"search_term_string"}}],"inLanguage":"pt-BR"},{"@type":"Organization","@id":"https:\/\/www.notibras.com\/site\/#organization","name":"Grupo Notibras de Comunica\u00e7\u00e3o","url":"https:\/\/www.notibras.com\/site\/","logo":{"@type":"ImageObject","inLanguage":"pt-BR","@id":"https:\/\/www.notibras.com\/site\/#\/schema\/logo\/image\/","url":"https:\/\/www.notibras.com\/site\/wp-content\/uploads\/2023\/01\/notibras23.png","contentUrl":"https:\/\/www.notibras.com\/site\/wp-content\/uploads\/2023\/01\/notibras23.png","width":350,"height":87,"caption":"Grupo Notibras de Comunica\u00e7\u00e3o"},"image":{"@id":"https:\/\/www.notibras.com\/site\/#\/schema\/logo\/image\/"},"sameAs":["https:\/\/www.facebook.com\/notibras\/","https:\/\/x.com\/Notibras","https:\/\/www.instagram.com\/notibras\/"]},{"@type":"Person","@id":"https:\/\/www.notibras.com\/site\/#\/schema\/person\/36ab0979449956132d3e5b517ea76ac8","name":"Reda\u00e7\u00e3o","image":{"@type":"ImageObject","inLanguage":"pt-BR","@id":"https:\/\/secure.gravatar.com\/avatar\/e0a867bdedb85fd243eadf09663511f96fc81e0720a4a42581f334ad4303aa6b?s=96&d=mm&r=g","url":"https:\/\/secure.gravatar.com\/avatar\/e0a867bdedb85fd243eadf09663511f96fc81e0720a4a42581f334ad4303aa6b?s=96&d=mm&r=g","contentUrl":"https:\/\/secure.gravatar.com\/avatar\/e0a867bdedb85fd243eadf09663511f96fc81e0720a4a42581f334ad4303aa6b?s=96&d=mm&r=g","caption":"Reda\u00e7\u00e3o"}}]}},"amp_enabled":true,"_links":{"self":[{"href":"https:\/\/www.notibras.com\/site\/wp-json\/wp\/v2\/posts\/26648","targetHints":{"allow":["GET"]}}],"collection":[{"href":"https:\/\/www.notibras.com\/site\/wp-json\/wp\/v2\/posts"}],"about":[{"href":"https:\/\/www.notibras.com\/site\/wp-json\/wp\/v2\/types\/post"}],"author":[{"embeddable":true,"href":"https:\/\/www.notibras.com\/site\/wp-json\/wp\/v2\/users\/2"}],"replies":[{"embeddable":true,"href":"https:\/\/www.notibras.com\/site\/wp-json\/wp\/v2\/comments?post=26648"}],"version-history":[{"count":0,"href":"https:\/\/www.notibras.com\/site\/wp-json\/wp\/v2\/posts\/26648\/revisions"}],"wp:featuredmedia":[{"embeddable":true,"href":"https:\/\/www.notibras.com\/site\/wp-json\/wp\/v2\/media\/26649"}],"wp:attachment":[{"href":"https:\/\/www.notibras.com\/site\/wp-json\/wp\/v2\/media?parent=26648"}],"wp:term":[{"taxonomy":"category","embeddable":true,"href":"https:\/\/www.notibras.com\/site\/wp-json\/wp\/v2\/categories?post=26648"},{"taxonomy":"post_tag","embeddable":true,"href":"https:\/\/www.notibras.com\/site\/wp-json\/wp\/v2\/tags?post=26648"}],"curies":[{"name":"wp","href":"https:\/\/api.w.org\/{rel}","templated":true}]}}