{"id":26651,"date":"2014-11-01T07:48:21","date_gmt":"2014-11-01T10:48:21","guid":{"rendered":"http:\/\/www.notibras.com\/site\/?p=26651"},"modified":"2016-07-30T16:58:03","modified_gmt":"2016-07-30T19:58:03","slug":"submarino-nuclear-encravado-no-gelo-provoca-suspense-no-artico","status":"publish","type":"post","link":"https:\/\/www.notibras.com\/site\/submarino-nuclear-encravado-no-gelo-provoca-suspense-no-artico\/","title":{"rendered":"Submarino nuclear encravado no gelo provoca suspense no \u00c1rtico"},"content":{"rendered":"<p class=\"text\">Cientistas noruegueses avistaram um submarino na superf\u00edcie do \u00c1rtico em 16 de outubro, aparentemente preso ao gelo, informou o jornal<em> The Telegraph<\/em>.<\/p>\n<p class=\"text\">Yngve Kristoffersen e Audun Tholfsen contaram que a embarca\u00e7\u00e3o\u00a0afundou no gelo quando eles se aproximaram, mas que tiveram tempo de\u00a0tirar v\u00e1rias fotografias da descoberta que, ao que tudo indica, \u00e9 nada mais nada menos do que um submarino nuclear russo.<\/p>\n<p>Caso essa hip\u00f3tese se confirme, Kristoffersen e Tholfsen podem ter encontrado um antigo bombardeiro m\u00edssil bal\u00edstico originalmente encomendado pela Frota do Norte em 1981 e que desloca 13.700 toneladas quando submerso. Remodelado, acredita-se que hoje ele esteja sendo usado para investigar o fundo do mar.<\/p>\n<p>Coincidentemente, o presidente russo, Vladmir Putin, anunciou, na \u00faltima semana, que pretende criar uma For\u00e7a no \u00c1rtico composta por 6 mil homens e bases ao longo de todas a calotas de gelo, abaixo das quais se concentram significantes reservas de petr\u00f3leo, g\u00e1s natural e minerais ainda n\u00e3o explorados.<\/p>\n<blockquote><p>E tem mais. Uma nova gera\u00e7\u00e3o de submarinos lan\u00e7adores m\u00edsseis bal\u00edsticos j\u00e1 est\u00e1 sendo apresentada e ela \u00e9 capaz de explorar as profundezas do oceano de forma muito mais eficaz que a antecessora. Submarinos do Mar Negro, do Pac\u00edfico e das Frotas do Norte est\u00e3o sendo observados com muito mais frequ\u00eancia no Mediterr\u00e2neo.<\/p><\/blockquote>\n<p>Embarca\u00e7\u00f5es brit\u00e2nicas e norte-americanas dever\u00e3o, a partir de agora, usar todas as t\u00e9cnicas de coleta de informa\u00e7\u00f5es dispon\u00edveis para monitorar a atividade russa. Ao que parece, a Guerra Fria est\u00e1 prestes a ser restabelecida.<\/p>\n<p class=\"text\">\n","protected":false},"excerpt":{"rendered":"<p>Cientistas noruegueses avistaram um submarino na superf\u00edcie do \u00c1rtico em 16 de outubro, aparentemente preso ao gelo, informou o jornal The Telegraph. Yngve Kristoffersen e Audun Tholfsen contaram que a embarca\u00e7\u00e3o\u00a0afundou no gelo quando eles se aproximaram, mas que tiveram tempo de\u00a0tirar v\u00e1rias fotografias da descoberta que, ao que tudo indica, \u00e9 nada mais nada [&hellip;]<\/p>\n","protected":false},"author":2,"featured_media":26652,"comment_status":"open","ping_status":"closed","sticky":false,"template":"","format":"standard","meta":{"_acf_changed":false,"footnotes":""},"categories":[71],"tags":[],"class_list":["post-26651","post","type-post","status-publish","format-standard","has-post-thumbnail","hentry","category-curiosidades"],"acf":[],"yoast_head":"<!-- This site is optimized with the Yoast SEO plugin v27.2 - https:\/\/yoast.com\/product\/yoast-seo-wordpress\/ -->\n<title>Submarino nuclear encravado no gelo provoca suspense no \u00c1rtico - Notibras<\/title>\n<meta name=\"robots\" content=\"index, follow, max-snippet:-1, max-image-preview:large, max-video-preview:-1\" \/>\n<link rel=\"canonical\" href=\"https:\/\/www.notibras.com\/site\/submarino-nuclear-encravado-no-gelo-provoca-suspense-no-artico\/\" \/>\n<meta property=\"og:locale\" content=\"pt_BR\" \/>\n<meta property=\"og:type\" content=\"article\" \/>\n<meta property=\"og:title\" content=\"Submarino nuclear encravado no gelo provoca suspense no \u00c1rtico - Notibras\" \/>\n<meta property=\"og:description\" content=\"Cientistas noruegueses avistaram um submarino na superf\u00edcie do \u00c1rtico em 16 de outubro, aparentemente preso ao gelo, informou o jornal The Telegraph. Yngve Kristoffersen e Audun Tholfsen contaram que a embarca\u00e7\u00e3o\u00a0afundou no gelo quando eles se aproximaram, mas que tiveram tempo de\u00a0tirar v\u00e1rias fotografias da descoberta que, ao que tudo indica, \u00e9 nada mais nada [&hellip;]\" \/>\n<meta property=\"og:url\" content=\"https:\/\/www.notibras.com\/site\/submarino-nuclear-encravado-no-gelo-provoca-suspense-no-artico\/\" \/>\n<meta property=\"og:site_name\" content=\"Notibras\" \/>\n<meta property=\"article:publisher\" content=\"https:\/\/www.facebook.com\/notibras\/\" \/>\n<meta property=\"article:published_time\" content=\"2014-11-01T10:48:21+00:00\" \/>\n<meta property=\"article:modified_time\" content=\"2016-07-30T19:58:03+00:00\" \/>\n<meta property=\"og:image\" content=\"https:\/\/www.notibras.com\/site\/wp-content\/uploads\/2014\/11\/articosubmarinorussotwitter.jpg\" \/>\n\t<meta property=\"og:image:width\" content=\"555\" \/>\n\t<meta property=\"og:image:height\" content=\"342\" \/>\n\t<meta property=\"og:image:type\" content=\"image\/jpeg\" \/>\n<meta name=\"author\" content=\"Reda\u00e7\u00e3o\" \/>\n<meta name=\"twitter:card\" content=\"summary_large_image\" \/>\n<meta name=\"twitter:creator\" content=\"@Notibras\" \/>\n<meta name=\"twitter:site\" content=\"@Notibras\" \/>\n<meta name=\"twitter:label1\" content=\"Escrito por\" \/>\n\t<meta name=\"twitter:data1\" content=\"Reda\u00e7\u00e3o\" \/>\n\t<meta name=\"twitter:label2\" content=\"Est. tempo de leitura\" \/>\n\t<meta name=\"twitter:data2\" content=\"1 minuto\" \/>\n<script type=\"application\/ld+json\" class=\"yoast-schema-graph\">{\"@context\":\"https:\/\/schema.org\",\"@graph\":[{\"@type\":\"Article\",\"@id\":\"https:\/\/www.notibras.com\/site\/submarino-nuclear-encravado-no-gelo-provoca-suspense-no-artico\/#article\",\"isPartOf\":{\"@id\":\"https:\/\/www.notibras.com\/site\/submarino-nuclear-encravado-no-gelo-provoca-suspense-no-artico\/\"},\"author\":{\"name\":\"Reda\u00e7\u00e3o\",\"@id\":\"https:\/\/www.notibras.com\/site\/#\/schema\/person\/36ab0979449956132d3e5b517ea76ac8\"},\"headline\":\"Submarino nuclear encravado no gelo provoca suspense no \u00c1rtico\",\"datePublished\":\"2014-11-01T10:48:21+00:00\",\"dateModified\":\"2016-07-30T19:58:03+00:00\",\"mainEntityOfPage\":{\"@id\":\"https:\/\/www.notibras.com\/site\/submarino-nuclear-encravado-no-gelo-provoca-suspense-no-artico\/\"},\"wordCount\":271,\"commentCount\":0,\"publisher\":{\"@id\":\"https:\/\/www.notibras.com\/site\/#organization\"},\"image\":{\"@id\":\"https:\/\/www.notibras.com\/site\/submarino-nuclear-encravado-no-gelo-provoca-suspense-no-artico\/#primaryimage\"},\"thumbnailUrl\":\"https:\/\/www.notibras.com\/site\/wp-content\/uploads\/2014\/11\/articosubmarinorussotwitter.jpg\",\"articleSection\":[\"Curiosidades\"],\"inLanguage\":\"pt-BR\",\"potentialAction\":[{\"@type\":\"CommentAction\",\"name\":\"Comment\",\"target\":[\"https:\/\/www.notibras.com\/site\/submarino-nuclear-encravado-no-gelo-provoca-suspense-no-artico\/#respond\"]}]},{\"@type\":\"WebPage\",\"@id\":\"https:\/\/www.notibras.com\/site\/submarino-nuclear-encravado-no-gelo-provoca-suspense-no-artico\/\",\"url\":\"https:\/\/www.notibras.com\/site\/submarino-nuclear-encravado-no-gelo-provoca-suspense-no-artico\/\",\"name\":\"Submarino nuclear encravado no gelo provoca suspense no \u00c1rtico - Notibras\",\"isPartOf\":{\"@id\":\"https:\/\/www.notibras.com\/site\/#website\"},\"primaryImageOfPage\":{\"@id\":\"https:\/\/www.notibras.com\/site\/submarino-nuclear-encravado-no-gelo-provoca-suspense-no-artico\/#primaryimage\"},\"image\":{\"@id\":\"https:\/\/www.notibras.com\/site\/submarino-nuclear-encravado-no-gelo-provoca-suspense-no-artico\/#primaryimage\"},\"thumbnailUrl\":\"https:\/\/www.notibras.com\/site\/wp-content\/uploads\/2014\/11\/articosubmarinorussotwitter.jpg\",\"datePublished\":\"2014-11-01T10:48:21+00:00\",\"dateModified\":\"2016-07-30T19:58:03+00:00\",\"breadcrumb\":{\"@id\":\"https:\/\/www.notibras.com\/site\/submarino-nuclear-encravado-no-gelo-provoca-suspense-no-artico\/#breadcrumb\"},\"inLanguage\":\"pt-BR\",\"potentialAction\":[{\"@type\":\"ReadAction\",\"target\":[\"https:\/\/www.notibras.com\/site\/submarino-nuclear-encravado-no-gelo-provoca-suspense-no-artico\/\"]}]},{\"@type\":\"ImageObject\",\"inLanguage\":\"pt-BR\",\"@id\":\"https:\/\/www.notibras.com\/site\/submarino-nuclear-encravado-no-gelo-provoca-suspense-no-artico\/#primaryimage\",\"url\":\"https:\/\/www.notibras.com\/site\/wp-content\/uploads\/2014\/11\/articosubmarinorussotwitter.jpg\",\"contentUrl\":\"https:\/\/www.notibras.com\/site\/wp-content\/uploads\/2014\/11\/articosubmarinorussotwitter.jpg\",\"width\":555,\"height\":342},{\"@type\":\"BreadcrumbList\",\"@id\":\"https:\/\/www.notibras.com\/site\/submarino-nuclear-encravado-no-gelo-provoca-suspense-no-artico\/#breadcrumb\",\"itemListElement\":[{\"@type\":\"ListItem\",\"position\":1,\"name\":\"In\u00edcio\",\"item\":\"https:\/\/www.notibras.com\/site\/\"},{\"@type\":\"ListItem\",\"position\":2,\"name\":\"Submarino nuclear encravado no gelo provoca suspense no \u00c1rtico\"}]},{\"@type\":\"WebSite\",\"@id\":\"https:\/\/www.notibras.com\/site\/#website\",\"url\":\"https:\/\/www.notibras.com\/site\/\",\"name\":\"Notibras\",\"description\":\"Not\u00edcias de Bras\u00edlia, do Brasil e do Mundo\",\"publisher\":{\"@id\":\"https:\/\/www.notibras.com\/site\/#organization\"},\"potentialAction\":[{\"@type\":\"SearchAction\",\"target\":{\"@type\":\"EntryPoint\",\"urlTemplate\":\"https:\/\/www.notibras.com\/site\/?s={search_term_string}\"},\"query-input\":{\"@type\":\"PropertyValueSpecification\",\"valueRequired\":true,\"valueName\":\"search_term_string\"}}],\"inLanguage\":\"pt-BR\"},{\"@type\":\"Organization\",\"@id\":\"https:\/\/www.notibras.com\/site\/#organization\",\"name\":\"Grupo Notibras de Comunica\u00e7\u00e3o\",\"url\":\"https:\/\/www.notibras.com\/site\/\",\"logo\":{\"@type\":\"ImageObject\",\"inLanguage\":\"pt-BR\",\"@id\":\"https:\/\/www.notibras.com\/site\/#\/schema\/logo\/image\/\",\"url\":\"https:\/\/www.notibras.com\/site\/wp-content\/uploads\/2023\/01\/notibras23.png\",\"contentUrl\":\"https:\/\/www.notibras.com\/site\/wp-content\/uploads\/2023\/01\/notibras23.png\",\"width\":350,\"height\":87,\"caption\":\"Grupo Notibras de Comunica\u00e7\u00e3o\"},\"image\":{\"@id\":\"https:\/\/www.notibras.com\/site\/#\/schema\/logo\/image\/\"},\"sameAs\":[\"https:\/\/www.facebook.com\/notibras\/\",\"https:\/\/x.com\/Notibras\",\"https:\/\/www.instagram.com\/notibras\/\"]},{\"@type\":\"Person\",\"@id\":\"https:\/\/www.notibras.com\/site\/#\/schema\/person\/36ab0979449956132d3e5b517ea76ac8\",\"name\":\"Reda\u00e7\u00e3o\",\"image\":{\"@type\":\"ImageObject\",\"inLanguage\":\"pt-BR\",\"@id\":\"https:\/\/secure.gravatar.com\/avatar\/e0a867bdedb85fd243eadf09663511f96fc81e0720a4a42581f334ad4303aa6b?s=96&d=mm&r=g\",\"url\":\"https:\/\/secure.gravatar.com\/avatar\/e0a867bdedb85fd243eadf09663511f96fc81e0720a4a42581f334ad4303aa6b?s=96&d=mm&r=g\",\"contentUrl\":\"https:\/\/secure.gravatar.com\/avatar\/e0a867bdedb85fd243eadf09663511f96fc81e0720a4a42581f334ad4303aa6b?s=96&d=mm&r=g\",\"caption\":\"Reda\u00e7\u00e3o\"}}]}<\/script>\n<!-- \/ Yoast SEO plugin. -->","yoast_head_json":{"title":"Submarino nuclear encravado no gelo provoca suspense no \u00c1rtico - Notibras","robots":{"index":"index","follow":"follow","max-snippet":"max-snippet:-1","max-image-preview":"max-image-preview:large","max-video-preview":"max-video-preview:-1"},"canonical":"https:\/\/www.notibras.com\/site\/submarino-nuclear-encravado-no-gelo-provoca-suspense-no-artico\/","og_locale":"pt_BR","og_type":"article","og_title":"Submarino nuclear encravado no gelo provoca suspense no \u00c1rtico - Notibras","og_description":"Cientistas noruegueses avistaram um submarino na superf\u00edcie do \u00c1rtico em 16 de outubro, aparentemente preso ao gelo, informou o jornal The Telegraph. Yngve Kristoffersen e Audun Tholfsen contaram que a embarca\u00e7\u00e3o\u00a0afundou no gelo quando eles se aproximaram, mas que tiveram tempo de\u00a0tirar v\u00e1rias fotografias da descoberta que, ao que tudo indica, \u00e9 nada mais nada [&hellip;]","og_url":"https:\/\/www.notibras.com\/site\/submarino-nuclear-encravado-no-gelo-provoca-suspense-no-artico\/","og_site_name":"Notibras","article_publisher":"https:\/\/www.facebook.com\/notibras\/","article_published_time":"2014-11-01T10:48:21+00:00","article_modified_time":"2016-07-30T19:58:03+00:00","og_image":[{"width":555,"height":342,"url":"https:\/\/www.notibras.com\/site\/wp-content\/uploads\/2014\/11\/articosubmarinorussotwitter.jpg","type":"image\/jpeg"}],"author":"Reda\u00e7\u00e3o","twitter_card":"summary_large_image","twitter_creator":"@Notibras","twitter_site":"@Notibras","twitter_misc":{"Escrito por":"Reda\u00e7\u00e3o","Est. tempo de leitura":"1 minuto"},"schema":{"@context":"https:\/\/schema.org","@graph":[{"@type":"Article","@id":"https:\/\/www.notibras.com\/site\/submarino-nuclear-encravado-no-gelo-provoca-suspense-no-artico\/#article","isPartOf":{"@id":"https:\/\/www.notibras.com\/site\/submarino-nuclear-encravado-no-gelo-provoca-suspense-no-artico\/"},"author":{"name":"Reda\u00e7\u00e3o","@id":"https:\/\/www.notibras.com\/site\/#\/schema\/person\/36ab0979449956132d3e5b517ea76ac8"},"headline":"Submarino nuclear encravado no gelo provoca suspense no \u00c1rtico","datePublished":"2014-11-01T10:48:21+00:00","dateModified":"2016-07-30T19:58:03+00:00","mainEntityOfPage":{"@id":"https:\/\/www.notibras.com\/site\/submarino-nuclear-encravado-no-gelo-provoca-suspense-no-artico\/"},"wordCount":271,"commentCount":0,"publisher":{"@id":"https:\/\/www.notibras.com\/site\/#organization"},"image":{"@id":"https:\/\/www.notibras.com\/site\/submarino-nuclear-encravado-no-gelo-provoca-suspense-no-artico\/#primaryimage"},"thumbnailUrl":"https:\/\/www.notibras.com\/site\/wp-content\/uploads\/2014\/11\/articosubmarinorussotwitter.jpg","articleSection":["Curiosidades"],"inLanguage":"pt-BR","potentialAction":[{"@type":"CommentAction","name":"Comment","target":["https:\/\/www.notibras.com\/site\/submarino-nuclear-encravado-no-gelo-provoca-suspense-no-artico\/#respond"]}]},{"@type":"WebPage","@id":"https:\/\/www.notibras.com\/site\/submarino-nuclear-encravado-no-gelo-provoca-suspense-no-artico\/","url":"https:\/\/www.notibras.com\/site\/submarino-nuclear-encravado-no-gelo-provoca-suspense-no-artico\/","name":"Submarino nuclear encravado no gelo provoca suspense no \u00c1rtico - Notibras","isPartOf":{"@id":"https:\/\/www.notibras.com\/site\/#website"},"primaryImageOfPage":{"@id":"https:\/\/www.notibras.com\/site\/submarino-nuclear-encravado-no-gelo-provoca-suspense-no-artico\/#primaryimage"},"image":{"@id":"https:\/\/www.notibras.com\/site\/submarino-nuclear-encravado-no-gelo-provoca-suspense-no-artico\/#primaryimage"},"thumbnailUrl":"https:\/\/www.notibras.com\/site\/wp-content\/uploads\/2014\/11\/articosubmarinorussotwitter.jpg","datePublished":"2014-11-01T10:48:21+00:00","dateModified":"2016-07-30T19:58:03+00:00","breadcrumb":{"@id":"https:\/\/www.notibras.com\/site\/submarino-nuclear-encravado-no-gelo-provoca-suspense-no-artico\/#breadcrumb"},"inLanguage":"pt-BR","potentialAction":[{"@type":"ReadAction","target":["https:\/\/www.notibras.com\/site\/submarino-nuclear-encravado-no-gelo-provoca-suspense-no-artico\/"]}]},{"@type":"ImageObject","inLanguage":"pt-BR","@id":"https:\/\/www.notibras.com\/site\/submarino-nuclear-encravado-no-gelo-provoca-suspense-no-artico\/#primaryimage","url":"https:\/\/www.notibras.com\/site\/wp-content\/uploads\/2014\/11\/articosubmarinorussotwitter.jpg","contentUrl":"https:\/\/www.notibras.com\/site\/wp-content\/uploads\/2014\/11\/articosubmarinorussotwitter.jpg","width":555,"height":342},{"@type":"BreadcrumbList","@id":"https:\/\/www.notibras.com\/site\/submarino-nuclear-encravado-no-gelo-provoca-suspense-no-artico\/#breadcrumb","itemListElement":[{"@type":"ListItem","position":1,"name":"In\u00edcio","item":"https:\/\/www.notibras.com\/site\/"},{"@type":"ListItem","position":2,"name":"Submarino nuclear encravado no gelo provoca suspense no \u00c1rtico"}]},{"@type":"WebSite","@id":"https:\/\/www.notibras.com\/site\/#website","url":"https:\/\/www.notibras.com\/site\/","name":"Notibras","description":"Not\u00edcias de Bras\u00edlia, do Brasil e do Mundo","publisher":{"@id":"https:\/\/www.notibras.com\/site\/#organization"},"potentialAction":[{"@type":"SearchAction","target":{"@type":"EntryPoint","urlTemplate":"https:\/\/www.notibras.com\/site\/?s={search_term_string}"},"query-input":{"@type":"PropertyValueSpecification","valueRequired":true,"valueName":"search_term_string"}}],"inLanguage":"pt-BR"},{"@type":"Organization","@id":"https:\/\/www.notibras.com\/site\/#organization","name":"Grupo Notibras de Comunica\u00e7\u00e3o","url":"https:\/\/www.notibras.com\/site\/","logo":{"@type":"ImageObject","inLanguage":"pt-BR","@id":"https:\/\/www.notibras.com\/site\/#\/schema\/logo\/image\/","url":"https:\/\/www.notibras.com\/site\/wp-content\/uploads\/2023\/01\/notibras23.png","contentUrl":"https:\/\/www.notibras.com\/site\/wp-content\/uploads\/2023\/01\/notibras23.png","width":350,"height":87,"caption":"Grupo Notibras de Comunica\u00e7\u00e3o"},"image":{"@id":"https:\/\/www.notibras.com\/site\/#\/schema\/logo\/image\/"},"sameAs":["https:\/\/www.facebook.com\/notibras\/","https:\/\/x.com\/Notibras","https:\/\/www.instagram.com\/notibras\/"]},{"@type":"Person","@id":"https:\/\/www.notibras.com\/site\/#\/schema\/person\/36ab0979449956132d3e5b517ea76ac8","name":"Reda\u00e7\u00e3o","image":{"@type":"ImageObject","inLanguage":"pt-BR","@id":"https:\/\/secure.gravatar.com\/avatar\/e0a867bdedb85fd243eadf09663511f96fc81e0720a4a42581f334ad4303aa6b?s=96&d=mm&r=g","url":"https:\/\/secure.gravatar.com\/avatar\/e0a867bdedb85fd243eadf09663511f96fc81e0720a4a42581f334ad4303aa6b?s=96&d=mm&r=g","contentUrl":"https:\/\/secure.gravatar.com\/avatar\/e0a867bdedb85fd243eadf09663511f96fc81e0720a4a42581f334ad4303aa6b?s=96&d=mm&r=g","caption":"Reda\u00e7\u00e3o"}}]}},"amp_enabled":true,"_links":{"self":[{"href":"https:\/\/www.notibras.com\/site\/wp-json\/wp\/v2\/posts\/26651","targetHints":{"allow":["GET"]}}],"collection":[{"href":"https:\/\/www.notibras.com\/site\/wp-json\/wp\/v2\/posts"}],"about":[{"href":"https:\/\/www.notibras.com\/site\/wp-json\/wp\/v2\/types\/post"}],"author":[{"embeddable":true,"href":"https:\/\/www.notibras.com\/site\/wp-json\/wp\/v2\/users\/2"}],"replies":[{"embeddable":true,"href":"https:\/\/www.notibras.com\/site\/wp-json\/wp\/v2\/comments?post=26651"}],"version-history":[{"count":1,"href":"https:\/\/www.notibras.com\/site\/wp-json\/wp\/v2\/posts\/26651\/revisions"}],"predecessor-version":[{"id":109979,"href":"https:\/\/www.notibras.com\/site\/wp-json\/wp\/v2\/posts\/26651\/revisions\/109979"}],"wp:featuredmedia":[{"embeddable":true,"href":"https:\/\/www.notibras.com\/site\/wp-json\/wp\/v2\/media\/26652"}],"wp:attachment":[{"href":"https:\/\/www.notibras.com\/site\/wp-json\/wp\/v2\/media?parent=26651"}],"wp:term":[{"taxonomy":"category","embeddable":true,"href":"https:\/\/www.notibras.com\/site\/wp-json\/wp\/v2\/categories?post=26651"},{"taxonomy":"post_tag","embeddable":true,"href":"https:\/\/www.notibras.com\/site\/wp-json\/wp\/v2\/tags?post=26651"}],"curies":[{"name":"wp","href":"https:\/\/api.w.org\/{rel}","templated":true}]}}