{"id":26723,"date":"2014-11-02T20:50:55","date_gmt":"2014-11-02T23:50:55","guid":{"rendered":"http:\/\/www.notibras.com\/site\/?p=26723"},"modified":"2014-11-04T18:59:12","modified_gmt":"2014-11-04T21:59:12","slug":"botafogo-cai-para-o-cruzeiro-no-mineirao-e-fica-mais-perto-da-segundona","status":"publish","type":"post","link":"https:\/\/www.notibras.com\/site\/botafogo-cai-para-o-cruzeiro-no-mineirao-e-fica-mais-perto-da-segundona\/","title":{"rendered":"Botafogo cai para o Cruzeiro e se aproxima da Segundona"},"content":{"rendered":"<p>O Cruzeiro fez o dever de casa e venceu o Botafogo, por 2 a 1, neste domingo, em partida v\u00e1lida pela 32\u00aa rodada do Campeonato Brasileiro. Jogando no Mineir\u00e3o, os mineiros n\u00e3o tiveram dificuldades e, com dois gols no come\u00e7o da partida, conquistaram tr\u00eas importantes pontos na busca do bi da competi\u00e7\u00e3o nacional. Marquinhos e Eg\u00eddio precisaram de apenas 15 minutos para balan\u00e7ar as redes dos visitantes. L\u00e9o, j\u00e1 nos acr\u00e9scimos da etapa final, marcou contra e fez o de honra do time alvinegro.<\/p>\n<p>Os tr\u00eas pontos conquistados em Belo Horizonte fazem o Cruzeiro alcan\u00e7ar os 64, e ficar cada vez mais pr\u00f3ximo do bicampeonato brasileiro. No entanto, a diferen\u00e7a para o vice-l\u00edder S\u00e3o Paulo, que venceu o Crici\u00fama, continua em cinco pontos. J\u00e1 o Botafogo segue na zona de rebaixamento, na 18\u00aa posi\u00e7\u00e3o, com apenas 33 tentos conquistados.<\/p>\n<p>O primeiro tempo foi completamente dominado pelo Cruzeiro. Com mais volume de jogo, e qualidade, os mineiros sufocaram o Botafogo, que pouco pode fazer para se defender. Logo aos 4min, Eg\u00eddio tentou cruzamento, Rodrigo Souto n\u00e3o conseguiu cortar e Marquinhos dominou com estilo e estufou as redes de Jefferson. Onze minutos depois, Eg\u00eddio cobrou falta com perfei\u00e7\u00e3o, no \u00e2ngulo, e ampliou.<\/p>\n<blockquote><p>O t\u00e9cnico Vagner Mancini foi expulso na etapa inicial. O treinador botafoguense reclamou com a arbitragem e teve que se retirar de campo. Antes de deixar o gramado, o comandante do time carioca discutiu bastante com o quarto \u00e1rbitro.<\/p><\/blockquote>\n<p>As equipes voltaram do intervalo do mesmo jeito que terminaram a etapa inicial: Cruzeiro pressionando e dando trabalho para o setor defensivo do Botafogo. Marcelo Moreno teve tr\u00eas oportunidades claras de cabe\u00e7a para aumentar o placar e impor uma goleada nos cariocas, mas a primeira passou ao lado da baliza, a segunda Jefferson fez boa interven\u00e7\u00e3o e a terceira explodiu na trave.<\/p>\n<p class=\"text\">Depois dos sustos, o Vagner Mancini, j\u00e1 das tribunas do Mineir\u00e3o, tirou Rog\u00e9rio e apostou na entrada de Jobson. O atacante melhorou a movimenta\u00e7\u00e3o do Botafogo e teve boa chance aos 24min, mas F\u00e1bio fez \u00f3tima defesa. Quando a derrota j\u00e1 era certa, aos 46min, nos acr\u00e9scimos da etapa final, o zagueiro L\u00e9o desviou contra a pr\u00f3pria meta e fez o gol de honra dos cariocas.<\/p>\n<p class=\"text\">O Cruzeiro volta a campo nesta quarta-feira (5), \u00e0s 22h (hor\u00e1rio de Bras\u00edlia), contra o Santos, na Vila Belmiro, pela partida de volta da Copa do Brasil. Pelo Brasileiro, os mineiros recebem o desesperado Crici\u00fama, no domingo (9), \u00e0s 19h30, no Mineir\u00e3o. J\u00e1 o Botafogo encara o Atl\u00e9tico-PR, s\u00e1bado (8), \u00e0s 21h, no Raulino de Oliveira, em Volta Redonda.<\/p>\n","protected":false},"excerpt":{"rendered":"<p>O Cruzeiro fez o dever de casa e venceu o Botafogo, por 2 a 1, neste domingo, em partida v\u00e1lida pela 32\u00aa rodada do Campeonato Brasileiro. Jogando no Mineir\u00e3o, os mineiros n\u00e3o tiveram dificuldades e, com dois gols no come\u00e7o da partida, conquistaram tr\u00eas importantes pontos na busca do bi da competi\u00e7\u00e3o nacional. Marquinhos e [&hellip;]<\/p>\n","protected":false},"author":2,"featured_media":26734,"comment_status":"open","ping_status":"closed","sticky":false,"template":"","format":"standard","meta":{"_acf_changed":false,"footnotes":""},"categories":[19,29],"tags":[],"class_list":["post-26723","post","type-post","status-publish","format-standard","has-post-thumbnail","hentry","category-esportes","category-futebol"],"acf":[],"yoast_head":"<!-- This site is optimized with the Yoast SEO plugin v27.2 - https:\/\/yoast.com\/product\/yoast-seo-wordpress\/ -->\n<title>Botafogo cai para o Cruzeiro e se aproxima da Segundona - Notibras<\/title>\n<meta name=\"robots\" content=\"index, follow, max-snippet:-1, max-image-preview:large, max-video-preview:-1\" \/>\n<link rel=\"canonical\" href=\"https:\/\/www.notibras.com\/site\/botafogo-cai-para-o-cruzeiro-no-mineirao-e-fica-mais-perto-da-segundona\/\" \/>\n<meta property=\"og:locale\" content=\"pt_BR\" \/>\n<meta property=\"og:type\" content=\"article\" \/>\n<meta property=\"og:title\" content=\"Botafogo cai para o Cruzeiro e se aproxima da Segundona - Notibras\" \/>\n<meta property=\"og:description\" content=\"O Cruzeiro fez o dever de casa e venceu o Botafogo, por 2 a 1, neste domingo, em partida v\u00e1lida pela 32\u00aa rodada do Campeonato Brasileiro. Jogando no Mineir\u00e3o, os mineiros n\u00e3o tiveram dificuldades e, com dois gols no come\u00e7o da partida, conquistaram tr\u00eas importantes pontos na busca do bi da competi\u00e7\u00e3o nacional. Marquinhos e [&hellip;]\" \/>\n<meta property=\"og:url\" content=\"https:\/\/www.notibras.com\/site\/botafogo-cai-para-o-cruzeiro-no-mineirao-e-fica-mais-perto-da-segundona\/\" \/>\n<meta property=\"og:site_name\" content=\"Notibras\" \/>\n<meta property=\"article:publisher\" content=\"https:\/\/www.facebook.com\/notibras\/\" \/>\n<meta property=\"article:published_time\" content=\"2014-11-02T23:50:55+00:00\" \/>\n<meta property=\"article:modified_time\" content=\"2014-11-04T21:59:12+00:00\" \/>\n<meta property=\"og:image\" content=\"https:\/\/www.notibras.com\/site\/wp-content\/uploads\/2014\/11\/Sem-t\u00edtulo-1.jpg\" \/>\n\t<meta property=\"og:image:width\" content=\"750\" \/>\n\t<meta property=\"og:image:height\" content=\"500\" \/>\n\t<meta property=\"og:image:type\" content=\"image\/jpeg\" \/>\n<meta name=\"author\" content=\"Reda\u00e7\u00e3o\" \/>\n<meta name=\"twitter:card\" content=\"summary_large_image\" \/>\n<meta name=\"twitter:creator\" content=\"@Notibras\" \/>\n<meta name=\"twitter:site\" content=\"@Notibras\" \/>\n<meta name=\"twitter:label1\" content=\"Escrito por\" \/>\n\t<meta name=\"twitter:data1\" content=\"Reda\u00e7\u00e3o\" \/>\n\t<meta name=\"twitter:label2\" content=\"Est. tempo de leitura\" \/>\n\t<meta name=\"twitter:data2\" content=\"2 minutos\" \/>\n<script type=\"application\/ld+json\" class=\"yoast-schema-graph\">{\"@context\":\"https:\/\/schema.org\",\"@graph\":[{\"@type\":\"Article\",\"@id\":\"https:\/\/www.notibras.com\/site\/botafogo-cai-para-o-cruzeiro-no-mineirao-e-fica-mais-perto-da-segundona\/#article\",\"isPartOf\":{\"@id\":\"https:\/\/www.notibras.com\/site\/botafogo-cai-para-o-cruzeiro-no-mineirao-e-fica-mais-perto-da-segundona\/\"},\"author\":{\"name\":\"Reda\u00e7\u00e3o\",\"@id\":\"https:\/\/www.notibras.com\/site\/#\/schema\/person\/36ab0979449956132d3e5b517ea76ac8\"},\"headline\":\"Botafogo cai para o Cruzeiro e se aproxima da Segundona\",\"datePublished\":\"2014-11-02T23:50:55+00:00\",\"dateModified\":\"2014-11-04T21:59:12+00:00\",\"mainEntityOfPage\":{\"@id\":\"https:\/\/www.notibras.com\/site\/botafogo-cai-para-o-cruzeiro-no-mineirao-e-fica-mais-perto-da-segundona\/\"},\"wordCount\":465,\"commentCount\":0,\"publisher\":{\"@id\":\"https:\/\/www.notibras.com\/site\/#organization\"},\"image\":{\"@id\":\"https:\/\/www.notibras.com\/site\/botafogo-cai-para-o-cruzeiro-no-mineirao-e-fica-mais-perto-da-segundona\/#primaryimage\"},\"thumbnailUrl\":\"https:\/\/www.notibras.com\/site\/wp-content\/uploads\/2014\/11\/Sem-t\u00edtulo-1.jpg\",\"articleSection\":[\"Esportes\",\"Futebol\"],\"inLanguage\":\"pt-BR\",\"potentialAction\":[{\"@type\":\"CommentAction\",\"name\":\"Comment\",\"target\":[\"https:\/\/www.notibras.com\/site\/botafogo-cai-para-o-cruzeiro-no-mineirao-e-fica-mais-perto-da-segundona\/#respond\"]}]},{\"@type\":\"WebPage\",\"@id\":\"https:\/\/www.notibras.com\/site\/botafogo-cai-para-o-cruzeiro-no-mineirao-e-fica-mais-perto-da-segundona\/\",\"url\":\"https:\/\/www.notibras.com\/site\/botafogo-cai-para-o-cruzeiro-no-mineirao-e-fica-mais-perto-da-segundona\/\",\"name\":\"Botafogo cai para o Cruzeiro e se aproxima da Segundona - Notibras\",\"isPartOf\":{\"@id\":\"https:\/\/www.notibras.com\/site\/#website\"},\"primaryImageOfPage\":{\"@id\":\"https:\/\/www.notibras.com\/site\/botafogo-cai-para-o-cruzeiro-no-mineirao-e-fica-mais-perto-da-segundona\/#primaryimage\"},\"image\":{\"@id\":\"https:\/\/www.notibras.com\/site\/botafogo-cai-para-o-cruzeiro-no-mineirao-e-fica-mais-perto-da-segundona\/#primaryimage\"},\"thumbnailUrl\":\"https:\/\/www.notibras.com\/site\/wp-content\/uploads\/2014\/11\/Sem-t\u00edtulo-1.jpg\",\"datePublished\":\"2014-11-02T23:50:55+00:00\",\"dateModified\":\"2014-11-04T21:59:12+00:00\",\"breadcrumb\":{\"@id\":\"https:\/\/www.notibras.com\/site\/botafogo-cai-para-o-cruzeiro-no-mineirao-e-fica-mais-perto-da-segundona\/#breadcrumb\"},\"inLanguage\":\"pt-BR\",\"potentialAction\":[{\"@type\":\"ReadAction\",\"target\":[\"https:\/\/www.notibras.com\/site\/botafogo-cai-para-o-cruzeiro-no-mineirao-e-fica-mais-perto-da-segundona\/\"]}]},{\"@type\":\"ImageObject\",\"inLanguage\":\"pt-BR\",\"@id\":\"https:\/\/www.notibras.com\/site\/botafogo-cai-para-o-cruzeiro-no-mineirao-e-fica-mais-perto-da-segundona\/#primaryimage\",\"url\":\"https:\/\/www.notibras.com\/site\/wp-content\/uploads\/2014\/11\/Sem-t\u00edtulo-1.jpg\",\"contentUrl\":\"https:\/\/www.notibras.com\/site\/wp-content\/uploads\/2014\/11\/Sem-t\u00edtulo-1.jpg\",\"width\":750,\"height\":500},{\"@type\":\"BreadcrumbList\",\"@id\":\"https:\/\/www.notibras.com\/site\/botafogo-cai-para-o-cruzeiro-no-mineirao-e-fica-mais-perto-da-segundona\/#breadcrumb\",\"itemListElement\":[{\"@type\":\"ListItem\",\"position\":1,\"name\":\"In\u00edcio\",\"item\":\"https:\/\/www.notibras.com\/site\/\"},{\"@type\":\"ListItem\",\"position\":2,\"name\":\"Botafogo cai para o Cruzeiro e se aproxima da Segundona\"}]},{\"@type\":\"WebSite\",\"@id\":\"https:\/\/www.notibras.com\/site\/#website\",\"url\":\"https:\/\/www.notibras.com\/site\/\",\"name\":\"Notibras\",\"description\":\"Not\u00edcias de Bras\u00edlia, do Brasil e do Mundo\",\"publisher\":{\"@id\":\"https:\/\/www.notibras.com\/site\/#organization\"},\"potentialAction\":[{\"@type\":\"SearchAction\",\"target\":{\"@type\":\"EntryPoint\",\"urlTemplate\":\"https:\/\/www.notibras.com\/site\/?s={search_term_string}\"},\"query-input\":{\"@type\":\"PropertyValueSpecification\",\"valueRequired\":true,\"valueName\":\"search_term_string\"}}],\"inLanguage\":\"pt-BR\"},{\"@type\":\"Organization\",\"@id\":\"https:\/\/www.notibras.com\/site\/#organization\",\"name\":\"Grupo Notibras de Comunica\u00e7\u00e3o\",\"url\":\"https:\/\/www.notibras.com\/site\/\",\"logo\":{\"@type\":\"ImageObject\",\"inLanguage\":\"pt-BR\",\"@id\":\"https:\/\/www.notibras.com\/site\/#\/schema\/logo\/image\/\",\"url\":\"https:\/\/www.notibras.com\/site\/wp-content\/uploads\/2023\/01\/notibras23.png\",\"contentUrl\":\"https:\/\/www.notibras.com\/site\/wp-content\/uploads\/2023\/01\/notibras23.png\",\"width\":350,\"height\":87,\"caption\":\"Grupo Notibras de Comunica\u00e7\u00e3o\"},\"image\":{\"@id\":\"https:\/\/www.notibras.com\/site\/#\/schema\/logo\/image\/\"},\"sameAs\":[\"https:\/\/www.facebook.com\/notibras\/\",\"https:\/\/x.com\/Notibras\",\"https:\/\/www.instagram.com\/notibras\/\"]},{\"@type\":\"Person\",\"@id\":\"https:\/\/www.notibras.com\/site\/#\/schema\/person\/36ab0979449956132d3e5b517ea76ac8\",\"name\":\"Reda\u00e7\u00e3o\",\"image\":{\"@type\":\"ImageObject\",\"inLanguage\":\"pt-BR\",\"@id\":\"https:\/\/secure.gravatar.com\/avatar\/e0a867bdedb85fd243eadf09663511f96fc81e0720a4a42581f334ad4303aa6b?s=96&d=mm&r=g\",\"url\":\"https:\/\/secure.gravatar.com\/avatar\/e0a867bdedb85fd243eadf09663511f96fc81e0720a4a42581f334ad4303aa6b?s=96&d=mm&r=g\",\"contentUrl\":\"https:\/\/secure.gravatar.com\/avatar\/e0a867bdedb85fd243eadf09663511f96fc81e0720a4a42581f334ad4303aa6b?s=96&d=mm&r=g\",\"caption\":\"Reda\u00e7\u00e3o\"}}]}<\/script>\n<!-- \/ Yoast SEO plugin. -->","yoast_head_json":{"title":"Botafogo cai para o Cruzeiro e se aproxima da Segundona - Notibras","robots":{"index":"index","follow":"follow","max-snippet":"max-snippet:-1","max-image-preview":"max-image-preview:large","max-video-preview":"max-video-preview:-1"},"canonical":"https:\/\/www.notibras.com\/site\/botafogo-cai-para-o-cruzeiro-no-mineirao-e-fica-mais-perto-da-segundona\/","og_locale":"pt_BR","og_type":"article","og_title":"Botafogo cai para o Cruzeiro e se aproxima da Segundona - Notibras","og_description":"O Cruzeiro fez o dever de casa e venceu o Botafogo, por 2 a 1, neste domingo, em partida v\u00e1lida pela 32\u00aa rodada do Campeonato Brasileiro. Jogando no Mineir\u00e3o, os mineiros n\u00e3o tiveram dificuldades e, com dois gols no come\u00e7o da partida, conquistaram tr\u00eas importantes pontos na busca do bi da competi\u00e7\u00e3o nacional. Marquinhos e [&hellip;]","og_url":"https:\/\/www.notibras.com\/site\/botafogo-cai-para-o-cruzeiro-no-mineirao-e-fica-mais-perto-da-segundona\/","og_site_name":"Notibras","article_publisher":"https:\/\/www.facebook.com\/notibras\/","article_published_time":"2014-11-02T23:50:55+00:00","article_modified_time":"2014-11-04T21:59:12+00:00","og_image":[{"width":750,"height":500,"url":"https:\/\/www.notibras.com\/site\/wp-content\/uploads\/2014\/11\/Sem-t\u00edtulo-1.jpg","type":"image\/jpeg"}],"author":"Reda\u00e7\u00e3o","twitter_card":"summary_large_image","twitter_creator":"@Notibras","twitter_site":"@Notibras","twitter_misc":{"Escrito por":"Reda\u00e7\u00e3o","Est. tempo de leitura":"2 minutos"},"schema":{"@context":"https:\/\/schema.org","@graph":[{"@type":"Article","@id":"https:\/\/www.notibras.com\/site\/botafogo-cai-para-o-cruzeiro-no-mineirao-e-fica-mais-perto-da-segundona\/#article","isPartOf":{"@id":"https:\/\/www.notibras.com\/site\/botafogo-cai-para-o-cruzeiro-no-mineirao-e-fica-mais-perto-da-segundona\/"},"author":{"name":"Reda\u00e7\u00e3o","@id":"https:\/\/www.notibras.com\/site\/#\/schema\/person\/36ab0979449956132d3e5b517ea76ac8"},"headline":"Botafogo cai para o Cruzeiro e se aproxima da Segundona","datePublished":"2014-11-02T23:50:55+00:00","dateModified":"2014-11-04T21:59:12+00:00","mainEntityOfPage":{"@id":"https:\/\/www.notibras.com\/site\/botafogo-cai-para-o-cruzeiro-no-mineirao-e-fica-mais-perto-da-segundona\/"},"wordCount":465,"commentCount":0,"publisher":{"@id":"https:\/\/www.notibras.com\/site\/#organization"},"image":{"@id":"https:\/\/www.notibras.com\/site\/botafogo-cai-para-o-cruzeiro-no-mineirao-e-fica-mais-perto-da-segundona\/#primaryimage"},"thumbnailUrl":"https:\/\/www.notibras.com\/site\/wp-content\/uploads\/2014\/11\/Sem-t\u00edtulo-1.jpg","articleSection":["Esportes","Futebol"],"inLanguage":"pt-BR","potentialAction":[{"@type":"CommentAction","name":"Comment","target":["https:\/\/www.notibras.com\/site\/botafogo-cai-para-o-cruzeiro-no-mineirao-e-fica-mais-perto-da-segundona\/#respond"]}]},{"@type":"WebPage","@id":"https:\/\/www.notibras.com\/site\/botafogo-cai-para-o-cruzeiro-no-mineirao-e-fica-mais-perto-da-segundona\/","url":"https:\/\/www.notibras.com\/site\/botafogo-cai-para-o-cruzeiro-no-mineirao-e-fica-mais-perto-da-segundona\/","name":"Botafogo cai para o Cruzeiro e se aproxima da Segundona - Notibras","isPartOf":{"@id":"https:\/\/www.notibras.com\/site\/#website"},"primaryImageOfPage":{"@id":"https:\/\/www.notibras.com\/site\/botafogo-cai-para-o-cruzeiro-no-mineirao-e-fica-mais-perto-da-segundona\/#primaryimage"},"image":{"@id":"https:\/\/www.notibras.com\/site\/botafogo-cai-para-o-cruzeiro-no-mineirao-e-fica-mais-perto-da-segundona\/#primaryimage"},"thumbnailUrl":"https:\/\/www.notibras.com\/site\/wp-content\/uploads\/2014\/11\/Sem-t\u00edtulo-1.jpg","datePublished":"2014-11-02T23:50:55+00:00","dateModified":"2014-11-04T21:59:12+00:00","breadcrumb":{"@id":"https:\/\/www.notibras.com\/site\/botafogo-cai-para-o-cruzeiro-no-mineirao-e-fica-mais-perto-da-segundona\/#breadcrumb"},"inLanguage":"pt-BR","potentialAction":[{"@type":"ReadAction","target":["https:\/\/www.notibras.com\/site\/botafogo-cai-para-o-cruzeiro-no-mineirao-e-fica-mais-perto-da-segundona\/"]}]},{"@type":"ImageObject","inLanguage":"pt-BR","@id":"https:\/\/www.notibras.com\/site\/botafogo-cai-para-o-cruzeiro-no-mineirao-e-fica-mais-perto-da-segundona\/#primaryimage","url":"https:\/\/www.notibras.com\/site\/wp-content\/uploads\/2014\/11\/Sem-t\u00edtulo-1.jpg","contentUrl":"https:\/\/www.notibras.com\/site\/wp-content\/uploads\/2014\/11\/Sem-t\u00edtulo-1.jpg","width":750,"height":500},{"@type":"BreadcrumbList","@id":"https:\/\/www.notibras.com\/site\/botafogo-cai-para-o-cruzeiro-no-mineirao-e-fica-mais-perto-da-segundona\/#breadcrumb","itemListElement":[{"@type":"ListItem","position":1,"name":"In\u00edcio","item":"https:\/\/www.notibras.com\/site\/"},{"@type":"ListItem","position":2,"name":"Botafogo cai para o Cruzeiro e se aproxima da Segundona"}]},{"@type":"WebSite","@id":"https:\/\/www.notibras.com\/site\/#website","url":"https:\/\/www.notibras.com\/site\/","name":"Notibras","description":"Not\u00edcias de Bras\u00edlia, do Brasil e do Mundo","publisher":{"@id":"https:\/\/www.notibras.com\/site\/#organization"},"potentialAction":[{"@type":"SearchAction","target":{"@type":"EntryPoint","urlTemplate":"https:\/\/www.notibras.com\/site\/?s={search_term_string}"},"query-input":{"@type":"PropertyValueSpecification","valueRequired":true,"valueName":"search_term_string"}}],"inLanguage":"pt-BR"},{"@type":"Organization","@id":"https:\/\/www.notibras.com\/site\/#organization","name":"Grupo Notibras de Comunica\u00e7\u00e3o","url":"https:\/\/www.notibras.com\/site\/","logo":{"@type":"ImageObject","inLanguage":"pt-BR","@id":"https:\/\/www.notibras.com\/site\/#\/schema\/logo\/image\/","url":"https:\/\/www.notibras.com\/site\/wp-content\/uploads\/2023\/01\/notibras23.png","contentUrl":"https:\/\/www.notibras.com\/site\/wp-content\/uploads\/2023\/01\/notibras23.png","width":350,"height":87,"caption":"Grupo Notibras de Comunica\u00e7\u00e3o"},"image":{"@id":"https:\/\/www.notibras.com\/site\/#\/schema\/logo\/image\/"},"sameAs":["https:\/\/www.facebook.com\/notibras\/","https:\/\/x.com\/Notibras","https:\/\/www.instagram.com\/notibras\/"]},{"@type":"Person","@id":"https:\/\/www.notibras.com\/site\/#\/schema\/person\/36ab0979449956132d3e5b517ea76ac8","name":"Reda\u00e7\u00e3o","image":{"@type":"ImageObject","inLanguage":"pt-BR","@id":"https:\/\/secure.gravatar.com\/avatar\/e0a867bdedb85fd243eadf09663511f96fc81e0720a4a42581f334ad4303aa6b?s=96&d=mm&r=g","url":"https:\/\/secure.gravatar.com\/avatar\/e0a867bdedb85fd243eadf09663511f96fc81e0720a4a42581f334ad4303aa6b?s=96&d=mm&r=g","contentUrl":"https:\/\/secure.gravatar.com\/avatar\/e0a867bdedb85fd243eadf09663511f96fc81e0720a4a42581f334ad4303aa6b?s=96&d=mm&r=g","caption":"Reda\u00e7\u00e3o"}}]}},"amp_enabled":true,"_links":{"self":[{"href":"https:\/\/www.notibras.com\/site\/wp-json\/wp\/v2\/posts\/26723","targetHints":{"allow":["GET"]}}],"collection":[{"href":"https:\/\/www.notibras.com\/site\/wp-json\/wp\/v2\/posts"}],"about":[{"href":"https:\/\/www.notibras.com\/site\/wp-json\/wp\/v2\/types\/post"}],"author":[{"embeddable":true,"href":"https:\/\/www.notibras.com\/site\/wp-json\/wp\/v2\/users\/2"}],"replies":[{"embeddable":true,"href":"https:\/\/www.notibras.com\/site\/wp-json\/wp\/v2\/comments?post=26723"}],"version-history":[{"count":0,"href":"https:\/\/www.notibras.com\/site\/wp-json\/wp\/v2\/posts\/26723\/revisions"}],"wp:featuredmedia":[{"embeddable":true,"href":"https:\/\/www.notibras.com\/site\/wp-json\/wp\/v2\/media\/26734"}],"wp:attachment":[{"href":"https:\/\/www.notibras.com\/site\/wp-json\/wp\/v2\/media?parent=26723"}],"wp:term":[{"taxonomy":"category","embeddable":true,"href":"https:\/\/www.notibras.com\/site\/wp-json\/wp\/v2\/categories?post=26723"},{"taxonomy":"post_tag","embeddable":true,"href":"https:\/\/www.notibras.com\/site\/wp-json\/wp\/v2\/tags?post=26723"}],"curies":[{"name":"wp","href":"https:\/\/api.w.org\/{rel}","templated":true}]}}