{"id":26727,"date":"2014-11-02T18:56:13","date_gmt":"2014-11-02T21:56:13","guid":{"rendered":"http:\/\/www.notibras.com\/site\/?p=26727"},"modified":"2014-11-02T21:01:48","modified_gmt":"2014-11-03T00:01:48","slug":"na-guerra-dos-atleticos-parana-bate-minas-com-gol-relampago","status":"publish","type":"post","link":"https:\/\/www.notibras.com\/site\/na-guerra-dos-atleticos-parana-bate-minas-com-gol-relampago\/","title":{"rendered":"Na guerra dos Atl\u00e9ticos, Paran\u00e1 bate Minas com gol rel\u00e2mpago"},"content":{"rendered":"<p class=\"text\">Bastou um gol no primeiro minuto de jogo na Arena da Baixada para o Atl\u00e9tico-PR vencer o Atl\u00e9tico-MG neste domingo, em confronto v\u00e1lido pela\u00a032\u00aa rodada do Campeonato Brasileiro. Paulinho Dias foi o autor do tento que deu a vit\u00f3ria por 1 a 0 para a equipe paranaense diante do seu torcedor.<\/p>\n<p class=\"text\">Com o resultado, o clube rubro-negro foi aos 43 pontos, subindo da d\u00e9cima para a nona posi\u00e7\u00e3o na classifica\u00e7\u00e3o. O time alvinegro, por sua vez, caiu para o quinto lugar e est\u00e1 empatado em pontos com Fluminense, Gr\u00eamio e Corinthians na disputa por uma vaga na Copa Libertadores do ano que vem.<\/p>\n<blockquote>\n<p class=\"text\">O Atl\u00e9tico-PR come\u00e7ou com tudo o confronto e deu sorte ao abrir o placar logo no primeiro minuto. Paulinho Dias chutou rasteiro da entrada da \u00e1rea, contou com desvio em Edcarlos e balan\u00e7ou as redes defendidas por Victor. A vantagem precoce fez o time paranaense relaxar em campo, o que permitiu que, aos poucos, seu xar\u00e1 mineiro melhorasse o\u00a0desempenho na Arena da Baixada, especialmente quando a bola passava pelos p\u00e9s de Diego Tardelli. Ainda assim, os visitantes n\u00e3o conseguiram traduzir o melhor futebol no empate.<\/p>\n<\/blockquote>\n<p class=\"text\">No segundo tempo, o Atl\u00e9tico-MG tentou pressionar em busca do gol de empate, pois a derrota o deixaria fora do G-4 do Brasileiro. Para tentar melhorar a presen\u00e7a de \u00e1rea do ataque, Levir Culpi colocou em campo o centroavante J\u00f4, que ficou afastado por protagonizar dois problemas disciplinares em menos de tr\u00eas meses. Sua presen\u00e7a, no entanto, em nada ajudou a equipe, que seguiu com dificuldades para entrar na \u00e1rea advers\u00e1ria e acabou derrotada gra\u00e7as ao gol precoce.<\/p>\n<p class=\"text\">Na 33\u00aa rodada, o Atl\u00e9tico-PR vai ao Rio de Janeiro encarar o Botafogo no Raulino de Oliveira, em partida marcada par a o pr\u00f3ximo s\u00e1bado, \u00e0s 21h (de Bras\u00edlia). J\u00e1 o Atl\u00e9tico-MG vai a S\u00e3o Paulo encarar o Palmeiras em partida agendada para o s\u00e1bado, \u00e0s 19h30. O local do confronto ser\u00e1 provavelmente o Pacaembu, mas <a href=\"http:\/\/esportes.terra.com.br\/futebol\/allianz-parque-alckmin-diz-que-estreia-pode-voltar-ao-dia-8,247bb9e4a4c69410VgnCLD200000b1bf46d0RCRD.html\" target=\"_blank\">ainda existe uma chance de o jogo protagonizar a estreia do time paulista no Allianz Parque, seu novo est\u00e1dio<\/a>.<\/p>\n","protected":false},"excerpt":{"rendered":"<p>Bastou um gol no primeiro minuto de jogo na Arena da Baixada para o Atl\u00e9tico-PR vencer o Atl\u00e9tico-MG neste domingo, em confronto v\u00e1lido pela\u00a032\u00aa rodada do Campeonato Brasileiro. Paulinho Dias foi o autor do tento que deu a vit\u00f3ria por 1 a 0 para a equipe paranaense diante do seu torcedor. Com o resultado, o [&hellip;]<\/p>\n","protected":false},"author":2,"featured_media":26728,"comment_status":"open","ping_status":"closed","sticky":false,"template":"","format":"standard","meta":{"_acf_changed":false,"footnotes":""},"categories":[19,29],"tags":[],"class_list":["post-26727","post","type-post","status-publish","format-standard","has-post-thumbnail","hentry","category-esportes","category-futebol"],"acf":[],"yoast_head":"<!-- This site is optimized with the Yoast SEO plugin v27.2 - https:\/\/yoast.com\/product\/yoast-seo-wordpress\/ -->\n<title>Na guerra dos Atl\u00e9ticos, Paran\u00e1 bate Minas com gol rel\u00e2mpago - Notibras<\/title>\n<meta name=\"robots\" content=\"index, follow, max-snippet:-1, max-image-preview:large, max-video-preview:-1\" \/>\n<link rel=\"canonical\" href=\"https:\/\/www.notibras.com\/site\/na-guerra-dos-atleticos-parana-bate-minas-com-gol-relampago\/\" \/>\n<meta property=\"og:locale\" content=\"pt_BR\" \/>\n<meta property=\"og:type\" content=\"article\" \/>\n<meta property=\"og:title\" content=\"Na guerra dos Atl\u00e9ticos, Paran\u00e1 bate Minas com gol rel\u00e2mpago - Notibras\" \/>\n<meta property=\"og:description\" content=\"Bastou um gol no primeiro minuto de jogo na Arena da Baixada para o Atl\u00e9tico-PR vencer o Atl\u00e9tico-MG neste domingo, em confronto v\u00e1lido pela\u00a032\u00aa rodada do Campeonato Brasileiro. Paulinho Dias foi o autor do tento que deu a vit\u00f3ria por 1 a 0 para a equipe paranaense diante do seu torcedor. Com o resultado, o [&hellip;]\" \/>\n<meta property=\"og:url\" content=\"https:\/\/www.notibras.com\/site\/na-guerra-dos-atleticos-parana-bate-minas-com-gol-relampago\/\" \/>\n<meta property=\"og:site_name\" content=\"Notibras\" \/>\n<meta property=\"article:publisher\" content=\"https:\/\/www.facebook.com\/notibras\/\" \/>\n<meta property=\"article:published_time\" content=\"2014-11-02T21:56:13+00:00\" \/>\n<meta property=\"article:modified_time\" content=\"2014-11-03T00:01:48+00:00\" \/>\n<meta property=\"og:image\" content=\"https:\/\/www.notibras.com\/site\/wp-content\/uploads\/2014\/11\/e21.jpg\" \/>\n\t<meta property=\"og:image:width\" content=\"650\" \/>\n\t<meta property=\"og:image:height\" content=\"450\" \/>\n\t<meta property=\"og:image:type\" content=\"image\/jpeg\" \/>\n<meta name=\"author\" content=\"Reda\u00e7\u00e3o\" \/>\n<meta name=\"twitter:card\" content=\"summary_large_image\" \/>\n<meta name=\"twitter:creator\" content=\"@Notibras\" \/>\n<meta name=\"twitter:site\" content=\"@Notibras\" \/>\n<meta name=\"twitter:label1\" content=\"Escrito por\" \/>\n\t<meta name=\"twitter:data1\" content=\"Reda\u00e7\u00e3o\" \/>\n\t<meta name=\"twitter:label2\" content=\"Est. tempo de leitura\" \/>\n\t<meta name=\"twitter:data2\" content=\"2 minutos\" \/>\n<script type=\"application\/ld+json\" class=\"yoast-schema-graph\">{\"@context\":\"https:\/\/schema.org\",\"@graph\":[{\"@type\":\"Article\",\"@id\":\"https:\/\/www.notibras.com\/site\/na-guerra-dos-atleticos-parana-bate-minas-com-gol-relampago\/#article\",\"isPartOf\":{\"@id\":\"https:\/\/www.notibras.com\/site\/na-guerra-dos-atleticos-parana-bate-minas-com-gol-relampago\/\"},\"author\":{\"name\":\"Reda\u00e7\u00e3o\",\"@id\":\"https:\/\/www.notibras.com\/site\/#\/schema\/person\/36ab0979449956132d3e5b517ea76ac8\"},\"headline\":\"Na guerra dos Atl\u00e9ticos, Paran\u00e1 bate Minas com gol rel\u00e2mpago\",\"datePublished\":\"2014-11-02T21:56:13+00:00\",\"dateModified\":\"2014-11-03T00:01:48+00:00\",\"mainEntityOfPage\":{\"@id\":\"https:\/\/www.notibras.com\/site\/na-guerra-dos-atleticos-parana-bate-minas-com-gol-relampago\/\"},\"wordCount\":377,\"commentCount\":0,\"publisher\":{\"@id\":\"https:\/\/www.notibras.com\/site\/#organization\"},\"image\":{\"@id\":\"https:\/\/www.notibras.com\/site\/na-guerra-dos-atleticos-parana-bate-minas-com-gol-relampago\/#primaryimage\"},\"thumbnailUrl\":\"https:\/\/www.notibras.com\/site\/wp-content\/uploads\/2014\/11\/e21.jpg\",\"articleSection\":[\"Esportes\",\"Futebol\"],\"inLanguage\":\"pt-BR\",\"potentialAction\":[{\"@type\":\"CommentAction\",\"name\":\"Comment\",\"target\":[\"https:\/\/www.notibras.com\/site\/na-guerra-dos-atleticos-parana-bate-minas-com-gol-relampago\/#respond\"]}]},{\"@type\":\"WebPage\",\"@id\":\"https:\/\/www.notibras.com\/site\/na-guerra-dos-atleticos-parana-bate-minas-com-gol-relampago\/\",\"url\":\"https:\/\/www.notibras.com\/site\/na-guerra-dos-atleticos-parana-bate-minas-com-gol-relampago\/\",\"name\":\"Na guerra dos Atl\u00e9ticos, Paran\u00e1 bate Minas com gol rel\u00e2mpago - Notibras\",\"isPartOf\":{\"@id\":\"https:\/\/www.notibras.com\/site\/#website\"},\"primaryImageOfPage\":{\"@id\":\"https:\/\/www.notibras.com\/site\/na-guerra-dos-atleticos-parana-bate-minas-com-gol-relampago\/#primaryimage\"},\"image\":{\"@id\":\"https:\/\/www.notibras.com\/site\/na-guerra-dos-atleticos-parana-bate-minas-com-gol-relampago\/#primaryimage\"},\"thumbnailUrl\":\"https:\/\/www.notibras.com\/site\/wp-content\/uploads\/2014\/11\/e21.jpg\",\"datePublished\":\"2014-11-02T21:56:13+00:00\",\"dateModified\":\"2014-11-03T00:01:48+00:00\",\"breadcrumb\":{\"@id\":\"https:\/\/www.notibras.com\/site\/na-guerra-dos-atleticos-parana-bate-minas-com-gol-relampago\/#breadcrumb\"},\"inLanguage\":\"pt-BR\",\"potentialAction\":[{\"@type\":\"ReadAction\",\"target\":[\"https:\/\/www.notibras.com\/site\/na-guerra-dos-atleticos-parana-bate-minas-com-gol-relampago\/\"]}]},{\"@type\":\"ImageObject\",\"inLanguage\":\"pt-BR\",\"@id\":\"https:\/\/www.notibras.com\/site\/na-guerra-dos-atleticos-parana-bate-minas-com-gol-relampago\/#primaryimage\",\"url\":\"https:\/\/www.notibras.com\/site\/wp-content\/uploads\/2014\/11\/e21.jpg\",\"contentUrl\":\"https:\/\/www.notibras.com\/site\/wp-content\/uploads\/2014\/11\/e21.jpg\",\"width\":650,\"height\":450},{\"@type\":\"BreadcrumbList\",\"@id\":\"https:\/\/www.notibras.com\/site\/na-guerra-dos-atleticos-parana-bate-minas-com-gol-relampago\/#breadcrumb\",\"itemListElement\":[{\"@type\":\"ListItem\",\"position\":1,\"name\":\"In\u00edcio\",\"item\":\"https:\/\/www.notibras.com\/site\/\"},{\"@type\":\"ListItem\",\"position\":2,\"name\":\"Na guerra dos Atl\u00e9ticos, Paran\u00e1 bate Minas com gol rel\u00e2mpago\"}]},{\"@type\":\"WebSite\",\"@id\":\"https:\/\/www.notibras.com\/site\/#website\",\"url\":\"https:\/\/www.notibras.com\/site\/\",\"name\":\"Notibras\",\"description\":\"Not\u00edcias de Bras\u00edlia, do Brasil e do Mundo\",\"publisher\":{\"@id\":\"https:\/\/www.notibras.com\/site\/#organization\"},\"potentialAction\":[{\"@type\":\"SearchAction\",\"target\":{\"@type\":\"EntryPoint\",\"urlTemplate\":\"https:\/\/www.notibras.com\/site\/?s={search_term_string}\"},\"query-input\":{\"@type\":\"PropertyValueSpecification\",\"valueRequired\":true,\"valueName\":\"search_term_string\"}}],\"inLanguage\":\"pt-BR\"},{\"@type\":\"Organization\",\"@id\":\"https:\/\/www.notibras.com\/site\/#organization\",\"name\":\"Grupo Notibras de Comunica\u00e7\u00e3o\",\"url\":\"https:\/\/www.notibras.com\/site\/\",\"logo\":{\"@type\":\"ImageObject\",\"inLanguage\":\"pt-BR\",\"@id\":\"https:\/\/www.notibras.com\/site\/#\/schema\/logo\/image\/\",\"url\":\"https:\/\/www.notibras.com\/site\/wp-content\/uploads\/2023\/01\/notibras23.png\",\"contentUrl\":\"https:\/\/www.notibras.com\/site\/wp-content\/uploads\/2023\/01\/notibras23.png\",\"width\":350,\"height\":87,\"caption\":\"Grupo Notibras de Comunica\u00e7\u00e3o\"},\"image\":{\"@id\":\"https:\/\/www.notibras.com\/site\/#\/schema\/logo\/image\/\"},\"sameAs\":[\"https:\/\/www.facebook.com\/notibras\/\",\"https:\/\/x.com\/Notibras\",\"https:\/\/www.instagram.com\/notibras\/\"]},{\"@type\":\"Person\",\"@id\":\"https:\/\/www.notibras.com\/site\/#\/schema\/person\/36ab0979449956132d3e5b517ea76ac8\",\"name\":\"Reda\u00e7\u00e3o\",\"image\":{\"@type\":\"ImageObject\",\"inLanguage\":\"pt-BR\",\"@id\":\"https:\/\/secure.gravatar.com\/avatar\/e0a867bdedb85fd243eadf09663511f96fc81e0720a4a42581f334ad4303aa6b?s=96&d=mm&r=g\",\"url\":\"https:\/\/secure.gravatar.com\/avatar\/e0a867bdedb85fd243eadf09663511f96fc81e0720a4a42581f334ad4303aa6b?s=96&d=mm&r=g\",\"contentUrl\":\"https:\/\/secure.gravatar.com\/avatar\/e0a867bdedb85fd243eadf09663511f96fc81e0720a4a42581f334ad4303aa6b?s=96&d=mm&r=g\",\"caption\":\"Reda\u00e7\u00e3o\"}}]}<\/script>\n<!-- \/ Yoast SEO plugin. -->","yoast_head_json":{"title":"Na guerra dos Atl\u00e9ticos, Paran\u00e1 bate Minas com gol rel\u00e2mpago - Notibras","robots":{"index":"index","follow":"follow","max-snippet":"max-snippet:-1","max-image-preview":"max-image-preview:large","max-video-preview":"max-video-preview:-1"},"canonical":"https:\/\/www.notibras.com\/site\/na-guerra-dos-atleticos-parana-bate-minas-com-gol-relampago\/","og_locale":"pt_BR","og_type":"article","og_title":"Na guerra dos Atl\u00e9ticos, Paran\u00e1 bate Minas com gol rel\u00e2mpago - Notibras","og_description":"Bastou um gol no primeiro minuto de jogo na Arena da Baixada para o Atl\u00e9tico-PR vencer o Atl\u00e9tico-MG neste domingo, em confronto v\u00e1lido pela\u00a032\u00aa rodada do Campeonato Brasileiro. Paulinho Dias foi o autor do tento que deu a vit\u00f3ria por 1 a 0 para a equipe paranaense diante do seu torcedor. Com o resultado, o [&hellip;]","og_url":"https:\/\/www.notibras.com\/site\/na-guerra-dos-atleticos-parana-bate-minas-com-gol-relampago\/","og_site_name":"Notibras","article_publisher":"https:\/\/www.facebook.com\/notibras\/","article_published_time":"2014-11-02T21:56:13+00:00","article_modified_time":"2014-11-03T00:01:48+00:00","og_image":[{"width":650,"height":450,"url":"https:\/\/www.notibras.com\/site\/wp-content\/uploads\/2014\/11\/e21.jpg","type":"image\/jpeg"}],"author":"Reda\u00e7\u00e3o","twitter_card":"summary_large_image","twitter_creator":"@Notibras","twitter_site":"@Notibras","twitter_misc":{"Escrito por":"Reda\u00e7\u00e3o","Est. tempo de leitura":"2 minutos"},"schema":{"@context":"https:\/\/schema.org","@graph":[{"@type":"Article","@id":"https:\/\/www.notibras.com\/site\/na-guerra-dos-atleticos-parana-bate-minas-com-gol-relampago\/#article","isPartOf":{"@id":"https:\/\/www.notibras.com\/site\/na-guerra-dos-atleticos-parana-bate-minas-com-gol-relampago\/"},"author":{"name":"Reda\u00e7\u00e3o","@id":"https:\/\/www.notibras.com\/site\/#\/schema\/person\/36ab0979449956132d3e5b517ea76ac8"},"headline":"Na guerra dos Atl\u00e9ticos, Paran\u00e1 bate Minas com gol rel\u00e2mpago","datePublished":"2014-11-02T21:56:13+00:00","dateModified":"2014-11-03T00:01:48+00:00","mainEntityOfPage":{"@id":"https:\/\/www.notibras.com\/site\/na-guerra-dos-atleticos-parana-bate-minas-com-gol-relampago\/"},"wordCount":377,"commentCount":0,"publisher":{"@id":"https:\/\/www.notibras.com\/site\/#organization"},"image":{"@id":"https:\/\/www.notibras.com\/site\/na-guerra-dos-atleticos-parana-bate-minas-com-gol-relampago\/#primaryimage"},"thumbnailUrl":"https:\/\/www.notibras.com\/site\/wp-content\/uploads\/2014\/11\/e21.jpg","articleSection":["Esportes","Futebol"],"inLanguage":"pt-BR","potentialAction":[{"@type":"CommentAction","name":"Comment","target":["https:\/\/www.notibras.com\/site\/na-guerra-dos-atleticos-parana-bate-minas-com-gol-relampago\/#respond"]}]},{"@type":"WebPage","@id":"https:\/\/www.notibras.com\/site\/na-guerra-dos-atleticos-parana-bate-minas-com-gol-relampago\/","url":"https:\/\/www.notibras.com\/site\/na-guerra-dos-atleticos-parana-bate-minas-com-gol-relampago\/","name":"Na guerra dos Atl\u00e9ticos, Paran\u00e1 bate Minas com gol rel\u00e2mpago - Notibras","isPartOf":{"@id":"https:\/\/www.notibras.com\/site\/#website"},"primaryImageOfPage":{"@id":"https:\/\/www.notibras.com\/site\/na-guerra-dos-atleticos-parana-bate-minas-com-gol-relampago\/#primaryimage"},"image":{"@id":"https:\/\/www.notibras.com\/site\/na-guerra-dos-atleticos-parana-bate-minas-com-gol-relampago\/#primaryimage"},"thumbnailUrl":"https:\/\/www.notibras.com\/site\/wp-content\/uploads\/2014\/11\/e21.jpg","datePublished":"2014-11-02T21:56:13+00:00","dateModified":"2014-11-03T00:01:48+00:00","breadcrumb":{"@id":"https:\/\/www.notibras.com\/site\/na-guerra-dos-atleticos-parana-bate-minas-com-gol-relampago\/#breadcrumb"},"inLanguage":"pt-BR","potentialAction":[{"@type":"ReadAction","target":["https:\/\/www.notibras.com\/site\/na-guerra-dos-atleticos-parana-bate-minas-com-gol-relampago\/"]}]},{"@type":"ImageObject","inLanguage":"pt-BR","@id":"https:\/\/www.notibras.com\/site\/na-guerra-dos-atleticos-parana-bate-minas-com-gol-relampago\/#primaryimage","url":"https:\/\/www.notibras.com\/site\/wp-content\/uploads\/2014\/11\/e21.jpg","contentUrl":"https:\/\/www.notibras.com\/site\/wp-content\/uploads\/2014\/11\/e21.jpg","width":650,"height":450},{"@type":"BreadcrumbList","@id":"https:\/\/www.notibras.com\/site\/na-guerra-dos-atleticos-parana-bate-minas-com-gol-relampago\/#breadcrumb","itemListElement":[{"@type":"ListItem","position":1,"name":"In\u00edcio","item":"https:\/\/www.notibras.com\/site\/"},{"@type":"ListItem","position":2,"name":"Na guerra dos Atl\u00e9ticos, Paran\u00e1 bate Minas com gol rel\u00e2mpago"}]},{"@type":"WebSite","@id":"https:\/\/www.notibras.com\/site\/#website","url":"https:\/\/www.notibras.com\/site\/","name":"Notibras","description":"Not\u00edcias de Bras\u00edlia, do Brasil e do Mundo","publisher":{"@id":"https:\/\/www.notibras.com\/site\/#organization"},"potentialAction":[{"@type":"SearchAction","target":{"@type":"EntryPoint","urlTemplate":"https:\/\/www.notibras.com\/site\/?s={search_term_string}"},"query-input":{"@type":"PropertyValueSpecification","valueRequired":true,"valueName":"search_term_string"}}],"inLanguage":"pt-BR"},{"@type":"Organization","@id":"https:\/\/www.notibras.com\/site\/#organization","name":"Grupo Notibras de Comunica\u00e7\u00e3o","url":"https:\/\/www.notibras.com\/site\/","logo":{"@type":"ImageObject","inLanguage":"pt-BR","@id":"https:\/\/www.notibras.com\/site\/#\/schema\/logo\/image\/","url":"https:\/\/www.notibras.com\/site\/wp-content\/uploads\/2023\/01\/notibras23.png","contentUrl":"https:\/\/www.notibras.com\/site\/wp-content\/uploads\/2023\/01\/notibras23.png","width":350,"height":87,"caption":"Grupo Notibras de Comunica\u00e7\u00e3o"},"image":{"@id":"https:\/\/www.notibras.com\/site\/#\/schema\/logo\/image\/"},"sameAs":["https:\/\/www.facebook.com\/notibras\/","https:\/\/x.com\/Notibras","https:\/\/www.instagram.com\/notibras\/"]},{"@type":"Person","@id":"https:\/\/www.notibras.com\/site\/#\/schema\/person\/36ab0979449956132d3e5b517ea76ac8","name":"Reda\u00e7\u00e3o","image":{"@type":"ImageObject","inLanguage":"pt-BR","@id":"https:\/\/secure.gravatar.com\/avatar\/e0a867bdedb85fd243eadf09663511f96fc81e0720a4a42581f334ad4303aa6b?s=96&d=mm&r=g","url":"https:\/\/secure.gravatar.com\/avatar\/e0a867bdedb85fd243eadf09663511f96fc81e0720a4a42581f334ad4303aa6b?s=96&d=mm&r=g","contentUrl":"https:\/\/secure.gravatar.com\/avatar\/e0a867bdedb85fd243eadf09663511f96fc81e0720a4a42581f334ad4303aa6b?s=96&d=mm&r=g","caption":"Reda\u00e7\u00e3o"}}]}},"amp_enabled":true,"_links":{"self":[{"href":"https:\/\/www.notibras.com\/site\/wp-json\/wp\/v2\/posts\/26727","targetHints":{"allow":["GET"]}}],"collection":[{"href":"https:\/\/www.notibras.com\/site\/wp-json\/wp\/v2\/posts"}],"about":[{"href":"https:\/\/www.notibras.com\/site\/wp-json\/wp\/v2\/types\/post"}],"author":[{"embeddable":true,"href":"https:\/\/www.notibras.com\/site\/wp-json\/wp\/v2\/users\/2"}],"replies":[{"embeddable":true,"href":"https:\/\/www.notibras.com\/site\/wp-json\/wp\/v2\/comments?post=26727"}],"version-history":[{"count":0,"href":"https:\/\/www.notibras.com\/site\/wp-json\/wp\/v2\/posts\/26727\/revisions"}],"wp:featuredmedia":[{"embeddable":true,"href":"https:\/\/www.notibras.com\/site\/wp-json\/wp\/v2\/media\/26728"}],"wp:attachment":[{"href":"https:\/\/www.notibras.com\/site\/wp-json\/wp\/v2\/media?parent=26727"}],"wp:term":[{"taxonomy":"category","embeddable":true,"href":"https:\/\/www.notibras.com\/site\/wp-json\/wp\/v2\/categories?post=26727"},{"taxonomy":"post_tag","embeddable":true,"href":"https:\/\/www.notibras.com\/site\/wp-json\/wp\/v2\/tags?post=26727"}],"curies":[{"name":"wp","href":"https:\/\/api.w.org\/{rel}","templated":true}]}}