{"id":26730,"date":"2014-11-02T19:29:49","date_gmt":"2014-11-02T22:29:49","guid":{"rendered":"http:\/\/www.notibras.com\/site\/?p=26730"},"modified":"2014-11-02T21:09:33","modified_gmt":"2014-11-03T00:09:33","slug":"palmeiras-vence-mais-uma-fora-e-queda-para-a-b-fica-distante","status":"publish","type":"post","link":"https:\/\/www.notibras.com\/site\/palmeiras-vence-mais-uma-fora-e-queda-para-a-b-fica-distante\/","title":{"rendered":"Palmeiras vence mais uma fora e queda para a B fica distante"},"content":{"rendered":"<p class=\"text\">A amea\u00e7a do rebaixamento est\u00e1 cada vez mais distante do Palmeiras. Neste domingo, o clube paulista encarou o Bahia na Arena Fonte Nova, em partida v\u00e1lida pela\u00a032\u00aa rodada rodada do Campeonato Brasileiro, e venceu o vice-lanterna da competi\u00e7\u00e3o por 1 a 0, gra\u00e7as ao gol de Mazinho nos minutos finais do primeiro tempo.<\/p>\n<p class=\"text\">O resultado coloca o time alviverde na 13\u00aa posi\u00e7\u00e3o, superando o Figueirense e alcan\u00e7ando os 39 pontos, cinco a mais que o Coritiba, primeiro da zona de descenso. O Bahia segue na pen\u00faltima coloca\u00e7\u00e3o da competi\u00e7\u00e3o, com 31 pontos.<\/p>\n<p class=\"text\">Embora tenha sofrido um pouco para estabelecer seu jogo em territ\u00f3rio advers\u00e1rio, o clube alviverde foi melhor no primeiro tempo, desempenho que acarretou no primeiro gol da partida.\u00a0O Palmeiras saiu na frente aos 36min quando Mazinho partiu pela ponta esquerda, tabelou com Valdivia e bateu cruzado e alto, sem chances para Marcelo Lomba.<\/p>\n<p class=\"text\">De volta dos vesti\u00e1rios, a equipe visitante foi melhor desde o in\u00edcio, se aproveitando dos espa\u00e7os que o desesperado Bahia deixava na retaguarda. Com pouca marca\u00e7\u00e3o, o time paulista chegava com facilidade aos arredores da \u00e1rea dos anfitri\u00f5es, apesar da dificuldade encontrada para finalizar ou dar o \u00faltimo passe. Os comandados de Dorival J\u00fanior apostaram em investidas pela direita, onde Valdivia acionava com facilidade o argentino Mouche.<\/p>\n<p class=\"text\">No fim da partida, o Bahia tentou pressionar, mas n\u00e3o obteve sucesso. A torcida ter\u00e1 motivos para reclamar por causa de um lance envolvendo Kieza e o zagueiro Nathan, que conseguiu evitar uma finaliza\u00e7\u00e3o do atacante ao segurar a bola no ch\u00e3o, enquanto ca\u00eddo, com o bra\u00e7o. A arbitragem n\u00e3o viu, e o time paulista saiu vitorioso de Salvador.<\/p>\n<p class=\"text\">Na 33\u00aa rodada, o Palmeiras encara o Atl\u00e9tico-MG em partida marcada para o pr\u00f3ximo s\u00e1bado, \u00e0s 19h30 (de Bras\u00edlia). O Bahia vai at\u00e9 Goi\u00e2nia encarar o Goi\u00e1s no Serra Dourada, em confronto agendado para o domingo, \u00e0s 19h30.<\/p>\n","protected":false},"excerpt":{"rendered":"<p>A amea\u00e7a do rebaixamento est\u00e1 cada vez mais distante do Palmeiras. Neste domingo, o clube paulista encarou o Bahia na Arena Fonte Nova, em partida v\u00e1lida pela\u00a032\u00aa rodada rodada do Campeonato Brasileiro, e venceu o vice-lanterna da competi\u00e7\u00e3o por 1 a 0, gra\u00e7as ao gol de Mazinho nos minutos finais do primeiro tempo. O resultado [&hellip;]<\/p>\n","protected":false},"author":2,"featured_media":26731,"comment_status":"open","ping_status":"closed","sticky":false,"template":"","format":"standard","meta":{"_acf_changed":false,"footnotes":""},"categories":[19,29],"tags":[],"class_list":["post-26730","post","type-post","status-publish","format-standard","has-post-thumbnail","hentry","category-esportes","category-futebol"],"acf":[],"yoast_head":"<!-- This site is optimized with the Yoast SEO plugin v27.2 - https:\/\/yoast.com\/product\/yoast-seo-wordpress\/ -->\n<title>Palmeiras vence mais uma fora e queda para a B fica distante - Notibras<\/title>\n<meta name=\"robots\" content=\"index, follow, max-snippet:-1, max-image-preview:large, max-video-preview:-1\" \/>\n<link rel=\"canonical\" href=\"https:\/\/www.notibras.com\/site\/palmeiras-vence-mais-uma-fora-e-queda-para-a-b-fica-distante\/\" \/>\n<meta property=\"og:locale\" content=\"pt_BR\" \/>\n<meta property=\"og:type\" content=\"article\" \/>\n<meta property=\"og:title\" content=\"Palmeiras vence mais uma fora e queda para a B fica distante - Notibras\" \/>\n<meta property=\"og:description\" content=\"A amea\u00e7a do rebaixamento est\u00e1 cada vez mais distante do Palmeiras. Neste domingo, o clube paulista encarou o Bahia na Arena Fonte Nova, em partida v\u00e1lida pela\u00a032\u00aa rodada rodada do Campeonato Brasileiro, e venceu o vice-lanterna da competi\u00e7\u00e3o por 1 a 0, gra\u00e7as ao gol de Mazinho nos minutos finais do primeiro tempo. O resultado [&hellip;]\" \/>\n<meta property=\"og:url\" content=\"https:\/\/www.notibras.com\/site\/palmeiras-vence-mais-uma-fora-e-queda-para-a-b-fica-distante\/\" \/>\n<meta property=\"og:site_name\" content=\"Notibras\" \/>\n<meta property=\"article:publisher\" content=\"https:\/\/www.facebook.com\/notibras\/\" \/>\n<meta property=\"article:published_time\" content=\"2014-11-02T22:29:49+00:00\" \/>\n<meta property=\"article:modified_time\" content=\"2014-11-03T00:09:33+00:00\" \/>\n<meta property=\"og:image\" content=\"https:\/\/www.notibras.com\/site\/wp-content\/uploads\/2014\/11\/pal.jpg\" \/>\n\t<meta property=\"og:image:width\" content=\"1920\" \/>\n\t<meta property=\"og:image:height\" content=\"1080\" \/>\n\t<meta property=\"og:image:type\" content=\"image\/jpeg\" \/>\n<meta name=\"author\" content=\"Reda\u00e7\u00e3o\" \/>\n<meta name=\"twitter:card\" content=\"summary_large_image\" \/>\n<meta name=\"twitter:creator\" content=\"@Notibras\" \/>\n<meta name=\"twitter:site\" content=\"@Notibras\" \/>\n<meta name=\"twitter:label1\" content=\"Escrito por\" \/>\n\t<meta name=\"twitter:data1\" content=\"Reda\u00e7\u00e3o\" \/>\n\t<meta name=\"twitter:label2\" content=\"Est. tempo de leitura\" \/>\n\t<meta name=\"twitter:data2\" content=\"2 minutos\" \/>\n<script type=\"application\/ld+json\" class=\"yoast-schema-graph\">{\"@context\":\"https:\/\/schema.org\",\"@graph\":[{\"@type\":\"Article\",\"@id\":\"https:\/\/www.notibras.com\/site\/palmeiras-vence-mais-uma-fora-e-queda-para-a-b-fica-distante\/#article\",\"isPartOf\":{\"@id\":\"https:\/\/www.notibras.com\/site\/palmeiras-vence-mais-uma-fora-e-queda-para-a-b-fica-distante\/\"},\"author\":{\"name\":\"Reda\u00e7\u00e3o\",\"@id\":\"https:\/\/www.notibras.com\/site\/#\/schema\/person\/36ab0979449956132d3e5b517ea76ac8\"},\"headline\":\"Palmeiras vence mais uma fora e queda para a B fica distante\",\"datePublished\":\"2014-11-02T22:29:49+00:00\",\"dateModified\":\"2014-11-03T00:09:33+00:00\",\"mainEntityOfPage\":{\"@id\":\"https:\/\/www.notibras.com\/site\/palmeiras-vence-mais-uma-fora-e-queda-para-a-b-fica-distante\/\"},\"wordCount\":345,\"commentCount\":0,\"publisher\":{\"@id\":\"https:\/\/www.notibras.com\/site\/#organization\"},\"image\":{\"@id\":\"https:\/\/www.notibras.com\/site\/palmeiras-vence-mais-uma-fora-e-queda-para-a-b-fica-distante\/#primaryimage\"},\"thumbnailUrl\":\"https:\/\/www.notibras.com\/site\/wp-content\/uploads\/2014\/11\/pal.jpg\",\"articleSection\":[\"Esportes\",\"Futebol\"],\"inLanguage\":\"pt-BR\",\"potentialAction\":[{\"@type\":\"CommentAction\",\"name\":\"Comment\",\"target\":[\"https:\/\/www.notibras.com\/site\/palmeiras-vence-mais-uma-fora-e-queda-para-a-b-fica-distante\/#respond\"]}]},{\"@type\":\"WebPage\",\"@id\":\"https:\/\/www.notibras.com\/site\/palmeiras-vence-mais-uma-fora-e-queda-para-a-b-fica-distante\/\",\"url\":\"https:\/\/www.notibras.com\/site\/palmeiras-vence-mais-uma-fora-e-queda-para-a-b-fica-distante\/\",\"name\":\"Palmeiras vence mais uma fora e queda para a B fica distante - Notibras\",\"isPartOf\":{\"@id\":\"https:\/\/www.notibras.com\/site\/#website\"},\"primaryImageOfPage\":{\"@id\":\"https:\/\/www.notibras.com\/site\/palmeiras-vence-mais-uma-fora-e-queda-para-a-b-fica-distante\/#primaryimage\"},\"image\":{\"@id\":\"https:\/\/www.notibras.com\/site\/palmeiras-vence-mais-uma-fora-e-queda-para-a-b-fica-distante\/#primaryimage\"},\"thumbnailUrl\":\"https:\/\/www.notibras.com\/site\/wp-content\/uploads\/2014\/11\/pal.jpg\",\"datePublished\":\"2014-11-02T22:29:49+00:00\",\"dateModified\":\"2014-11-03T00:09:33+00:00\",\"breadcrumb\":{\"@id\":\"https:\/\/www.notibras.com\/site\/palmeiras-vence-mais-uma-fora-e-queda-para-a-b-fica-distante\/#breadcrumb\"},\"inLanguage\":\"pt-BR\",\"potentialAction\":[{\"@type\":\"ReadAction\",\"target\":[\"https:\/\/www.notibras.com\/site\/palmeiras-vence-mais-uma-fora-e-queda-para-a-b-fica-distante\/\"]}]},{\"@type\":\"ImageObject\",\"inLanguage\":\"pt-BR\",\"@id\":\"https:\/\/www.notibras.com\/site\/palmeiras-vence-mais-uma-fora-e-queda-para-a-b-fica-distante\/#primaryimage\",\"url\":\"https:\/\/www.notibras.com\/site\/wp-content\/uploads\/2014\/11\/pal.jpg\",\"contentUrl\":\"https:\/\/www.notibras.com\/site\/wp-content\/uploads\/2014\/11\/pal.jpg\",\"width\":1920,\"height\":1080},{\"@type\":\"BreadcrumbList\",\"@id\":\"https:\/\/www.notibras.com\/site\/palmeiras-vence-mais-uma-fora-e-queda-para-a-b-fica-distante\/#breadcrumb\",\"itemListElement\":[{\"@type\":\"ListItem\",\"position\":1,\"name\":\"In\u00edcio\",\"item\":\"https:\/\/www.notibras.com\/site\/\"},{\"@type\":\"ListItem\",\"position\":2,\"name\":\"Palmeiras vence mais uma fora e queda para a B fica distante\"}]},{\"@type\":\"WebSite\",\"@id\":\"https:\/\/www.notibras.com\/site\/#website\",\"url\":\"https:\/\/www.notibras.com\/site\/\",\"name\":\"Notibras\",\"description\":\"Not\u00edcias de Bras\u00edlia, do Brasil e do Mundo\",\"publisher\":{\"@id\":\"https:\/\/www.notibras.com\/site\/#organization\"},\"potentialAction\":[{\"@type\":\"SearchAction\",\"target\":{\"@type\":\"EntryPoint\",\"urlTemplate\":\"https:\/\/www.notibras.com\/site\/?s={search_term_string}\"},\"query-input\":{\"@type\":\"PropertyValueSpecification\",\"valueRequired\":true,\"valueName\":\"search_term_string\"}}],\"inLanguage\":\"pt-BR\"},{\"@type\":\"Organization\",\"@id\":\"https:\/\/www.notibras.com\/site\/#organization\",\"name\":\"Grupo Notibras de Comunica\u00e7\u00e3o\",\"url\":\"https:\/\/www.notibras.com\/site\/\",\"logo\":{\"@type\":\"ImageObject\",\"inLanguage\":\"pt-BR\",\"@id\":\"https:\/\/www.notibras.com\/site\/#\/schema\/logo\/image\/\",\"url\":\"https:\/\/www.notibras.com\/site\/wp-content\/uploads\/2023\/01\/notibras23.png\",\"contentUrl\":\"https:\/\/www.notibras.com\/site\/wp-content\/uploads\/2023\/01\/notibras23.png\",\"width\":350,\"height\":87,\"caption\":\"Grupo Notibras de Comunica\u00e7\u00e3o\"},\"image\":{\"@id\":\"https:\/\/www.notibras.com\/site\/#\/schema\/logo\/image\/\"},\"sameAs\":[\"https:\/\/www.facebook.com\/notibras\/\",\"https:\/\/x.com\/Notibras\",\"https:\/\/www.instagram.com\/notibras\/\"]},{\"@type\":\"Person\",\"@id\":\"https:\/\/www.notibras.com\/site\/#\/schema\/person\/36ab0979449956132d3e5b517ea76ac8\",\"name\":\"Reda\u00e7\u00e3o\",\"image\":{\"@type\":\"ImageObject\",\"inLanguage\":\"pt-BR\",\"@id\":\"https:\/\/secure.gravatar.com\/avatar\/e0a867bdedb85fd243eadf09663511f96fc81e0720a4a42581f334ad4303aa6b?s=96&d=mm&r=g\",\"url\":\"https:\/\/secure.gravatar.com\/avatar\/e0a867bdedb85fd243eadf09663511f96fc81e0720a4a42581f334ad4303aa6b?s=96&d=mm&r=g\",\"contentUrl\":\"https:\/\/secure.gravatar.com\/avatar\/e0a867bdedb85fd243eadf09663511f96fc81e0720a4a42581f334ad4303aa6b?s=96&d=mm&r=g\",\"caption\":\"Reda\u00e7\u00e3o\"}}]}<\/script>\n<!-- \/ Yoast SEO plugin. -->","yoast_head_json":{"title":"Palmeiras vence mais uma fora e queda para a B fica distante - Notibras","robots":{"index":"index","follow":"follow","max-snippet":"max-snippet:-1","max-image-preview":"max-image-preview:large","max-video-preview":"max-video-preview:-1"},"canonical":"https:\/\/www.notibras.com\/site\/palmeiras-vence-mais-uma-fora-e-queda-para-a-b-fica-distante\/","og_locale":"pt_BR","og_type":"article","og_title":"Palmeiras vence mais uma fora e queda para a B fica distante - Notibras","og_description":"A amea\u00e7a do rebaixamento est\u00e1 cada vez mais distante do Palmeiras. Neste domingo, o clube paulista encarou o Bahia na Arena Fonte Nova, em partida v\u00e1lida pela\u00a032\u00aa rodada rodada do Campeonato Brasileiro, e venceu o vice-lanterna da competi\u00e7\u00e3o por 1 a 0, gra\u00e7as ao gol de Mazinho nos minutos finais do primeiro tempo. O resultado [&hellip;]","og_url":"https:\/\/www.notibras.com\/site\/palmeiras-vence-mais-uma-fora-e-queda-para-a-b-fica-distante\/","og_site_name":"Notibras","article_publisher":"https:\/\/www.facebook.com\/notibras\/","article_published_time":"2014-11-02T22:29:49+00:00","article_modified_time":"2014-11-03T00:09:33+00:00","og_image":[{"width":1920,"height":1080,"url":"https:\/\/www.notibras.com\/site\/wp-content\/uploads\/2014\/11\/pal.jpg","type":"image\/jpeg"}],"author":"Reda\u00e7\u00e3o","twitter_card":"summary_large_image","twitter_creator":"@Notibras","twitter_site":"@Notibras","twitter_misc":{"Escrito por":"Reda\u00e7\u00e3o","Est. tempo de leitura":"2 minutos"},"schema":{"@context":"https:\/\/schema.org","@graph":[{"@type":"Article","@id":"https:\/\/www.notibras.com\/site\/palmeiras-vence-mais-uma-fora-e-queda-para-a-b-fica-distante\/#article","isPartOf":{"@id":"https:\/\/www.notibras.com\/site\/palmeiras-vence-mais-uma-fora-e-queda-para-a-b-fica-distante\/"},"author":{"name":"Reda\u00e7\u00e3o","@id":"https:\/\/www.notibras.com\/site\/#\/schema\/person\/36ab0979449956132d3e5b517ea76ac8"},"headline":"Palmeiras vence mais uma fora e queda para a B fica distante","datePublished":"2014-11-02T22:29:49+00:00","dateModified":"2014-11-03T00:09:33+00:00","mainEntityOfPage":{"@id":"https:\/\/www.notibras.com\/site\/palmeiras-vence-mais-uma-fora-e-queda-para-a-b-fica-distante\/"},"wordCount":345,"commentCount":0,"publisher":{"@id":"https:\/\/www.notibras.com\/site\/#organization"},"image":{"@id":"https:\/\/www.notibras.com\/site\/palmeiras-vence-mais-uma-fora-e-queda-para-a-b-fica-distante\/#primaryimage"},"thumbnailUrl":"https:\/\/www.notibras.com\/site\/wp-content\/uploads\/2014\/11\/pal.jpg","articleSection":["Esportes","Futebol"],"inLanguage":"pt-BR","potentialAction":[{"@type":"CommentAction","name":"Comment","target":["https:\/\/www.notibras.com\/site\/palmeiras-vence-mais-uma-fora-e-queda-para-a-b-fica-distante\/#respond"]}]},{"@type":"WebPage","@id":"https:\/\/www.notibras.com\/site\/palmeiras-vence-mais-uma-fora-e-queda-para-a-b-fica-distante\/","url":"https:\/\/www.notibras.com\/site\/palmeiras-vence-mais-uma-fora-e-queda-para-a-b-fica-distante\/","name":"Palmeiras vence mais uma fora e queda para a B fica distante - Notibras","isPartOf":{"@id":"https:\/\/www.notibras.com\/site\/#website"},"primaryImageOfPage":{"@id":"https:\/\/www.notibras.com\/site\/palmeiras-vence-mais-uma-fora-e-queda-para-a-b-fica-distante\/#primaryimage"},"image":{"@id":"https:\/\/www.notibras.com\/site\/palmeiras-vence-mais-uma-fora-e-queda-para-a-b-fica-distante\/#primaryimage"},"thumbnailUrl":"https:\/\/www.notibras.com\/site\/wp-content\/uploads\/2014\/11\/pal.jpg","datePublished":"2014-11-02T22:29:49+00:00","dateModified":"2014-11-03T00:09:33+00:00","breadcrumb":{"@id":"https:\/\/www.notibras.com\/site\/palmeiras-vence-mais-uma-fora-e-queda-para-a-b-fica-distante\/#breadcrumb"},"inLanguage":"pt-BR","potentialAction":[{"@type":"ReadAction","target":["https:\/\/www.notibras.com\/site\/palmeiras-vence-mais-uma-fora-e-queda-para-a-b-fica-distante\/"]}]},{"@type":"ImageObject","inLanguage":"pt-BR","@id":"https:\/\/www.notibras.com\/site\/palmeiras-vence-mais-uma-fora-e-queda-para-a-b-fica-distante\/#primaryimage","url":"https:\/\/www.notibras.com\/site\/wp-content\/uploads\/2014\/11\/pal.jpg","contentUrl":"https:\/\/www.notibras.com\/site\/wp-content\/uploads\/2014\/11\/pal.jpg","width":1920,"height":1080},{"@type":"BreadcrumbList","@id":"https:\/\/www.notibras.com\/site\/palmeiras-vence-mais-uma-fora-e-queda-para-a-b-fica-distante\/#breadcrumb","itemListElement":[{"@type":"ListItem","position":1,"name":"In\u00edcio","item":"https:\/\/www.notibras.com\/site\/"},{"@type":"ListItem","position":2,"name":"Palmeiras vence mais uma fora e queda para a B fica distante"}]},{"@type":"WebSite","@id":"https:\/\/www.notibras.com\/site\/#website","url":"https:\/\/www.notibras.com\/site\/","name":"Notibras","description":"Not\u00edcias de Bras\u00edlia, do Brasil e do Mundo","publisher":{"@id":"https:\/\/www.notibras.com\/site\/#organization"},"potentialAction":[{"@type":"SearchAction","target":{"@type":"EntryPoint","urlTemplate":"https:\/\/www.notibras.com\/site\/?s={search_term_string}"},"query-input":{"@type":"PropertyValueSpecification","valueRequired":true,"valueName":"search_term_string"}}],"inLanguage":"pt-BR"},{"@type":"Organization","@id":"https:\/\/www.notibras.com\/site\/#organization","name":"Grupo Notibras de Comunica\u00e7\u00e3o","url":"https:\/\/www.notibras.com\/site\/","logo":{"@type":"ImageObject","inLanguage":"pt-BR","@id":"https:\/\/www.notibras.com\/site\/#\/schema\/logo\/image\/","url":"https:\/\/www.notibras.com\/site\/wp-content\/uploads\/2023\/01\/notibras23.png","contentUrl":"https:\/\/www.notibras.com\/site\/wp-content\/uploads\/2023\/01\/notibras23.png","width":350,"height":87,"caption":"Grupo Notibras de Comunica\u00e7\u00e3o"},"image":{"@id":"https:\/\/www.notibras.com\/site\/#\/schema\/logo\/image\/"},"sameAs":["https:\/\/www.facebook.com\/notibras\/","https:\/\/x.com\/Notibras","https:\/\/www.instagram.com\/notibras\/"]},{"@type":"Person","@id":"https:\/\/www.notibras.com\/site\/#\/schema\/person\/36ab0979449956132d3e5b517ea76ac8","name":"Reda\u00e7\u00e3o","image":{"@type":"ImageObject","inLanguage":"pt-BR","@id":"https:\/\/secure.gravatar.com\/avatar\/e0a867bdedb85fd243eadf09663511f96fc81e0720a4a42581f334ad4303aa6b?s=96&d=mm&r=g","url":"https:\/\/secure.gravatar.com\/avatar\/e0a867bdedb85fd243eadf09663511f96fc81e0720a4a42581f334ad4303aa6b?s=96&d=mm&r=g","contentUrl":"https:\/\/secure.gravatar.com\/avatar\/e0a867bdedb85fd243eadf09663511f96fc81e0720a4a42581f334ad4303aa6b?s=96&d=mm&r=g","caption":"Reda\u00e7\u00e3o"}}]}},"amp_enabled":true,"_links":{"self":[{"href":"https:\/\/www.notibras.com\/site\/wp-json\/wp\/v2\/posts\/26730","targetHints":{"allow":["GET"]}}],"collection":[{"href":"https:\/\/www.notibras.com\/site\/wp-json\/wp\/v2\/posts"}],"about":[{"href":"https:\/\/www.notibras.com\/site\/wp-json\/wp\/v2\/types\/post"}],"author":[{"embeddable":true,"href":"https:\/\/www.notibras.com\/site\/wp-json\/wp\/v2\/users\/2"}],"replies":[{"embeddable":true,"href":"https:\/\/www.notibras.com\/site\/wp-json\/wp\/v2\/comments?post=26730"}],"version-history":[{"count":0,"href":"https:\/\/www.notibras.com\/site\/wp-json\/wp\/v2\/posts\/26730\/revisions"}],"wp:featuredmedia":[{"embeddable":true,"href":"https:\/\/www.notibras.com\/site\/wp-json\/wp\/v2\/media\/26731"}],"wp:attachment":[{"href":"https:\/\/www.notibras.com\/site\/wp-json\/wp\/v2\/media?parent=26730"}],"wp:term":[{"taxonomy":"category","embeddable":true,"href":"https:\/\/www.notibras.com\/site\/wp-json\/wp\/v2\/categories?post=26730"},{"taxonomy":"post_tag","embeddable":true,"href":"https:\/\/www.notibras.com\/site\/wp-json\/wp\/v2\/tags?post=26730"}],"curies":[{"name":"wp","href":"https:\/\/api.w.org\/{rel}","templated":true}]}}