{"id":26750,"date":"2014-11-03T11:42:33","date_gmt":"2014-11-03T14:42:33","guid":{"rendered":"http:\/\/www.notibras.com\/site\/?p=26750"},"modified":"2014-11-06T06:50:02","modified_gmt":"2014-11-06T09:50:02","slug":"sacoleiro-turista-de-faz-de-conta-amplia-deficit-da-balanca-comercial","status":"publish","type":"post","link":"https:\/\/www.notibras.com\/site\/sacoleiro-turista-de-faz-de-conta-amplia-deficit-da-balanca-comercial\/","title":{"rendered":"Sacoleiro, turista de faz de conta amplia o d\u00e9ficit da balan\u00e7a"},"content":{"rendered":"<p>Dois problemas s\u00e9rios t\u00eam causado preju\u00edzos ao Brasil, tanto no que diz respeito ao n\u00e3o pagamento de impostos, quanto aos danos contra a ind\u00fastria nacional. Refiro-me ao com\u00e9rcio de roupas por sacoleiros de luxo disfar\u00e7ados de turistas e \u00e0 compra de produtos t\u00eaxteis no exterior pela internet, com remessa ao nosso pa\u00eds por via postal.<\/p>\n<p>No primeiro caso, tem gente transformando em neg\u00f3cio lucrativo as compras feitas em supostas viagens de lazer. Os n\u00fameros mostram isso. Vejamos: em 2013, foram oito milh\u00f5es de viajantes que trouxeram cerca de 60 mil toneladas em roupas, basicamente. Considerando que o consumo individual do brasileiro \u00e9 de cerca de sete quilos de roupa por ano, o volume trazido pelos turistas daria para vestir oito milh\u00f5es e meio de pessoas, ou todos os habitantes da cidade do Rio de Janeiro, e ainda sobrava.<\/p>\n<blockquote><p>A Receita Federal afirma que em 2013 os brasileiros gastaram US$ 25 bilh\u00f5es no exterior. Estima-se que 20% desse valor foi gasto em roupas, o que daria US$ 5 bilh\u00f5es s\u00f3 em vestu\u00e1rio. Fica muito claro que parte das pessoas que desrespeita a lei e traz mais produtos do que \u00e9 permitido (a lei concede uma cota de US$ 500 por viajante), est\u00e1, na verdade, revendendo essas mercadorias, principalmente roupas.<\/p><\/blockquote>\n<p>O segundo problema, como frisei no in\u00edcio do texto, \u00e9 relativo \u00e0s compras de roupas pela internet, com remessas feitas por via postal, nos distintos servi\u00e7os dessa natureza. Exatamente como ocorre nas alf\u00e2ndegas dos aeroportos, o controle do conte\u00fado dos pacotes postais \u00e9 feito por amostragem. Por isso, tamb\u00e9m neste caso, muita mercadoria entra sem pagar impostos.<\/p>\n<p>N\u00e3o existem dados precisos sobre o volume de roupas e acess\u00f3rios que entram no Brasil por via postal. Sabemos, por\u00e9m, que em 2013 foram mais de 20 milh\u00f5es de pacotes que chegaram dessa forma. Embora roupas n\u00e3o sejam ainda a maior parte das encomendas, isso tende a aumentar, pois nas lojas virtuais do Brasil, j\u00e1 s\u00e3o um dos tr\u00eas produtos mais comprados. Isso mostra que o brasileiro est\u00e1 se adaptando rapidamente a essa forma de com\u00e9rcio de vestu\u00e1rio.<\/p>\n<p>O ingresso de roupas por meio dos turistas &#8211; cujo valor (US$ 5 bilh\u00f5es por ano) equivale ao faturamento anual estimado das quatro maiores redes varejistas do setor no Brasil &#8211; e as remessas postais est\u00e3o prejudicando muito uma das mais importantes ind\u00fastrias nacionais quanto \u00e0 gera\u00e7\u00e3o de empregos. Com o nosso dinheiro, estamos criando postos de trabalho em outras na\u00e7\u00f5es.<\/p>\n<p>Nosso pa\u00eds tem a quarta maior ind\u00fastria do mundo produtora de vestu\u00e1rio e a quinta maior em termos t\u00eaxteis, que tamb\u00e9m inclui tecidos, fios e aviamentos. Trata-se de um setor constitu\u00eddo por 32 mil empresas, numerosas delas pequenas e m\u00e9dias, empregadoras de 1,61 milh\u00e3o de pessoas diretamente. Estamos falando de um patrim\u00f4nio da economia nacional que, a exemplo dos demais setores de atividade, n\u00e3o pode ser corro\u00eddo pela concorr\u00eancia de produtos que sequer pagam impostos para entrar no Brasil e chegar ao consumidor final.<\/p>\n<p>A Receita Federal realiza um trabalho em constante evolu\u00e7\u00e3o. No ano passado, submeteu mais de seis milh\u00f5es de bagagens \u00e0 inspe\u00e7\u00e3o indireta, via scanners, e 659 mil diretas, com abertura das malas nos aeroportos. Apreendeu, ainda, US$ 20,5 milh\u00f5es em mercadorias diversas e descartou outros R$ 7,5 milh\u00f5es em produtos. No entanto, \u00e9 imposs\u00edvel abrir as malas de todos os milhares de brasileiros que retornam diariamente de viagens internacionais, bem como os mais de 20 milh\u00f5es de pacotes remetidos por via postal.<\/p>\n<p>Ao contr\u00e1rio do que pode parecer, as empresas brasileiras n\u00e3o est\u0101o lucrando com os pre\u00e7os considerados altos em nosso mercado. O fato \u00e9 que existe o chamado &#8220;Custo Brasil&#8221; (juros, carga tribut\u00e1ria, custo de log\u00edstica etc.), que encarece o produto nacional.<\/p>\n<p>Esta quest\u00e3o, por\u00e9m, n\u00e3o pode servir de pretexto para que as compras no exterior superem os limites estabelecidos e entrem em nosso territ\u00f3rio sem o devido pagamento dos impostos. A pretensa vantagem de alguns se transforma em preju\u00edzo para muitos, na medida em que prejudica toda uma ind\u00fastria e amea\u00e7a os empregos de milhares de pessoas, inclusive nossos pr\u00f3prios amigos e parentes que trabalham em atividades vinculadas \u00e0 ind\u00fastria t\u00eaxtil e de confec\u00e7\u00e3o do Brasil.<\/p>\n<p><strong>Rafael Cervone<\/strong><\/p>\n","protected":false},"excerpt":{"rendered":"<p>Dois problemas s\u00e9rios t\u00eam causado preju\u00edzos ao Brasil, tanto no que diz respeito ao n\u00e3o pagamento de impostos, quanto aos danos contra a ind\u00fastria nacional. Refiro-me ao com\u00e9rcio de roupas por sacoleiros de luxo disfar\u00e7ados de turistas e \u00e0 compra de produtos t\u00eaxteis no exterior pela internet, com remessa ao nosso pa\u00eds por via postal. [&hellip;]<\/p>\n","protected":false},"author":2,"featured_media":26751,"comment_status":"open","ping_status":"closed","sticky":false,"template":"","format":"standard","meta":{"_acf_changed":false,"footnotes":""},"categories":[25],"tags":[],"class_list":["post-26750","post","type-post","status-publish","format-standard","has-post-thumbnail","hentry","category-opina-ai"],"acf":[],"yoast_head":"<!-- This site is optimized with the Yoast SEO plugin v27.5 - https:\/\/yoast.com\/product\/yoast-seo-wordpress\/ -->\n<title>Sacoleiro, turista de faz de conta amplia o d\u00e9ficit da balan\u00e7a - Notibras<\/title>\n<meta name=\"robots\" content=\"index, follow, max-snippet:-1, max-image-preview:large, max-video-preview:-1\" \/>\n<link rel=\"canonical\" href=\"https:\/\/www.notibras.com\/site\/sacoleiro-turista-de-faz-de-conta-amplia-deficit-da-balanca-comercial\/\" \/>\n<meta property=\"og:locale\" content=\"pt_BR\" \/>\n<meta property=\"og:type\" content=\"article\" \/>\n<meta property=\"og:title\" content=\"Sacoleiro, turista de faz de conta amplia o d\u00e9ficit da balan\u00e7a - Notibras\" \/>\n<meta property=\"og:description\" content=\"Dois problemas s\u00e9rios t\u00eam causado preju\u00edzos ao Brasil, tanto no que diz respeito ao n\u00e3o pagamento de impostos, quanto aos danos contra a ind\u00fastria nacional. Refiro-me ao com\u00e9rcio de roupas por sacoleiros de luxo disfar\u00e7ados de turistas e \u00e0 compra de produtos t\u00eaxteis no exterior pela internet, com remessa ao nosso pa\u00eds por via postal. [&hellip;]\" \/>\n<meta property=\"og:url\" content=\"https:\/\/www.notibras.com\/site\/sacoleiro-turista-de-faz-de-conta-amplia-deficit-da-balanca-comercial\/\" \/>\n<meta property=\"og:site_name\" content=\"Notibras\" \/>\n<meta property=\"article:publisher\" content=\"https:\/\/www.facebook.com\/notibras\/\" \/>\n<meta property=\"article:published_time\" content=\"2014-11-03T14:42:33+00:00\" \/>\n<meta property=\"article:modified_time\" content=\"2014-11-06T09:50:02+00:00\" \/>\n<meta property=\"og:image\" content=\"https:\/\/www.notibras.com\/site\/wp-content\/uploads\/2014\/11\/op1.jpg\" \/>\n\t<meta property=\"og:image:width\" content=\"720\" \/>\n\t<meta property=\"og:image:height\" content=\"460\" \/>\n\t<meta property=\"og:image:type\" content=\"image\/jpeg\" \/>\n<meta name=\"author\" content=\"Reda\u00e7\u00e3o\" \/>\n<meta name=\"twitter:card\" content=\"summary_large_image\" \/>\n<meta name=\"twitter:creator\" content=\"@Notibras\" \/>\n<meta name=\"twitter:site\" content=\"@Notibras\" \/>\n<meta name=\"twitter:label1\" content=\"Escrito por\" \/>\n\t<meta name=\"twitter:data1\" content=\"Reda\u00e7\u00e3o\" \/>\n\t<meta name=\"twitter:label2\" content=\"Est. tempo de leitura\" \/>\n\t<meta name=\"twitter:data2\" content=\"4 minutos\" \/>\n<script type=\"application\/ld+json\" class=\"yoast-schema-graph\">{\"@context\":\"https:\\\/\\\/schema.org\",\"@graph\":[{\"@type\":\"Article\",\"@id\":\"https:\\\/\\\/www.notibras.com\\\/site\\\/sacoleiro-turista-de-faz-de-conta-amplia-deficit-da-balanca-comercial\\\/#article\",\"isPartOf\":{\"@id\":\"https:\\\/\\\/www.notibras.com\\\/site\\\/sacoleiro-turista-de-faz-de-conta-amplia-deficit-da-balanca-comercial\\\/\"},\"author\":{\"name\":\"Reda\u00e7\u00e3o\",\"@id\":\"https:\\\/\\\/www.notibras.com\\\/site\\\/#\\\/schema\\\/person\\\/36ab0979449956132d3e5b517ea76ac8\"},\"headline\":\"Sacoleiro, turista de faz de conta amplia o d\u00e9ficit da balan\u00e7a\",\"datePublished\":\"2014-11-03T14:42:33+00:00\",\"dateModified\":\"2014-11-06T09:50:02+00:00\",\"mainEntityOfPage\":{\"@id\":\"https:\\\/\\\/www.notibras.com\\\/site\\\/sacoleiro-turista-de-faz-de-conta-amplia-deficit-da-balanca-comercial\\\/\"},\"wordCount\":746,\"commentCount\":0,\"publisher\":{\"@id\":\"https:\\\/\\\/www.notibras.com\\\/site\\\/#organization\"},\"image\":{\"@id\":\"https:\\\/\\\/www.notibras.com\\\/site\\\/sacoleiro-turista-de-faz-de-conta-amplia-deficit-da-balanca-comercial\\\/#primaryimage\"},\"thumbnailUrl\":\"https:\\\/\\\/www.notibras.com\\\/site\\\/wp-content\\\/uploads\\\/2014\\\/11\\\/op1.jpg\",\"articleSection\":[\"Opina a\u00ed\"],\"inLanguage\":\"pt-BR\",\"potentialAction\":[{\"@type\":\"CommentAction\",\"name\":\"Comment\",\"target\":[\"https:\\\/\\\/www.notibras.com\\\/site\\\/sacoleiro-turista-de-faz-de-conta-amplia-deficit-da-balanca-comercial\\\/#respond\"]}]},{\"@type\":\"WebPage\",\"@id\":\"https:\\\/\\\/www.notibras.com\\\/site\\\/sacoleiro-turista-de-faz-de-conta-amplia-deficit-da-balanca-comercial\\\/\",\"url\":\"https:\\\/\\\/www.notibras.com\\\/site\\\/sacoleiro-turista-de-faz-de-conta-amplia-deficit-da-balanca-comercial\\\/\",\"name\":\"Sacoleiro, turista de faz de conta amplia o d\u00e9ficit da balan\u00e7a - Notibras\",\"isPartOf\":{\"@id\":\"https:\\\/\\\/www.notibras.com\\\/site\\\/#website\"},\"primaryImageOfPage\":{\"@id\":\"https:\\\/\\\/www.notibras.com\\\/site\\\/sacoleiro-turista-de-faz-de-conta-amplia-deficit-da-balanca-comercial\\\/#primaryimage\"},\"image\":{\"@id\":\"https:\\\/\\\/www.notibras.com\\\/site\\\/sacoleiro-turista-de-faz-de-conta-amplia-deficit-da-balanca-comercial\\\/#primaryimage\"},\"thumbnailUrl\":\"https:\\\/\\\/www.notibras.com\\\/site\\\/wp-content\\\/uploads\\\/2014\\\/11\\\/op1.jpg\",\"datePublished\":\"2014-11-03T14:42:33+00:00\",\"dateModified\":\"2014-11-06T09:50:02+00:00\",\"breadcrumb\":{\"@id\":\"https:\\\/\\\/www.notibras.com\\\/site\\\/sacoleiro-turista-de-faz-de-conta-amplia-deficit-da-balanca-comercial\\\/#breadcrumb\"},\"inLanguage\":\"pt-BR\",\"potentialAction\":[{\"@type\":\"ReadAction\",\"target\":[\"https:\\\/\\\/www.notibras.com\\\/site\\\/sacoleiro-turista-de-faz-de-conta-amplia-deficit-da-balanca-comercial\\\/\"]}]},{\"@type\":\"ImageObject\",\"inLanguage\":\"pt-BR\",\"@id\":\"https:\\\/\\\/www.notibras.com\\\/site\\\/sacoleiro-turista-de-faz-de-conta-amplia-deficit-da-balanca-comercial\\\/#primaryimage\",\"url\":\"https:\\\/\\\/www.notibras.com\\\/site\\\/wp-content\\\/uploads\\\/2014\\\/11\\\/op1.jpg\",\"contentUrl\":\"https:\\\/\\\/www.notibras.com\\\/site\\\/wp-content\\\/uploads\\\/2014\\\/11\\\/op1.jpg\",\"width\":720,\"height\":460},{\"@type\":\"BreadcrumbList\",\"@id\":\"https:\\\/\\\/www.notibras.com\\\/site\\\/sacoleiro-turista-de-faz-de-conta-amplia-deficit-da-balanca-comercial\\\/#breadcrumb\",\"itemListElement\":[{\"@type\":\"ListItem\",\"position\":1,\"name\":\"In\u00edcio\",\"item\":\"https:\\\/\\\/www.notibras.com\\\/site\\\/\"},{\"@type\":\"ListItem\",\"position\":2,\"name\":\"Sacoleiro, turista de faz de conta amplia o d\u00e9ficit da balan\u00e7a\"}]},{\"@type\":\"WebSite\",\"@id\":\"https:\\\/\\\/www.notibras.com\\\/site\\\/#website\",\"url\":\"https:\\\/\\\/www.notibras.com\\\/site\\\/\",\"name\":\"Notibras\",\"description\":\"Not\u00edcias de Bras\u00edlia, do Brasil e do Mundo\",\"publisher\":{\"@id\":\"https:\\\/\\\/www.notibras.com\\\/site\\\/#organization\"},\"potentialAction\":[{\"@type\":\"SearchAction\",\"target\":{\"@type\":\"EntryPoint\",\"urlTemplate\":\"https:\\\/\\\/www.notibras.com\\\/site\\\/?s={search_term_string}\"},\"query-input\":{\"@type\":\"PropertyValueSpecification\",\"valueRequired\":true,\"valueName\":\"search_term_string\"}}],\"inLanguage\":\"pt-BR\"},{\"@type\":\"Organization\",\"@id\":\"https:\\\/\\\/www.notibras.com\\\/site\\\/#organization\",\"name\":\"Grupo Notibras de Comunica\u00e7\u00e3o\",\"url\":\"https:\\\/\\\/www.notibras.com\\\/site\\\/\",\"logo\":{\"@type\":\"ImageObject\",\"inLanguage\":\"pt-BR\",\"@id\":\"https:\\\/\\\/www.notibras.com\\\/site\\\/#\\\/schema\\\/logo\\\/image\\\/\",\"url\":\"https:\\\/\\\/www.notibras.com\\\/site\\\/wp-content\\\/uploads\\\/2023\\\/01\\\/notibras23.png\",\"contentUrl\":\"https:\\\/\\\/www.notibras.com\\\/site\\\/wp-content\\\/uploads\\\/2023\\\/01\\\/notibras23.png\",\"width\":350,\"height\":87,\"caption\":\"Grupo Notibras de Comunica\u00e7\u00e3o\"},\"image\":{\"@id\":\"https:\\\/\\\/www.notibras.com\\\/site\\\/#\\\/schema\\\/logo\\\/image\\\/\"},\"sameAs\":[\"https:\\\/\\\/www.facebook.com\\\/notibras\\\/\",\"https:\\\/\\\/x.com\\\/Notibras\",\"https:\\\/\\\/www.instagram.com\\\/notibras\\\/\"]},{\"@type\":\"Person\",\"@id\":\"https:\\\/\\\/www.notibras.com\\\/site\\\/#\\\/schema\\\/person\\\/36ab0979449956132d3e5b517ea76ac8\",\"name\":\"Reda\u00e7\u00e3o\",\"image\":{\"@type\":\"ImageObject\",\"inLanguage\":\"pt-BR\",\"@id\":\"https:\\\/\\\/secure.gravatar.com\\\/avatar\\\/e0a867bdedb85fd243eadf09663511f96fc81e0720a4a42581f334ad4303aa6b?s=96&d=mm&r=g\",\"url\":\"https:\\\/\\\/secure.gravatar.com\\\/avatar\\\/e0a867bdedb85fd243eadf09663511f96fc81e0720a4a42581f334ad4303aa6b?s=96&d=mm&r=g\",\"contentUrl\":\"https:\\\/\\\/secure.gravatar.com\\\/avatar\\\/e0a867bdedb85fd243eadf09663511f96fc81e0720a4a42581f334ad4303aa6b?s=96&d=mm&r=g\",\"caption\":\"Reda\u00e7\u00e3o\"}}]}<\/script>\n<!-- \/ Yoast SEO plugin. -->","yoast_head_json":{"title":"Sacoleiro, turista de faz de conta amplia o d\u00e9ficit da balan\u00e7a - Notibras","robots":{"index":"index","follow":"follow","max-snippet":"max-snippet:-1","max-image-preview":"max-image-preview:large","max-video-preview":"max-video-preview:-1"},"canonical":"https:\/\/www.notibras.com\/site\/sacoleiro-turista-de-faz-de-conta-amplia-deficit-da-balanca-comercial\/","og_locale":"pt_BR","og_type":"article","og_title":"Sacoleiro, turista de faz de conta amplia o d\u00e9ficit da balan\u00e7a - Notibras","og_description":"Dois problemas s\u00e9rios t\u00eam causado preju\u00edzos ao Brasil, tanto no que diz respeito ao n\u00e3o pagamento de impostos, quanto aos danos contra a ind\u00fastria nacional. Refiro-me ao com\u00e9rcio de roupas por sacoleiros de luxo disfar\u00e7ados de turistas e \u00e0 compra de produtos t\u00eaxteis no exterior pela internet, com remessa ao nosso pa\u00eds por via postal. [&hellip;]","og_url":"https:\/\/www.notibras.com\/site\/sacoleiro-turista-de-faz-de-conta-amplia-deficit-da-balanca-comercial\/","og_site_name":"Notibras","article_publisher":"https:\/\/www.facebook.com\/notibras\/","article_published_time":"2014-11-03T14:42:33+00:00","article_modified_time":"2014-11-06T09:50:02+00:00","og_image":[{"width":720,"height":460,"url":"https:\/\/www.notibras.com\/site\/wp-content\/uploads\/2014\/11\/op1.jpg","type":"image\/jpeg"}],"author":"Reda\u00e7\u00e3o","twitter_card":"summary_large_image","twitter_creator":"@Notibras","twitter_site":"@Notibras","twitter_misc":{"Escrito por":"Reda\u00e7\u00e3o","Est. tempo de leitura":"4 minutos"},"schema":{"@context":"https:\/\/schema.org","@graph":[{"@type":"Article","@id":"https:\/\/www.notibras.com\/site\/sacoleiro-turista-de-faz-de-conta-amplia-deficit-da-balanca-comercial\/#article","isPartOf":{"@id":"https:\/\/www.notibras.com\/site\/sacoleiro-turista-de-faz-de-conta-amplia-deficit-da-balanca-comercial\/"},"author":{"name":"Reda\u00e7\u00e3o","@id":"https:\/\/www.notibras.com\/site\/#\/schema\/person\/36ab0979449956132d3e5b517ea76ac8"},"headline":"Sacoleiro, turista de faz de conta amplia o d\u00e9ficit da balan\u00e7a","datePublished":"2014-11-03T14:42:33+00:00","dateModified":"2014-11-06T09:50:02+00:00","mainEntityOfPage":{"@id":"https:\/\/www.notibras.com\/site\/sacoleiro-turista-de-faz-de-conta-amplia-deficit-da-balanca-comercial\/"},"wordCount":746,"commentCount":0,"publisher":{"@id":"https:\/\/www.notibras.com\/site\/#organization"},"image":{"@id":"https:\/\/www.notibras.com\/site\/sacoleiro-turista-de-faz-de-conta-amplia-deficit-da-balanca-comercial\/#primaryimage"},"thumbnailUrl":"https:\/\/www.notibras.com\/site\/wp-content\/uploads\/2014\/11\/op1.jpg","articleSection":["Opina a\u00ed"],"inLanguage":"pt-BR","potentialAction":[{"@type":"CommentAction","name":"Comment","target":["https:\/\/www.notibras.com\/site\/sacoleiro-turista-de-faz-de-conta-amplia-deficit-da-balanca-comercial\/#respond"]}]},{"@type":"WebPage","@id":"https:\/\/www.notibras.com\/site\/sacoleiro-turista-de-faz-de-conta-amplia-deficit-da-balanca-comercial\/","url":"https:\/\/www.notibras.com\/site\/sacoleiro-turista-de-faz-de-conta-amplia-deficit-da-balanca-comercial\/","name":"Sacoleiro, turista de faz de conta amplia o d\u00e9ficit da balan\u00e7a - Notibras","isPartOf":{"@id":"https:\/\/www.notibras.com\/site\/#website"},"primaryImageOfPage":{"@id":"https:\/\/www.notibras.com\/site\/sacoleiro-turista-de-faz-de-conta-amplia-deficit-da-balanca-comercial\/#primaryimage"},"image":{"@id":"https:\/\/www.notibras.com\/site\/sacoleiro-turista-de-faz-de-conta-amplia-deficit-da-balanca-comercial\/#primaryimage"},"thumbnailUrl":"https:\/\/www.notibras.com\/site\/wp-content\/uploads\/2014\/11\/op1.jpg","datePublished":"2014-11-03T14:42:33+00:00","dateModified":"2014-11-06T09:50:02+00:00","breadcrumb":{"@id":"https:\/\/www.notibras.com\/site\/sacoleiro-turista-de-faz-de-conta-amplia-deficit-da-balanca-comercial\/#breadcrumb"},"inLanguage":"pt-BR","potentialAction":[{"@type":"ReadAction","target":["https:\/\/www.notibras.com\/site\/sacoleiro-turista-de-faz-de-conta-amplia-deficit-da-balanca-comercial\/"]}]},{"@type":"ImageObject","inLanguage":"pt-BR","@id":"https:\/\/www.notibras.com\/site\/sacoleiro-turista-de-faz-de-conta-amplia-deficit-da-balanca-comercial\/#primaryimage","url":"https:\/\/www.notibras.com\/site\/wp-content\/uploads\/2014\/11\/op1.jpg","contentUrl":"https:\/\/www.notibras.com\/site\/wp-content\/uploads\/2014\/11\/op1.jpg","width":720,"height":460},{"@type":"BreadcrumbList","@id":"https:\/\/www.notibras.com\/site\/sacoleiro-turista-de-faz-de-conta-amplia-deficit-da-balanca-comercial\/#breadcrumb","itemListElement":[{"@type":"ListItem","position":1,"name":"In\u00edcio","item":"https:\/\/www.notibras.com\/site\/"},{"@type":"ListItem","position":2,"name":"Sacoleiro, turista de faz de conta amplia o d\u00e9ficit da balan\u00e7a"}]},{"@type":"WebSite","@id":"https:\/\/www.notibras.com\/site\/#website","url":"https:\/\/www.notibras.com\/site\/","name":"Notibras","description":"Not\u00edcias de Bras\u00edlia, do Brasil e do Mundo","publisher":{"@id":"https:\/\/www.notibras.com\/site\/#organization"},"potentialAction":[{"@type":"SearchAction","target":{"@type":"EntryPoint","urlTemplate":"https:\/\/www.notibras.com\/site\/?s={search_term_string}"},"query-input":{"@type":"PropertyValueSpecification","valueRequired":true,"valueName":"search_term_string"}}],"inLanguage":"pt-BR"},{"@type":"Organization","@id":"https:\/\/www.notibras.com\/site\/#organization","name":"Grupo Notibras de Comunica\u00e7\u00e3o","url":"https:\/\/www.notibras.com\/site\/","logo":{"@type":"ImageObject","inLanguage":"pt-BR","@id":"https:\/\/www.notibras.com\/site\/#\/schema\/logo\/image\/","url":"https:\/\/www.notibras.com\/site\/wp-content\/uploads\/2023\/01\/notibras23.png","contentUrl":"https:\/\/www.notibras.com\/site\/wp-content\/uploads\/2023\/01\/notibras23.png","width":350,"height":87,"caption":"Grupo Notibras de Comunica\u00e7\u00e3o"},"image":{"@id":"https:\/\/www.notibras.com\/site\/#\/schema\/logo\/image\/"},"sameAs":["https:\/\/www.facebook.com\/notibras\/","https:\/\/x.com\/Notibras","https:\/\/www.instagram.com\/notibras\/"]},{"@type":"Person","@id":"https:\/\/www.notibras.com\/site\/#\/schema\/person\/36ab0979449956132d3e5b517ea76ac8","name":"Reda\u00e7\u00e3o","image":{"@type":"ImageObject","inLanguage":"pt-BR","@id":"https:\/\/secure.gravatar.com\/avatar\/e0a867bdedb85fd243eadf09663511f96fc81e0720a4a42581f334ad4303aa6b?s=96&d=mm&r=g","url":"https:\/\/secure.gravatar.com\/avatar\/e0a867bdedb85fd243eadf09663511f96fc81e0720a4a42581f334ad4303aa6b?s=96&d=mm&r=g","contentUrl":"https:\/\/secure.gravatar.com\/avatar\/e0a867bdedb85fd243eadf09663511f96fc81e0720a4a42581f334ad4303aa6b?s=96&d=mm&r=g","caption":"Reda\u00e7\u00e3o"}}]}},"amp_enabled":true,"_links":{"self":[{"href":"https:\/\/www.notibras.com\/site\/wp-json\/wp\/v2\/posts\/26750","targetHints":{"allow":["GET"]}}],"collection":[{"href":"https:\/\/www.notibras.com\/site\/wp-json\/wp\/v2\/posts"}],"about":[{"href":"https:\/\/www.notibras.com\/site\/wp-json\/wp\/v2\/types\/post"}],"author":[{"embeddable":true,"href":"https:\/\/www.notibras.com\/site\/wp-json\/wp\/v2\/users\/2"}],"replies":[{"embeddable":true,"href":"https:\/\/www.notibras.com\/site\/wp-json\/wp\/v2\/comments?post=26750"}],"version-history":[{"count":0,"href":"https:\/\/www.notibras.com\/site\/wp-json\/wp\/v2\/posts\/26750\/revisions"}],"wp:featuredmedia":[{"embeddable":true,"href":"https:\/\/www.notibras.com\/site\/wp-json\/wp\/v2\/media\/26751"}],"wp:attachment":[{"href":"https:\/\/www.notibras.com\/site\/wp-json\/wp\/v2\/media?parent=26750"}],"wp:term":[{"taxonomy":"category","embeddable":true,"href":"https:\/\/www.notibras.com\/site\/wp-json\/wp\/v2\/categories?post=26750"},{"taxonomy":"post_tag","embeddable":true,"href":"https:\/\/www.notibras.com\/site\/wp-json\/wp\/v2\/tags?post=26750"}],"curies":[{"name":"wp","href":"https:\/\/api.w.org\/{rel}","templated":true}]}}