{"id":26945,"date":"2014-11-04T20:28:00","date_gmt":"2014-11-04T23:28:00","guid":{"rendered":"http:\/\/www.notibras.com\/site\/?p=26945"},"modified":"2014-11-04T20:28:00","modified_gmt":"2014-11-04T23:28:00","slug":"povo-comeca-a-ocupar-as-ruas-em-defesa-da-reforma-politica","status":"publish","type":"post","link":"https:\/\/www.notibras.com\/site\/povo-comeca-a-ocupar-as-ruas-em-defesa-da-reforma-politica\/","title":{"rendered":"Povo come\u00e7a a ocupar as ruas em defesa da reforma pol\u00edtica"},"content":{"rendered":"<p class=\"text\">Uma not\u00edcia que vem de S\u00e3o Paulo promete dar o tom da sociedade para pressionar pela aprova\u00e7\u00e3o de um Projeto de Decreto Legislativo (PDC) que pede a realiza\u00e7\u00e3o de um plebiscito pela convoca\u00e7\u00e3o de uma Assembleia Nacional Constituinte exclusiva para a reforma pol\u00edtica: um grupo estimado em 500 pessoas soltou a voz no come\u00e7o da noite desta ter\u00e7a-feira 4. E mesmo debaixo de muita chuva, foi poss\u00edvel ouvir gritos de &#8220;plebiscito j\u00e1&#8221;. Se vingar a vontade do povo, a popula\u00e7\u00e3o ir\u00e1 \u00e0s urnas para responder a seguinte pergunta: \u201cVoc\u00ea \u00e9 a favor de uma Assembleia Nacional Constituinte exclusiva e soberana sobre o sistema pol\u00edtico?\u201d<\/p>\n","protected":false},"excerpt":{"rendered":"<p>Uma not\u00edcia que vem de S\u00e3o Paulo promete dar o tom da sociedade para pressionar pela aprova\u00e7\u00e3o de um Projeto de Decreto Legislativo (PDC) que pede a realiza\u00e7\u00e3o de um plebiscito pela convoca\u00e7\u00e3o de uma Assembleia Nacional Constituinte exclusiva para a reforma pol\u00edtica: um grupo estimado em 500 pessoas soltou a voz no come\u00e7o da [&hellip;]<\/p>\n","protected":false},"author":2,"featured_media":26946,"comment_status":"open","ping_status":"closed","sticky":false,"template":"","format":"standard","meta":{"_acf_changed":false,"footnotes":""},"categories":[26],"tags":[],"class_list":["post-26945","post","type-post","status-publish","format-standard","has-post-thumbnail","hentry","category-eleicoes-2022"],"acf":[],"yoast_head":"<!-- This site is optimized with the Yoast SEO plugin v27.2 - https:\/\/yoast.com\/product\/yoast-seo-wordpress\/ -->\n<title>Povo come\u00e7a a ocupar as ruas em defesa da reforma pol\u00edtica - Notibras<\/title>\n<meta name=\"robots\" content=\"index, follow, max-snippet:-1, max-image-preview:large, max-video-preview:-1\" \/>\n<link rel=\"canonical\" href=\"https:\/\/www.notibras.com\/site\/povo-comeca-a-ocupar-as-ruas-em-defesa-da-reforma-politica\/\" \/>\n<meta property=\"og:locale\" content=\"pt_BR\" \/>\n<meta property=\"og:type\" content=\"article\" \/>\n<meta property=\"og:title\" content=\"Povo come\u00e7a a ocupar as ruas em defesa da reforma pol\u00edtica - Notibras\" \/>\n<meta property=\"og:description\" content=\"Uma not\u00edcia que vem de S\u00e3o Paulo promete dar o tom da sociedade para pressionar pela aprova\u00e7\u00e3o de um Projeto de Decreto Legislativo (PDC) que pede a realiza\u00e7\u00e3o de um plebiscito pela convoca\u00e7\u00e3o de uma Assembleia Nacional Constituinte exclusiva para a reforma pol\u00edtica: um grupo estimado em 500 pessoas soltou a voz no come\u00e7o da [&hellip;]\" \/>\n<meta property=\"og:url\" content=\"https:\/\/www.notibras.com\/site\/povo-comeca-a-ocupar-as-ruas-em-defesa-da-reforma-politica\/\" \/>\n<meta property=\"og:site_name\" content=\"Notibras\" \/>\n<meta property=\"article:publisher\" content=\"https:\/\/www.facebook.com\/notibras\/\" \/>\n<meta property=\"article:published_time\" content=\"2014-11-04T23:28:00+00:00\" \/>\n<meta property=\"og:image\" content=\"https:\/\/www.notibras.com\/site\/wp-content\/uploads\/2014\/11\/p31.jpg\" \/>\n\t<meta property=\"og:image:width\" content=\"460\" \/>\n\t<meta property=\"og:image:height\" content=\"340\" \/>\n\t<meta property=\"og:image:type\" content=\"image\/jpeg\" \/>\n<meta name=\"author\" content=\"Reda\u00e7\u00e3o\" \/>\n<meta name=\"twitter:card\" content=\"summary_large_image\" \/>\n<meta name=\"twitter:creator\" content=\"@Notibras\" \/>\n<meta name=\"twitter:site\" content=\"@Notibras\" \/>\n<meta name=\"twitter:label1\" content=\"Escrito por\" \/>\n\t<meta name=\"twitter:data1\" content=\"Reda\u00e7\u00e3o\" \/>\n\t<meta name=\"twitter:label2\" content=\"Est. tempo de leitura\" \/>\n\t<meta name=\"twitter:data2\" content=\"1 minuto\" \/>\n<script type=\"application\/ld+json\" class=\"yoast-schema-graph\">{\"@context\":\"https:\/\/schema.org\",\"@graph\":[{\"@type\":\"Article\",\"@id\":\"https:\/\/www.notibras.com\/site\/povo-comeca-a-ocupar-as-ruas-em-defesa-da-reforma-politica\/#article\",\"isPartOf\":{\"@id\":\"https:\/\/www.notibras.com\/site\/povo-comeca-a-ocupar-as-ruas-em-defesa-da-reforma-politica\/\"},\"author\":{\"name\":\"Reda\u00e7\u00e3o\",\"@id\":\"https:\/\/www.notibras.com\/site\/#\/schema\/person\/36ab0979449956132d3e5b517ea76ac8\"},\"headline\":\"Povo come\u00e7a a ocupar as ruas em defesa da reforma pol\u00edtica\",\"datePublished\":\"2014-11-04T23:28:00+00:00\",\"mainEntityOfPage\":{\"@id\":\"https:\/\/www.notibras.com\/site\/povo-comeca-a-ocupar-as-ruas-em-defesa-da-reforma-politica\/\"},\"wordCount\":125,\"commentCount\":0,\"publisher\":{\"@id\":\"https:\/\/www.notibras.com\/site\/#organization\"},\"image\":{\"@id\":\"https:\/\/www.notibras.com\/site\/povo-comeca-a-ocupar-as-ruas-em-defesa-da-reforma-politica\/#primaryimage\"},\"thumbnailUrl\":\"https:\/\/www.notibras.com\/site\/wp-content\/uploads\/2014\/11\/p31.jpg\",\"articleSection\":[\"Elei\u00e7\u00f5es 2022\"],\"inLanguage\":\"pt-BR\",\"potentialAction\":[{\"@type\":\"CommentAction\",\"name\":\"Comment\",\"target\":[\"https:\/\/www.notibras.com\/site\/povo-comeca-a-ocupar-as-ruas-em-defesa-da-reforma-politica\/#respond\"]}]},{\"@type\":\"WebPage\",\"@id\":\"https:\/\/www.notibras.com\/site\/povo-comeca-a-ocupar-as-ruas-em-defesa-da-reforma-politica\/\",\"url\":\"https:\/\/www.notibras.com\/site\/povo-comeca-a-ocupar-as-ruas-em-defesa-da-reforma-politica\/\",\"name\":\"Povo come\u00e7a a ocupar as ruas em defesa da reforma pol\u00edtica - Notibras\",\"isPartOf\":{\"@id\":\"https:\/\/www.notibras.com\/site\/#website\"},\"primaryImageOfPage\":{\"@id\":\"https:\/\/www.notibras.com\/site\/povo-comeca-a-ocupar-as-ruas-em-defesa-da-reforma-politica\/#primaryimage\"},\"image\":{\"@id\":\"https:\/\/www.notibras.com\/site\/povo-comeca-a-ocupar-as-ruas-em-defesa-da-reforma-politica\/#primaryimage\"},\"thumbnailUrl\":\"https:\/\/www.notibras.com\/site\/wp-content\/uploads\/2014\/11\/p31.jpg\",\"datePublished\":\"2014-11-04T23:28:00+00:00\",\"breadcrumb\":{\"@id\":\"https:\/\/www.notibras.com\/site\/povo-comeca-a-ocupar-as-ruas-em-defesa-da-reforma-politica\/#breadcrumb\"},\"inLanguage\":\"pt-BR\",\"potentialAction\":[{\"@type\":\"ReadAction\",\"target\":[\"https:\/\/www.notibras.com\/site\/povo-comeca-a-ocupar-as-ruas-em-defesa-da-reforma-politica\/\"]}]},{\"@type\":\"ImageObject\",\"inLanguage\":\"pt-BR\",\"@id\":\"https:\/\/www.notibras.com\/site\/povo-comeca-a-ocupar-as-ruas-em-defesa-da-reforma-politica\/#primaryimage\",\"url\":\"https:\/\/www.notibras.com\/site\/wp-content\/uploads\/2014\/11\/p31.jpg\",\"contentUrl\":\"https:\/\/www.notibras.com\/site\/wp-content\/uploads\/2014\/11\/p31.jpg\",\"width\":460,\"height\":340},{\"@type\":\"BreadcrumbList\",\"@id\":\"https:\/\/www.notibras.com\/site\/povo-comeca-a-ocupar-as-ruas-em-defesa-da-reforma-politica\/#breadcrumb\",\"itemListElement\":[{\"@type\":\"ListItem\",\"position\":1,\"name\":\"In\u00edcio\",\"item\":\"https:\/\/www.notibras.com\/site\/\"},{\"@type\":\"ListItem\",\"position\":2,\"name\":\"Povo come\u00e7a a ocupar as ruas em defesa da reforma pol\u00edtica\"}]},{\"@type\":\"WebSite\",\"@id\":\"https:\/\/www.notibras.com\/site\/#website\",\"url\":\"https:\/\/www.notibras.com\/site\/\",\"name\":\"Notibras\",\"description\":\"Not\u00edcias de Bras\u00edlia, do Brasil e do Mundo\",\"publisher\":{\"@id\":\"https:\/\/www.notibras.com\/site\/#organization\"},\"potentialAction\":[{\"@type\":\"SearchAction\",\"target\":{\"@type\":\"EntryPoint\",\"urlTemplate\":\"https:\/\/www.notibras.com\/site\/?s={search_term_string}\"},\"query-input\":{\"@type\":\"PropertyValueSpecification\",\"valueRequired\":true,\"valueName\":\"search_term_string\"}}],\"inLanguage\":\"pt-BR\"},{\"@type\":\"Organization\",\"@id\":\"https:\/\/www.notibras.com\/site\/#organization\",\"name\":\"Grupo Notibras de Comunica\u00e7\u00e3o\",\"url\":\"https:\/\/www.notibras.com\/site\/\",\"logo\":{\"@type\":\"ImageObject\",\"inLanguage\":\"pt-BR\",\"@id\":\"https:\/\/www.notibras.com\/site\/#\/schema\/logo\/image\/\",\"url\":\"https:\/\/www.notibras.com\/site\/wp-content\/uploads\/2023\/01\/notibras23.png\",\"contentUrl\":\"https:\/\/www.notibras.com\/site\/wp-content\/uploads\/2023\/01\/notibras23.png\",\"width\":350,\"height\":87,\"caption\":\"Grupo Notibras de Comunica\u00e7\u00e3o\"},\"image\":{\"@id\":\"https:\/\/www.notibras.com\/site\/#\/schema\/logo\/image\/\"},\"sameAs\":[\"https:\/\/www.facebook.com\/notibras\/\",\"https:\/\/x.com\/Notibras\",\"https:\/\/www.instagram.com\/notibras\/\"]},{\"@type\":\"Person\",\"@id\":\"https:\/\/www.notibras.com\/site\/#\/schema\/person\/36ab0979449956132d3e5b517ea76ac8\",\"name\":\"Reda\u00e7\u00e3o\",\"image\":{\"@type\":\"ImageObject\",\"inLanguage\":\"pt-BR\",\"@id\":\"https:\/\/secure.gravatar.com\/avatar\/e0a867bdedb85fd243eadf09663511f96fc81e0720a4a42581f334ad4303aa6b?s=96&d=mm&r=g\",\"url\":\"https:\/\/secure.gravatar.com\/avatar\/e0a867bdedb85fd243eadf09663511f96fc81e0720a4a42581f334ad4303aa6b?s=96&d=mm&r=g\",\"contentUrl\":\"https:\/\/secure.gravatar.com\/avatar\/e0a867bdedb85fd243eadf09663511f96fc81e0720a4a42581f334ad4303aa6b?s=96&d=mm&r=g\",\"caption\":\"Reda\u00e7\u00e3o\"}}]}<\/script>\n<!-- \/ Yoast SEO plugin. -->","yoast_head_json":{"title":"Povo come\u00e7a a ocupar as ruas em defesa da reforma pol\u00edtica - Notibras","robots":{"index":"index","follow":"follow","max-snippet":"max-snippet:-1","max-image-preview":"max-image-preview:large","max-video-preview":"max-video-preview:-1"},"canonical":"https:\/\/www.notibras.com\/site\/povo-comeca-a-ocupar-as-ruas-em-defesa-da-reforma-politica\/","og_locale":"pt_BR","og_type":"article","og_title":"Povo come\u00e7a a ocupar as ruas em defesa da reforma pol\u00edtica - Notibras","og_description":"Uma not\u00edcia que vem de S\u00e3o Paulo promete dar o tom da sociedade para pressionar pela aprova\u00e7\u00e3o de um Projeto de Decreto Legislativo (PDC) que pede a realiza\u00e7\u00e3o de um plebiscito pela convoca\u00e7\u00e3o de uma Assembleia Nacional Constituinte exclusiva para a reforma pol\u00edtica: um grupo estimado em 500 pessoas soltou a voz no come\u00e7o da [&hellip;]","og_url":"https:\/\/www.notibras.com\/site\/povo-comeca-a-ocupar-as-ruas-em-defesa-da-reforma-politica\/","og_site_name":"Notibras","article_publisher":"https:\/\/www.facebook.com\/notibras\/","article_published_time":"2014-11-04T23:28:00+00:00","og_image":[{"width":460,"height":340,"url":"https:\/\/www.notibras.com\/site\/wp-content\/uploads\/2014\/11\/p31.jpg","type":"image\/jpeg"}],"author":"Reda\u00e7\u00e3o","twitter_card":"summary_large_image","twitter_creator":"@Notibras","twitter_site":"@Notibras","twitter_misc":{"Escrito por":"Reda\u00e7\u00e3o","Est. tempo de leitura":"1 minuto"},"schema":{"@context":"https:\/\/schema.org","@graph":[{"@type":"Article","@id":"https:\/\/www.notibras.com\/site\/povo-comeca-a-ocupar-as-ruas-em-defesa-da-reforma-politica\/#article","isPartOf":{"@id":"https:\/\/www.notibras.com\/site\/povo-comeca-a-ocupar-as-ruas-em-defesa-da-reforma-politica\/"},"author":{"name":"Reda\u00e7\u00e3o","@id":"https:\/\/www.notibras.com\/site\/#\/schema\/person\/36ab0979449956132d3e5b517ea76ac8"},"headline":"Povo come\u00e7a a ocupar as ruas em defesa da reforma pol\u00edtica","datePublished":"2014-11-04T23:28:00+00:00","mainEntityOfPage":{"@id":"https:\/\/www.notibras.com\/site\/povo-comeca-a-ocupar-as-ruas-em-defesa-da-reforma-politica\/"},"wordCount":125,"commentCount":0,"publisher":{"@id":"https:\/\/www.notibras.com\/site\/#organization"},"image":{"@id":"https:\/\/www.notibras.com\/site\/povo-comeca-a-ocupar-as-ruas-em-defesa-da-reforma-politica\/#primaryimage"},"thumbnailUrl":"https:\/\/www.notibras.com\/site\/wp-content\/uploads\/2014\/11\/p31.jpg","articleSection":["Elei\u00e7\u00f5es 2022"],"inLanguage":"pt-BR","potentialAction":[{"@type":"CommentAction","name":"Comment","target":["https:\/\/www.notibras.com\/site\/povo-comeca-a-ocupar-as-ruas-em-defesa-da-reforma-politica\/#respond"]}]},{"@type":"WebPage","@id":"https:\/\/www.notibras.com\/site\/povo-comeca-a-ocupar-as-ruas-em-defesa-da-reforma-politica\/","url":"https:\/\/www.notibras.com\/site\/povo-comeca-a-ocupar-as-ruas-em-defesa-da-reforma-politica\/","name":"Povo come\u00e7a a ocupar as ruas em defesa da reforma pol\u00edtica - Notibras","isPartOf":{"@id":"https:\/\/www.notibras.com\/site\/#website"},"primaryImageOfPage":{"@id":"https:\/\/www.notibras.com\/site\/povo-comeca-a-ocupar-as-ruas-em-defesa-da-reforma-politica\/#primaryimage"},"image":{"@id":"https:\/\/www.notibras.com\/site\/povo-comeca-a-ocupar-as-ruas-em-defesa-da-reforma-politica\/#primaryimage"},"thumbnailUrl":"https:\/\/www.notibras.com\/site\/wp-content\/uploads\/2014\/11\/p31.jpg","datePublished":"2014-11-04T23:28:00+00:00","breadcrumb":{"@id":"https:\/\/www.notibras.com\/site\/povo-comeca-a-ocupar-as-ruas-em-defesa-da-reforma-politica\/#breadcrumb"},"inLanguage":"pt-BR","potentialAction":[{"@type":"ReadAction","target":["https:\/\/www.notibras.com\/site\/povo-comeca-a-ocupar-as-ruas-em-defesa-da-reforma-politica\/"]}]},{"@type":"ImageObject","inLanguage":"pt-BR","@id":"https:\/\/www.notibras.com\/site\/povo-comeca-a-ocupar-as-ruas-em-defesa-da-reforma-politica\/#primaryimage","url":"https:\/\/www.notibras.com\/site\/wp-content\/uploads\/2014\/11\/p31.jpg","contentUrl":"https:\/\/www.notibras.com\/site\/wp-content\/uploads\/2014\/11\/p31.jpg","width":460,"height":340},{"@type":"BreadcrumbList","@id":"https:\/\/www.notibras.com\/site\/povo-comeca-a-ocupar-as-ruas-em-defesa-da-reforma-politica\/#breadcrumb","itemListElement":[{"@type":"ListItem","position":1,"name":"In\u00edcio","item":"https:\/\/www.notibras.com\/site\/"},{"@type":"ListItem","position":2,"name":"Povo come\u00e7a a ocupar as ruas em defesa da reforma pol\u00edtica"}]},{"@type":"WebSite","@id":"https:\/\/www.notibras.com\/site\/#website","url":"https:\/\/www.notibras.com\/site\/","name":"Notibras","description":"Not\u00edcias de Bras\u00edlia, do Brasil e do Mundo","publisher":{"@id":"https:\/\/www.notibras.com\/site\/#organization"},"potentialAction":[{"@type":"SearchAction","target":{"@type":"EntryPoint","urlTemplate":"https:\/\/www.notibras.com\/site\/?s={search_term_string}"},"query-input":{"@type":"PropertyValueSpecification","valueRequired":true,"valueName":"search_term_string"}}],"inLanguage":"pt-BR"},{"@type":"Organization","@id":"https:\/\/www.notibras.com\/site\/#organization","name":"Grupo Notibras de Comunica\u00e7\u00e3o","url":"https:\/\/www.notibras.com\/site\/","logo":{"@type":"ImageObject","inLanguage":"pt-BR","@id":"https:\/\/www.notibras.com\/site\/#\/schema\/logo\/image\/","url":"https:\/\/www.notibras.com\/site\/wp-content\/uploads\/2023\/01\/notibras23.png","contentUrl":"https:\/\/www.notibras.com\/site\/wp-content\/uploads\/2023\/01\/notibras23.png","width":350,"height":87,"caption":"Grupo Notibras de Comunica\u00e7\u00e3o"},"image":{"@id":"https:\/\/www.notibras.com\/site\/#\/schema\/logo\/image\/"},"sameAs":["https:\/\/www.facebook.com\/notibras\/","https:\/\/x.com\/Notibras","https:\/\/www.instagram.com\/notibras\/"]},{"@type":"Person","@id":"https:\/\/www.notibras.com\/site\/#\/schema\/person\/36ab0979449956132d3e5b517ea76ac8","name":"Reda\u00e7\u00e3o","image":{"@type":"ImageObject","inLanguage":"pt-BR","@id":"https:\/\/secure.gravatar.com\/avatar\/e0a867bdedb85fd243eadf09663511f96fc81e0720a4a42581f334ad4303aa6b?s=96&d=mm&r=g","url":"https:\/\/secure.gravatar.com\/avatar\/e0a867bdedb85fd243eadf09663511f96fc81e0720a4a42581f334ad4303aa6b?s=96&d=mm&r=g","contentUrl":"https:\/\/secure.gravatar.com\/avatar\/e0a867bdedb85fd243eadf09663511f96fc81e0720a4a42581f334ad4303aa6b?s=96&d=mm&r=g","caption":"Reda\u00e7\u00e3o"}}]}},"amp_enabled":true,"_links":{"self":[{"href":"https:\/\/www.notibras.com\/site\/wp-json\/wp\/v2\/posts\/26945","targetHints":{"allow":["GET"]}}],"collection":[{"href":"https:\/\/www.notibras.com\/site\/wp-json\/wp\/v2\/posts"}],"about":[{"href":"https:\/\/www.notibras.com\/site\/wp-json\/wp\/v2\/types\/post"}],"author":[{"embeddable":true,"href":"https:\/\/www.notibras.com\/site\/wp-json\/wp\/v2\/users\/2"}],"replies":[{"embeddable":true,"href":"https:\/\/www.notibras.com\/site\/wp-json\/wp\/v2\/comments?post=26945"}],"version-history":[{"count":0,"href":"https:\/\/www.notibras.com\/site\/wp-json\/wp\/v2\/posts\/26945\/revisions"}],"wp:featuredmedia":[{"embeddable":true,"href":"https:\/\/www.notibras.com\/site\/wp-json\/wp\/v2\/media\/26946"}],"wp:attachment":[{"href":"https:\/\/www.notibras.com\/site\/wp-json\/wp\/v2\/media?parent=26945"}],"wp:term":[{"taxonomy":"category","embeddable":true,"href":"https:\/\/www.notibras.com\/site\/wp-json\/wp\/v2\/categories?post=26945"},{"taxonomy":"post_tag","embeddable":true,"href":"https:\/\/www.notibras.com\/site\/wp-json\/wp\/v2\/tags?post=26945"}],"curies":[{"name":"wp","href":"https:\/\/api.w.org\/{rel}","templated":true}]}}