{"id":26974,"date":"2014-11-04T23:50:53","date_gmt":"2014-11-05T02:50:53","guid":{"rendered":"http:\/\/www.notibras.com\/site\/?p=26974"},"modified":"2014-11-05T06:29:28","modified_gmt":"2014-11-05T09:29:28","slug":"joinville-bate-sampaio-correa-e-conquista-acesso-a-serie-a-2015","status":"publish","type":"post","link":"https:\/\/www.notibras.com\/site\/joinville-bate-sampaio-correa-e-conquista-acesso-a-serie-a-2015\/","title":{"rendered":"Joinville bate Sampaio Correa e conquista acesso \u00e0 S\u00e9rie A 2015"},"content":{"rendered":"<p>O Joinville est\u00e1 de volta \u00e0 S\u00e9rie A do Campeonato Brasileiro. Na noite desta ter\u00e7a-feira (4), o time contou com trope\u00e7o do Ava\u00ed e vit\u00f3ria por 2 a 1 contra o Sampaio Correa, fora de casa, para confirmar matematicamente a classifica\u00e7\u00e3o na S\u00e9rie B &#8211; a \u00faltima vez que aparece na elite do futebol brasileiro foi em 1987.<\/p>\n<p>A \u00faltima vez do Joinville foi na Copa Uni\u00e3o de 1987, uma competi\u00e7\u00e3o que foi disputada em dois m\u00f3dulos, verde e amarelo. A equipe catarinense jogou pelo segundo grupo, que \u00e9 considerado hoje pela CBF como parte da divis\u00e3o de elite daquele ano.<\/p>\n<p>O acesso do Joinville est\u00e1 confirmado porque o Ava\u00ed apenas empatou por 0 a 0 com o Oeste, em partida disputada nesta ter\u00e7a-feira, e chegou aos 53 pontos, assumindo a quarta coloca\u00e7\u00e3o. Com a vit\u00f3ria, o Joinville tem agora 66 pontos e n\u00e3o pode mais ser alcan\u00e7ado por pelo menos quatro advers\u00e1rios nas quatro rodadas restantes da competi\u00e7\u00e3o, o que tiraria os catarinenses da zona de acesso.<\/p>\n<p>De quebra, o Joinville assume a lideran\u00e7a da S\u00e9rie B com a vit\u00f3ria, mas pode voltar ao segundo lugar se a Ponte Preta derrotar o Bragantino fora de casa no s\u00e1bado &#8211; esse resultado tamb\u00e9m colocaria o time de Campinas na S\u00e9rie A de 2015. Restariam duas vagas em uma disputa que dificilmente contar\u00e1 com o Sampaio Correa, j\u00e1 que o time permanece com 47 pontos, na 10\u00aa coloca\u00e7\u00e3o. Uma vit\u00f3ria nesta ter\u00e7a seria primordial para continuar sonhando.<\/p>\n<p>Isso talvez explique o nervosismo mostrado pelo anfitri\u00e3o no Est\u00e1dio Castel\u00e3o, em S\u00e3o Lu\u00eds. O time cedeu o primeiro gol aos 19min, quando Rog\u00e9rio cruzou para tr\u00e1s ap\u00f3s jogada pela lateral, e Everton bateu com for\u00e7a para colocar o Joinville em vantagem. O baque foi grande, e o time n\u00e3o se recuperou. Apenas cinco minutos depois, o visitante fez o segundo gol.<\/p>\n<p>Aos 24min, Edson Ratinho fez jogada semelhante \u00e0 do primeiro gol, mas desta vez a bola foi cruzada pelo alto para cabe\u00e7ada de Fernando Viana. Em vantagem, a equipe apenas administrou o resultado, criando chances de perigo, mas sem mostrar a mesma efetividade. O Joinville lidou com a afoba\u00e7\u00e3o do Sampaio Correa, na \u00e2nsia de tentar a rea\u00e7\u00e3o diante de sua torcida.<\/p>\n<p>A equipe maranhense chegou a balan\u00e7ar as redes aos 10min do segundo tempo, mas o gol foi anulado porque Luiz Ot\u00e1vio estava em posi\u00e7\u00e3o de impedimento no momento em que Cascata cobrou a falta para sua cabe\u00e7ada para o gol. Aos 21min, finalmente marcou: Marcelo Costa tentou cortar lan\u00e7amento alto, mas a bola subiu e terminou nos p\u00e9s de William Paulista, que descontou para o Sampaio.<\/p>\n<p>Os minutos finais foram de press\u00e3o do Sampaio Correa, que n\u00e3o teve efici\u00eancia para converter as chances criadas e ainda se viu, muitas vezes, contido pela posse de bola do Joinville. Longe de casa, a equipe catarinense confirmou com quatro rodadas de anteced\u00eancia a volta \u00e0 S\u00e9rie A do Campeonato Brasileiro ap\u00f3s 27 anos.<\/p>\n<blockquote><p>Na pr\u00f3xima rodada, o Joinville vai encarar um confronto que pode encaminhar o t\u00edtulo da S\u00e9rie B: pega a Ponte Preta em 15 de novembro, s\u00e1bado, \u00e0s 16h20 (de Bras\u00edlia), na Arena Joinville. J\u00e1 o Sampaio Correa\u00a0 joga no mesmo dia, mas \u00e0s 21h, contra o Boa Esporte, mais uma vez no Castel\u00e3o, em S\u00e3o Luis (MA).<\/p><\/blockquote>\n","protected":false},"excerpt":{"rendered":"<p>O Joinville est\u00e1 de volta \u00e0 S\u00e9rie A do Campeonato Brasileiro. Na noite desta ter\u00e7a-feira (4), o time contou com trope\u00e7o do Ava\u00ed e vit\u00f3ria por 2 a 1 contra o Sampaio Correa, fora de casa, para confirmar matematicamente a classifica\u00e7\u00e3o na S\u00e9rie B &#8211; a \u00faltima vez que aparece na elite do futebol brasileiro [&hellip;]<\/p>\n","protected":false},"author":1,"featured_media":26975,"comment_status":"open","ping_status":"closed","sticky":false,"template":"","format":"standard","meta":{"_acf_changed":false,"footnotes":""},"categories":[29],"tags":[],"class_list":["post-26974","post","type-post","status-publish","format-standard","has-post-thumbnail","hentry","category-futebol"],"acf":[],"yoast_head":"<!-- This site is optimized with the Yoast SEO plugin v27.2 - https:\/\/yoast.com\/product\/yoast-seo-wordpress\/ -->\n<title>Joinville bate Sampaio Correa e conquista acesso \u00e0 S\u00e9rie A 2015 - Notibras<\/title>\n<meta name=\"robots\" content=\"index, follow, max-snippet:-1, max-image-preview:large, max-video-preview:-1\" \/>\n<link rel=\"canonical\" href=\"https:\/\/www.notibras.com\/site\/joinville-bate-sampaio-correa-e-conquista-acesso-a-serie-a-2015\/\" \/>\n<meta property=\"og:locale\" content=\"pt_BR\" \/>\n<meta property=\"og:type\" content=\"article\" \/>\n<meta property=\"og:title\" content=\"Joinville bate Sampaio Correa e conquista acesso \u00e0 S\u00e9rie A 2015 - Notibras\" \/>\n<meta property=\"og:description\" content=\"O Joinville est\u00e1 de volta \u00e0 S\u00e9rie A do Campeonato Brasileiro. Na noite desta ter\u00e7a-feira (4), o time contou com trope\u00e7o do Ava\u00ed e vit\u00f3ria por 2 a 1 contra o Sampaio Correa, fora de casa, para confirmar matematicamente a classifica\u00e7\u00e3o na S\u00e9rie B &#8211; a \u00faltima vez que aparece na elite do futebol brasileiro [&hellip;]\" \/>\n<meta property=\"og:url\" content=\"https:\/\/www.notibras.com\/site\/joinville-bate-sampaio-correa-e-conquista-acesso-a-serie-a-2015\/\" \/>\n<meta property=\"og:site_name\" content=\"Notibras\" \/>\n<meta property=\"article:publisher\" content=\"https:\/\/www.facebook.com\/notibras\/\" \/>\n<meta property=\"article:published_time\" content=\"2014-11-05T02:50:53+00:00\" \/>\n<meta property=\"article:modified_time\" content=\"2014-11-05T09:29:28+00:00\" \/>\n<meta property=\"og:image\" content=\"https:\/\/www.notibras.com\/site\/wp-content\/uploads\/2014\/11\/Sem-t\u00edtulo-115.jpg\" \/>\n\t<meta property=\"og:image:width\" content=\"381\" \/>\n\t<meta property=\"og:image:height\" content=\"271\" \/>\n\t<meta property=\"og:image:type\" content=\"image\/jpeg\" \/>\n<meta name=\"author\" content=\"Reda\u00e7\u00e3o\" \/>\n<meta name=\"twitter:card\" content=\"summary_large_image\" \/>\n<meta name=\"twitter:creator\" content=\"@Notibras\" \/>\n<meta name=\"twitter:site\" content=\"@Notibras\" \/>\n<meta name=\"twitter:label1\" content=\"Escrito por\" \/>\n\t<meta name=\"twitter:data1\" content=\"Reda\u00e7\u00e3o\" \/>\n\t<meta name=\"twitter:label2\" content=\"Est. tempo de leitura\" \/>\n\t<meta name=\"twitter:data2\" content=\"3 minutos\" \/>\n<script type=\"application\/ld+json\" class=\"yoast-schema-graph\">{\"@context\":\"https:\/\/schema.org\",\"@graph\":[{\"@type\":\"Article\",\"@id\":\"https:\/\/www.notibras.com\/site\/joinville-bate-sampaio-correa-e-conquista-acesso-a-serie-a-2015\/#article\",\"isPartOf\":{\"@id\":\"https:\/\/www.notibras.com\/site\/joinville-bate-sampaio-correa-e-conquista-acesso-a-serie-a-2015\/\"},\"author\":{\"name\":\"Reda\u00e7\u00e3o\",\"@id\":\"https:\/\/www.notibras.com\/site\/#\/schema\/person\/00b8e1aa08f9ef6563e878c5159d01cf\"},\"headline\":\"Joinville bate Sampaio Correa e conquista acesso \u00e0 S\u00e9rie A 2015\",\"datePublished\":\"2014-11-05T02:50:53+00:00\",\"dateModified\":\"2014-11-05T09:29:28+00:00\",\"mainEntityOfPage\":{\"@id\":\"https:\/\/www.notibras.com\/site\/joinville-bate-sampaio-correa-e-conquista-acesso-a-serie-a-2015\/\"},\"wordCount\":597,\"commentCount\":0,\"publisher\":{\"@id\":\"https:\/\/www.notibras.com\/site\/#organization\"},\"image\":{\"@id\":\"https:\/\/www.notibras.com\/site\/joinville-bate-sampaio-correa-e-conquista-acesso-a-serie-a-2015\/#primaryimage\"},\"thumbnailUrl\":\"https:\/\/www.notibras.com\/site\/wp-content\/uploads\/2014\/11\/Sem-t\u00edtulo-115.jpg\",\"articleSection\":[\"Futebol\"],\"inLanguage\":\"pt-BR\",\"potentialAction\":[{\"@type\":\"CommentAction\",\"name\":\"Comment\",\"target\":[\"https:\/\/www.notibras.com\/site\/joinville-bate-sampaio-correa-e-conquista-acesso-a-serie-a-2015\/#respond\"]}]},{\"@type\":\"WebPage\",\"@id\":\"https:\/\/www.notibras.com\/site\/joinville-bate-sampaio-correa-e-conquista-acesso-a-serie-a-2015\/\",\"url\":\"https:\/\/www.notibras.com\/site\/joinville-bate-sampaio-correa-e-conquista-acesso-a-serie-a-2015\/\",\"name\":\"Joinville bate Sampaio Correa e conquista acesso \u00e0 S\u00e9rie A 2015 - Notibras\",\"isPartOf\":{\"@id\":\"https:\/\/www.notibras.com\/site\/#website\"},\"primaryImageOfPage\":{\"@id\":\"https:\/\/www.notibras.com\/site\/joinville-bate-sampaio-correa-e-conquista-acesso-a-serie-a-2015\/#primaryimage\"},\"image\":{\"@id\":\"https:\/\/www.notibras.com\/site\/joinville-bate-sampaio-correa-e-conquista-acesso-a-serie-a-2015\/#primaryimage\"},\"thumbnailUrl\":\"https:\/\/www.notibras.com\/site\/wp-content\/uploads\/2014\/11\/Sem-t\u00edtulo-115.jpg\",\"datePublished\":\"2014-11-05T02:50:53+00:00\",\"dateModified\":\"2014-11-05T09:29:28+00:00\",\"breadcrumb\":{\"@id\":\"https:\/\/www.notibras.com\/site\/joinville-bate-sampaio-correa-e-conquista-acesso-a-serie-a-2015\/#breadcrumb\"},\"inLanguage\":\"pt-BR\",\"potentialAction\":[{\"@type\":\"ReadAction\",\"target\":[\"https:\/\/www.notibras.com\/site\/joinville-bate-sampaio-correa-e-conquista-acesso-a-serie-a-2015\/\"]}]},{\"@type\":\"ImageObject\",\"inLanguage\":\"pt-BR\",\"@id\":\"https:\/\/www.notibras.com\/site\/joinville-bate-sampaio-correa-e-conquista-acesso-a-serie-a-2015\/#primaryimage\",\"url\":\"https:\/\/www.notibras.com\/site\/wp-content\/uploads\/2014\/11\/Sem-t\u00edtulo-115.jpg\",\"contentUrl\":\"https:\/\/www.notibras.com\/site\/wp-content\/uploads\/2014\/11\/Sem-t\u00edtulo-115.jpg\",\"width\":381,\"height\":271},{\"@type\":\"BreadcrumbList\",\"@id\":\"https:\/\/www.notibras.com\/site\/joinville-bate-sampaio-correa-e-conquista-acesso-a-serie-a-2015\/#breadcrumb\",\"itemListElement\":[{\"@type\":\"ListItem\",\"position\":1,\"name\":\"In\u00edcio\",\"item\":\"https:\/\/www.notibras.com\/site\/\"},{\"@type\":\"ListItem\",\"position\":2,\"name\":\"Joinville bate Sampaio Correa e conquista acesso \u00e0 S\u00e9rie A 2015\"}]},{\"@type\":\"WebSite\",\"@id\":\"https:\/\/www.notibras.com\/site\/#website\",\"url\":\"https:\/\/www.notibras.com\/site\/\",\"name\":\"Notibras\",\"description\":\"Not\u00edcias de Bras\u00edlia, do Brasil e do Mundo\",\"publisher\":{\"@id\":\"https:\/\/www.notibras.com\/site\/#organization\"},\"potentialAction\":[{\"@type\":\"SearchAction\",\"target\":{\"@type\":\"EntryPoint\",\"urlTemplate\":\"https:\/\/www.notibras.com\/site\/?s={search_term_string}\"},\"query-input\":{\"@type\":\"PropertyValueSpecification\",\"valueRequired\":true,\"valueName\":\"search_term_string\"}}],\"inLanguage\":\"pt-BR\"},{\"@type\":\"Organization\",\"@id\":\"https:\/\/www.notibras.com\/site\/#organization\",\"name\":\"Grupo Notibras de Comunica\u00e7\u00e3o\",\"url\":\"https:\/\/www.notibras.com\/site\/\",\"logo\":{\"@type\":\"ImageObject\",\"inLanguage\":\"pt-BR\",\"@id\":\"https:\/\/www.notibras.com\/site\/#\/schema\/logo\/image\/\",\"url\":\"https:\/\/www.notibras.com\/site\/wp-content\/uploads\/2023\/01\/notibras23.png\",\"contentUrl\":\"https:\/\/www.notibras.com\/site\/wp-content\/uploads\/2023\/01\/notibras23.png\",\"width\":350,\"height\":87,\"caption\":\"Grupo Notibras de Comunica\u00e7\u00e3o\"},\"image\":{\"@id\":\"https:\/\/www.notibras.com\/site\/#\/schema\/logo\/image\/\"},\"sameAs\":[\"https:\/\/www.facebook.com\/notibras\/\",\"https:\/\/x.com\/Notibras\",\"https:\/\/www.instagram.com\/notibras\/\"]},{\"@type\":\"Person\",\"@id\":\"https:\/\/www.notibras.com\/site\/#\/schema\/person\/00b8e1aa08f9ef6563e878c5159d01cf\",\"name\":\"Reda\u00e7\u00e3o\",\"image\":{\"@type\":\"ImageObject\",\"inLanguage\":\"pt-BR\",\"@id\":\"https:\/\/secure.gravatar.com\/avatar\/ac5a707d5b47784a5ed426c6e213e201423c750890f64e4c379114dade67dfb9?s=96&d=mm&r=g\",\"url\":\"https:\/\/secure.gravatar.com\/avatar\/ac5a707d5b47784a5ed426c6e213e201423c750890f64e4c379114dade67dfb9?s=96&d=mm&r=g\",\"contentUrl\":\"https:\/\/secure.gravatar.com\/avatar\/ac5a707d5b47784a5ed426c6e213e201423c750890f64e4c379114dade67dfb9?s=96&d=mm&r=g\",\"caption\":\"Reda\u00e7\u00e3o\"}}]}<\/script>\n<!-- \/ Yoast SEO plugin. -->","yoast_head_json":{"title":"Joinville bate Sampaio Correa e conquista acesso \u00e0 S\u00e9rie A 2015 - Notibras","robots":{"index":"index","follow":"follow","max-snippet":"max-snippet:-1","max-image-preview":"max-image-preview:large","max-video-preview":"max-video-preview:-1"},"canonical":"https:\/\/www.notibras.com\/site\/joinville-bate-sampaio-correa-e-conquista-acesso-a-serie-a-2015\/","og_locale":"pt_BR","og_type":"article","og_title":"Joinville bate Sampaio Correa e conquista acesso \u00e0 S\u00e9rie A 2015 - Notibras","og_description":"O Joinville est\u00e1 de volta \u00e0 S\u00e9rie A do Campeonato Brasileiro. Na noite desta ter\u00e7a-feira (4), o time contou com trope\u00e7o do Ava\u00ed e vit\u00f3ria por 2 a 1 contra o Sampaio Correa, fora de casa, para confirmar matematicamente a classifica\u00e7\u00e3o na S\u00e9rie B &#8211; a \u00faltima vez que aparece na elite do futebol brasileiro [&hellip;]","og_url":"https:\/\/www.notibras.com\/site\/joinville-bate-sampaio-correa-e-conquista-acesso-a-serie-a-2015\/","og_site_name":"Notibras","article_publisher":"https:\/\/www.facebook.com\/notibras\/","article_published_time":"2014-11-05T02:50:53+00:00","article_modified_time":"2014-11-05T09:29:28+00:00","og_image":[{"width":381,"height":271,"url":"https:\/\/www.notibras.com\/site\/wp-content\/uploads\/2014\/11\/Sem-t\u00edtulo-115.jpg","type":"image\/jpeg"}],"author":"Reda\u00e7\u00e3o","twitter_card":"summary_large_image","twitter_creator":"@Notibras","twitter_site":"@Notibras","twitter_misc":{"Escrito por":"Reda\u00e7\u00e3o","Est. tempo de leitura":"3 minutos"},"schema":{"@context":"https:\/\/schema.org","@graph":[{"@type":"Article","@id":"https:\/\/www.notibras.com\/site\/joinville-bate-sampaio-correa-e-conquista-acesso-a-serie-a-2015\/#article","isPartOf":{"@id":"https:\/\/www.notibras.com\/site\/joinville-bate-sampaio-correa-e-conquista-acesso-a-serie-a-2015\/"},"author":{"name":"Reda\u00e7\u00e3o","@id":"https:\/\/www.notibras.com\/site\/#\/schema\/person\/00b8e1aa08f9ef6563e878c5159d01cf"},"headline":"Joinville bate Sampaio Correa e conquista acesso \u00e0 S\u00e9rie A 2015","datePublished":"2014-11-05T02:50:53+00:00","dateModified":"2014-11-05T09:29:28+00:00","mainEntityOfPage":{"@id":"https:\/\/www.notibras.com\/site\/joinville-bate-sampaio-correa-e-conquista-acesso-a-serie-a-2015\/"},"wordCount":597,"commentCount":0,"publisher":{"@id":"https:\/\/www.notibras.com\/site\/#organization"},"image":{"@id":"https:\/\/www.notibras.com\/site\/joinville-bate-sampaio-correa-e-conquista-acesso-a-serie-a-2015\/#primaryimage"},"thumbnailUrl":"https:\/\/www.notibras.com\/site\/wp-content\/uploads\/2014\/11\/Sem-t\u00edtulo-115.jpg","articleSection":["Futebol"],"inLanguage":"pt-BR","potentialAction":[{"@type":"CommentAction","name":"Comment","target":["https:\/\/www.notibras.com\/site\/joinville-bate-sampaio-correa-e-conquista-acesso-a-serie-a-2015\/#respond"]}]},{"@type":"WebPage","@id":"https:\/\/www.notibras.com\/site\/joinville-bate-sampaio-correa-e-conquista-acesso-a-serie-a-2015\/","url":"https:\/\/www.notibras.com\/site\/joinville-bate-sampaio-correa-e-conquista-acesso-a-serie-a-2015\/","name":"Joinville bate Sampaio Correa e conquista acesso \u00e0 S\u00e9rie A 2015 - Notibras","isPartOf":{"@id":"https:\/\/www.notibras.com\/site\/#website"},"primaryImageOfPage":{"@id":"https:\/\/www.notibras.com\/site\/joinville-bate-sampaio-correa-e-conquista-acesso-a-serie-a-2015\/#primaryimage"},"image":{"@id":"https:\/\/www.notibras.com\/site\/joinville-bate-sampaio-correa-e-conquista-acesso-a-serie-a-2015\/#primaryimage"},"thumbnailUrl":"https:\/\/www.notibras.com\/site\/wp-content\/uploads\/2014\/11\/Sem-t\u00edtulo-115.jpg","datePublished":"2014-11-05T02:50:53+00:00","dateModified":"2014-11-05T09:29:28+00:00","breadcrumb":{"@id":"https:\/\/www.notibras.com\/site\/joinville-bate-sampaio-correa-e-conquista-acesso-a-serie-a-2015\/#breadcrumb"},"inLanguage":"pt-BR","potentialAction":[{"@type":"ReadAction","target":["https:\/\/www.notibras.com\/site\/joinville-bate-sampaio-correa-e-conquista-acesso-a-serie-a-2015\/"]}]},{"@type":"ImageObject","inLanguage":"pt-BR","@id":"https:\/\/www.notibras.com\/site\/joinville-bate-sampaio-correa-e-conquista-acesso-a-serie-a-2015\/#primaryimage","url":"https:\/\/www.notibras.com\/site\/wp-content\/uploads\/2014\/11\/Sem-t\u00edtulo-115.jpg","contentUrl":"https:\/\/www.notibras.com\/site\/wp-content\/uploads\/2014\/11\/Sem-t\u00edtulo-115.jpg","width":381,"height":271},{"@type":"BreadcrumbList","@id":"https:\/\/www.notibras.com\/site\/joinville-bate-sampaio-correa-e-conquista-acesso-a-serie-a-2015\/#breadcrumb","itemListElement":[{"@type":"ListItem","position":1,"name":"In\u00edcio","item":"https:\/\/www.notibras.com\/site\/"},{"@type":"ListItem","position":2,"name":"Joinville bate Sampaio Correa e conquista acesso \u00e0 S\u00e9rie A 2015"}]},{"@type":"WebSite","@id":"https:\/\/www.notibras.com\/site\/#website","url":"https:\/\/www.notibras.com\/site\/","name":"Notibras","description":"Not\u00edcias de Bras\u00edlia, do Brasil e do Mundo","publisher":{"@id":"https:\/\/www.notibras.com\/site\/#organization"},"potentialAction":[{"@type":"SearchAction","target":{"@type":"EntryPoint","urlTemplate":"https:\/\/www.notibras.com\/site\/?s={search_term_string}"},"query-input":{"@type":"PropertyValueSpecification","valueRequired":true,"valueName":"search_term_string"}}],"inLanguage":"pt-BR"},{"@type":"Organization","@id":"https:\/\/www.notibras.com\/site\/#organization","name":"Grupo Notibras de Comunica\u00e7\u00e3o","url":"https:\/\/www.notibras.com\/site\/","logo":{"@type":"ImageObject","inLanguage":"pt-BR","@id":"https:\/\/www.notibras.com\/site\/#\/schema\/logo\/image\/","url":"https:\/\/www.notibras.com\/site\/wp-content\/uploads\/2023\/01\/notibras23.png","contentUrl":"https:\/\/www.notibras.com\/site\/wp-content\/uploads\/2023\/01\/notibras23.png","width":350,"height":87,"caption":"Grupo Notibras de Comunica\u00e7\u00e3o"},"image":{"@id":"https:\/\/www.notibras.com\/site\/#\/schema\/logo\/image\/"},"sameAs":["https:\/\/www.facebook.com\/notibras\/","https:\/\/x.com\/Notibras","https:\/\/www.instagram.com\/notibras\/"]},{"@type":"Person","@id":"https:\/\/www.notibras.com\/site\/#\/schema\/person\/00b8e1aa08f9ef6563e878c5159d01cf","name":"Reda\u00e7\u00e3o","image":{"@type":"ImageObject","inLanguage":"pt-BR","@id":"https:\/\/secure.gravatar.com\/avatar\/ac5a707d5b47784a5ed426c6e213e201423c750890f64e4c379114dade67dfb9?s=96&d=mm&r=g","url":"https:\/\/secure.gravatar.com\/avatar\/ac5a707d5b47784a5ed426c6e213e201423c750890f64e4c379114dade67dfb9?s=96&d=mm&r=g","contentUrl":"https:\/\/secure.gravatar.com\/avatar\/ac5a707d5b47784a5ed426c6e213e201423c750890f64e4c379114dade67dfb9?s=96&d=mm&r=g","caption":"Reda\u00e7\u00e3o"}}]}},"amp_enabled":true,"_links":{"self":[{"href":"https:\/\/www.notibras.com\/site\/wp-json\/wp\/v2\/posts\/26974","targetHints":{"allow":["GET"]}}],"collection":[{"href":"https:\/\/www.notibras.com\/site\/wp-json\/wp\/v2\/posts"}],"about":[{"href":"https:\/\/www.notibras.com\/site\/wp-json\/wp\/v2\/types\/post"}],"author":[{"embeddable":true,"href":"https:\/\/www.notibras.com\/site\/wp-json\/wp\/v2\/users\/1"}],"replies":[{"embeddable":true,"href":"https:\/\/www.notibras.com\/site\/wp-json\/wp\/v2\/comments?post=26974"}],"version-history":[{"count":0,"href":"https:\/\/www.notibras.com\/site\/wp-json\/wp\/v2\/posts\/26974\/revisions"}],"wp:featuredmedia":[{"embeddable":true,"href":"https:\/\/www.notibras.com\/site\/wp-json\/wp\/v2\/media\/26975"}],"wp:attachment":[{"href":"https:\/\/www.notibras.com\/site\/wp-json\/wp\/v2\/media?parent=26974"}],"wp:term":[{"taxonomy":"category","embeddable":true,"href":"https:\/\/www.notibras.com\/site\/wp-json\/wp\/v2\/categories?post=26974"},{"taxonomy":"post_tag","embeddable":true,"href":"https:\/\/www.notibras.com\/site\/wp-json\/wp\/v2\/tags?post=26974"}],"curies":[{"name":"wp","href":"https:\/\/api.w.org\/{rel}","templated":true}]}}