{"id":27051,"date":"2014-11-05T23:31:57","date_gmt":"2014-11-06T02:31:57","guid":{"rendered":"http:\/\/www.notibras.com\/site\/?p=27051"},"modified":"2014-11-05T23:48:49","modified_gmt":"2014-11-06T02:48:49","slug":"cruzeiro-reage-no-fim-passa-pelo-santos-e-pega-maior-rival-na-decisao","status":"publish","type":"post","link":"https:\/\/www.notibras.com\/site\/cruzeiro-reage-no-fim-passa-pelo-santos-e-pega-maior-rival-na-decisao\/","title":{"rendered":"Cruzeiro decide Copa do Brasil ap\u00f3s arrancar empate na Vila"},"content":{"rendered":"<p>Continua vivo o sonho cruzeirense de repetir a m\u00e1gica temporada de 2003 e conquistar novamente a Tr\u00edplice Coroa. Campe\u00e3o mineiro no primeiro semestre, l\u00edder e favorito no Brasileiro, a equipe de Marcelo Oliveira se classificou na noite desta quarta-feira para a final da Copa do Brasil, ao deixar para tr\u00e1s o Santos. O empate na Vila Belmiro, por 3 a 3, bastou para manter a Raposa do caminho de sua quinta ta\u00e7a no torneio &#8211; os mineiros venceram a partida de ida, no Mineir\u00e3o, por 1 a 0.<\/p>\n<p>Na decis\u00e3o que pode fazer do clube o maior vencedor da competi\u00e7\u00e3o &#8211; est\u00e1 empatado com o Gr\u00eamio com quatro conquistas -, um velho conhecido: o Atl\u00e9tico-MG, que bateu o Flamengo por 4 a 1, em mais uma \u00e9pica virada. O primeiro jogo \u00e9 na pr\u00f3xima quarta-feira. O segundo, dia 26.<\/p>\n<p>Para o Santos, ao que tudo indica, resta esperar por 2015. Eliminado da Copa do Brasil e praticamente sem chances de conquistar uma vaga na Libertadores do ano que vem pelo Brasileiro, o clube vive uma incerteza \u00e0s v\u00e9speras da elei\u00e7\u00e3o que decidir\u00e1 um novo presidente, em dezembro. S\u00f3 ent\u00e3o ser\u00e1 poss\u00edvel vislumbrar os rumos do Alvinegro Praiano.<\/p>\n<blockquote><p>Resolvida a semifinal da Copa do Brasil, as equipes voltam suas aten\u00e7\u00f5es novamente para o Brasileiro. O Santos, oitavo colocado com 46 pontos, tem o Corinthians pela frente, em cl\u00e1ssico na Arena de Itaquera, domingo, \u00e0s 19h30. J\u00e1 o Cruzeiro, que lidera o campeonato com 64 pontos, recebe o Crici\u00fama, no Mineir\u00e3o, no mesmo dia e hor\u00e1rio.<\/p><\/blockquote>\n","protected":false},"excerpt":{"rendered":"<p>Continua vivo o sonho cruzeirense de repetir a m\u00e1gica temporada de 2003 e conquistar novamente a Tr\u00edplice Coroa. Campe\u00e3o mineiro no primeiro semestre, l\u00edder e favorito no Brasileiro, a equipe de Marcelo Oliveira se classificou na noite desta quarta-feira para a final da Copa do Brasil, ao deixar para tr\u00e1s o Santos. O empate na [&hellip;]<\/p>\n","protected":false},"author":1,"featured_media":27052,"comment_status":"open","ping_status":"closed","sticky":false,"template":"","format":"standard","meta":{"_acf_changed":false,"footnotes":""},"categories":[29],"tags":[],"class_list":["post-27051","post","type-post","status-publish","format-standard","has-post-thumbnail","hentry","category-futebol"],"acf":[],"yoast_head":"<!-- This site is optimized with the Yoast SEO plugin v27.2 - https:\/\/yoast.com\/product\/yoast-seo-wordpress\/ -->\n<title>Cruzeiro decide Copa do Brasil ap\u00f3s arrancar empate na Vila - Notibras<\/title>\n<meta name=\"robots\" content=\"index, follow, max-snippet:-1, max-image-preview:large, max-video-preview:-1\" \/>\n<link rel=\"canonical\" href=\"https:\/\/www.notibras.com\/site\/cruzeiro-reage-no-fim-passa-pelo-santos-e-pega-maior-rival-na-decisao\/\" \/>\n<meta property=\"og:locale\" content=\"pt_BR\" \/>\n<meta property=\"og:type\" content=\"article\" \/>\n<meta property=\"og:title\" content=\"Cruzeiro decide Copa do Brasil ap\u00f3s arrancar empate na Vila - Notibras\" \/>\n<meta property=\"og:description\" content=\"Continua vivo o sonho cruzeirense de repetir a m\u00e1gica temporada de 2003 e conquistar novamente a Tr\u00edplice Coroa. Campe\u00e3o mineiro no primeiro semestre, l\u00edder e favorito no Brasileiro, a equipe de Marcelo Oliveira se classificou na noite desta quarta-feira para a final da Copa do Brasil, ao deixar para tr\u00e1s o Santos. O empate na [&hellip;]\" \/>\n<meta property=\"og:url\" content=\"https:\/\/www.notibras.com\/site\/cruzeiro-reage-no-fim-passa-pelo-santos-e-pega-maior-rival-na-decisao\/\" \/>\n<meta property=\"og:site_name\" content=\"Notibras\" \/>\n<meta property=\"article:publisher\" content=\"https:\/\/www.facebook.com\/notibras\/\" \/>\n<meta property=\"article:published_time\" content=\"2014-11-06T02:31:57+00:00\" \/>\n<meta property=\"article:modified_time\" content=\"2014-11-06T02:48:49+00:00\" \/>\n<meta property=\"og:image\" content=\"https:\/\/www.notibras.com\/site\/wp-content\/uploads\/2014\/11\/Sem-t\u00edtulo-122.jpg\" \/>\n\t<meta property=\"og:image:width\" content=\"620\" \/>\n\t<meta property=\"og:image:height\" content=\"390\" \/>\n\t<meta property=\"og:image:type\" content=\"image\/jpeg\" \/>\n<meta name=\"author\" content=\"Reda\u00e7\u00e3o\" \/>\n<meta name=\"twitter:card\" content=\"summary_large_image\" \/>\n<meta name=\"twitter:creator\" content=\"@Notibras\" \/>\n<meta name=\"twitter:site\" content=\"@Notibras\" \/>\n<meta name=\"twitter:label1\" content=\"Escrito por\" \/>\n\t<meta name=\"twitter:data1\" content=\"Reda\u00e7\u00e3o\" \/>\n\t<meta name=\"twitter:label2\" content=\"Est. tempo de leitura\" \/>\n\t<meta name=\"twitter:data2\" content=\"1 minuto\" \/>\n<script type=\"application\/ld+json\" class=\"yoast-schema-graph\">{\"@context\":\"https:\/\/schema.org\",\"@graph\":[{\"@type\":\"Article\",\"@id\":\"https:\/\/www.notibras.com\/site\/cruzeiro-reage-no-fim-passa-pelo-santos-e-pega-maior-rival-na-decisao\/#article\",\"isPartOf\":{\"@id\":\"https:\/\/www.notibras.com\/site\/cruzeiro-reage-no-fim-passa-pelo-santos-e-pega-maior-rival-na-decisao\/\"},\"author\":{\"name\":\"Reda\u00e7\u00e3o\",\"@id\":\"https:\/\/www.notibras.com\/site\/#\/schema\/person\/00b8e1aa08f9ef6563e878c5159d01cf\"},\"headline\":\"Cruzeiro decide Copa do Brasil ap\u00f3s arrancar empate na Vila\",\"datePublished\":\"2014-11-06T02:31:57+00:00\",\"dateModified\":\"2014-11-06T02:48:49+00:00\",\"mainEntityOfPage\":{\"@id\":\"https:\/\/www.notibras.com\/site\/cruzeiro-reage-no-fim-passa-pelo-santos-e-pega-maior-rival-na-decisao\/\"},\"wordCount\":274,\"commentCount\":0,\"publisher\":{\"@id\":\"https:\/\/www.notibras.com\/site\/#organization\"},\"image\":{\"@id\":\"https:\/\/www.notibras.com\/site\/cruzeiro-reage-no-fim-passa-pelo-santos-e-pega-maior-rival-na-decisao\/#primaryimage\"},\"thumbnailUrl\":\"https:\/\/www.notibras.com\/site\/wp-content\/uploads\/2014\/11\/Sem-t\u00edtulo-122.jpg\",\"articleSection\":[\"Futebol\"],\"inLanguage\":\"pt-BR\",\"potentialAction\":[{\"@type\":\"CommentAction\",\"name\":\"Comment\",\"target\":[\"https:\/\/www.notibras.com\/site\/cruzeiro-reage-no-fim-passa-pelo-santos-e-pega-maior-rival-na-decisao\/#respond\"]}]},{\"@type\":\"WebPage\",\"@id\":\"https:\/\/www.notibras.com\/site\/cruzeiro-reage-no-fim-passa-pelo-santos-e-pega-maior-rival-na-decisao\/\",\"url\":\"https:\/\/www.notibras.com\/site\/cruzeiro-reage-no-fim-passa-pelo-santos-e-pega-maior-rival-na-decisao\/\",\"name\":\"Cruzeiro decide Copa do Brasil ap\u00f3s arrancar empate na Vila - Notibras\",\"isPartOf\":{\"@id\":\"https:\/\/www.notibras.com\/site\/#website\"},\"primaryImageOfPage\":{\"@id\":\"https:\/\/www.notibras.com\/site\/cruzeiro-reage-no-fim-passa-pelo-santos-e-pega-maior-rival-na-decisao\/#primaryimage\"},\"image\":{\"@id\":\"https:\/\/www.notibras.com\/site\/cruzeiro-reage-no-fim-passa-pelo-santos-e-pega-maior-rival-na-decisao\/#primaryimage\"},\"thumbnailUrl\":\"https:\/\/www.notibras.com\/site\/wp-content\/uploads\/2014\/11\/Sem-t\u00edtulo-122.jpg\",\"datePublished\":\"2014-11-06T02:31:57+00:00\",\"dateModified\":\"2014-11-06T02:48:49+00:00\",\"breadcrumb\":{\"@id\":\"https:\/\/www.notibras.com\/site\/cruzeiro-reage-no-fim-passa-pelo-santos-e-pega-maior-rival-na-decisao\/#breadcrumb\"},\"inLanguage\":\"pt-BR\",\"potentialAction\":[{\"@type\":\"ReadAction\",\"target\":[\"https:\/\/www.notibras.com\/site\/cruzeiro-reage-no-fim-passa-pelo-santos-e-pega-maior-rival-na-decisao\/\"]}]},{\"@type\":\"ImageObject\",\"inLanguage\":\"pt-BR\",\"@id\":\"https:\/\/www.notibras.com\/site\/cruzeiro-reage-no-fim-passa-pelo-santos-e-pega-maior-rival-na-decisao\/#primaryimage\",\"url\":\"https:\/\/www.notibras.com\/site\/wp-content\/uploads\/2014\/11\/Sem-t\u00edtulo-122.jpg\",\"contentUrl\":\"https:\/\/www.notibras.com\/site\/wp-content\/uploads\/2014\/11\/Sem-t\u00edtulo-122.jpg\",\"width\":620,\"height\":390},{\"@type\":\"BreadcrumbList\",\"@id\":\"https:\/\/www.notibras.com\/site\/cruzeiro-reage-no-fim-passa-pelo-santos-e-pega-maior-rival-na-decisao\/#breadcrumb\",\"itemListElement\":[{\"@type\":\"ListItem\",\"position\":1,\"name\":\"In\u00edcio\",\"item\":\"https:\/\/www.notibras.com\/site\/\"},{\"@type\":\"ListItem\",\"position\":2,\"name\":\"Cruzeiro decide Copa do Brasil ap\u00f3s arrancar empate na Vila\"}]},{\"@type\":\"WebSite\",\"@id\":\"https:\/\/www.notibras.com\/site\/#website\",\"url\":\"https:\/\/www.notibras.com\/site\/\",\"name\":\"Notibras\",\"description\":\"Not\u00edcias de Bras\u00edlia, do Brasil e do Mundo\",\"publisher\":{\"@id\":\"https:\/\/www.notibras.com\/site\/#organization\"},\"potentialAction\":[{\"@type\":\"SearchAction\",\"target\":{\"@type\":\"EntryPoint\",\"urlTemplate\":\"https:\/\/www.notibras.com\/site\/?s={search_term_string}\"},\"query-input\":{\"@type\":\"PropertyValueSpecification\",\"valueRequired\":true,\"valueName\":\"search_term_string\"}}],\"inLanguage\":\"pt-BR\"},{\"@type\":\"Organization\",\"@id\":\"https:\/\/www.notibras.com\/site\/#organization\",\"name\":\"Grupo Notibras de Comunica\u00e7\u00e3o\",\"url\":\"https:\/\/www.notibras.com\/site\/\",\"logo\":{\"@type\":\"ImageObject\",\"inLanguage\":\"pt-BR\",\"@id\":\"https:\/\/www.notibras.com\/site\/#\/schema\/logo\/image\/\",\"url\":\"https:\/\/www.notibras.com\/site\/wp-content\/uploads\/2023\/01\/notibras23.png\",\"contentUrl\":\"https:\/\/www.notibras.com\/site\/wp-content\/uploads\/2023\/01\/notibras23.png\",\"width\":350,\"height\":87,\"caption\":\"Grupo Notibras de Comunica\u00e7\u00e3o\"},\"image\":{\"@id\":\"https:\/\/www.notibras.com\/site\/#\/schema\/logo\/image\/\"},\"sameAs\":[\"https:\/\/www.facebook.com\/notibras\/\",\"https:\/\/x.com\/Notibras\",\"https:\/\/www.instagram.com\/notibras\/\"]},{\"@type\":\"Person\",\"@id\":\"https:\/\/www.notibras.com\/site\/#\/schema\/person\/00b8e1aa08f9ef6563e878c5159d01cf\",\"name\":\"Reda\u00e7\u00e3o\",\"image\":{\"@type\":\"ImageObject\",\"inLanguage\":\"pt-BR\",\"@id\":\"https:\/\/secure.gravatar.com\/avatar\/ac5a707d5b47784a5ed426c6e213e201423c750890f64e4c379114dade67dfb9?s=96&d=mm&r=g\",\"url\":\"https:\/\/secure.gravatar.com\/avatar\/ac5a707d5b47784a5ed426c6e213e201423c750890f64e4c379114dade67dfb9?s=96&d=mm&r=g\",\"contentUrl\":\"https:\/\/secure.gravatar.com\/avatar\/ac5a707d5b47784a5ed426c6e213e201423c750890f64e4c379114dade67dfb9?s=96&d=mm&r=g\",\"caption\":\"Reda\u00e7\u00e3o\"}}]}<\/script>\n<!-- \/ Yoast SEO plugin. -->","yoast_head_json":{"title":"Cruzeiro decide Copa do Brasil ap\u00f3s arrancar empate na Vila - Notibras","robots":{"index":"index","follow":"follow","max-snippet":"max-snippet:-1","max-image-preview":"max-image-preview:large","max-video-preview":"max-video-preview:-1"},"canonical":"https:\/\/www.notibras.com\/site\/cruzeiro-reage-no-fim-passa-pelo-santos-e-pega-maior-rival-na-decisao\/","og_locale":"pt_BR","og_type":"article","og_title":"Cruzeiro decide Copa do Brasil ap\u00f3s arrancar empate na Vila - Notibras","og_description":"Continua vivo o sonho cruzeirense de repetir a m\u00e1gica temporada de 2003 e conquistar novamente a Tr\u00edplice Coroa. Campe\u00e3o mineiro no primeiro semestre, l\u00edder e favorito no Brasileiro, a equipe de Marcelo Oliveira se classificou na noite desta quarta-feira para a final da Copa do Brasil, ao deixar para tr\u00e1s o Santos. O empate na [&hellip;]","og_url":"https:\/\/www.notibras.com\/site\/cruzeiro-reage-no-fim-passa-pelo-santos-e-pega-maior-rival-na-decisao\/","og_site_name":"Notibras","article_publisher":"https:\/\/www.facebook.com\/notibras\/","article_published_time":"2014-11-06T02:31:57+00:00","article_modified_time":"2014-11-06T02:48:49+00:00","og_image":[{"width":620,"height":390,"url":"https:\/\/www.notibras.com\/site\/wp-content\/uploads\/2014\/11\/Sem-t\u00edtulo-122.jpg","type":"image\/jpeg"}],"author":"Reda\u00e7\u00e3o","twitter_card":"summary_large_image","twitter_creator":"@Notibras","twitter_site":"@Notibras","twitter_misc":{"Escrito por":"Reda\u00e7\u00e3o","Est. tempo de leitura":"1 minuto"},"schema":{"@context":"https:\/\/schema.org","@graph":[{"@type":"Article","@id":"https:\/\/www.notibras.com\/site\/cruzeiro-reage-no-fim-passa-pelo-santos-e-pega-maior-rival-na-decisao\/#article","isPartOf":{"@id":"https:\/\/www.notibras.com\/site\/cruzeiro-reage-no-fim-passa-pelo-santos-e-pega-maior-rival-na-decisao\/"},"author":{"name":"Reda\u00e7\u00e3o","@id":"https:\/\/www.notibras.com\/site\/#\/schema\/person\/00b8e1aa08f9ef6563e878c5159d01cf"},"headline":"Cruzeiro decide Copa do Brasil ap\u00f3s arrancar empate na Vila","datePublished":"2014-11-06T02:31:57+00:00","dateModified":"2014-11-06T02:48:49+00:00","mainEntityOfPage":{"@id":"https:\/\/www.notibras.com\/site\/cruzeiro-reage-no-fim-passa-pelo-santos-e-pega-maior-rival-na-decisao\/"},"wordCount":274,"commentCount":0,"publisher":{"@id":"https:\/\/www.notibras.com\/site\/#organization"},"image":{"@id":"https:\/\/www.notibras.com\/site\/cruzeiro-reage-no-fim-passa-pelo-santos-e-pega-maior-rival-na-decisao\/#primaryimage"},"thumbnailUrl":"https:\/\/www.notibras.com\/site\/wp-content\/uploads\/2014\/11\/Sem-t\u00edtulo-122.jpg","articleSection":["Futebol"],"inLanguage":"pt-BR","potentialAction":[{"@type":"CommentAction","name":"Comment","target":["https:\/\/www.notibras.com\/site\/cruzeiro-reage-no-fim-passa-pelo-santos-e-pega-maior-rival-na-decisao\/#respond"]}]},{"@type":"WebPage","@id":"https:\/\/www.notibras.com\/site\/cruzeiro-reage-no-fim-passa-pelo-santos-e-pega-maior-rival-na-decisao\/","url":"https:\/\/www.notibras.com\/site\/cruzeiro-reage-no-fim-passa-pelo-santos-e-pega-maior-rival-na-decisao\/","name":"Cruzeiro decide Copa do Brasil ap\u00f3s arrancar empate na Vila - Notibras","isPartOf":{"@id":"https:\/\/www.notibras.com\/site\/#website"},"primaryImageOfPage":{"@id":"https:\/\/www.notibras.com\/site\/cruzeiro-reage-no-fim-passa-pelo-santos-e-pega-maior-rival-na-decisao\/#primaryimage"},"image":{"@id":"https:\/\/www.notibras.com\/site\/cruzeiro-reage-no-fim-passa-pelo-santos-e-pega-maior-rival-na-decisao\/#primaryimage"},"thumbnailUrl":"https:\/\/www.notibras.com\/site\/wp-content\/uploads\/2014\/11\/Sem-t\u00edtulo-122.jpg","datePublished":"2014-11-06T02:31:57+00:00","dateModified":"2014-11-06T02:48:49+00:00","breadcrumb":{"@id":"https:\/\/www.notibras.com\/site\/cruzeiro-reage-no-fim-passa-pelo-santos-e-pega-maior-rival-na-decisao\/#breadcrumb"},"inLanguage":"pt-BR","potentialAction":[{"@type":"ReadAction","target":["https:\/\/www.notibras.com\/site\/cruzeiro-reage-no-fim-passa-pelo-santos-e-pega-maior-rival-na-decisao\/"]}]},{"@type":"ImageObject","inLanguage":"pt-BR","@id":"https:\/\/www.notibras.com\/site\/cruzeiro-reage-no-fim-passa-pelo-santos-e-pega-maior-rival-na-decisao\/#primaryimage","url":"https:\/\/www.notibras.com\/site\/wp-content\/uploads\/2014\/11\/Sem-t\u00edtulo-122.jpg","contentUrl":"https:\/\/www.notibras.com\/site\/wp-content\/uploads\/2014\/11\/Sem-t\u00edtulo-122.jpg","width":620,"height":390},{"@type":"BreadcrumbList","@id":"https:\/\/www.notibras.com\/site\/cruzeiro-reage-no-fim-passa-pelo-santos-e-pega-maior-rival-na-decisao\/#breadcrumb","itemListElement":[{"@type":"ListItem","position":1,"name":"In\u00edcio","item":"https:\/\/www.notibras.com\/site\/"},{"@type":"ListItem","position":2,"name":"Cruzeiro decide Copa do Brasil ap\u00f3s arrancar empate na Vila"}]},{"@type":"WebSite","@id":"https:\/\/www.notibras.com\/site\/#website","url":"https:\/\/www.notibras.com\/site\/","name":"Notibras","description":"Not\u00edcias de Bras\u00edlia, do Brasil e do Mundo","publisher":{"@id":"https:\/\/www.notibras.com\/site\/#organization"},"potentialAction":[{"@type":"SearchAction","target":{"@type":"EntryPoint","urlTemplate":"https:\/\/www.notibras.com\/site\/?s={search_term_string}"},"query-input":{"@type":"PropertyValueSpecification","valueRequired":true,"valueName":"search_term_string"}}],"inLanguage":"pt-BR"},{"@type":"Organization","@id":"https:\/\/www.notibras.com\/site\/#organization","name":"Grupo Notibras de Comunica\u00e7\u00e3o","url":"https:\/\/www.notibras.com\/site\/","logo":{"@type":"ImageObject","inLanguage":"pt-BR","@id":"https:\/\/www.notibras.com\/site\/#\/schema\/logo\/image\/","url":"https:\/\/www.notibras.com\/site\/wp-content\/uploads\/2023\/01\/notibras23.png","contentUrl":"https:\/\/www.notibras.com\/site\/wp-content\/uploads\/2023\/01\/notibras23.png","width":350,"height":87,"caption":"Grupo Notibras de Comunica\u00e7\u00e3o"},"image":{"@id":"https:\/\/www.notibras.com\/site\/#\/schema\/logo\/image\/"},"sameAs":["https:\/\/www.facebook.com\/notibras\/","https:\/\/x.com\/Notibras","https:\/\/www.instagram.com\/notibras\/"]},{"@type":"Person","@id":"https:\/\/www.notibras.com\/site\/#\/schema\/person\/00b8e1aa08f9ef6563e878c5159d01cf","name":"Reda\u00e7\u00e3o","image":{"@type":"ImageObject","inLanguage":"pt-BR","@id":"https:\/\/secure.gravatar.com\/avatar\/ac5a707d5b47784a5ed426c6e213e201423c750890f64e4c379114dade67dfb9?s=96&d=mm&r=g","url":"https:\/\/secure.gravatar.com\/avatar\/ac5a707d5b47784a5ed426c6e213e201423c750890f64e4c379114dade67dfb9?s=96&d=mm&r=g","contentUrl":"https:\/\/secure.gravatar.com\/avatar\/ac5a707d5b47784a5ed426c6e213e201423c750890f64e4c379114dade67dfb9?s=96&d=mm&r=g","caption":"Reda\u00e7\u00e3o"}}]}},"amp_enabled":true,"_links":{"self":[{"href":"https:\/\/www.notibras.com\/site\/wp-json\/wp\/v2\/posts\/27051","targetHints":{"allow":["GET"]}}],"collection":[{"href":"https:\/\/www.notibras.com\/site\/wp-json\/wp\/v2\/posts"}],"about":[{"href":"https:\/\/www.notibras.com\/site\/wp-json\/wp\/v2\/types\/post"}],"author":[{"embeddable":true,"href":"https:\/\/www.notibras.com\/site\/wp-json\/wp\/v2\/users\/1"}],"replies":[{"embeddable":true,"href":"https:\/\/www.notibras.com\/site\/wp-json\/wp\/v2\/comments?post=27051"}],"version-history":[{"count":0,"href":"https:\/\/www.notibras.com\/site\/wp-json\/wp\/v2\/posts\/27051\/revisions"}],"wp:featuredmedia":[{"embeddable":true,"href":"https:\/\/www.notibras.com\/site\/wp-json\/wp\/v2\/media\/27052"}],"wp:attachment":[{"href":"https:\/\/www.notibras.com\/site\/wp-json\/wp\/v2\/media?parent=27051"}],"wp:term":[{"taxonomy":"category","embeddable":true,"href":"https:\/\/www.notibras.com\/site\/wp-json\/wp\/v2\/categories?post=27051"},{"taxonomy":"post_tag","embeddable":true,"href":"https:\/\/www.notibras.com\/site\/wp-json\/wp\/v2\/tags?post=27051"}],"curies":[{"name":"wp","href":"https:\/\/api.w.org\/{rel}","templated":true}]}}