{"id":27056,"date":"2014-11-05T23:39:21","date_gmt":"2014-11-06T02:39:21","guid":{"rendered":"http:\/\/www.notibras.com\/site\/?p=27056"},"modified":"2014-11-07T07:51:39","modified_gmt":"2014-11-07T10:51:39","slug":"galo-atropela-o-flamengo-e-se-garante-na-final-da-copa-do-brasil","status":"publish","type":"post","link":"https:\/\/www.notibras.com\/site\/galo-atropela-o-flamengo-e-se-garante-na-final-da-copa-do-brasil\/","title":{"rendered":"Galo atropela o Flamengo e se garante na final contra rival"},"content":{"rendered":"<p>O Atl\u00e9tico-MG vai decidir a Copa do Brasil pela primeira vez na hist\u00f3ria. E o advers\u00e1rio ser\u00e1 o rival Cruzeiro. Pela primeira vez os times mineiros far\u00e3o uma decis\u00e3o de um torneio nacional.<\/p>\n<p>Depois de um t\u00edtulo de Copa Libertadores repleto de reviravoltas em 2013 e passar pelo Corinthians nas quartas de final da Copa do Brasileiro, o Alvinegro conseguiu mais uma virada emocionante nesta quarta-feira diante de um Mineir\u00e3o lotado.<\/p>\n<p>Com gols de Carlos, Maicosuel, D\u00e1tolo e Luan (Everton abriu o placar), o time goleou o Flamengo por 4 a 1 e reverteu a vantagem de 2 a 0 dos cariocas no primeiro jogo. Os comandados de Levir Culpi j\u00e1 haviam obtido feito semelhante na passagem para a semifinal, quando golearam o Corinthians pelo mesmo placar ap\u00f3s tamb\u00e9m perderem por 2 a 0, em S\u00e3o Paulo.<\/p>\n<blockquote><p>A primeira partida da decis\u00e3o est\u00e1 marcada para a pr\u00f3xima quarta-feira (12). O segundo e decisivo confronto acontece no dia 26 de novembro. Os mandos de campo ser\u00e3o sorteados pela CBF (Confedera\u00e7\u00e3o Brasileira de Futebol) na tarde desta quinta-feira.<\/p><\/blockquote>\n","protected":false},"excerpt":{"rendered":"<p>O Atl\u00e9tico-MG vai decidir a Copa do Brasil pela primeira vez na hist\u00f3ria. E o advers\u00e1rio ser\u00e1 o rival Cruzeiro. Pela primeira vez os times mineiros far\u00e3o uma decis\u00e3o de um torneio nacional. Depois de um t\u00edtulo de Copa Libertadores repleto de reviravoltas em 2013 e passar pelo Corinthians nas quartas de final da Copa [&hellip;]<\/p>\n","protected":false},"author":1,"featured_media":27057,"comment_status":"open","ping_status":"closed","sticky":false,"template":"","format":"standard","meta":{"_acf_changed":false,"footnotes":""},"categories":[29],"tags":[],"class_list":["post-27056","post","type-post","status-publish","format-standard","has-post-thumbnail","hentry","category-futebol"],"acf":[],"yoast_head":"<!-- This site is optimized with the Yoast SEO plugin v27.2 - https:\/\/yoast.com\/product\/yoast-seo-wordpress\/ -->\n<title>Galo atropela o Flamengo e se garante na final contra rival - Notibras<\/title>\n<meta name=\"robots\" content=\"index, follow, max-snippet:-1, max-image-preview:large, max-video-preview:-1\" \/>\n<link rel=\"canonical\" href=\"https:\/\/www.notibras.com\/site\/galo-atropela-o-flamengo-e-se-garante-na-final-da-copa-do-brasil\/\" \/>\n<meta property=\"og:locale\" content=\"pt_BR\" \/>\n<meta property=\"og:type\" content=\"article\" \/>\n<meta property=\"og:title\" content=\"Galo atropela o Flamengo e se garante na final contra rival - Notibras\" \/>\n<meta property=\"og:description\" content=\"O Atl\u00e9tico-MG vai decidir a Copa do Brasil pela primeira vez na hist\u00f3ria. E o advers\u00e1rio ser\u00e1 o rival Cruzeiro. Pela primeira vez os times mineiros far\u00e3o uma decis\u00e3o de um torneio nacional. Depois de um t\u00edtulo de Copa Libertadores repleto de reviravoltas em 2013 e passar pelo Corinthians nas quartas de final da Copa [&hellip;]\" \/>\n<meta property=\"og:url\" content=\"https:\/\/www.notibras.com\/site\/galo-atropela-o-flamengo-e-se-garante-na-final-da-copa-do-brasil\/\" \/>\n<meta property=\"og:site_name\" content=\"Notibras\" \/>\n<meta property=\"article:publisher\" content=\"https:\/\/www.facebook.com\/notibras\/\" \/>\n<meta property=\"article:published_time\" content=\"2014-11-06T02:39:21+00:00\" \/>\n<meta property=\"article:modified_time\" content=\"2014-11-07T10:51:39+00:00\" \/>\n<meta property=\"og:image\" content=\"https:\/\/www.notibras.com\/site\/wp-content\/uploads\/2014\/11\/Sem-t\u00edtulo-123.jpg\" \/>\n\t<meta property=\"og:image:width\" content=\"620\" \/>\n\t<meta property=\"og:image:height\" content=\"470\" \/>\n\t<meta property=\"og:image:type\" content=\"image\/jpeg\" \/>\n<meta name=\"author\" content=\"Reda\u00e7\u00e3o\" \/>\n<meta name=\"twitter:card\" content=\"summary_large_image\" \/>\n<meta name=\"twitter:creator\" content=\"@Notibras\" \/>\n<meta name=\"twitter:site\" content=\"@Notibras\" \/>\n<meta name=\"twitter:label1\" content=\"Escrito por\" \/>\n\t<meta name=\"twitter:data1\" content=\"Reda\u00e7\u00e3o\" \/>\n\t<meta name=\"twitter:label2\" content=\"Est. tempo de leitura\" \/>\n\t<meta name=\"twitter:data2\" content=\"1 minuto\" \/>\n<script type=\"application\/ld+json\" class=\"yoast-schema-graph\">{\"@context\":\"https:\/\/schema.org\",\"@graph\":[{\"@type\":\"Article\",\"@id\":\"https:\/\/www.notibras.com\/site\/galo-atropela-o-flamengo-e-se-garante-na-final-da-copa-do-brasil\/#article\",\"isPartOf\":{\"@id\":\"https:\/\/www.notibras.com\/site\/galo-atropela-o-flamengo-e-se-garante-na-final-da-copa-do-brasil\/\"},\"author\":{\"name\":\"Reda\u00e7\u00e3o\",\"@id\":\"https:\/\/www.notibras.com\/site\/#\/schema\/person\/00b8e1aa08f9ef6563e878c5159d01cf\"},\"headline\":\"Galo atropela o Flamengo e se garante na final contra rival\",\"datePublished\":\"2014-11-06T02:39:21+00:00\",\"dateModified\":\"2014-11-07T10:51:39+00:00\",\"mainEntityOfPage\":{\"@id\":\"https:\/\/www.notibras.com\/site\/galo-atropela-o-flamengo-e-se-garante-na-final-da-copa-do-brasil\/\"},\"wordCount\":193,\"commentCount\":0,\"publisher\":{\"@id\":\"https:\/\/www.notibras.com\/site\/#organization\"},\"image\":{\"@id\":\"https:\/\/www.notibras.com\/site\/galo-atropela-o-flamengo-e-se-garante-na-final-da-copa-do-brasil\/#primaryimage\"},\"thumbnailUrl\":\"https:\/\/www.notibras.com\/site\/wp-content\/uploads\/2014\/11\/Sem-t\u00edtulo-123.jpg\",\"articleSection\":[\"Futebol\"],\"inLanguage\":\"pt-BR\",\"potentialAction\":[{\"@type\":\"CommentAction\",\"name\":\"Comment\",\"target\":[\"https:\/\/www.notibras.com\/site\/galo-atropela-o-flamengo-e-se-garante-na-final-da-copa-do-brasil\/#respond\"]}]},{\"@type\":\"WebPage\",\"@id\":\"https:\/\/www.notibras.com\/site\/galo-atropela-o-flamengo-e-se-garante-na-final-da-copa-do-brasil\/\",\"url\":\"https:\/\/www.notibras.com\/site\/galo-atropela-o-flamengo-e-se-garante-na-final-da-copa-do-brasil\/\",\"name\":\"Galo atropela o Flamengo e se garante na final contra rival - Notibras\",\"isPartOf\":{\"@id\":\"https:\/\/www.notibras.com\/site\/#website\"},\"primaryImageOfPage\":{\"@id\":\"https:\/\/www.notibras.com\/site\/galo-atropela-o-flamengo-e-se-garante-na-final-da-copa-do-brasil\/#primaryimage\"},\"image\":{\"@id\":\"https:\/\/www.notibras.com\/site\/galo-atropela-o-flamengo-e-se-garante-na-final-da-copa-do-brasil\/#primaryimage\"},\"thumbnailUrl\":\"https:\/\/www.notibras.com\/site\/wp-content\/uploads\/2014\/11\/Sem-t\u00edtulo-123.jpg\",\"datePublished\":\"2014-11-06T02:39:21+00:00\",\"dateModified\":\"2014-11-07T10:51:39+00:00\",\"breadcrumb\":{\"@id\":\"https:\/\/www.notibras.com\/site\/galo-atropela-o-flamengo-e-se-garante-na-final-da-copa-do-brasil\/#breadcrumb\"},\"inLanguage\":\"pt-BR\",\"potentialAction\":[{\"@type\":\"ReadAction\",\"target\":[\"https:\/\/www.notibras.com\/site\/galo-atropela-o-flamengo-e-se-garante-na-final-da-copa-do-brasil\/\"]}]},{\"@type\":\"ImageObject\",\"inLanguage\":\"pt-BR\",\"@id\":\"https:\/\/www.notibras.com\/site\/galo-atropela-o-flamengo-e-se-garante-na-final-da-copa-do-brasil\/#primaryimage\",\"url\":\"https:\/\/www.notibras.com\/site\/wp-content\/uploads\/2014\/11\/Sem-t\u00edtulo-123.jpg\",\"contentUrl\":\"https:\/\/www.notibras.com\/site\/wp-content\/uploads\/2014\/11\/Sem-t\u00edtulo-123.jpg\",\"width\":620,\"height\":470},{\"@type\":\"BreadcrumbList\",\"@id\":\"https:\/\/www.notibras.com\/site\/galo-atropela-o-flamengo-e-se-garante-na-final-da-copa-do-brasil\/#breadcrumb\",\"itemListElement\":[{\"@type\":\"ListItem\",\"position\":1,\"name\":\"In\u00edcio\",\"item\":\"https:\/\/www.notibras.com\/site\/\"},{\"@type\":\"ListItem\",\"position\":2,\"name\":\"Galo atropela o Flamengo e se garante na final contra rival\"}]},{\"@type\":\"WebSite\",\"@id\":\"https:\/\/www.notibras.com\/site\/#website\",\"url\":\"https:\/\/www.notibras.com\/site\/\",\"name\":\"Notibras\",\"description\":\"Not\u00edcias de Bras\u00edlia, do Brasil e do Mundo\",\"publisher\":{\"@id\":\"https:\/\/www.notibras.com\/site\/#organization\"},\"potentialAction\":[{\"@type\":\"SearchAction\",\"target\":{\"@type\":\"EntryPoint\",\"urlTemplate\":\"https:\/\/www.notibras.com\/site\/?s={search_term_string}\"},\"query-input\":{\"@type\":\"PropertyValueSpecification\",\"valueRequired\":true,\"valueName\":\"search_term_string\"}}],\"inLanguage\":\"pt-BR\"},{\"@type\":\"Organization\",\"@id\":\"https:\/\/www.notibras.com\/site\/#organization\",\"name\":\"Grupo Notibras de Comunica\u00e7\u00e3o\",\"url\":\"https:\/\/www.notibras.com\/site\/\",\"logo\":{\"@type\":\"ImageObject\",\"inLanguage\":\"pt-BR\",\"@id\":\"https:\/\/www.notibras.com\/site\/#\/schema\/logo\/image\/\",\"url\":\"https:\/\/www.notibras.com\/site\/wp-content\/uploads\/2023\/01\/notibras23.png\",\"contentUrl\":\"https:\/\/www.notibras.com\/site\/wp-content\/uploads\/2023\/01\/notibras23.png\",\"width\":350,\"height\":87,\"caption\":\"Grupo Notibras de Comunica\u00e7\u00e3o\"},\"image\":{\"@id\":\"https:\/\/www.notibras.com\/site\/#\/schema\/logo\/image\/\"},\"sameAs\":[\"https:\/\/www.facebook.com\/notibras\/\",\"https:\/\/x.com\/Notibras\",\"https:\/\/www.instagram.com\/notibras\/\"]},{\"@type\":\"Person\",\"@id\":\"https:\/\/www.notibras.com\/site\/#\/schema\/person\/00b8e1aa08f9ef6563e878c5159d01cf\",\"name\":\"Reda\u00e7\u00e3o\",\"image\":{\"@type\":\"ImageObject\",\"inLanguage\":\"pt-BR\",\"@id\":\"https:\/\/secure.gravatar.com\/avatar\/ac5a707d5b47784a5ed426c6e213e201423c750890f64e4c379114dade67dfb9?s=96&d=mm&r=g\",\"url\":\"https:\/\/secure.gravatar.com\/avatar\/ac5a707d5b47784a5ed426c6e213e201423c750890f64e4c379114dade67dfb9?s=96&d=mm&r=g\",\"contentUrl\":\"https:\/\/secure.gravatar.com\/avatar\/ac5a707d5b47784a5ed426c6e213e201423c750890f64e4c379114dade67dfb9?s=96&d=mm&r=g\",\"caption\":\"Reda\u00e7\u00e3o\"}}]}<\/script>\n<!-- \/ Yoast SEO plugin. -->","yoast_head_json":{"title":"Galo atropela o Flamengo e se garante na final contra rival - Notibras","robots":{"index":"index","follow":"follow","max-snippet":"max-snippet:-1","max-image-preview":"max-image-preview:large","max-video-preview":"max-video-preview:-1"},"canonical":"https:\/\/www.notibras.com\/site\/galo-atropela-o-flamengo-e-se-garante-na-final-da-copa-do-brasil\/","og_locale":"pt_BR","og_type":"article","og_title":"Galo atropela o Flamengo e se garante na final contra rival - Notibras","og_description":"O Atl\u00e9tico-MG vai decidir a Copa do Brasil pela primeira vez na hist\u00f3ria. E o advers\u00e1rio ser\u00e1 o rival Cruzeiro. Pela primeira vez os times mineiros far\u00e3o uma decis\u00e3o de um torneio nacional. Depois de um t\u00edtulo de Copa Libertadores repleto de reviravoltas em 2013 e passar pelo Corinthians nas quartas de final da Copa [&hellip;]","og_url":"https:\/\/www.notibras.com\/site\/galo-atropela-o-flamengo-e-se-garante-na-final-da-copa-do-brasil\/","og_site_name":"Notibras","article_publisher":"https:\/\/www.facebook.com\/notibras\/","article_published_time":"2014-11-06T02:39:21+00:00","article_modified_time":"2014-11-07T10:51:39+00:00","og_image":[{"width":620,"height":470,"url":"https:\/\/www.notibras.com\/site\/wp-content\/uploads\/2014\/11\/Sem-t\u00edtulo-123.jpg","type":"image\/jpeg"}],"author":"Reda\u00e7\u00e3o","twitter_card":"summary_large_image","twitter_creator":"@Notibras","twitter_site":"@Notibras","twitter_misc":{"Escrito por":"Reda\u00e7\u00e3o","Est. tempo de leitura":"1 minuto"},"schema":{"@context":"https:\/\/schema.org","@graph":[{"@type":"Article","@id":"https:\/\/www.notibras.com\/site\/galo-atropela-o-flamengo-e-se-garante-na-final-da-copa-do-brasil\/#article","isPartOf":{"@id":"https:\/\/www.notibras.com\/site\/galo-atropela-o-flamengo-e-se-garante-na-final-da-copa-do-brasil\/"},"author":{"name":"Reda\u00e7\u00e3o","@id":"https:\/\/www.notibras.com\/site\/#\/schema\/person\/00b8e1aa08f9ef6563e878c5159d01cf"},"headline":"Galo atropela o Flamengo e se garante na final contra rival","datePublished":"2014-11-06T02:39:21+00:00","dateModified":"2014-11-07T10:51:39+00:00","mainEntityOfPage":{"@id":"https:\/\/www.notibras.com\/site\/galo-atropela-o-flamengo-e-se-garante-na-final-da-copa-do-brasil\/"},"wordCount":193,"commentCount":0,"publisher":{"@id":"https:\/\/www.notibras.com\/site\/#organization"},"image":{"@id":"https:\/\/www.notibras.com\/site\/galo-atropela-o-flamengo-e-se-garante-na-final-da-copa-do-brasil\/#primaryimage"},"thumbnailUrl":"https:\/\/www.notibras.com\/site\/wp-content\/uploads\/2014\/11\/Sem-t\u00edtulo-123.jpg","articleSection":["Futebol"],"inLanguage":"pt-BR","potentialAction":[{"@type":"CommentAction","name":"Comment","target":["https:\/\/www.notibras.com\/site\/galo-atropela-o-flamengo-e-se-garante-na-final-da-copa-do-brasil\/#respond"]}]},{"@type":"WebPage","@id":"https:\/\/www.notibras.com\/site\/galo-atropela-o-flamengo-e-se-garante-na-final-da-copa-do-brasil\/","url":"https:\/\/www.notibras.com\/site\/galo-atropela-o-flamengo-e-se-garante-na-final-da-copa-do-brasil\/","name":"Galo atropela o Flamengo e se garante na final contra rival - Notibras","isPartOf":{"@id":"https:\/\/www.notibras.com\/site\/#website"},"primaryImageOfPage":{"@id":"https:\/\/www.notibras.com\/site\/galo-atropela-o-flamengo-e-se-garante-na-final-da-copa-do-brasil\/#primaryimage"},"image":{"@id":"https:\/\/www.notibras.com\/site\/galo-atropela-o-flamengo-e-se-garante-na-final-da-copa-do-brasil\/#primaryimage"},"thumbnailUrl":"https:\/\/www.notibras.com\/site\/wp-content\/uploads\/2014\/11\/Sem-t\u00edtulo-123.jpg","datePublished":"2014-11-06T02:39:21+00:00","dateModified":"2014-11-07T10:51:39+00:00","breadcrumb":{"@id":"https:\/\/www.notibras.com\/site\/galo-atropela-o-flamengo-e-se-garante-na-final-da-copa-do-brasil\/#breadcrumb"},"inLanguage":"pt-BR","potentialAction":[{"@type":"ReadAction","target":["https:\/\/www.notibras.com\/site\/galo-atropela-o-flamengo-e-se-garante-na-final-da-copa-do-brasil\/"]}]},{"@type":"ImageObject","inLanguage":"pt-BR","@id":"https:\/\/www.notibras.com\/site\/galo-atropela-o-flamengo-e-se-garante-na-final-da-copa-do-brasil\/#primaryimage","url":"https:\/\/www.notibras.com\/site\/wp-content\/uploads\/2014\/11\/Sem-t\u00edtulo-123.jpg","contentUrl":"https:\/\/www.notibras.com\/site\/wp-content\/uploads\/2014\/11\/Sem-t\u00edtulo-123.jpg","width":620,"height":470},{"@type":"BreadcrumbList","@id":"https:\/\/www.notibras.com\/site\/galo-atropela-o-flamengo-e-se-garante-na-final-da-copa-do-brasil\/#breadcrumb","itemListElement":[{"@type":"ListItem","position":1,"name":"In\u00edcio","item":"https:\/\/www.notibras.com\/site\/"},{"@type":"ListItem","position":2,"name":"Galo atropela o Flamengo e se garante na final contra rival"}]},{"@type":"WebSite","@id":"https:\/\/www.notibras.com\/site\/#website","url":"https:\/\/www.notibras.com\/site\/","name":"Notibras","description":"Not\u00edcias de Bras\u00edlia, do Brasil e do Mundo","publisher":{"@id":"https:\/\/www.notibras.com\/site\/#organization"},"potentialAction":[{"@type":"SearchAction","target":{"@type":"EntryPoint","urlTemplate":"https:\/\/www.notibras.com\/site\/?s={search_term_string}"},"query-input":{"@type":"PropertyValueSpecification","valueRequired":true,"valueName":"search_term_string"}}],"inLanguage":"pt-BR"},{"@type":"Organization","@id":"https:\/\/www.notibras.com\/site\/#organization","name":"Grupo Notibras de Comunica\u00e7\u00e3o","url":"https:\/\/www.notibras.com\/site\/","logo":{"@type":"ImageObject","inLanguage":"pt-BR","@id":"https:\/\/www.notibras.com\/site\/#\/schema\/logo\/image\/","url":"https:\/\/www.notibras.com\/site\/wp-content\/uploads\/2023\/01\/notibras23.png","contentUrl":"https:\/\/www.notibras.com\/site\/wp-content\/uploads\/2023\/01\/notibras23.png","width":350,"height":87,"caption":"Grupo Notibras de Comunica\u00e7\u00e3o"},"image":{"@id":"https:\/\/www.notibras.com\/site\/#\/schema\/logo\/image\/"},"sameAs":["https:\/\/www.facebook.com\/notibras\/","https:\/\/x.com\/Notibras","https:\/\/www.instagram.com\/notibras\/"]},{"@type":"Person","@id":"https:\/\/www.notibras.com\/site\/#\/schema\/person\/00b8e1aa08f9ef6563e878c5159d01cf","name":"Reda\u00e7\u00e3o","image":{"@type":"ImageObject","inLanguage":"pt-BR","@id":"https:\/\/secure.gravatar.com\/avatar\/ac5a707d5b47784a5ed426c6e213e201423c750890f64e4c379114dade67dfb9?s=96&d=mm&r=g","url":"https:\/\/secure.gravatar.com\/avatar\/ac5a707d5b47784a5ed426c6e213e201423c750890f64e4c379114dade67dfb9?s=96&d=mm&r=g","contentUrl":"https:\/\/secure.gravatar.com\/avatar\/ac5a707d5b47784a5ed426c6e213e201423c750890f64e4c379114dade67dfb9?s=96&d=mm&r=g","caption":"Reda\u00e7\u00e3o"}}]}},"amp_enabled":true,"_links":{"self":[{"href":"https:\/\/www.notibras.com\/site\/wp-json\/wp\/v2\/posts\/27056","targetHints":{"allow":["GET"]}}],"collection":[{"href":"https:\/\/www.notibras.com\/site\/wp-json\/wp\/v2\/posts"}],"about":[{"href":"https:\/\/www.notibras.com\/site\/wp-json\/wp\/v2\/types\/post"}],"author":[{"embeddable":true,"href":"https:\/\/www.notibras.com\/site\/wp-json\/wp\/v2\/users\/1"}],"replies":[{"embeddable":true,"href":"https:\/\/www.notibras.com\/site\/wp-json\/wp\/v2\/comments?post=27056"}],"version-history":[{"count":0,"href":"https:\/\/www.notibras.com\/site\/wp-json\/wp\/v2\/posts\/27056\/revisions"}],"wp:featuredmedia":[{"embeddable":true,"href":"https:\/\/www.notibras.com\/site\/wp-json\/wp\/v2\/media\/27057"}],"wp:attachment":[{"href":"https:\/\/www.notibras.com\/site\/wp-json\/wp\/v2\/media?parent=27056"}],"wp:term":[{"taxonomy":"category","embeddable":true,"href":"https:\/\/www.notibras.com\/site\/wp-json\/wp\/v2\/categories?post=27056"},{"taxonomy":"post_tag","embeddable":true,"href":"https:\/\/www.notibras.com\/site\/wp-json\/wp\/v2\/tags?post=27056"}],"curies":[{"name":"wp","href":"https:\/\/api.w.org\/{rel}","templated":true}]}}