{"id":27104,"date":"2014-11-05T06:04:37","date_gmt":"2014-11-05T09:04:37","guid":{"rendered":"http:\/\/www.notibras.com\/site\/?p=27104"},"modified":"2016-07-30T16:58:03","modified_gmt":"2016-07-30T19:58:03","slug":"franca-devolve-ao-brasil-fosseis-de-250-milhoes-de-anos-avaliados-em-500-mil","status":"publish","type":"post","link":"https:\/\/www.notibras.com\/site\/franca-devolve-ao-brasil-fosseis-de-250-milhoes-de-anos-avaliados-em-500-mil\/","title":{"rendered":"Fran\u00e7a devolve ao Brasil f\u00f3sseis de 250 milh\u00f5es de anos avaliados em 500 mil"},"content":{"rendered":"<p>A Embaixada da Fran\u00e7a entregou nesta quarta-feira (5) ao Brasil 13 f\u00f3sseis de <em>Mesosaurus braziliensis<\/em>, um pequeno r\u00e9ptil encontrado no Sul, Sudeste e Centro-Oeste do Brasil. Eles foram apreendidos pela aduana francesa em 2006, no Aeroporto Charles de Gaulle, em Paris. O destino final seria um comprador na Alemanha. Todo o lote tem o valor estimado em R$ 500 mil.<\/p>\n<p>Os f\u00f3sseis, que t\u00eam idade aproximada de 250 milh\u00f5es de anos, estavam embalados e identificados como livros religiosos. Eles foram remetidos de S\u00e3o Paulo. Segundo apurou a Pol\u00edcia Federal, eles foram extra\u00eddos no interior do estado por uma empresa ga\u00facha de explora\u00e7\u00e3o mineral.<\/p>\n<p>De acordo com o conselheiro de Imprensa e Comunica\u00e7\u00e3o da Embaixada da Fran\u00e7a, Thibaut Lespagnol, antes de serem devolvidos, os f\u00f3sseis passaram por per\u00edcia paleontol\u00f3gica na Fran\u00e7a para confirmar a origem brasileira. Depois disso, foram confiscados pela Justi\u00e7a francesa para serem encaminhados ao Brasil. J\u00e1 no pa\u00eds, a Fran\u00e7a teve que encontrar a organiza\u00e7\u00e3o brasileira competente para receber os f\u00f3sseis.<\/p>\n<p>&#8220;Tanto para a Fran\u00e7a quanto para o Brasil, o patrim\u00f4nio hist\u00f3rico \u00e9 muito importante. Porque a hist\u00f3ria \u00e9 a nossa identidade, para n\u00f3s \u00e9 uma evid\u00eancia que, se pertence ao Brasil, temos que fazer todo o poss\u00edvel para que volte ao Brasil&#8221;, diz Lespagnol.<\/p>\n<blockquote><p>A Pol\u00edcia Federal foi a organiza\u00e7\u00e3o designada para receb\u00ea-los. Eles ser\u00e3o encaminhados ao Departamento Nacional de Produ\u00e7\u00e3o Mineral (DNPM), autarquia vinculada ao Minist\u00e9rio de Minas e Energia. Quando o processo, que tramita na Justi\u00e7a Federal de S\u00e3o Paulo, estiver conclu\u00eddo, o lote ser\u00e1 encaminhado \u00e0 universidade ou ao museu apto a receb\u00ea-lo.<\/p><\/blockquote>\n<p>Segundo o chefe da Divis\u00e3o de Prote\u00e7\u00e3o de Dep\u00f3sitos Fossil\u00edferos do DNPM, Felipe Barbi Chaves, os f\u00f3sseis s\u00e3o tipicamente encontrados na Bacia do Paran\u00e1. Esses foram encontrados no oeste do estado de S\u00e3o Paulo. &#8220;\u00c9 um material j\u00e1 conhecido, j\u00e1 estudado e, o que \u00e9 importante para n\u00f3s, \u00e9 que, al\u00e9m de ser uma material tipicamente brasileiro, \u00e9 uma importante evid\u00eancia do que a gente chama de tect\u00f4nica de placas, de que o continente americano j\u00e1 esteve unido \u00e0 \u00c1frica em determinado momento&#8221;, explica Chaves.<\/p>\n<p>Para selecionar a institui\u00e7\u00e3o que receber\u00e1 esses f\u00f3sseis, o DNPM vai levar em considera\u00e7\u00e3o alguns crit\u00e9rios, como a exist\u00eancia de exposi\u00e7\u00f5es permanentes ao p\u00fablico e presen\u00e7a de especialistas na \u00e1rea que possam receber o material. Outra quest\u00e3o que poder\u00e1 ser considerada \u00e9 que o material retorne \u00e0s proximidades da \u00e1rea em que foi encontrado.<\/p>\n<p>Uma pessoa foi indiciada pelo crime, o respons\u00e1vel pela remessa dos f\u00f3sseis \u00e0 Europa. Segundo a PF, o processo est\u00e1 em fase final de julgamento. Essa pessoa poder\u00e1 ser condenada a at\u00e9 dez anos de pris\u00e3o por contrabando e extra\u00e7\u00e3o ilegal de produtos minerais.<\/p>\n<p>A PF esclarece ainda que muitos f\u00f3sseis s\u00e3o encontrados por acidente por empresas em escava\u00e7\u00f5es. Esses f\u00f3sseis devem ser encaminhados ao DNPM. A venda \u00e9 ilegal.<\/p>\n<p><strong>Mariana Tokarnia, ABr<br \/>\n<\/strong><\/p>\n","protected":false},"excerpt":{"rendered":"<p>A Embaixada da Fran\u00e7a entregou nesta quarta-feira (5) ao Brasil 13 f\u00f3sseis de Mesosaurus braziliensis, um pequeno r\u00e9ptil encontrado no Sul, Sudeste e Centro-Oeste do Brasil. Eles foram apreendidos pela aduana francesa em 2006, no Aeroporto Charles de Gaulle, em Paris. O destino final seria um comprador na Alemanha. Todo o lote tem o valor [&hellip;]<\/p>\n","protected":false},"author":2,"featured_media":27105,"comment_status":"open","ping_status":"closed","sticky":false,"template":"","format":"standard","meta":{"_acf_changed":false,"footnotes":""},"categories":[71],"tags":[],"class_list":["post-27104","post","type-post","status-publish","format-standard","has-post-thumbnail","hentry","category-curiosidades"],"acf":[],"yoast_head":"<!-- This site is optimized with the Yoast SEO plugin v27.2 - https:\/\/yoast.com\/product\/yoast-seo-wordpress\/ -->\n<title>Fran\u00e7a devolve ao Brasil f\u00f3sseis de 250 milh\u00f5es de anos avaliados em 500 mil - Notibras<\/title>\n<meta name=\"robots\" content=\"index, follow, max-snippet:-1, max-image-preview:large, max-video-preview:-1\" \/>\n<link rel=\"canonical\" href=\"https:\/\/www.notibras.com\/site\/franca-devolve-ao-brasil-fosseis-de-250-milhoes-de-anos-avaliados-em-500-mil\/\" \/>\n<meta property=\"og:locale\" content=\"pt_BR\" \/>\n<meta property=\"og:type\" content=\"article\" \/>\n<meta property=\"og:title\" content=\"Fran\u00e7a devolve ao Brasil f\u00f3sseis de 250 milh\u00f5es de anos avaliados em 500 mil - Notibras\" \/>\n<meta property=\"og:description\" content=\"A Embaixada da Fran\u00e7a entregou nesta quarta-feira (5) ao Brasil 13 f\u00f3sseis de Mesosaurus braziliensis, um pequeno r\u00e9ptil encontrado no Sul, Sudeste e Centro-Oeste do Brasil. Eles foram apreendidos pela aduana francesa em 2006, no Aeroporto Charles de Gaulle, em Paris. O destino final seria um comprador na Alemanha. Todo o lote tem o valor [&hellip;]\" \/>\n<meta property=\"og:url\" content=\"https:\/\/www.notibras.com\/site\/franca-devolve-ao-brasil-fosseis-de-250-milhoes-de-anos-avaliados-em-500-mil\/\" \/>\n<meta property=\"og:site_name\" content=\"Notibras\" \/>\n<meta property=\"article:publisher\" content=\"https:\/\/www.facebook.com\/notibras\/\" \/>\n<meta property=\"article:published_time\" content=\"2014-11-05T09:04:37+00:00\" \/>\n<meta property=\"article:modified_time\" content=\"2016-07-30T19:58:03+00:00\" \/>\n<meta property=\"og:image\" content=\"https:\/\/www.notibras.com\/site\/wp-content\/uploads\/2014\/11\/ci.jpg\" \/>\n\t<meta property=\"og:image:width\" content=\"1124\" \/>\n\t<meta property=\"og:image:height\" content=\"720\" \/>\n\t<meta property=\"og:image:type\" content=\"image\/jpeg\" \/>\n<meta name=\"author\" content=\"Reda\u00e7\u00e3o\" \/>\n<meta name=\"twitter:card\" content=\"summary_large_image\" \/>\n<meta name=\"twitter:creator\" content=\"@Notibras\" \/>\n<meta name=\"twitter:site\" content=\"@Notibras\" \/>\n<meta name=\"twitter:label1\" content=\"Escrito por\" \/>\n\t<meta name=\"twitter:data1\" content=\"Reda\u00e7\u00e3o\" \/>\n\t<meta name=\"twitter:label2\" content=\"Est. tempo de leitura\" \/>\n\t<meta name=\"twitter:data2\" content=\"3 minutos\" \/>\n<script type=\"application\/ld+json\" class=\"yoast-schema-graph\">{\"@context\":\"https:\/\/schema.org\",\"@graph\":[{\"@type\":\"Article\",\"@id\":\"https:\/\/www.notibras.com\/site\/franca-devolve-ao-brasil-fosseis-de-250-milhoes-de-anos-avaliados-em-500-mil\/#article\",\"isPartOf\":{\"@id\":\"https:\/\/www.notibras.com\/site\/franca-devolve-ao-brasil-fosseis-de-250-milhoes-de-anos-avaliados-em-500-mil\/\"},\"author\":{\"name\":\"Reda\u00e7\u00e3o\",\"@id\":\"https:\/\/www.notibras.com\/site\/#\/schema\/person\/36ab0979449956132d3e5b517ea76ac8\"},\"headline\":\"Fran\u00e7a devolve ao Brasil f\u00f3sseis de 250 milh\u00f5es de anos avaliados em 500 mil\",\"datePublished\":\"2014-11-05T09:04:37+00:00\",\"dateModified\":\"2016-07-30T19:58:03+00:00\",\"mainEntityOfPage\":{\"@id\":\"https:\/\/www.notibras.com\/site\/franca-devolve-ao-brasil-fosseis-de-250-milhoes-de-anos-avaliados-em-500-mil\/\"},\"wordCount\":536,\"commentCount\":0,\"publisher\":{\"@id\":\"https:\/\/www.notibras.com\/site\/#organization\"},\"image\":{\"@id\":\"https:\/\/www.notibras.com\/site\/franca-devolve-ao-brasil-fosseis-de-250-milhoes-de-anos-avaliados-em-500-mil\/#primaryimage\"},\"thumbnailUrl\":\"https:\/\/www.notibras.com\/site\/wp-content\/uploads\/2014\/11\/ci.jpg\",\"articleSection\":[\"Curiosidades\"],\"inLanguage\":\"pt-BR\",\"potentialAction\":[{\"@type\":\"CommentAction\",\"name\":\"Comment\",\"target\":[\"https:\/\/www.notibras.com\/site\/franca-devolve-ao-brasil-fosseis-de-250-milhoes-de-anos-avaliados-em-500-mil\/#respond\"]}]},{\"@type\":\"WebPage\",\"@id\":\"https:\/\/www.notibras.com\/site\/franca-devolve-ao-brasil-fosseis-de-250-milhoes-de-anos-avaliados-em-500-mil\/\",\"url\":\"https:\/\/www.notibras.com\/site\/franca-devolve-ao-brasil-fosseis-de-250-milhoes-de-anos-avaliados-em-500-mil\/\",\"name\":\"Fran\u00e7a devolve ao Brasil f\u00f3sseis de 250 milh\u00f5es de anos avaliados em 500 mil - Notibras\",\"isPartOf\":{\"@id\":\"https:\/\/www.notibras.com\/site\/#website\"},\"primaryImageOfPage\":{\"@id\":\"https:\/\/www.notibras.com\/site\/franca-devolve-ao-brasil-fosseis-de-250-milhoes-de-anos-avaliados-em-500-mil\/#primaryimage\"},\"image\":{\"@id\":\"https:\/\/www.notibras.com\/site\/franca-devolve-ao-brasil-fosseis-de-250-milhoes-de-anos-avaliados-em-500-mil\/#primaryimage\"},\"thumbnailUrl\":\"https:\/\/www.notibras.com\/site\/wp-content\/uploads\/2014\/11\/ci.jpg\",\"datePublished\":\"2014-11-05T09:04:37+00:00\",\"dateModified\":\"2016-07-30T19:58:03+00:00\",\"breadcrumb\":{\"@id\":\"https:\/\/www.notibras.com\/site\/franca-devolve-ao-brasil-fosseis-de-250-milhoes-de-anos-avaliados-em-500-mil\/#breadcrumb\"},\"inLanguage\":\"pt-BR\",\"potentialAction\":[{\"@type\":\"ReadAction\",\"target\":[\"https:\/\/www.notibras.com\/site\/franca-devolve-ao-brasil-fosseis-de-250-milhoes-de-anos-avaliados-em-500-mil\/\"]}]},{\"@type\":\"ImageObject\",\"inLanguage\":\"pt-BR\",\"@id\":\"https:\/\/www.notibras.com\/site\/franca-devolve-ao-brasil-fosseis-de-250-milhoes-de-anos-avaliados-em-500-mil\/#primaryimage\",\"url\":\"https:\/\/www.notibras.com\/site\/wp-content\/uploads\/2014\/11\/ci.jpg\",\"contentUrl\":\"https:\/\/www.notibras.com\/site\/wp-content\/uploads\/2014\/11\/ci.jpg\",\"width\":1124,\"height\":720},{\"@type\":\"BreadcrumbList\",\"@id\":\"https:\/\/www.notibras.com\/site\/franca-devolve-ao-brasil-fosseis-de-250-milhoes-de-anos-avaliados-em-500-mil\/#breadcrumb\",\"itemListElement\":[{\"@type\":\"ListItem\",\"position\":1,\"name\":\"In\u00edcio\",\"item\":\"https:\/\/www.notibras.com\/site\/\"},{\"@type\":\"ListItem\",\"position\":2,\"name\":\"Fran\u00e7a devolve ao Brasil f\u00f3sseis de 250 milh\u00f5es de anos avaliados em 500 mil\"}]},{\"@type\":\"WebSite\",\"@id\":\"https:\/\/www.notibras.com\/site\/#website\",\"url\":\"https:\/\/www.notibras.com\/site\/\",\"name\":\"Notibras\",\"description\":\"Not\u00edcias de Bras\u00edlia, do Brasil e do Mundo\",\"publisher\":{\"@id\":\"https:\/\/www.notibras.com\/site\/#organization\"},\"potentialAction\":[{\"@type\":\"SearchAction\",\"target\":{\"@type\":\"EntryPoint\",\"urlTemplate\":\"https:\/\/www.notibras.com\/site\/?s={search_term_string}\"},\"query-input\":{\"@type\":\"PropertyValueSpecification\",\"valueRequired\":true,\"valueName\":\"search_term_string\"}}],\"inLanguage\":\"pt-BR\"},{\"@type\":\"Organization\",\"@id\":\"https:\/\/www.notibras.com\/site\/#organization\",\"name\":\"Grupo Notibras de Comunica\u00e7\u00e3o\",\"url\":\"https:\/\/www.notibras.com\/site\/\",\"logo\":{\"@type\":\"ImageObject\",\"inLanguage\":\"pt-BR\",\"@id\":\"https:\/\/www.notibras.com\/site\/#\/schema\/logo\/image\/\",\"url\":\"https:\/\/www.notibras.com\/site\/wp-content\/uploads\/2023\/01\/notibras23.png\",\"contentUrl\":\"https:\/\/www.notibras.com\/site\/wp-content\/uploads\/2023\/01\/notibras23.png\",\"width\":350,\"height\":87,\"caption\":\"Grupo Notibras de Comunica\u00e7\u00e3o\"},\"image\":{\"@id\":\"https:\/\/www.notibras.com\/site\/#\/schema\/logo\/image\/\"},\"sameAs\":[\"https:\/\/www.facebook.com\/notibras\/\",\"https:\/\/x.com\/Notibras\",\"https:\/\/www.instagram.com\/notibras\/\"]},{\"@type\":\"Person\",\"@id\":\"https:\/\/www.notibras.com\/site\/#\/schema\/person\/36ab0979449956132d3e5b517ea76ac8\",\"name\":\"Reda\u00e7\u00e3o\",\"image\":{\"@type\":\"ImageObject\",\"inLanguage\":\"pt-BR\",\"@id\":\"https:\/\/secure.gravatar.com\/avatar\/e0a867bdedb85fd243eadf09663511f96fc81e0720a4a42581f334ad4303aa6b?s=96&d=mm&r=g\",\"url\":\"https:\/\/secure.gravatar.com\/avatar\/e0a867bdedb85fd243eadf09663511f96fc81e0720a4a42581f334ad4303aa6b?s=96&d=mm&r=g\",\"contentUrl\":\"https:\/\/secure.gravatar.com\/avatar\/e0a867bdedb85fd243eadf09663511f96fc81e0720a4a42581f334ad4303aa6b?s=96&d=mm&r=g\",\"caption\":\"Reda\u00e7\u00e3o\"}}]}<\/script>\n<!-- \/ Yoast SEO plugin. -->","yoast_head_json":{"title":"Fran\u00e7a devolve ao Brasil f\u00f3sseis de 250 milh\u00f5es de anos avaliados em 500 mil - Notibras","robots":{"index":"index","follow":"follow","max-snippet":"max-snippet:-1","max-image-preview":"max-image-preview:large","max-video-preview":"max-video-preview:-1"},"canonical":"https:\/\/www.notibras.com\/site\/franca-devolve-ao-brasil-fosseis-de-250-milhoes-de-anos-avaliados-em-500-mil\/","og_locale":"pt_BR","og_type":"article","og_title":"Fran\u00e7a devolve ao Brasil f\u00f3sseis de 250 milh\u00f5es de anos avaliados em 500 mil - Notibras","og_description":"A Embaixada da Fran\u00e7a entregou nesta quarta-feira (5) ao Brasil 13 f\u00f3sseis de Mesosaurus braziliensis, um pequeno r\u00e9ptil encontrado no Sul, Sudeste e Centro-Oeste do Brasil. Eles foram apreendidos pela aduana francesa em 2006, no Aeroporto Charles de Gaulle, em Paris. O destino final seria um comprador na Alemanha. Todo o lote tem o valor [&hellip;]","og_url":"https:\/\/www.notibras.com\/site\/franca-devolve-ao-brasil-fosseis-de-250-milhoes-de-anos-avaliados-em-500-mil\/","og_site_name":"Notibras","article_publisher":"https:\/\/www.facebook.com\/notibras\/","article_published_time":"2014-11-05T09:04:37+00:00","article_modified_time":"2016-07-30T19:58:03+00:00","og_image":[{"width":1124,"height":720,"url":"https:\/\/www.notibras.com\/site\/wp-content\/uploads\/2014\/11\/ci.jpg","type":"image\/jpeg"}],"author":"Reda\u00e7\u00e3o","twitter_card":"summary_large_image","twitter_creator":"@Notibras","twitter_site":"@Notibras","twitter_misc":{"Escrito por":"Reda\u00e7\u00e3o","Est. tempo de leitura":"3 minutos"},"schema":{"@context":"https:\/\/schema.org","@graph":[{"@type":"Article","@id":"https:\/\/www.notibras.com\/site\/franca-devolve-ao-brasil-fosseis-de-250-milhoes-de-anos-avaliados-em-500-mil\/#article","isPartOf":{"@id":"https:\/\/www.notibras.com\/site\/franca-devolve-ao-brasil-fosseis-de-250-milhoes-de-anos-avaliados-em-500-mil\/"},"author":{"name":"Reda\u00e7\u00e3o","@id":"https:\/\/www.notibras.com\/site\/#\/schema\/person\/36ab0979449956132d3e5b517ea76ac8"},"headline":"Fran\u00e7a devolve ao Brasil f\u00f3sseis de 250 milh\u00f5es de anos avaliados em 500 mil","datePublished":"2014-11-05T09:04:37+00:00","dateModified":"2016-07-30T19:58:03+00:00","mainEntityOfPage":{"@id":"https:\/\/www.notibras.com\/site\/franca-devolve-ao-brasil-fosseis-de-250-milhoes-de-anos-avaliados-em-500-mil\/"},"wordCount":536,"commentCount":0,"publisher":{"@id":"https:\/\/www.notibras.com\/site\/#organization"},"image":{"@id":"https:\/\/www.notibras.com\/site\/franca-devolve-ao-brasil-fosseis-de-250-milhoes-de-anos-avaliados-em-500-mil\/#primaryimage"},"thumbnailUrl":"https:\/\/www.notibras.com\/site\/wp-content\/uploads\/2014\/11\/ci.jpg","articleSection":["Curiosidades"],"inLanguage":"pt-BR","potentialAction":[{"@type":"CommentAction","name":"Comment","target":["https:\/\/www.notibras.com\/site\/franca-devolve-ao-brasil-fosseis-de-250-milhoes-de-anos-avaliados-em-500-mil\/#respond"]}]},{"@type":"WebPage","@id":"https:\/\/www.notibras.com\/site\/franca-devolve-ao-brasil-fosseis-de-250-milhoes-de-anos-avaliados-em-500-mil\/","url":"https:\/\/www.notibras.com\/site\/franca-devolve-ao-brasil-fosseis-de-250-milhoes-de-anos-avaliados-em-500-mil\/","name":"Fran\u00e7a devolve ao Brasil f\u00f3sseis de 250 milh\u00f5es de anos avaliados em 500 mil - Notibras","isPartOf":{"@id":"https:\/\/www.notibras.com\/site\/#website"},"primaryImageOfPage":{"@id":"https:\/\/www.notibras.com\/site\/franca-devolve-ao-brasil-fosseis-de-250-milhoes-de-anos-avaliados-em-500-mil\/#primaryimage"},"image":{"@id":"https:\/\/www.notibras.com\/site\/franca-devolve-ao-brasil-fosseis-de-250-milhoes-de-anos-avaliados-em-500-mil\/#primaryimage"},"thumbnailUrl":"https:\/\/www.notibras.com\/site\/wp-content\/uploads\/2014\/11\/ci.jpg","datePublished":"2014-11-05T09:04:37+00:00","dateModified":"2016-07-30T19:58:03+00:00","breadcrumb":{"@id":"https:\/\/www.notibras.com\/site\/franca-devolve-ao-brasil-fosseis-de-250-milhoes-de-anos-avaliados-em-500-mil\/#breadcrumb"},"inLanguage":"pt-BR","potentialAction":[{"@type":"ReadAction","target":["https:\/\/www.notibras.com\/site\/franca-devolve-ao-brasil-fosseis-de-250-milhoes-de-anos-avaliados-em-500-mil\/"]}]},{"@type":"ImageObject","inLanguage":"pt-BR","@id":"https:\/\/www.notibras.com\/site\/franca-devolve-ao-brasil-fosseis-de-250-milhoes-de-anos-avaliados-em-500-mil\/#primaryimage","url":"https:\/\/www.notibras.com\/site\/wp-content\/uploads\/2014\/11\/ci.jpg","contentUrl":"https:\/\/www.notibras.com\/site\/wp-content\/uploads\/2014\/11\/ci.jpg","width":1124,"height":720},{"@type":"BreadcrumbList","@id":"https:\/\/www.notibras.com\/site\/franca-devolve-ao-brasil-fosseis-de-250-milhoes-de-anos-avaliados-em-500-mil\/#breadcrumb","itemListElement":[{"@type":"ListItem","position":1,"name":"In\u00edcio","item":"https:\/\/www.notibras.com\/site\/"},{"@type":"ListItem","position":2,"name":"Fran\u00e7a devolve ao Brasil f\u00f3sseis de 250 milh\u00f5es de anos avaliados em 500 mil"}]},{"@type":"WebSite","@id":"https:\/\/www.notibras.com\/site\/#website","url":"https:\/\/www.notibras.com\/site\/","name":"Notibras","description":"Not\u00edcias de Bras\u00edlia, do Brasil e do Mundo","publisher":{"@id":"https:\/\/www.notibras.com\/site\/#organization"},"potentialAction":[{"@type":"SearchAction","target":{"@type":"EntryPoint","urlTemplate":"https:\/\/www.notibras.com\/site\/?s={search_term_string}"},"query-input":{"@type":"PropertyValueSpecification","valueRequired":true,"valueName":"search_term_string"}}],"inLanguage":"pt-BR"},{"@type":"Organization","@id":"https:\/\/www.notibras.com\/site\/#organization","name":"Grupo Notibras de Comunica\u00e7\u00e3o","url":"https:\/\/www.notibras.com\/site\/","logo":{"@type":"ImageObject","inLanguage":"pt-BR","@id":"https:\/\/www.notibras.com\/site\/#\/schema\/logo\/image\/","url":"https:\/\/www.notibras.com\/site\/wp-content\/uploads\/2023\/01\/notibras23.png","contentUrl":"https:\/\/www.notibras.com\/site\/wp-content\/uploads\/2023\/01\/notibras23.png","width":350,"height":87,"caption":"Grupo Notibras de Comunica\u00e7\u00e3o"},"image":{"@id":"https:\/\/www.notibras.com\/site\/#\/schema\/logo\/image\/"},"sameAs":["https:\/\/www.facebook.com\/notibras\/","https:\/\/x.com\/Notibras","https:\/\/www.instagram.com\/notibras\/"]},{"@type":"Person","@id":"https:\/\/www.notibras.com\/site\/#\/schema\/person\/36ab0979449956132d3e5b517ea76ac8","name":"Reda\u00e7\u00e3o","image":{"@type":"ImageObject","inLanguage":"pt-BR","@id":"https:\/\/secure.gravatar.com\/avatar\/e0a867bdedb85fd243eadf09663511f96fc81e0720a4a42581f334ad4303aa6b?s=96&d=mm&r=g","url":"https:\/\/secure.gravatar.com\/avatar\/e0a867bdedb85fd243eadf09663511f96fc81e0720a4a42581f334ad4303aa6b?s=96&d=mm&r=g","contentUrl":"https:\/\/secure.gravatar.com\/avatar\/e0a867bdedb85fd243eadf09663511f96fc81e0720a4a42581f334ad4303aa6b?s=96&d=mm&r=g","caption":"Reda\u00e7\u00e3o"}}]}},"amp_enabled":true,"_links":{"self":[{"href":"https:\/\/www.notibras.com\/site\/wp-json\/wp\/v2\/posts\/27104","targetHints":{"allow":["GET"]}}],"collection":[{"href":"https:\/\/www.notibras.com\/site\/wp-json\/wp\/v2\/posts"}],"about":[{"href":"https:\/\/www.notibras.com\/site\/wp-json\/wp\/v2\/types\/post"}],"author":[{"embeddable":true,"href":"https:\/\/www.notibras.com\/site\/wp-json\/wp\/v2\/users\/2"}],"replies":[{"embeddable":true,"href":"https:\/\/www.notibras.com\/site\/wp-json\/wp\/v2\/comments?post=27104"}],"version-history":[{"count":1,"href":"https:\/\/www.notibras.com\/site\/wp-json\/wp\/v2\/posts\/27104\/revisions"}],"predecessor-version":[{"id":109977,"href":"https:\/\/www.notibras.com\/site\/wp-json\/wp\/v2\/posts\/27104\/revisions\/109977"}],"wp:featuredmedia":[{"embeddable":true,"href":"https:\/\/www.notibras.com\/site\/wp-json\/wp\/v2\/media\/27105"}],"wp:attachment":[{"href":"https:\/\/www.notibras.com\/site\/wp-json\/wp\/v2\/media?parent=27104"}],"wp:term":[{"taxonomy":"category","embeddable":true,"href":"https:\/\/www.notibras.com\/site\/wp-json\/wp\/v2\/categories?post=27104"},{"taxonomy":"post_tag","embeddable":true,"href":"https:\/\/www.notibras.com\/site\/wp-json\/wp\/v2\/tags?post=27104"}],"curies":[{"name":"wp","href":"https:\/\/api.w.org\/{rel}","templated":true}]}}