{"id":27210,"date":"2014-11-06T19:16:32","date_gmt":"2014-11-06T22:16:32","guid":{"rendered":"http:\/\/www.notibras.com\/site\/?p=27210"},"modified":"2014-11-06T20:41:10","modified_gmt":"2014-11-06T23:41:10","slug":"dolar-sobe-pelo-5o-dia-seguido-e-passa-de-r-256-maior-valor-desde-2005","status":"publish","type":"post","link":"https:\/\/www.notibras.com\/site\/dolar-sobe-pelo-5o-dia-seguido-e-passa-de-r-256-maior-valor-desde-2005\/","title":{"rendered":"Em alta, d\u00f3lar chega a R$ 2,56 e tem maior valor em 9 anos"},"content":{"rendered":"<p>O d\u00f3lar comercial fechou em alta pelo quinto dia seguido nesta quinta-feira (6), com avan\u00e7o de 1,82%, a R$ 2,561 na venda. \u00c9 o maior valor de fechamento desde abril de 2005. Nas \u00faltimas cinco sess\u00f5es, o d\u00f3lar acumulou alta de 6,35%.<\/p>\n<blockquote><p>A indefini\u00e7\u00e3o sobre as pr\u00f3ximas medidas econ\u00f4micas que ser\u00e3o tomadas pela presidente reeleita Dilma Rousseff (PT) tem feito com que os investidores busquem\u00a0 mais d\u00f3lares. Com o aumento da procura, o pre\u00e7o da moeda tende a subir.<\/p><\/blockquote>\n<p><strong>Indefini\u00e7\u00e3o no cen\u00e1rio pol\u00edtico<br \/>\n<\/strong>&#8220;O fator local \u00e9 de indefini\u00e7\u00f5es e, quando voc\u00ea n\u00e3o sabe o que vem pela frente, voc\u00ea corre para o d\u00f3lar&#8221;, disse o especialista em c\u00e2mbio da corretora Icap, Italo Abucater, \u00e0 ag\u00eancia de not\u00edcias Reuters.<\/p>\n<p>Investidores querem mais detalhes sobre como ser\u00e1 gerenciada a pol\u00edtica econ\u00f4mica, sobretudo a fiscal, criticada por ser excessivamente expansionista e pouco transparente.<\/p>\n<p>Os mercados tamb\u00e9m querem saber quem ser\u00e1 o pr\u00f3ximo ministro da Fazenda, substituindo Guido Mantega.<\/p>\n<p>Na v\u00e9spera, Dilma afirmou que s\u00f3 anunciar\u00e1 seu indicado ao posto ap\u00f3s a reuni\u00e3o do G20, em 15 e 16 de novembro.<\/p>\n<p>Essas incertezas t\u00eam limitado o volume de neg\u00f3cios no mercado de c\u00e2mbio, deixando as cota\u00e7\u00f5es sens\u00edveis a opera\u00e7\u00f5es pontuais e aumentando a instabilidade.<\/p>\n","protected":false},"excerpt":{"rendered":"<p>O d\u00f3lar comercial fechou em alta pelo quinto dia seguido nesta quinta-feira (6), com avan\u00e7o de 1,82%, a R$ 2,561 na venda. \u00c9 o maior valor de fechamento desde abril de 2005. Nas \u00faltimas cinco sess\u00f5es, o d\u00f3lar acumulou alta de 6,35%. A indefini\u00e7\u00e3o sobre as pr\u00f3ximas medidas econ\u00f4micas que ser\u00e3o tomadas pela presidente reeleita [&hellip;]<\/p>\n","protected":false},"author":1,"featured_media":27211,"comment_status":"open","ping_status":"closed","sticky":false,"template":"","format":"standard","meta":{"_acf_changed":false,"footnotes":""},"categories":[16],"tags":[],"class_list":["post-27210","post","type-post","status-publish","format-standard","has-post-thumbnail","hentry","category-brasil"],"acf":[],"yoast_head":"<!-- This site is optimized with the Yoast SEO plugin v27.2 - https:\/\/yoast.com\/product\/yoast-seo-wordpress\/ -->\n<title>Em alta, d\u00f3lar chega a R$ 2,56 e tem maior valor em 9 anos - Notibras<\/title>\n<meta name=\"robots\" content=\"index, follow, max-snippet:-1, max-image-preview:large, max-video-preview:-1\" \/>\n<link rel=\"canonical\" href=\"https:\/\/www.notibras.com\/site\/dolar-sobe-pelo-5o-dia-seguido-e-passa-de-r-256-maior-valor-desde-2005\/\" \/>\n<meta property=\"og:locale\" content=\"pt_BR\" \/>\n<meta property=\"og:type\" content=\"article\" \/>\n<meta property=\"og:title\" content=\"Em alta, d\u00f3lar chega a R$ 2,56 e tem maior valor em 9 anos - Notibras\" \/>\n<meta property=\"og:description\" content=\"O d\u00f3lar comercial fechou em alta pelo quinto dia seguido nesta quinta-feira (6), com avan\u00e7o de 1,82%, a R$ 2,561 na venda. \u00c9 o maior valor de fechamento desde abril de 2005. Nas \u00faltimas cinco sess\u00f5es, o d\u00f3lar acumulou alta de 6,35%. A indefini\u00e7\u00e3o sobre as pr\u00f3ximas medidas econ\u00f4micas que ser\u00e3o tomadas pela presidente reeleita [&hellip;]\" \/>\n<meta property=\"og:url\" content=\"https:\/\/www.notibras.com\/site\/dolar-sobe-pelo-5o-dia-seguido-e-passa-de-r-256-maior-valor-desde-2005\/\" \/>\n<meta property=\"og:site_name\" content=\"Notibras\" \/>\n<meta property=\"article:publisher\" content=\"https:\/\/www.facebook.com\/notibras\/\" \/>\n<meta property=\"article:published_time\" content=\"2014-11-06T22:16:32+00:00\" \/>\n<meta property=\"article:modified_time\" content=\"2014-11-06T23:41:10+00:00\" \/>\n<meta property=\"og:image\" content=\"https:\/\/www.notibras.com\/site\/wp-content\/uploads\/2014\/11\/Sem-t\u00edtulo-134.jpg\" \/>\n\t<meta property=\"og:image:width\" content=\"590\" \/>\n\t<meta property=\"og:image:height\" content=\"443\" \/>\n\t<meta property=\"og:image:type\" content=\"image\/jpeg\" \/>\n<meta name=\"author\" content=\"Reda\u00e7\u00e3o\" \/>\n<meta name=\"twitter:card\" content=\"summary_large_image\" \/>\n<meta name=\"twitter:creator\" content=\"@Notibras\" \/>\n<meta name=\"twitter:site\" content=\"@Notibras\" \/>\n<meta name=\"twitter:label1\" content=\"Escrito por\" \/>\n\t<meta name=\"twitter:data1\" content=\"Reda\u00e7\u00e3o\" \/>\n\t<meta name=\"twitter:label2\" content=\"Est. tempo de leitura\" \/>\n\t<meta name=\"twitter:data2\" content=\"1 minuto\" \/>\n<script type=\"application\/ld+json\" class=\"yoast-schema-graph\">{\"@context\":\"https:\/\/schema.org\",\"@graph\":[{\"@type\":\"Article\",\"@id\":\"https:\/\/www.notibras.com\/site\/dolar-sobe-pelo-5o-dia-seguido-e-passa-de-r-256-maior-valor-desde-2005\/#article\",\"isPartOf\":{\"@id\":\"https:\/\/www.notibras.com\/site\/dolar-sobe-pelo-5o-dia-seguido-e-passa-de-r-256-maior-valor-desde-2005\/\"},\"author\":{\"name\":\"Reda\u00e7\u00e3o\",\"@id\":\"https:\/\/www.notibras.com\/site\/#\/schema\/person\/00b8e1aa08f9ef6563e878c5159d01cf\"},\"headline\":\"Em alta, d\u00f3lar chega a R$ 2,56 e tem maior valor em 9 anos\",\"datePublished\":\"2014-11-06T22:16:32+00:00\",\"dateModified\":\"2014-11-06T23:41:10+00:00\",\"mainEntityOfPage\":{\"@id\":\"https:\/\/www.notibras.com\/site\/dolar-sobe-pelo-5o-dia-seguido-e-passa-de-r-256-maior-valor-desde-2005\/\"},\"wordCount\":236,\"commentCount\":0,\"publisher\":{\"@id\":\"https:\/\/www.notibras.com\/site\/#organization\"},\"image\":{\"@id\":\"https:\/\/www.notibras.com\/site\/dolar-sobe-pelo-5o-dia-seguido-e-passa-de-r-256-maior-valor-desde-2005\/#primaryimage\"},\"thumbnailUrl\":\"https:\/\/www.notibras.com\/site\/wp-content\/uploads\/2014\/11\/Sem-t\u00edtulo-134.jpg\",\"articleSection\":[\"Brasil\"],\"inLanguage\":\"pt-BR\",\"potentialAction\":[{\"@type\":\"CommentAction\",\"name\":\"Comment\",\"target\":[\"https:\/\/www.notibras.com\/site\/dolar-sobe-pelo-5o-dia-seguido-e-passa-de-r-256-maior-valor-desde-2005\/#respond\"]}]},{\"@type\":\"WebPage\",\"@id\":\"https:\/\/www.notibras.com\/site\/dolar-sobe-pelo-5o-dia-seguido-e-passa-de-r-256-maior-valor-desde-2005\/\",\"url\":\"https:\/\/www.notibras.com\/site\/dolar-sobe-pelo-5o-dia-seguido-e-passa-de-r-256-maior-valor-desde-2005\/\",\"name\":\"Em alta, d\u00f3lar chega a R$ 2,56 e tem maior valor em 9 anos - Notibras\",\"isPartOf\":{\"@id\":\"https:\/\/www.notibras.com\/site\/#website\"},\"primaryImageOfPage\":{\"@id\":\"https:\/\/www.notibras.com\/site\/dolar-sobe-pelo-5o-dia-seguido-e-passa-de-r-256-maior-valor-desde-2005\/#primaryimage\"},\"image\":{\"@id\":\"https:\/\/www.notibras.com\/site\/dolar-sobe-pelo-5o-dia-seguido-e-passa-de-r-256-maior-valor-desde-2005\/#primaryimage\"},\"thumbnailUrl\":\"https:\/\/www.notibras.com\/site\/wp-content\/uploads\/2014\/11\/Sem-t\u00edtulo-134.jpg\",\"datePublished\":\"2014-11-06T22:16:32+00:00\",\"dateModified\":\"2014-11-06T23:41:10+00:00\",\"breadcrumb\":{\"@id\":\"https:\/\/www.notibras.com\/site\/dolar-sobe-pelo-5o-dia-seguido-e-passa-de-r-256-maior-valor-desde-2005\/#breadcrumb\"},\"inLanguage\":\"pt-BR\",\"potentialAction\":[{\"@type\":\"ReadAction\",\"target\":[\"https:\/\/www.notibras.com\/site\/dolar-sobe-pelo-5o-dia-seguido-e-passa-de-r-256-maior-valor-desde-2005\/\"]}]},{\"@type\":\"ImageObject\",\"inLanguage\":\"pt-BR\",\"@id\":\"https:\/\/www.notibras.com\/site\/dolar-sobe-pelo-5o-dia-seguido-e-passa-de-r-256-maior-valor-desde-2005\/#primaryimage\",\"url\":\"https:\/\/www.notibras.com\/site\/wp-content\/uploads\/2014\/11\/Sem-t\u00edtulo-134.jpg\",\"contentUrl\":\"https:\/\/www.notibras.com\/site\/wp-content\/uploads\/2014\/11\/Sem-t\u00edtulo-134.jpg\",\"width\":590,\"height\":443},{\"@type\":\"BreadcrumbList\",\"@id\":\"https:\/\/www.notibras.com\/site\/dolar-sobe-pelo-5o-dia-seguido-e-passa-de-r-256-maior-valor-desde-2005\/#breadcrumb\",\"itemListElement\":[{\"@type\":\"ListItem\",\"position\":1,\"name\":\"In\u00edcio\",\"item\":\"https:\/\/www.notibras.com\/site\/\"},{\"@type\":\"ListItem\",\"position\":2,\"name\":\"Em alta, d\u00f3lar chega a R$ 2,56 e tem maior valor em 9 anos\"}]},{\"@type\":\"WebSite\",\"@id\":\"https:\/\/www.notibras.com\/site\/#website\",\"url\":\"https:\/\/www.notibras.com\/site\/\",\"name\":\"Notibras\",\"description\":\"Not\u00edcias de Bras\u00edlia, do Brasil e do Mundo\",\"publisher\":{\"@id\":\"https:\/\/www.notibras.com\/site\/#organization\"},\"potentialAction\":[{\"@type\":\"SearchAction\",\"target\":{\"@type\":\"EntryPoint\",\"urlTemplate\":\"https:\/\/www.notibras.com\/site\/?s={search_term_string}\"},\"query-input\":{\"@type\":\"PropertyValueSpecification\",\"valueRequired\":true,\"valueName\":\"search_term_string\"}}],\"inLanguage\":\"pt-BR\"},{\"@type\":\"Organization\",\"@id\":\"https:\/\/www.notibras.com\/site\/#organization\",\"name\":\"Grupo Notibras de Comunica\u00e7\u00e3o\",\"url\":\"https:\/\/www.notibras.com\/site\/\",\"logo\":{\"@type\":\"ImageObject\",\"inLanguage\":\"pt-BR\",\"@id\":\"https:\/\/www.notibras.com\/site\/#\/schema\/logo\/image\/\",\"url\":\"https:\/\/www.notibras.com\/site\/wp-content\/uploads\/2023\/01\/notibras23.png\",\"contentUrl\":\"https:\/\/www.notibras.com\/site\/wp-content\/uploads\/2023\/01\/notibras23.png\",\"width\":350,\"height\":87,\"caption\":\"Grupo Notibras de Comunica\u00e7\u00e3o\"},\"image\":{\"@id\":\"https:\/\/www.notibras.com\/site\/#\/schema\/logo\/image\/\"},\"sameAs\":[\"https:\/\/www.facebook.com\/notibras\/\",\"https:\/\/x.com\/Notibras\",\"https:\/\/www.instagram.com\/notibras\/\"]},{\"@type\":\"Person\",\"@id\":\"https:\/\/www.notibras.com\/site\/#\/schema\/person\/00b8e1aa08f9ef6563e878c5159d01cf\",\"name\":\"Reda\u00e7\u00e3o\",\"image\":{\"@type\":\"ImageObject\",\"inLanguage\":\"pt-BR\",\"@id\":\"https:\/\/secure.gravatar.com\/avatar\/ac5a707d5b47784a5ed426c6e213e201423c750890f64e4c379114dade67dfb9?s=96&d=mm&r=g\",\"url\":\"https:\/\/secure.gravatar.com\/avatar\/ac5a707d5b47784a5ed426c6e213e201423c750890f64e4c379114dade67dfb9?s=96&d=mm&r=g\",\"contentUrl\":\"https:\/\/secure.gravatar.com\/avatar\/ac5a707d5b47784a5ed426c6e213e201423c750890f64e4c379114dade67dfb9?s=96&d=mm&r=g\",\"caption\":\"Reda\u00e7\u00e3o\"}}]}<\/script>\n<!-- \/ Yoast SEO plugin. -->","yoast_head_json":{"title":"Em alta, d\u00f3lar chega a R$ 2,56 e tem maior valor em 9 anos - Notibras","robots":{"index":"index","follow":"follow","max-snippet":"max-snippet:-1","max-image-preview":"max-image-preview:large","max-video-preview":"max-video-preview:-1"},"canonical":"https:\/\/www.notibras.com\/site\/dolar-sobe-pelo-5o-dia-seguido-e-passa-de-r-256-maior-valor-desde-2005\/","og_locale":"pt_BR","og_type":"article","og_title":"Em alta, d\u00f3lar chega a R$ 2,56 e tem maior valor em 9 anos - Notibras","og_description":"O d\u00f3lar comercial fechou em alta pelo quinto dia seguido nesta quinta-feira (6), com avan\u00e7o de 1,82%, a R$ 2,561 na venda. \u00c9 o maior valor de fechamento desde abril de 2005. Nas \u00faltimas cinco sess\u00f5es, o d\u00f3lar acumulou alta de 6,35%. A indefini\u00e7\u00e3o sobre as pr\u00f3ximas medidas econ\u00f4micas que ser\u00e3o tomadas pela presidente reeleita [&hellip;]","og_url":"https:\/\/www.notibras.com\/site\/dolar-sobe-pelo-5o-dia-seguido-e-passa-de-r-256-maior-valor-desde-2005\/","og_site_name":"Notibras","article_publisher":"https:\/\/www.facebook.com\/notibras\/","article_published_time":"2014-11-06T22:16:32+00:00","article_modified_time":"2014-11-06T23:41:10+00:00","og_image":[{"width":590,"height":443,"url":"https:\/\/www.notibras.com\/site\/wp-content\/uploads\/2014\/11\/Sem-t\u00edtulo-134.jpg","type":"image\/jpeg"}],"author":"Reda\u00e7\u00e3o","twitter_card":"summary_large_image","twitter_creator":"@Notibras","twitter_site":"@Notibras","twitter_misc":{"Escrito por":"Reda\u00e7\u00e3o","Est. tempo de leitura":"1 minuto"},"schema":{"@context":"https:\/\/schema.org","@graph":[{"@type":"Article","@id":"https:\/\/www.notibras.com\/site\/dolar-sobe-pelo-5o-dia-seguido-e-passa-de-r-256-maior-valor-desde-2005\/#article","isPartOf":{"@id":"https:\/\/www.notibras.com\/site\/dolar-sobe-pelo-5o-dia-seguido-e-passa-de-r-256-maior-valor-desde-2005\/"},"author":{"name":"Reda\u00e7\u00e3o","@id":"https:\/\/www.notibras.com\/site\/#\/schema\/person\/00b8e1aa08f9ef6563e878c5159d01cf"},"headline":"Em alta, d\u00f3lar chega a R$ 2,56 e tem maior valor em 9 anos","datePublished":"2014-11-06T22:16:32+00:00","dateModified":"2014-11-06T23:41:10+00:00","mainEntityOfPage":{"@id":"https:\/\/www.notibras.com\/site\/dolar-sobe-pelo-5o-dia-seguido-e-passa-de-r-256-maior-valor-desde-2005\/"},"wordCount":236,"commentCount":0,"publisher":{"@id":"https:\/\/www.notibras.com\/site\/#organization"},"image":{"@id":"https:\/\/www.notibras.com\/site\/dolar-sobe-pelo-5o-dia-seguido-e-passa-de-r-256-maior-valor-desde-2005\/#primaryimage"},"thumbnailUrl":"https:\/\/www.notibras.com\/site\/wp-content\/uploads\/2014\/11\/Sem-t\u00edtulo-134.jpg","articleSection":["Brasil"],"inLanguage":"pt-BR","potentialAction":[{"@type":"CommentAction","name":"Comment","target":["https:\/\/www.notibras.com\/site\/dolar-sobe-pelo-5o-dia-seguido-e-passa-de-r-256-maior-valor-desde-2005\/#respond"]}]},{"@type":"WebPage","@id":"https:\/\/www.notibras.com\/site\/dolar-sobe-pelo-5o-dia-seguido-e-passa-de-r-256-maior-valor-desde-2005\/","url":"https:\/\/www.notibras.com\/site\/dolar-sobe-pelo-5o-dia-seguido-e-passa-de-r-256-maior-valor-desde-2005\/","name":"Em alta, d\u00f3lar chega a R$ 2,56 e tem maior valor em 9 anos - Notibras","isPartOf":{"@id":"https:\/\/www.notibras.com\/site\/#website"},"primaryImageOfPage":{"@id":"https:\/\/www.notibras.com\/site\/dolar-sobe-pelo-5o-dia-seguido-e-passa-de-r-256-maior-valor-desde-2005\/#primaryimage"},"image":{"@id":"https:\/\/www.notibras.com\/site\/dolar-sobe-pelo-5o-dia-seguido-e-passa-de-r-256-maior-valor-desde-2005\/#primaryimage"},"thumbnailUrl":"https:\/\/www.notibras.com\/site\/wp-content\/uploads\/2014\/11\/Sem-t\u00edtulo-134.jpg","datePublished":"2014-11-06T22:16:32+00:00","dateModified":"2014-11-06T23:41:10+00:00","breadcrumb":{"@id":"https:\/\/www.notibras.com\/site\/dolar-sobe-pelo-5o-dia-seguido-e-passa-de-r-256-maior-valor-desde-2005\/#breadcrumb"},"inLanguage":"pt-BR","potentialAction":[{"@type":"ReadAction","target":["https:\/\/www.notibras.com\/site\/dolar-sobe-pelo-5o-dia-seguido-e-passa-de-r-256-maior-valor-desde-2005\/"]}]},{"@type":"ImageObject","inLanguage":"pt-BR","@id":"https:\/\/www.notibras.com\/site\/dolar-sobe-pelo-5o-dia-seguido-e-passa-de-r-256-maior-valor-desde-2005\/#primaryimage","url":"https:\/\/www.notibras.com\/site\/wp-content\/uploads\/2014\/11\/Sem-t\u00edtulo-134.jpg","contentUrl":"https:\/\/www.notibras.com\/site\/wp-content\/uploads\/2014\/11\/Sem-t\u00edtulo-134.jpg","width":590,"height":443},{"@type":"BreadcrumbList","@id":"https:\/\/www.notibras.com\/site\/dolar-sobe-pelo-5o-dia-seguido-e-passa-de-r-256-maior-valor-desde-2005\/#breadcrumb","itemListElement":[{"@type":"ListItem","position":1,"name":"In\u00edcio","item":"https:\/\/www.notibras.com\/site\/"},{"@type":"ListItem","position":2,"name":"Em alta, d\u00f3lar chega a R$ 2,56 e tem maior valor em 9 anos"}]},{"@type":"WebSite","@id":"https:\/\/www.notibras.com\/site\/#website","url":"https:\/\/www.notibras.com\/site\/","name":"Notibras","description":"Not\u00edcias de Bras\u00edlia, do Brasil e do Mundo","publisher":{"@id":"https:\/\/www.notibras.com\/site\/#organization"},"potentialAction":[{"@type":"SearchAction","target":{"@type":"EntryPoint","urlTemplate":"https:\/\/www.notibras.com\/site\/?s={search_term_string}"},"query-input":{"@type":"PropertyValueSpecification","valueRequired":true,"valueName":"search_term_string"}}],"inLanguage":"pt-BR"},{"@type":"Organization","@id":"https:\/\/www.notibras.com\/site\/#organization","name":"Grupo Notibras de Comunica\u00e7\u00e3o","url":"https:\/\/www.notibras.com\/site\/","logo":{"@type":"ImageObject","inLanguage":"pt-BR","@id":"https:\/\/www.notibras.com\/site\/#\/schema\/logo\/image\/","url":"https:\/\/www.notibras.com\/site\/wp-content\/uploads\/2023\/01\/notibras23.png","contentUrl":"https:\/\/www.notibras.com\/site\/wp-content\/uploads\/2023\/01\/notibras23.png","width":350,"height":87,"caption":"Grupo Notibras de Comunica\u00e7\u00e3o"},"image":{"@id":"https:\/\/www.notibras.com\/site\/#\/schema\/logo\/image\/"},"sameAs":["https:\/\/www.facebook.com\/notibras\/","https:\/\/x.com\/Notibras","https:\/\/www.instagram.com\/notibras\/"]},{"@type":"Person","@id":"https:\/\/www.notibras.com\/site\/#\/schema\/person\/00b8e1aa08f9ef6563e878c5159d01cf","name":"Reda\u00e7\u00e3o","image":{"@type":"ImageObject","inLanguage":"pt-BR","@id":"https:\/\/secure.gravatar.com\/avatar\/ac5a707d5b47784a5ed426c6e213e201423c750890f64e4c379114dade67dfb9?s=96&d=mm&r=g","url":"https:\/\/secure.gravatar.com\/avatar\/ac5a707d5b47784a5ed426c6e213e201423c750890f64e4c379114dade67dfb9?s=96&d=mm&r=g","contentUrl":"https:\/\/secure.gravatar.com\/avatar\/ac5a707d5b47784a5ed426c6e213e201423c750890f64e4c379114dade67dfb9?s=96&d=mm&r=g","caption":"Reda\u00e7\u00e3o"}}]}},"amp_enabled":true,"_links":{"self":[{"href":"https:\/\/www.notibras.com\/site\/wp-json\/wp\/v2\/posts\/27210","targetHints":{"allow":["GET"]}}],"collection":[{"href":"https:\/\/www.notibras.com\/site\/wp-json\/wp\/v2\/posts"}],"about":[{"href":"https:\/\/www.notibras.com\/site\/wp-json\/wp\/v2\/types\/post"}],"author":[{"embeddable":true,"href":"https:\/\/www.notibras.com\/site\/wp-json\/wp\/v2\/users\/1"}],"replies":[{"embeddable":true,"href":"https:\/\/www.notibras.com\/site\/wp-json\/wp\/v2\/comments?post=27210"}],"version-history":[{"count":0,"href":"https:\/\/www.notibras.com\/site\/wp-json\/wp\/v2\/posts\/27210\/revisions"}],"wp:featuredmedia":[{"embeddable":true,"href":"https:\/\/www.notibras.com\/site\/wp-json\/wp\/v2\/media\/27211"}],"wp:attachment":[{"href":"https:\/\/www.notibras.com\/site\/wp-json\/wp\/v2\/media?parent=27210"}],"wp:term":[{"taxonomy":"category","embeddable":true,"href":"https:\/\/www.notibras.com\/site\/wp-json\/wp\/v2\/categories?post=27210"},{"taxonomy":"post_tag","embeddable":true,"href":"https:\/\/www.notibras.com\/site\/wp-json\/wp\/v2\/tags?post=27210"}],"curies":[{"name":"wp","href":"https:\/\/api.w.org\/{rel}","templated":true}]}}