{"id":27226,"date":"2014-11-06T19:41:24","date_gmt":"2014-11-06T22:41:24","guid":{"rendered":"http:\/\/www.notibras.com\/site\/?p=27226"},"modified":"2014-11-07T07:23:11","modified_gmt":"2014-11-07T10:23:11","slug":"bope-apreende-drogas-na-cabeceira-da-pista-do-aeroporto-tom-jobim","status":"publish","type":"post","link":"https:\/\/www.notibras.com\/site\/bope-apreende-drogas-na-cabeceira-da-pista-do-aeroporto-tom-jobim\/","title":{"rendered":"Bope apreende drogas na cabeceira da pista do Aeroporto Tom Jobim"},"content":{"rendered":"<p>Policiais do Batalh\u00e3o de Opera\u00e7\u00f5es Especiais (Bope) apreenderam pelo menos 3 toneladas de drogas pr\u00f3ximo ao Aeroporto Internacional do Antonio Carlos Jobim (Gale\u00e3o), no Rio de Janeiro, na tarde desta quinta-feira (6). Segundo a PM, as drogas estavam escondidas em uma \u00e1rea de mata, enterrada na cabeceira 10 do aeroporto, na \u00e1rea do Terminal 2. Tamb\u00e9m foram encontrados cinco fuzis apreendidos e um notebook. A opera\u00e7\u00e3o foi um desdobramento da opera\u00e7\u00e3o do 3\u00ba Comando de Policiamento de \u00c1rea, em Caxias, na Baixada Fluminense.<\/p>\n<p>Segundo a RIOgale\u00e3o, que administra o aeroporto, a \u00e1rea onde aconteceu a apreens\u00e3o fica &#8220;fora da \u00e1rea operacional do aeroporto, delimitada por uma cerca que separa a pista do mangue, onde foram encontradas as drogas, pr\u00f3ximo \u00e0 Ba\u00eda de Guanabara&#8221;.<\/p>\n<blockquote><p>A Pol\u00edcia Militar acredita que a droga apreendida pertence \u00e0 fac\u00e7\u00e3o que atua em \u00e1reas da Baixada Fluminense e que ela seria redistribu\u00edda entre comunidades como Beira Mar e Parque das Miss\u00f5es.<\/p><\/blockquote>\n<p>A droga que estava perto do aeroporto foi encontrada atrav\u00e9s de um trabalho da intelig\u00eancia do Bope e, segundo um major da corpora\u00e7\u00e3o, o local foi escolhido pelo tr\u00e1fico por ser de dif\u00edcil acesso e por conta da cobertura vegetal.<\/p>\n<p>Apesar do material estar enterrado numa \u00e1rea que pertence ao Gale\u00e3o, o Bope acredita que o material il\u00edcito n\u00e3o desembarcava em avi\u00f5es. O local, que margeia a Ba\u00eda de Guanabara, seria o ponto de redistribui\u00e7\u00e3o da droga para abastecer diversas cidades da Baixada Fluminense e at\u00e9 mesmo a capital.<\/p>\n<p>A apreens\u00e3o foi encontrada em toneis e numa casamata camuflada, que seria de dif\u00edcil acesso, segundo o Batalh\u00e3o de Opera\u00e7\u00f5es Especiais. Como o local \u00e9 uma \u00e1rea de influ\u00eancia do aeroporto, que \u00e9 federal, tudo o que for recolhido ser\u00e1 levado para a sede da Pol\u00edcia Federal.<\/p>\n","protected":false},"excerpt":{"rendered":"<p>Policiais do Batalh\u00e3o de Opera\u00e7\u00f5es Especiais (Bope) apreenderam pelo menos 3 toneladas de drogas pr\u00f3ximo ao Aeroporto Internacional do Antonio Carlos Jobim (Gale\u00e3o), no Rio de Janeiro, na tarde desta quinta-feira (6). Segundo a PM, as drogas estavam escondidas em uma \u00e1rea de mata, enterrada na cabeceira 10 do aeroporto, na \u00e1rea do Terminal 2. [&hellip;]<\/p>\n","protected":false},"author":1,"featured_media":27227,"comment_status":"open","ping_status":"closed","sticky":false,"template":"","format":"standard","meta":{"_acf_changed":false,"footnotes":""},"categories":[16],"tags":[],"class_list":["post-27226","post","type-post","status-publish","format-standard","has-post-thumbnail","hentry","category-brasil"],"acf":[],"yoast_head":"<!-- This site is optimized with the Yoast SEO plugin v27.2 - https:\/\/yoast.com\/product\/yoast-seo-wordpress\/ -->\n<title>Bope apreende drogas na cabeceira da pista do Aeroporto Tom Jobim - Notibras<\/title>\n<meta name=\"robots\" content=\"index, follow, max-snippet:-1, max-image-preview:large, max-video-preview:-1\" \/>\n<link rel=\"canonical\" href=\"https:\/\/www.notibras.com\/site\/bope-apreende-drogas-na-cabeceira-da-pista-do-aeroporto-tom-jobim\/\" \/>\n<meta property=\"og:locale\" content=\"pt_BR\" \/>\n<meta property=\"og:type\" content=\"article\" \/>\n<meta property=\"og:title\" content=\"Bope apreende drogas na cabeceira da pista do Aeroporto Tom Jobim - Notibras\" \/>\n<meta property=\"og:description\" content=\"Policiais do Batalh\u00e3o de Opera\u00e7\u00f5es Especiais (Bope) apreenderam pelo menos 3 toneladas de drogas pr\u00f3ximo ao Aeroporto Internacional do Antonio Carlos Jobim (Gale\u00e3o), no Rio de Janeiro, na tarde desta quinta-feira (6). Segundo a PM, as drogas estavam escondidas em uma \u00e1rea de mata, enterrada na cabeceira 10 do aeroporto, na \u00e1rea do Terminal 2. [&hellip;]\" \/>\n<meta property=\"og:url\" content=\"https:\/\/www.notibras.com\/site\/bope-apreende-drogas-na-cabeceira-da-pista-do-aeroporto-tom-jobim\/\" \/>\n<meta property=\"og:site_name\" content=\"Notibras\" \/>\n<meta property=\"article:publisher\" content=\"https:\/\/www.facebook.com\/notibras\/\" \/>\n<meta property=\"article:published_time\" content=\"2014-11-06T22:41:24+00:00\" \/>\n<meta property=\"article:modified_time\" content=\"2014-11-07T10:23:11+00:00\" \/>\n<meta property=\"og:image\" content=\"https:\/\/www.notibras.com\/site\/wp-content\/uploads\/2014\/11\/Sem-t\u00edtulo-135.jpg\" \/>\n\t<meta property=\"og:image:width\" content=\"620\" \/>\n\t<meta property=\"og:image:height\" content=\"465\" \/>\n\t<meta property=\"og:image:type\" content=\"image\/jpeg\" \/>\n<meta name=\"author\" content=\"Reda\u00e7\u00e3o\" \/>\n<meta name=\"twitter:card\" content=\"summary_large_image\" \/>\n<meta name=\"twitter:creator\" content=\"@Notibras\" \/>\n<meta name=\"twitter:site\" content=\"@Notibras\" \/>\n<meta name=\"twitter:label1\" content=\"Escrito por\" \/>\n\t<meta name=\"twitter:data1\" content=\"Reda\u00e7\u00e3o\" \/>\n\t<meta name=\"twitter:label2\" content=\"Est. tempo de leitura\" \/>\n\t<meta name=\"twitter:data2\" content=\"2 minutos\" \/>\n<script type=\"application\/ld+json\" class=\"yoast-schema-graph\">{\"@context\":\"https:\/\/schema.org\",\"@graph\":[{\"@type\":\"Article\",\"@id\":\"https:\/\/www.notibras.com\/site\/bope-apreende-drogas-na-cabeceira-da-pista-do-aeroporto-tom-jobim\/#article\",\"isPartOf\":{\"@id\":\"https:\/\/www.notibras.com\/site\/bope-apreende-drogas-na-cabeceira-da-pista-do-aeroporto-tom-jobim\/\"},\"author\":{\"name\":\"Reda\u00e7\u00e3o\",\"@id\":\"https:\/\/www.notibras.com\/site\/#\/schema\/person\/00b8e1aa08f9ef6563e878c5159d01cf\"},\"headline\":\"Bope apreende drogas na cabeceira da pista do Aeroporto Tom Jobim\",\"datePublished\":\"2014-11-06T22:41:24+00:00\",\"dateModified\":\"2014-11-07T10:23:11+00:00\",\"mainEntityOfPage\":{\"@id\":\"https:\/\/www.notibras.com\/site\/bope-apreende-drogas-na-cabeceira-da-pista-do-aeroporto-tom-jobim\/\"},\"wordCount\":325,\"commentCount\":0,\"publisher\":{\"@id\":\"https:\/\/www.notibras.com\/site\/#organization\"},\"image\":{\"@id\":\"https:\/\/www.notibras.com\/site\/bope-apreende-drogas-na-cabeceira-da-pista-do-aeroporto-tom-jobim\/#primaryimage\"},\"thumbnailUrl\":\"https:\/\/www.notibras.com\/site\/wp-content\/uploads\/2014\/11\/Sem-t\u00edtulo-135.jpg\",\"articleSection\":[\"Brasil\"],\"inLanguage\":\"pt-BR\",\"potentialAction\":[{\"@type\":\"CommentAction\",\"name\":\"Comment\",\"target\":[\"https:\/\/www.notibras.com\/site\/bope-apreende-drogas-na-cabeceira-da-pista-do-aeroporto-tom-jobim\/#respond\"]}]},{\"@type\":\"WebPage\",\"@id\":\"https:\/\/www.notibras.com\/site\/bope-apreende-drogas-na-cabeceira-da-pista-do-aeroporto-tom-jobim\/\",\"url\":\"https:\/\/www.notibras.com\/site\/bope-apreende-drogas-na-cabeceira-da-pista-do-aeroporto-tom-jobim\/\",\"name\":\"Bope apreende drogas na cabeceira da pista do Aeroporto Tom Jobim - Notibras\",\"isPartOf\":{\"@id\":\"https:\/\/www.notibras.com\/site\/#website\"},\"primaryImageOfPage\":{\"@id\":\"https:\/\/www.notibras.com\/site\/bope-apreende-drogas-na-cabeceira-da-pista-do-aeroporto-tom-jobim\/#primaryimage\"},\"image\":{\"@id\":\"https:\/\/www.notibras.com\/site\/bope-apreende-drogas-na-cabeceira-da-pista-do-aeroporto-tom-jobim\/#primaryimage\"},\"thumbnailUrl\":\"https:\/\/www.notibras.com\/site\/wp-content\/uploads\/2014\/11\/Sem-t\u00edtulo-135.jpg\",\"datePublished\":\"2014-11-06T22:41:24+00:00\",\"dateModified\":\"2014-11-07T10:23:11+00:00\",\"breadcrumb\":{\"@id\":\"https:\/\/www.notibras.com\/site\/bope-apreende-drogas-na-cabeceira-da-pista-do-aeroporto-tom-jobim\/#breadcrumb\"},\"inLanguage\":\"pt-BR\",\"potentialAction\":[{\"@type\":\"ReadAction\",\"target\":[\"https:\/\/www.notibras.com\/site\/bope-apreende-drogas-na-cabeceira-da-pista-do-aeroporto-tom-jobim\/\"]}]},{\"@type\":\"ImageObject\",\"inLanguage\":\"pt-BR\",\"@id\":\"https:\/\/www.notibras.com\/site\/bope-apreende-drogas-na-cabeceira-da-pista-do-aeroporto-tom-jobim\/#primaryimage\",\"url\":\"https:\/\/www.notibras.com\/site\/wp-content\/uploads\/2014\/11\/Sem-t\u00edtulo-135.jpg\",\"contentUrl\":\"https:\/\/www.notibras.com\/site\/wp-content\/uploads\/2014\/11\/Sem-t\u00edtulo-135.jpg\",\"width\":620,\"height\":465},{\"@type\":\"BreadcrumbList\",\"@id\":\"https:\/\/www.notibras.com\/site\/bope-apreende-drogas-na-cabeceira-da-pista-do-aeroporto-tom-jobim\/#breadcrumb\",\"itemListElement\":[{\"@type\":\"ListItem\",\"position\":1,\"name\":\"In\u00edcio\",\"item\":\"https:\/\/www.notibras.com\/site\/\"},{\"@type\":\"ListItem\",\"position\":2,\"name\":\"Bope apreende drogas na cabeceira da pista do Aeroporto Tom Jobim\"}]},{\"@type\":\"WebSite\",\"@id\":\"https:\/\/www.notibras.com\/site\/#website\",\"url\":\"https:\/\/www.notibras.com\/site\/\",\"name\":\"Notibras\",\"description\":\"Not\u00edcias de Bras\u00edlia, do Brasil e do Mundo\",\"publisher\":{\"@id\":\"https:\/\/www.notibras.com\/site\/#organization\"},\"potentialAction\":[{\"@type\":\"SearchAction\",\"target\":{\"@type\":\"EntryPoint\",\"urlTemplate\":\"https:\/\/www.notibras.com\/site\/?s={search_term_string}\"},\"query-input\":{\"@type\":\"PropertyValueSpecification\",\"valueRequired\":true,\"valueName\":\"search_term_string\"}}],\"inLanguage\":\"pt-BR\"},{\"@type\":\"Organization\",\"@id\":\"https:\/\/www.notibras.com\/site\/#organization\",\"name\":\"Grupo Notibras de Comunica\u00e7\u00e3o\",\"url\":\"https:\/\/www.notibras.com\/site\/\",\"logo\":{\"@type\":\"ImageObject\",\"inLanguage\":\"pt-BR\",\"@id\":\"https:\/\/www.notibras.com\/site\/#\/schema\/logo\/image\/\",\"url\":\"https:\/\/www.notibras.com\/site\/wp-content\/uploads\/2023\/01\/notibras23.png\",\"contentUrl\":\"https:\/\/www.notibras.com\/site\/wp-content\/uploads\/2023\/01\/notibras23.png\",\"width\":350,\"height\":87,\"caption\":\"Grupo Notibras de Comunica\u00e7\u00e3o\"},\"image\":{\"@id\":\"https:\/\/www.notibras.com\/site\/#\/schema\/logo\/image\/\"},\"sameAs\":[\"https:\/\/www.facebook.com\/notibras\/\",\"https:\/\/x.com\/Notibras\",\"https:\/\/www.instagram.com\/notibras\/\"]},{\"@type\":\"Person\",\"@id\":\"https:\/\/www.notibras.com\/site\/#\/schema\/person\/00b8e1aa08f9ef6563e878c5159d01cf\",\"name\":\"Reda\u00e7\u00e3o\",\"image\":{\"@type\":\"ImageObject\",\"inLanguage\":\"pt-BR\",\"@id\":\"https:\/\/secure.gravatar.com\/avatar\/ac5a707d5b47784a5ed426c6e213e201423c750890f64e4c379114dade67dfb9?s=96&d=mm&r=g\",\"url\":\"https:\/\/secure.gravatar.com\/avatar\/ac5a707d5b47784a5ed426c6e213e201423c750890f64e4c379114dade67dfb9?s=96&d=mm&r=g\",\"contentUrl\":\"https:\/\/secure.gravatar.com\/avatar\/ac5a707d5b47784a5ed426c6e213e201423c750890f64e4c379114dade67dfb9?s=96&d=mm&r=g\",\"caption\":\"Reda\u00e7\u00e3o\"}}]}<\/script>\n<!-- \/ Yoast SEO plugin. -->","yoast_head_json":{"title":"Bope apreende drogas na cabeceira da pista do Aeroporto Tom Jobim - Notibras","robots":{"index":"index","follow":"follow","max-snippet":"max-snippet:-1","max-image-preview":"max-image-preview:large","max-video-preview":"max-video-preview:-1"},"canonical":"https:\/\/www.notibras.com\/site\/bope-apreende-drogas-na-cabeceira-da-pista-do-aeroporto-tom-jobim\/","og_locale":"pt_BR","og_type":"article","og_title":"Bope apreende drogas na cabeceira da pista do Aeroporto Tom Jobim - Notibras","og_description":"Policiais do Batalh\u00e3o de Opera\u00e7\u00f5es Especiais (Bope) apreenderam pelo menos 3 toneladas de drogas pr\u00f3ximo ao Aeroporto Internacional do Antonio Carlos Jobim (Gale\u00e3o), no Rio de Janeiro, na tarde desta quinta-feira (6). Segundo a PM, as drogas estavam escondidas em uma \u00e1rea de mata, enterrada na cabeceira 10 do aeroporto, na \u00e1rea do Terminal 2. [&hellip;]","og_url":"https:\/\/www.notibras.com\/site\/bope-apreende-drogas-na-cabeceira-da-pista-do-aeroporto-tom-jobim\/","og_site_name":"Notibras","article_publisher":"https:\/\/www.facebook.com\/notibras\/","article_published_time":"2014-11-06T22:41:24+00:00","article_modified_time":"2014-11-07T10:23:11+00:00","og_image":[{"width":620,"height":465,"url":"https:\/\/www.notibras.com\/site\/wp-content\/uploads\/2014\/11\/Sem-t\u00edtulo-135.jpg","type":"image\/jpeg"}],"author":"Reda\u00e7\u00e3o","twitter_card":"summary_large_image","twitter_creator":"@Notibras","twitter_site":"@Notibras","twitter_misc":{"Escrito por":"Reda\u00e7\u00e3o","Est. tempo de leitura":"2 minutos"},"schema":{"@context":"https:\/\/schema.org","@graph":[{"@type":"Article","@id":"https:\/\/www.notibras.com\/site\/bope-apreende-drogas-na-cabeceira-da-pista-do-aeroporto-tom-jobim\/#article","isPartOf":{"@id":"https:\/\/www.notibras.com\/site\/bope-apreende-drogas-na-cabeceira-da-pista-do-aeroporto-tom-jobim\/"},"author":{"name":"Reda\u00e7\u00e3o","@id":"https:\/\/www.notibras.com\/site\/#\/schema\/person\/00b8e1aa08f9ef6563e878c5159d01cf"},"headline":"Bope apreende drogas na cabeceira da pista do Aeroporto Tom Jobim","datePublished":"2014-11-06T22:41:24+00:00","dateModified":"2014-11-07T10:23:11+00:00","mainEntityOfPage":{"@id":"https:\/\/www.notibras.com\/site\/bope-apreende-drogas-na-cabeceira-da-pista-do-aeroporto-tom-jobim\/"},"wordCount":325,"commentCount":0,"publisher":{"@id":"https:\/\/www.notibras.com\/site\/#organization"},"image":{"@id":"https:\/\/www.notibras.com\/site\/bope-apreende-drogas-na-cabeceira-da-pista-do-aeroporto-tom-jobim\/#primaryimage"},"thumbnailUrl":"https:\/\/www.notibras.com\/site\/wp-content\/uploads\/2014\/11\/Sem-t\u00edtulo-135.jpg","articleSection":["Brasil"],"inLanguage":"pt-BR","potentialAction":[{"@type":"CommentAction","name":"Comment","target":["https:\/\/www.notibras.com\/site\/bope-apreende-drogas-na-cabeceira-da-pista-do-aeroporto-tom-jobim\/#respond"]}]},{"@type":"WebPage","@id":"https:\/\/www.notibras.com\/site\/bope-apreende-drogas-na-cabeceira-da-pista-do-aeroporto-tom-jobim\/","url":"https:\/\/www.notibras.com\/site\/bope-apreende-drogas-na-cabeceira-da-pista-do-aeroporto-tom-jobim\/","name":"Bope apreende drogas na cabeceira da pista do Aeroporto Tom Jobim - Notibras","isPartOf":{"@id":"https:\/\/www.notibras.com\/site\/#website"},"primaryImageOfPage":{"@id":"https:\/\/www.notibras.com\/site\/bope-apreende-drogas-na-cabeceira-da-pista-do-aeroporto-tom-jobim\/#primaryimage"},"image":{"@id":"https:\/\/www.notibras.com\/site\/bope-apreende-drogas-na-cabeceira-da-pista-do-aeroporto-tom-jobim\/#primaryimage"},"thumbnailUrl":"https:\/\/www.notibras.com\/site\/wp-content\/uploads\/2014\/11\/Sem-t\u00edtulo-135.jpg","datePublished":"2014-11-06T22:41:24+00:00","dateModified":"2014-11-07T10:23:11+00:00","breadcrumb":{"@id":"https:\/\/www.notibras.com\/site\/bope-apreende-drogas-na-cabeceira-da-pista-do-aeroporto-tom-jobim\/#breadcrumb"},"inLanguage":"pt-BR","potentialAction":[{"@type":"ReadAction","target":["https:\/\/www.notibras.com\/site\/bope-apreende-drogas-na-cabeceira-da-pista-do-aeroporto-tom-jobim\/"]}]},{"@type":"ImageObject","inLanguage":"pt-BR","@id":"https:\/\/www.notibras.com\/site\/bope-apreende-drogas-na-cabeceira-da-pista-do-aeroporto-tom-jobim\/#primaryimage","url":"https:\/\/www.notibras.com\/site\/wp-content\/uploads\/2014\/11\/Sem-t\u00edtulo-135.jpg","contentUrl":"https:\/\/www.notibras.com\/site\/wp-content\/uploads\/2014\/11\/Sem-t\u00edtulo-135.jpg","width":620,"height":465},{"@type":"BreadcrumbList","@id":"https:\/\/www.notibras.com\/site\/bope-apreende-drogas-na-cabeceira-da-pista-do-aeroporto-tom-jobim\/#breadcrumb","itemListElement":[{"@type":"ListItem","position":1,"name":"In\u00edcio","item":"https:\/\/www.notibras.com\/site\/"},{"@type":"ListItem","position":2,"name":"Bope apreende drogas na cabeceira da pista do Aeroporto Tom Jobim"}]},{"@type":"WebSite","@id":"https:\/\/www.notibras.com\/site\/#website","url":"https:\/\/www.notibras.com\/site\/","name":"Notibras","description":"Not\u00edcias de Bras\u00edlia, do Brasil e do Mundo","publisher":{"@id":"https:\/\/www.notibras.com\/site\/#organization"},"potentialAction":[{"@type":"SearchAction","target":{"@type":"EntryPoint","urlTemplate":"https:\/\/www.notibras.com\/site\/?s={search_term_string}"},"query-input":{"@type":"PropertyValueSpecification","valueRequired":true,"valueName":"search_term_string"}}],"inLanguage":"pt-BR"},{"@type":"Organization","@id":"https:\/\/www.notibras.com\/site\/#organization","name":"Grupo Notibras de Comunica\u00e7\u00e3o","url":"https:\/\/www.notibras.com\/site\/","logo":{"@type":"ImageObject","inLanguage":"pt-BR","@id":"https:\/\/www.notibras.com\/site\/#\/schema\/logo\/image\/","url":"https:\/\/www.notibras.com\/site\/wp-content\/uploads\/2023\/01\/notibras23.png","contentUrl":"https:\/\/www.notibras.com\/site\/wp-content\/uploads\/2023\/01\/notibras23.png","width":350,"height":87,"caption":"Grupo Notibras de Comunica\u00e7\u00e3o"},"image":{"@id":"https:\/\/www.notibras.com\/site\/#\/schema\/logo\/image\/"},"sameAs":["https:\/\/www.facebook.com\/notibras\/","https:\/\/x.com\/Notibras","https:\/\/www.instagram.com\/notibras\/"]},{"@type":"Person","@id":"https:\/\/www.notibras.com\/site\/#\/schema\/person\/00b8e1aa08f9ef6563e878c5159d01cf","name":"Reda\u00e7\u00e3o","image":{"@type":"ImageObject","inLanguage":"pt-BR","@id":"https:\/\/secure.gravatar.com\/avatar\/ac5a707d5b47784a5ed426c6e213e201423c750890f64e4c379114dade67dfb9?s=96&d=mm&r=g","url":"https:\/\/secure.gravatar.com\/avatar\/ac5a707d5b47784a5ed426c6e213e201423c750890f64e4c379114dade67dfb9?s=96&d=mm&r=g","contentUrl":"https:\/\/secure.gravatar.com\/avatar\/ac5a707d5b47784a5ed426c6e213e201423c750890f64e4c379114dade67dfb9?s=96&d=mm&r=g","caption":"Reda\u00e7\u00e3o"}}]}},"amp_enabled":true,"_links":{"self":[{"href":"https:\/\/www.notibras.com\/site\/wp-json\/wp\/v2\/posts\/27226","targetHints":{"allow":["GET"]}}],"collection":[{"href":"https:\/\/www.notibras.com\/site\/wp-json\/wp\/v2\/posts"}],"about":[{"href":"https:\/\/www.notibras.com\/site\/wp-json\/wp\/v2\/types\/post"}],"author":[{"embeddable":true,"href":"https:\/\/www.notibras.com\/site\/wp-json\/wp\/v2\/users\/1"}],"replies":[{"embeddable":true,"href":"https:\/\/www.notibras.com\/site\/wp-json\/wp\/v2\/comments?post=27226"}],"version-history":[{"count":0,"href":"https:\/\/www.notibras.com\/site\/wp-json\/wp\/v2\/posts\/27226\/revisions"}],"wp:featuredmedia":[{"embeddable":true,"href":"https:\/\/www.notibras.com\/site\/wp-json\/wp\/v2\/media\/27227"}],"wp:attachment":[{"href":"https:\/\/www.notibras.com\/site\/wp-json\/wp\/v2\/media?parent=27226"}],"wp:term":[{"taxonomy":"category","embeddable":true,"href":"https:\/\/www.notibras.com\/site\/wp-json\/wp\/v2\/categories?post=27226"},{"taxonomy":"post_tag","embeddable":true,"href":"https:\/\/www.notibras.com\/site\/wp-json\/wp\/v2\/tags?post=27226"}],"curies":[{"name":"wp","href":"https:\/\/api.w.org\/{rel}","templated":true}]}}