{"id":27264,"date":"2014-11-07T07:10:27","date_gmt":"2014-11-07T10:10:27","guid":{"rendered":"http:\/\/www.notibras.com\/site\/?p=27264"},"modified":"2014-11-07T07:10:27","modified_gmt":"2014-11-07T10:10:27","slug":"aecio-derrotado-e-cambaleante-tera-vida-dificil-pela-frente","status":"publish","type":"post","link":"https:\/\/www.notibras.com\/site\/aecio-derrotado-e-cambaleante-tera-vida-dificil-pela-frente\/","title":{"rendered":"A\u00e9cio, derrotado e cambaleante, ter\u00e1 vida dif\u00edcil pela frente"},"content":{"rendered":"<p>Depois de um breve descanso em sua fazenda em Cl\u00e1udio, no interior de Minas Gerais \u2013 ser\u00e1 que ele usou o ilegal \u201caecioporto\u201d? \u2013, o derrotado cambaleante do PSDB, A\u00e9cio Neves, fez a maior cena nesta ter\u00e7a-feira em Bras\u00edlia. A m\u00eddia tucana garantiu os holofotes, com longos minutos de exposi\u00e7\u00e3o no Jornal Nacional da TV Globo, e os aspones tucanos montaram o circo, com a arregimenta\u00e7\u00e3o de um bocado de bajuladores. Nas entrevistas, o senador mineiro-carioca afirmou que ser\u00e1 o l\u00edder do \u201cex\u00e9rcito da oposi\u00e7\u00e3o\u201d e que n\u00e3o dar\u00e1 tr\u00e9gua \u00e0 presidenta Dilma. Ele s\u00f3 n\u00e3o explicou a surra que levou nas urnas \u2013 derrota do PSDB no governo mineiro e duas humilha\u00e7\u00f5es do presidenci\u00e1vel no seu pr\u00f3prio estado.<\/p>\n<p>Segundo relato da Folha tucana, \u201ccercado por militantes e aliados pol\u00edticos, o senador A\u00e9cio Neves (PSDB-MG) retornou nesta ter\u00e7a-feira \u00e0 cena pol\u00edtica depois da derrota nas elei\u00e7\u00f5es para a Presid\u00eancia da Rep\u00fablica. Com a promessa de ser o principal l\u00edder da oposi\u00e7\u00e3o no Congresso, o tucano disse que n\u00e3o pretende dialogar com o governo federal se n\u00e3o houver mudan\u00e7as na postura da presidente Dilma Rousseff e do PT. \u2018Eu chego hoje ao Congresso Nacional para exercer o papel que me foi delegado pela grande maioria da popula\u00e7\u00e3o brasileira, por 51 milh\u00f5es de brasileiros. Vou ser oposi\u00e7\u00e3o sem adjetivos. Se quiserem dialogar, apresentem propostas que interessem aos brasileiros\u2019, disse\u201d.<\/p>\n<p>O cambaleante tamb\u00e9m afirmou que \u201csomos hoje um grande ex\u00e9rcito a favor do Brasil\u201d. Ao utilizar o linguajar militar, ele talvez tenha feito uma homenagem \u00e0 horda de fascistas que ocupou a Avenida Paulista, no centro de S\u00e3o Paulo, no s\u00e1bado (1), pregando o impeachment da presidenta Dilma e a \u201cinterven\u00e7\u00e3o militar\u201d. Ainda segundo o jornal\u00e3o tucano, \u201cao chegar \u00e0 entrada principal do Congresso, A\u00e9cio foi saudado por cerca de 200 pessoas que aguardavam sua chegada \u2013 a maioria delas, militantes e servidores do Legislativo que apoiaram a sua candidatura&#8230; Com gritos de \u2018A\u00e9cio presidente\u2019 e \u2018Fora PT\u2019, o tucano arrastou os simpatizantes at\u00e9 a entrada do plen\u00e1rio\u201d. Um show midi\u00e1tico previamente organizado!<\/p>\n<blockquote><p>Apesar dos fogos de artif\u00edcio, da trupe de puxa-sacos e da bondade da m\u00eddia, o cambaleante sabe que o seu futuro n\u00e3o ser\u00e1 f\u00e1cil. Ele n\u00e3o conta mais com o bunker mineiro \u2013 e at\u00e9 poder\u00e1 sofrer uma devassa, que revelar\u00e1 os podres do tucanato no Estado. Al\u00e9m disso, o ninho tucano segue conflagrado, com suas bicadas sangrentas. Geraldo Alckmin, governador reeleito de S\u00e3o Paulo com a inestim\u00e1vel ajuda da m\u00eddia chapa-branca, dever\u00e1 jogar \u00e1gua \u2013 se ainda houver alguma no Sistema Cantareira \u2013 na fogueira de vaidades do pretenso \u201cl\u00edder do ex\u00e9rcito da oposi\u00e7\u00e3o\u201d. Outro que est\u00e1 na espreita, com seus famosos dossi\u00eas, \u00e9 o eterno candidato Jos\u00e9 Serra. Os dois paulistas nunca aceitaram a lideran\u00e7a do mineiro.<\/p><\/blockquote>\n<p>Para complicar ainda mais a vida do \u201cnovo l\u00edder do ex\u00e9rcito da oposi\u00e7\u00e3o\u201d, o Supremo Tribunal Federal (STF) rejeitou na noite desta ter\u00e7a-feira (4) o pedido de recontagem de votos da elei\u00e7\u00e3o apresentado pelo PSDB. A iniciativa golpista foi abortada. Para o procurador-geral eleitoral, Rodrigo Janot, a solicita\u00e7\u00e3o de auditoria n\u00e3o possu\u00eda qualquer fundamento. \u201cH\u00e1 que se ter em vista que o pedido formulado n\u00e3o tem lastro em um \u00fanico ind\u00edcio de fraude, limitando-se a reproduzir coment\u00e1rios feitos em redes sociais\u201d, afirmou no seu parecer ao STF. Para ele, o pedido do PSDB \u00e9 \u201ctemer\u00e1rio\u201d e poderia criar \u201cinstabilidade social e institucional\u201d. E o cambaleante ainda se traveste de \u201cl\u00edder de um ex\u00e9rcito\u201d&#8230; de derrotados!<\/p>\n<p><strong>Altamiro Borges<\/strong><\/p>\n","protected":false},"excerpt":{"rendered":"<p>Depois de um breve descanso em sua fazenda em Cl\u00e1udio, no interior de Minas Gerais \u2013 ser\u00e1 que ele usou o ilegal \u201caecioporto\u201d? \u2013, o derrotado cambaleante do PSDB, A\u00e9cio Neves, fez a maior cena nesta ter\u00e7a-feira em Bras\u00edlia. A m\u00eddia tucana garantiu os holofotes, com longos minutos de exposi\u00e7\u00e3o no Jornal Nacional da TV [&hellip;]<\/p>\n","protected":false},"author":2,"featured_media":27265,"comment_status":"open","ping_status":"closed","sticky":false,"template":"","format":"standard","meta":{"_acf_changed":false,"footnotes":""},"categories":[25],"tags":[],"class_list":["post-27264","post","type-post","status-publish","format-standard","has-post-thumbnail","hentry","category-opina-ai"],"acf":[],"yoast_head":"<!-- This site is optimized with the Yoast SEO plugin v27.2 - https:\/\/yoast.com\/product\/yoast-seo-wordpress\/ -->\n<title>A\u00e9cio, derrotado e cambaleante, ter\u00e1 vida dif\u00edcil pela frente - Notibras<\/title>\n<meta name=\"robots\" content=\"index, follow, max-snippet:-1, max-image-preview:large, max-video-preview:-1\" \/>\n<link rel=\"canonical\" href=\"https:\/\/www.notibras.com\/site\/aecio-derrotado-e-cambaleante-tera-vida-dificil-pela-frente\/\" \/>\n<meta property=\"og:locale\" content=\"pt_BR\" \/>\n<meta property=\"og:type\" content=\"article\" \/>\n<meta property=\"og:title\" content=\"A\u00e9cio, derrotado e cambaleante, ter\u00e1 vida dif\u00edcil pela frente - Notibras\" \/>\n<meta property=\"og:description\" content=\"Depois de um breve descanso em sua fazenda em Cl\u00e1udio, no interior de Minas Gerais \u2013 ser\u00e1 que ele usou o ilegal \u201caecioporto\u201d? \u2013, o derrotado cambaleante do PSDB, A\u00e9cio Neves, fez a maior cena nesta ter\u00e7a-feira em Bras\u00edlia. A m\u00eddia tucana garantiu os holofotes, com longos minutos de exposi\u00e7\u00e3o no Jornal Nacional da TV [&hellip;]\" \/>\n<meta property=\"og:url\" content=\"https:\/\/www.notibras.com\/site\/aecio-derrotado-e-cambaleante-tera-vida-dificil-pela-frente\/\" \/>\n<meta property=\"og:site_name\" content=\"Notibras\" \/>\n<meta property=\"article:publisher\" content=\"https:\/\/www.facebook.com\/notibras\/\" \/>\n<meta property=\"article:published_time\" content=\"2014-11-07T10:10:27+00:00\" \/>\n<meta property=\"og:image\" content=\"https:\/\/www.notibras.com\/site\/wp-content\/uploads\/2014\/11\/aecio-neves-minas-gerais.jpg\" \/>\n\t<meta property=\"og:image:width\" content=\"597\" \/>\n\t<meta property=\"og:image:height\" content=\"336\" \/>\n\t<meta property=\"og:image:type\" content=\"image\/jpeg\" \/>\n<meta name=\"author\" content=\"Reda\u00e7\u00e3o\" \/>\n<meta name=\"twitter:card\" content=\"summary_large_image\" \/>\n<meta name=\"twitter:creator\" content=\"@Notibras\" \/>\n<meta name=\"twitter:site\" content=\"@Notibras\" \/>\n<meta name=\"twitter:label1\" content=\"Escrito por\" \/>\n\t<meta name=\"twitter:data1\" content=\"Reda\u00e7\u00e3o\" \/>\n\t<meta name=\"twitter:label2\" content=\"Est. tempo de leitura\" \/>\n\t<meta name=\"twitter:data2\" content=\"3 minutos\" \/>\n<script type=\"application\/ld+json\" class=\"yoast-schema-graph\">{\"@context\":\"https:\/\/schema.org\",\"@graph\":[{\"@type\":\"Article\",\"@id\":\"https:\/\/www.notibras.com\/site\/aecio-derrotado-e-cambaleante-tera-vida-dificil-pela-frente\/#article\",\"isPartOf\":{\"@id\":\"https:\/\/www.notibras.com\/site\/aecio-derrotado-e-cambaleante-tera-vida-dificil-pela-frente\/\"},\"author\":{\"name\":\"Reda\u00e7\u00e3o\",\"@id\":\"https:\/\/www.notibras.com\/site\/#\/schema\/person\/36ab0979449956132d3e5b517ea76ac8\"},\"headline\":\"A\u00e9cio, derrotado e cambaleante, ter\u00e1 vida dif\u00edcil pela frente\",\"datePublished\":\"2014-11-07T10:10:27+00:00\",\"mainEntityOfPage\":{\"@id\":\"https:\/\/www.notibras.com\/site\/aecio-derrotado-e-cambaleante-tera-vida-dificil-pela-frente\/\"},\"wordCount\":639,\"commentCount\":0,\"publisher\":{\"@id\":\"https:\/\/www.notibras.com\/site\/#organization\"},\"image\":{\"@id\":\"https:\/\/www.notibras.com\/site\/aecio-derrotado-e-cambaleante-tera-vida-dificil-pela-frente\/#primaryimage\"},\"thumbnailUrl\":\"https:\/\/www.notibras.com\/site\/wp-content\/uploads\/2014\/11\/aecio-neves-minas-gerais.jpg\",\"articleSection\":[\"Opina a\u00ed\"],\"inLanguage\":\"pt-BR\",\"potentialAction\":[{\"@type\":\"CommentAction\",\"name\":\"Comment\",\"target\":[\"https:\/\/www.notibras.com\/site\/aecio-derrotado-e-cambaleante-tera-vida-dificil-pela-frente\/#respond\"]}]},{\"@type\":\"WebPage\",\"@id\":\"https:\/\/www.notibras.com\/site\/aecio-derrotado-e-cambaleante-tera-vida-dificil-pela-frente\/\",\"url\":\"https:\/\/www.notibras.com\/site\/aecio-derrotado-e-cambaleante-tera-vida-dificil-pela-frente\/\",\"name\":\"A\u00e9cio, derrotado e cambaleante, ter\u00e1 vida dif\u00edcil pela frente - Notibras\",\"isPartOf\":{\"@id\":\"https:\/\/www.notibras.com\/site\/#website\"},\"primaryImageOfPage\":{\"@id\":\"https:\/\/www.notibras.com\/site\/aecio-derrotado-e-cambaleante-tera-vida-dificil-pela-frente\/#primaryimage\"},\"image\":{\"@id\":\"https:\/\/www.notibras.com\/site\/aecio-derrotado-e-cambaleante-tera-vida-dificil-pela-frente\/#primaryimage\"},\"thumbnailUrl\":\"https:\/\/www.notibras.com\/site\/wp-content\/uploads\/2014\/11\/aecio-neves-minas-gerais.jpg\",\"datePublished\":\"2014-11-07T10:10:27+00:00\",\"breadcrumb\":{\"@id\":\"https:\/\/www.notibras.com\/site\/aecio-derrotado-e-cambaleante-tera-vida-dificil-pela-frente\/#breadcrumb\"},\"inLanguage\":\"pt-BR\",\"potentialAction\":[{\"@type\":\"ReadAction\",\"target\":[\"https:\/\/www.notibras.com\/site\/aecio-derrotado-e-cambaleante-tera-vida-dificil-pela-frente\/\"]}]},{\"@type\":\"ImageObject\",\"inLanguage\":\"pt-BR\",\"@id\":\"https:\/\/www.notibras.com\/site\/aecio-derrotado-e-cambaleante-tera-vida-dificil-pela-frente\/#primaryimage\",\"url\":\"https:\/\/www.notibras.com\/site\/wp-content\/uploads\/2014\/11\/aecio-neves-minas-gerais.jpg\",\"contentUrl\":\"https:\/\/www.notibras.com\/site\/wp-content\/uploads\/2014\/11\/aecio-neves-minas-gerais.jpg\",\"width\":597,\"height\":336},{\"@type\":\"BreadcrumbList\",\"@id\":\"https:\/\/www.notibras.com\/site\/aecio-derrotado-e-cambaleante-tera-vida-dificil-pela-frente\/#breadcrumb\",\"itemListElement\":[{\"@type\":\"ListItem\",\"position\":1,\"name\":\"In\u00edcio\",\"item\":\"https:\/\/www.notibras.com\/site\/\"},{\"@type\":\"ListItem\",\"position\":2,\"name\":\"A\u00e9cio, derrotado e cambaleante, ter\u00e1 vida dif\u00edcil pela frente\"}]},{\"@type\":\"WebSite\",\"@id\":\"https:\/\/www.notibras.com\/site\/#website\",\"url\":\"https:\/\/www.notibras.com\/site\/\",\"name\":\"Notibras\",\"description\":\"Not\u00edcias de Bras\u00edlia, do Brasil e do Mundo\",\"publisher\":{\"@id\":\"https:\/\/www.notibras.com\/site\/#organization\"},\"potentialAction\":[{\"@type\":\"SearchAction\",\"target\":{\"@type\":\"EntryPoint\",\"urlTemplate\":\"https:\/\/www.notibras.com\/site\/?s={search_term_string}\"},\"query-input\":{\"@type\":\"PropertyValueSpecification\",\"valueRequired\":true,\"valueName\":\"search_term_string\"}}],\"inLanguage\":\"pt-BR\"},{\"@type\":\"Organization\",\"@id\":\"https:\/\/www.notibras.com\/site\/#organization\",\"name\":\"Grupo Notibras de Comunica\u00e7\u00e3o\",\"url\":\"https:\/\/www.notibras.com\/site\/\",\"logo\":{\"@type\":\"ImageObject\",\"inLanguage\":\"pt-BR\",\"@id\":\"https:\/\/www.notibras.com\/site\/#\/schema\/logo\/image\/\",\"url\":\"https:\/\/www.notibras.com\/site\/wp-content\/uploads\/2023\/01\/notibras23.png\",\"contentUrl\":\"https:\/\/www.notibras.com\/site\/wp-content\/uploads\/2023\/01\/notibras23.png\",\"width\":350,\"height\":87,\"caption\":\"Grupo Notibras de Comunica\u00e7\u00e3o\"},\"image\":{\"@id\":\"https:\/\/www.notibras.com\/site\/#\/schema\/logo\/image\/\"},\"sameAs\":[\"https:\/\/www.facebook.com\/notibras\/\",\"https:\/\/x.com\/Notibras\",\"https:\/\/www.instagram.com\/notibras\/\"]},{\"@type\":\"Person\",\"@id\":\"https:\/\/www.notibras.com\/site\/#\/schema\/person\/36ab0979449956132d3e5b517ea76ac8\",\"name\":\"Reda\u00e7\u00e3o\",\"image\":{\"@type\":\"ImageObject\",\"inLanguage\":\"pt-BR\",\"@id\":\"https:\/\/secure.gravatar.com\/avatar\/e0a867bdedb85fd243eadf09663511f96fc81e0720a4a42581f334ad4303aa6b?s=96&d=mm&r=g\",\"url\":\"https:\/\/secure.gravatar.com\/avatar\/e0a867bdedb85fd243eadf09663511f96fc81e0720a4a42581f334ad4303aa6b?s=96&d=mm&r=g\",\"contentUrl\":\"https:\/\/secure.gravatar.com\/avatar\/e0a867bdedb85fd243eadf09663511f96fc81e0720a4a42581f334ad4303aa6b?s=96&d=mm&r=g\",\"caption\":\"Reda\u00e7\u00e3o\"}}]}<\/script>\n<!-- \/ Yoast SEO plugin. -->","yoast_head_json":{"title":"A\u00e9cio, derrotado e cambaleante, ter\u00e1 vida dif\u00edcil pela frente - Notibras","robots":{"index":"index","follow":"follow","max-snippet":"max-snippet:-1","max-image-preview":"max-image-preview:large","max-video-preview":"max-video-preview:-1"},"canonical":"https:\/\/www.notibras.com\/site\/aecio-derrotado-e-cambaleante-tera-vida-dificil-pela-frente\/","og_locale":"pt_BR","og_type":"article","og_title":"A\u00e9cio, derrotado e cambaleante, ter\u00e1 vida dif\u00edcil pela frente - Notibras","og_description":"Depois de um breve descanso em sua fazenda em Cl\u00e1udio, no interior de Minas Gerais \u2013 ser\u00e1 que ele usou o ilegal \u201caecioporto\u201d? \u2013, o derrotado cambaleante do PSDB, A\u00e9cio Neves, fez a maior cena nesta ter\u00e7a-feira em Bras\u00edlia. A m\u00eddia tucana garantiu os holofotes, com longos minutos de exposi\u00e7\u00e3o no Jornal Nacional da TV [&hellip;]","og_url":"https:\/\/www.notibras.com\/site\/aecio-derrotado-e-cambaleante-tera-vida-dificil-pela-frente\/","og_site_name":"Notibras","article_publisher":"https:\/\/www.facebook.com\/notibras\/","article_published_time":"2014-11-07T10:10:27+00:00","og_image":[{"width":597,"height":336,"url":"https:\/\/www.notibras.com\/site\/wp-content\/uploads\/2014\/11\/aecio-neves-minas-gerais.jpg","type":"image\/jpeg"}],"author":"Reda\u00e7\u00e3o","twitter_card":"summary_large_image","twitter_creator":"@Notibras","twitter_site":"@Notibras","twitter_misc":{"Escrito por":"Reda\u00e7\u00e3o","Est. tempo de leitura":"3 minutos"},"schema":{"@context":"https:\/\/schema.org","@graph":[{"@type":"Article","@id":"https:\/\/www.notibras.com\/site\/aecio-derrotado-e-cambaleante-tera-vida-dificil-pela-frente\/#article","isPartOf":{"@id":"https:\/\/www.notibras.com\/site\/aecio-derrotado-e-cambaleante-tera-vida-dificil-pela-frente\/"},"author":{"name":"Reda\u00e7\u00e3o","@id":"https:\/\/www.notibras.com\/site\/#\/schema\/person\/36ab0979449956132d3e5b517ea76ac8"},"headline":"A\u00e9cio, derrotado e cambaleante, ter\u00e1 vida dif\u00edcil pela frente","datePublished":"2014-11-07T10:10:27+00:00","mainEntityOfPage":{"@id":"https:\/\/www.notibras.com\/site\/aecio-derrotado-e-cambaleante-tera-vida-dificil-pela-frente\/"},"wordCount":639,"commentCount":0,"publisher":{"@id":"https:\/\/www.notibras.com\/site\/#organization"},"image":{"@id":"https:\/\/www.notibras.com\/site\/aecio-derrotado-e-cambaleante-tera-vida-dificil-pela-frente\/#primaryimage"},"thumbnailUrl":"https:\/\/www.notibras.com\/site\/wp-content\/uploads\/2014\/11\/aecio-neves-minas-gerais.jpg","articleSection":["Opina a\u00ed"],"inLanguage":"pt-BR","potentialAction":[{"@type":"CommentAction","name":"Comment","target":["https:\/\/www.notibras.com\/site\/aecio-derrotado-e-cambaleante-tera-vida-dificil-pela-frente\/#respond"]}]},{"@type":"WebPage","@id":"https:\/\/www.notibras.com\/site\/aecio-derrotado-e-cambaleante-tera-vida-dificil-pela-frente\/","url":"https:\/\/www.notibras.com\/site\/aecio-derrotado-e-cambaleante-tera-vida-dificil-pela-frente\/","name":"A\u00e9cio, derrotado e cambaleante, ter\u00e1 vida dif\u00edcil pela frente - Notibras","isPartOf":{"@id":"https:\/\/www.notibras.com\/site\/#website"},"primaryImageOfPage":{"@id":"https:\/\/www.notibras.com\/site\/aecio-derrotado-e-cambaleante-tera-vida-dificil-pela-frente\/#primaryimage"},"image":{"@id":"https:\/\/www.notibras.com\/site\/aecio-derrotado-e-cambaleante-tera-vida-dificil-pela-frente\/#primaryimage"},"thumbnailUrl":"https:\/\/www.notibras.com\/site\/wp-content\/uploads\/2014\/11\/aecio-neves-minas-gerais.jpg","datePublished":"2014-11-07T10:10:27+00:00","breadcrumb":{"@id":"https:\/\/www.notibras.com\/site\/aecio-derrotado-e-cambaleante-tera-vida-dificil-pela-frente\/#breadcrumb"},"inLanguage":"pt-BR","potentialAction":[{"@type":"ReadAction","target":["https:\/\/www.notibras.com\/site\/aecio-derrotado-e-cambaleante-tera-vida-dificil-pela-frente\/"]}]},{"@type":"ImageObject","inLanguage":"pt-BR","@id":"https:\/\/www.notibras.com\/site\/aecio-derrotado-e-cambaleante-tera-vida-dificil-pela-frente\/#primaryimage","url":"https:\/\/www.notibras.com\/site\/wp-content\/uploads\/2014\/11\/aecio-neves-minas-gerais.jpg","contentUrl":"https:\/\/www.notibras.com\/site\/wp-content\/uploads\/2014\/11\/aecio-neves-minas-gerais.jpg","width":597,"height":336},{"@type":"BreadcrumbList","@id":"https:\/\/www.notibras.com\/site\/aecio-derrotado-e-cambaleante-tera-vida-dificil-pela-frente\/#breadcrumb","itemListElement":[{"@type":"ListItem","position":1,"name":"In\u00edcio","item":"https:\/\/www.notibras.com\/site\/"},{"@type":"ListItem","position":2,"name":"A\u00e9cio, derrotado e cambaleante, ter\u00e1 vida dif\u00edcil pela frente"}]},{"@type":"WebSite","@id":"https:\/\/www.notibras.com\/site\/#website","url":"https:\/\/www.notibras.com\/site\/","name":"Notibras","description":"Not\u00edcias de Bras\u00edlia, do Brasil e do Mundo","publisher":{"@id":"https:\/\/www.notibras.com\/site\/#organization"},"potentialAction":[{"@type":"SearchAction","target":{"@type":"EntryPoint","urlTemplate":"https:\/\/www.notibras.com\/site\/?s={search_term_string}"},"query-input":{"@type":"PropertyValueSpecification","valueRequired":true,"valueName":"search_term_string"}}],"inLanguage":"pt-BR"},{"@type":"Organization","@id":"https:\/\/www.notibras.com\/site\/#organization","name":"Grupo Notibras de Comunica\u00e7\u00e3o","url":"https:\/\/www.notibras.com\/site\/","logo":{"@type":"ImageObject","inLanguage":"pt-BR","@id":"https:\/\/www.notibras.com\/site\/#\/schema\/logo\/image\/","url":"https:\/\/www.notibras.com\/site\/wp-content\/uploads\/2023\/01\/notibras23.png","contentUrl":"https:\/\/www.notibras.com\/site\/wp-content\/uploads\/2023\/01\/notibras23.png","width":350,"height":87,"caption":"Grupo Notibras de Comunica\u00e7\u00e3o"},"image":{"@id":"https:\/\/www.notibras.com\/site\/#\/schema\/logo\/image\/"},"sameAs":["https:\/\/www.facebook.com\/notibras\/","https:\/\/x.com\/Notibras","https:\/\/www.instagram.com\/notibras\/"]},{"@type":"Person","@id":"https:\/\/www.notibras.com\/site\/#\/schema\/person\/36ab0979449956132d3e5b517ea76ac8","name":"Reda\u00e7\u00e3o","image":{"@type":"ImageObject","inLanguage":"pt-BR","@id":"https:\/\/secure.gravatar.com\/avatar\/e0a867bdedb85fd243eadf09663511f96fc81e0720a4a42581f334ad4303aa6b?s=96&d=mm&r=g","url":"https:\/\/secure.gravatar.com\/avatar\/e0a867bdedb85fd243eadf09663511f96fc81e0720a4a42581f334ad4303aa6b?s=96&d=mm&r=g","contentUrl":"https:\/\/secure.gravatar.com\/avatar\/e0a867bdedb85fd243eadf09663511f96fc81e0720a4a42581f334ad4303aa6b?s=96&d=mm&r=g","caption":"Reda\u00e7\u00e3o"}}]}},"amp_enabled":true,"_links":{"self":[{"href":"https:\/\/www.notibras.com\/site\/wp-json\/wp\/v2\/posts\/27264","targetHints":{"allow":["GET"]}}],"collection":[{"href":"https:\/\/www.notibras.com\/site\/wp-json\/wp\/v2\/posts"}],"about":[{"href":"https:\/\/www.notibras.com\/site\/wp-json\/wp\/v2\/types\/post"}],"author":[{"embeddable":true,"href":"https:\/\/www.notibras.com\/site\/wp-json\/wp\/v2\/users\/2"}],"replies":[{"embeddable":true,"href":"https:\/\/www.notibras.com\/site\/wp-json\/wp\/v2\/comments?post=27264"}],"version-history":[{"count":0,"href":"https:\/\/www.notibras.com\/site\/wp-json\/wp\/v2\/posts\/27264\/revisions"}],"wp:featuredmedia":[{"embeddable":true,"href":"https:\/\/www.notibras.com\/site\/wp-json\/wp\/v2\/media\/27265"}],"wp:attachment":[{"href":"https:\/\/www.notibras.com\/site\/wp-json\/wp\/v2\/media?parent=27264"}],"wp:term":[{"taxonomy":"category","embeddable":true,"href":"https:\/\/www.notibras.com\/site\/wp-json\/wp\/v2\/categories?post=27264"},{"taxonomy":"post_tag","embeddable":true,"href":"https:\/\/www.notibras.com\/site\/wp-json\/wp\/v2\/tags?post=27264"}],"curies":[{"name":"wp","href":"https:\/\/api.w.org\/{rel}","templated":true}]}}