{"id":27282,"date":"2014-11-07T08:51:04","date_gmt":"2014-11-07T11:51:04","guid":{"rendered":"http:\/\/www.notibras.com\/site\/?p=27282"},"modified":"2014-11-07T10:24:11","modified_gmt":"2014-11-07T13:24:11","slug":"inflacao-desacelera-em-outubro-mas-continua-acima-do-teto-da-meta","status":"publish","type":"post","link":"https:\/\/www.notibras.com\/site\/inflacao-desacelera-em-outubro-mas-continua-acima-do-teto-da-meta\/","title":{"rendered":"Infla\u00e7\u00e3o desacelera a 0,42% em outubro, mas continua acima da meta do BC"},"content":{"rendered":"<p>A infla\u00e7\u00e3o desacelerou para 0,42% em outubro, mas continua acima do limite m\u00e1ximo da meta do governo em 12 meses, a 6,59%.<\/p>\n<blockquote><p>O governo tem o objetivo de manter a infla\u00e7\u00e3o em 4,5% ao ano, com toler\u00e2ncia de dois pontos percentuais para cima ou para baixo (ou seja, podendo oscilar entre 2,5% e 6,5%).<\/p><\/blockquote>\n<p>Em setembro, os pre\u00e7os tinham subido 0,57%, fazendo com que a infla\u00e7\u00e3o em 12 meses atingisse 6,75%, o maior valor desde 2011.<\/p>\n<p>No acumulado do ano, at\u00e9 agora, a alta dos pre\u00e7os est\u00e1 em 5,05%. No mesmo per\u00edodo do ano passado, a infla\u00e7\u00e3o acumulava alta de 4,38%.<\/p>\n<p>Segundo a ag\u00eancia de not\u00edcias <em>Reuters<\/em>, economistas citam o forte aumento nos gastos do governo e o a escassez de m\u00e3o de obra como fatores importantes para a alta infla\u00e7\u00e3o.<\/p>\n<p>O IPCA (\u00cdndice de Pre\u00e7os ao Consumidor Amplo) \u00e9 calculado pelo IBGE (Instituto Brasileiro de Geografia e Estat\u00edstica) e foi divulgado nesta sexta-feira (7).<\/p>\n<blockquote><p>Os pre\u00e7os de alimenta\u00e7\u00e3o e transporte respondem, juntos, por 43% do or\u00e7amento das fam\u00edlias, segundo o IBGE, e subiram menos em outubro do que em setembro. Assim, esses gastos foram os principais respons\u00e1veis pelo resultado do IPCA do m\u00eas passado.<\/p><\/blockquote>\n<p><strong>Tomate sobe 12%; carne e cerveja desaceleram<br \/>\n<\/strong>O pre\u00e7o do tomate foi o que mais variou de um m\u00eas para outro: se em setembro tinha ca\u00eddo 9,42%, em outubro saltou 12,37%.<\/p>\n<p>Outros produtos, no entanto, perderam for\u00e7a: o pre\u00e7o das carnes, que tinha subido 3,17% em setembro, subiu menos em outubro, 1,46%.<\/p>\n<p>Ainda assim, a carne teve o maior impacto sobre a alta nos pre\u00e7os dos alimentos no m\u00eas passado.<\/p>\n<p>A cerveja tinha aumentado 3,48% em setembro, e desacelerou para 1,46% em outubro; uma refei\u00e7\u00e3o completa, que em setembro tinha apresentado alta de 1,02%, subiu 0,15% em outubro.<\/p>\n<p>Entre os itens que apresentaram queda no pre\u00e7o, a farinha de mandioca \u00e9 destaque, passando de uma alta de 2,52% em setembro para queda de 0,34% em outubro.<\/p>\n<p>O queijo tinha subido 0,86%, e em outubro caiu 0,96%; e o leite longa vida tamb\u00e9m saiu de alta de 1,75% para queda de 1,83%.<\/p>\n","protected":false},"excerpt":{"rendered":"<p>A infla\u00e7\u00e3o desacelerou para 0,42% em outubro, mas continua acima do limite m\u00e1ximo da meta do governo em 12 meses, a 6,59%. O governo tem o objetivo de manter a infla\u00e7\u00e3o em 4,5% ao ano, com toler\u00e2ncia de dois pontos percentuais para cima ou para baixo (ou seja, podendo oscilar entre 2,5% e 6,5%). Em [&hellip;]<\/p>\n","protected":false},"author":1,"featured_media":27283,"comment_status":"open","ping_status":"closed","sticky":false,"template":"","format":"standard","meta":{"_acf_changed":false,"footnotes":""},"categories":[16],"tags":[],"class_list":["post-27282","post","type-post","status-publish","format-standard","has-post-thumbnail","hentry","category-brasil"],"acf":[],"yoast_head":"<!-- This site is optimized with the Yoast SEO plugin v27.2 - https:\/\/yoast.com\/product\/yoast-seo-wordpress\/ -->\n<title>Infla\u00e7\u00e3o desacelera a 0,42% em outubro, mas continua acima da meta do BC - Notibras<\/title>\n<meta name=\"robots\" content=\"index, follow, max-snippet:-1, max-image-preview:large, max-video-preview:-1\" \/>\n<link rel=\"canonical\" href=\"https:\/\/www.notibras.com\/site\/inflacao-desacelera-em-outubro-mas-continua-acima-do-teto-da-meta\/\" \/>\n<meta property=\"og:locale\" content=\"pt_BR\" \/>\n<meta property=\"og:type\" content=\"article\" \/>\n<meta property=\"og:title\" content=\"Infla\u00e7\u00e3o desacelera a 0,42% em outubro, mas continua acima da meta do BC - Notibras\" \/>\n<meta property=\"og:description\" content=\"A infla\u00e7\u00e3o desacelerou para 0,42% em outubro, mas continua acima do limite m\u00e1ximo da meta do governo em 12 meses, a 6,59%. O governo tem o objetivo de manter a infla\u00e7\u00e3o em 4,5% ao ano, com toler\u00e2ncia de dois pontos percentuais para cima ou para baixo (ou seja, podendo oscilar entre 2,5% e 6,5%). Em [&hellip;]\" \/>\n<meta property=\"og:url\" content=\"https:\/\/www.notibras.com\/site\/inflacao-desacelera-em-outubro-mas-continua-acima-do-teto-da-meta\/\" \/>\n<meta property=\"og:site_name\" content=\"Notibras\" \/>\n<meta property=\"article:publisher\" content=\"https:\/\/www.facebook.com\/notibras\/\" \/>\n<meta property=\"article:published_time\" content=\"2014-11-07T11:51:04+00:00\" \/>\n<meta property=\"article:modified_time\" content=\"2014-11-07T13:24:11+00:00\" \/>\n<meta property=\"og:image\" content=\"https:\/\/www.notibras.com\/site\/wp-content\/uploads\/2014\/11\/Sem-t\u00edtulo-140.jpg\" \/>\n\t<meta property=\"og:image:width\" content=\"600\" \/>\n\t<meta property=\"og:image:height\" content=\"400\" \/>\n\t<meta property=\"og:image:type\" content=\"image\/jpeg\" \/>\n<meta name=\"author\" content=\"Reda\u00e7\u00e3o\" \/>\n<meta name=\"twitter:card\" content=\"summary_large_image\" \/>\n<meta name=\"twitter:creator\" content=\"@Notibras\" \/>\n<meta name=\"twitter:site\" content=\"@Notibras\" \/>\n<meta name=\"twitter:label1\" content=\"Escrito por\" \/>\n\t<meta name=\"twitter:data1\" content=\"Reda\u00e7\u00e3o\" \/>\n\t<meta name=\"twitter:label2\" content=\"Est. tempo de leitura\" \/>\n\t<meta name=\"twitter:data2\" content=\"2 minutos\" \/>\n<script type=\"application\/ld+json\" class=\"yoast-schema-graph\">{\"@context\":\"https:\/\/schema.org\",\"@graph\":[{\"@type\":\"Article\",\"@id\":\"https:\/\/www.notibras.com\/site\/inflacao-desacelera-em-outubro-mas-continua-acima-do-teto-da-meta\/#article\",\"isPartOf\":{\"@id\":\"https:\/\/www.notibras.com\/site\/inflacao-desacelera-em-outubro-mas-continua-acima-do-teto-da-meta\/\"},\"author\":{\"name\":\"Reda\u00e7\u00e3o\",\"@id\":\"https:\/\/www.notibras.com\/site\/#\/schema\/person\/00b8e1aa08f9ef6563e878c5159d01cf\"},\"headline\":\"Infla\u00e7\u00e3o desacelera a 0,42% em outubro, mas continua acima da meta do BC\",\"datePublished\":\"2014-11-07T11:51:04+00:00\",\"dateModified\":\"2014-11-07T13:24:11+00:00\",\"mainEntityOfPage\":{\"@id\":\"https:\/\/www.notibras.com\/site\/inflacao-desacelera-em-outubro-mas-continua-acima-do-teto-da-meta\/\"},\"wordCount\":359,\"commentCount\":0,\"publisher\":{\"@id\":\"https:\/\/www.notibras.com\/site\/#organization\"},\"image\":{\"@id\":\"https:\/\/www.notibras.com\/site\/inflacao-desacelera-em-outubro-mas-continua-acima-do-teto-da-meta\/#primaryimage\"},\"thumbnailUrl\":\"https:\/\/www.notibras.com\/site\/wp-content\/uploads\/2014\/11\/Sem-t\u00edtulo-140.jpg\",\"articleSection\":[\"Brasil\"],\"inLanguage\":\"pt-BR\",\"potentialAction\":[{\"@type\":\"CommentAction\",\"name\":\"Comment\",\"target\":[\"https:\/\/www.notibras.com\/site\/inflacao-desacelera-em-outubro-mas-continua-acima-do-teto-da-meta\/#respond\"]}]},{\"@type\":\"WebPage\",\"@id\":\"https:\/\/www.notibras.com\/site\/inflacao-desacelera-em-outubro-mas-continua-acima-do-teto-da-meta\/\",\"url\":\"https:\/\/www.notibras.com\/site\/inflacao-desacelera-em-outubro-mas-continua-acima-do-teto-da-meta\/\",\"name\":\"Infla\u00e7\u00e3o desacelera a 0,42% em outubro, mas continua acima da meta do BC - Notibras\",\"isPartOf\":{\"@id\":\"https:\/\/www.notibras.com\/site\/#website\"},\"primaryImageOfPage\":{\"@id\":\"https:\/\/www.notibras.com\/site\/inflacao-desacelera-em-outubro-mas-continua-acima-do-teto-da-meta\/#primaryimage\"},\"image\":{\"@id\":\"https:\/\/www.notibras.com\/site\/inflacao-desacelera-em-outubro-mas-continua-acima-do-teto-da-meta\/#primaryimage\"},\"thumbnailUrl\":\"https:\/\/www.notibras.com\/site\/wp-content\/uploads\/2014\/11\/Sem-t\u00edtulo-140.jpg\",\"datePublished\":\"2014-11-07T11:51:04+00:00\",\"dateModified\":\"2014-11-07T13:24:11+00:00\",\"breadcrumb\":{\"@id\":\"https:\/\/www.notibras.com\/site\/inflacao-desacelera-em-outubro-mas-continua-acima-do-teto-da-meta\/#breadcrumb\"},\"inLanguage\":\"pt-BR\",\"potentialAction\":[{\"@type\":\"ReadAction\",\"target\":[\"https:\/\/www.notibras.com\/site\/inflacao-desacelera-em-outubro-mas-continua-acima-do-teto-da-meta\/\"]}]},{\"@type\":\"ImageObject\",\"inLanguage\":\"pt-BR\",\"@id\":\"https:\/\/www.notibras.com\/site\/inflacao-desacelera-em-outubro-mas-continua-acima-do-teto-da-meta\/#primaryimage\",\"url\":\"https:\/\/www.notibras.com\/site\/wp-content\/uploads\/2014\/11\/Sem-t\u00edtulo-140.jpg\",\"contentUrl\":\"https:\/\/www.notibras.com\/site\/wp-content\/uploads\/2014\/11\/Sem-t\u00edtulo-140.jpg\",\"width\":600,\"height\":400},{\"@type\":\"BreadcrumbList\",\"@id\":\"https:\/\/www.notibras.com\/site\/inflacao-desacelera-em-outubro-mas-continua-acima-do-teto-da-meta\/#breadcrumb\",\"itemListElement\":[{\"@type\":\"ListItem\",\"position\":1,\"name\":\"In\u00edcio\",\"item\":\"https:\/\/www.notibras.com\/site\/\"},{\"@type\":\"ListItem\",\"position\":2,\"name\":\"Infla\u00e7\u00e3o desacelera a 0,42% em outubro, mas continua acima da meta do BC\"}]},{\"@type\":\"WebSite\",\"@id\":\"https:\/\/www.notibras.com\/site\/#website\",\"url\":\"https:\/\/www.notibras.com\/site\/\",\"name\":\"Notibras\",\"description\":\"Not\u00edcias de Bras\u00edlia, do Brasil e do Mundo\",\"publisher\":{\"@id\":\"https:\/\/www.notibras.com\/site\/#organization\"},\"potentialAction\":[{\"@type\":\"SearchAction\",\"target\":{\"@type\":\"EntryPoint\",\"urlTemplate\":\"https:\/\/www.notibras.com\/site\/?s={search_term_string}\"},\"query-input\":{\"@type\":\"PropertyValueSpecification\",\"valueRequired\":true,\"valueName\":\"search_term_string\"}}],\"inLanguage\":\"pt-BR\"},{\"@type\":\"Organization\",\"@id\":\"https:\/\/www.notibras.com\/site\/#organization\",\"name\":\"Grupo Notibras de Comunica\u00e7\u00e3o\",\"url\":\"https:\/\/www.notibras.com\/site\/\",\"logo\":{\"@type\":\"ImageObject\",\"inLanguage\":\"pt-BR\",\"@id\":\"https:\/\/www.notibras.com\/site\/#\/schema\/logo\/image\/\",\"url\":\"https:\/\/www.notibras.com\/site\/wp-content\/uploads\/2023\/01\/notibras23.png\",\"contentUrl\":\"https:\/\/www.notibras.com\/site\/wp-content\/uploads\/2023\/01\/notibras23.png\",\"width\":350,\"height\":87,\"caption\":\"Grupo Notibras de Comunica\u00e7\u00e3o\"},\"image\":{\"@id\":\"https:\/\/www.notibras.com\/site\/#\/schema\/logo\/image\/\"},\"sameAs\":[\"https:\/\/www.facebook.com\/notibras\/\",\"https:\/\/x.com\/Notibras\",\"https:\/\/www.instagram.com\/notibras\/\"]},{\"@type\":\"Person\",\"@id\":\"https:\/\/www.notibras.com\/site\/#\/schema\/person\/00b8e1aa08f9ef6563e878c5159d01cf\",\"name\":\"Reda\u00e7\u00e3o\",\"image\":{\"@type\":\"ImageObject\",\"inLanguage\":\"pt-BR\",\"@id\":\"https:\/\/secure.gravatar.com\/avatar\/ac5a707d5b47784a5ed426c6e213e201423c750890f64e4c379114dade67dfb9?s=96&d=mm&r=g\",\"url\":\"https:\/\/secure.gravatar.com\/avatar\/ac5a707d5b47784a5ed426c6e213e201423c750890f64e4c379114dade67dfb9?s=96&d=mm&r=g\",\"contentUrl\":\"https:\/\/secure.gravatar.com\/avatar\/ac5a707d5b47784a5ed426c6e213e201423c750890f64e4c379114dade67dfb9?s=96&d=mm&r=g\",\"caption\":\"Reda\u00e7\u00e3o\"}}]}<\/script>\n<!-- \/ Yoast SEO plugin. -->","yoast_head_json":{"title":"Infla\u00e7\u00e3o desacelera a 0,42% em outubro, mas continua acima da meta do BC - Notibras","robots":{"index":"index","follow":"follow","max-snippet":"max-snippet:-1","max-image-preview":"max-image-preview:large","max-video-preview":"max-video-preview:-1"},"canonical":"https:\/\/www.notibras.com\/site\/inflacao-desacelera-em-outubro-mas-continua-acima-do-teto-da-meta\/","og_locale":"pt_BR","og_type":"article","og_title":"Infla\u00e7\u00e3o desacelera a 0,42% em outubro, mas continua acima da meta do BC - Notibras","og_description":"A infla\u00e7\u00e3o desacelerou para 0,42% em outubro, mas continua acima do limite m\u00e1ximo da meta do governo em 12 meses, a 6,59%. O governo tem o objetivo de manter a infla\u00e7\u00e3o em 4,5% ao ano, com toler\u00e2ncia de dois pontos percentuais para cima ou para baixo (ou seja, podendo oscilar entre 2,5% e 6,5%). Em [&hellip;]","og_url":"https:\/\/www.notibras.com\/site\/inflacao-desacelera-em-outubro-mas-continua-acima-do-teto-da-meta\/","og_site_name":"Notibras","article_publisher":"https:\/\/www.facebook.com\/notibras\/","article_published_time":"2014-11-07T11:51:04+00:00","article_modified_time":"2014-11-07T13:24:11+00:00","og_image":[{"width":600,"height":400,"url":"https:\/\/www.notibras.com\/site\/wp-content\/uploads\/2014\/11\/Sem-t\u00edtulo-140.jpg","type":"image\/jpeg"}],"author":"Reda\u00e7\u00e3o","twitter_card":"summary_large_image","twitter_creator":"@Notibras","twitter_site":"@Notibras","twitter_misc":{"Escrito por":"Reda\u00e7\u00e3o","Est. tempo de leitura":"2 minutos"},"schema":{"@context":"https:\/\/schema.org","@graph":[{"@type":"Article","@id":"https:\/\/www.notibras.com\/site\/inflacao-desacelera-em-outubro-mas-continua-acima-do-teto-da-meta\/#article","isPartOf":{"@id":"https:\/\/www.notibras.com\/site\/inflacao-desacelera-em-outubro-mas-continua-acima-do-teto-da-meta\/"},"author":{"name":"Reda\u00e7\u00e3o","@id":"https:\/\/www.notibras.com\/site\/#\/schema\/person\/00b8e1aa08f9ef6563e878c5159d01cf"},"headline":"Infla\u00e7\u00e3o desacelera a 0,42% em outubro, mas continua acima da meta do BC","datePublished":"2014-11-07T11:51:04+00:00","dateModified":"2014-11-07T13:24:11+00:00","mainEntityOfPage":{"@id":"https:\/\/www.notibras.com\/site\/inflacao-desacelera-em-outubro-mas-continua-acima-do-teto-da-meta\/"},"wordCount":359,"commentCount":0,"publisher":{"@id":"https:\/\/www.notibras.com\/site\/#organization"},"image":{"@id":"https:\/\/www.notibras.com\/site\/inflacao-desacelera-em-outubro-mas-continua-acima-do-teto-da-meta\/#primaryimage"},"thumbnailUrl":"https:\/\/www.notibras.com\/site\/wp-content\/uploads\/2014\/11\/Sem-t\u00edtulo-140.jpg","articleSection":["Brasil"],"inLanguage":"pt-BR","potentialAction":[{"@type":"CommentAction","name":"Comment","target":["https:\/\/www.notibras.com\/site\/inflacao-desacelera-em-outubro-mas-continua-acima-do-teto-da-meta\/#respond"]}]},{"@type":"WebPage","@id":"https:\/\/www.notibras.com\/site\/inflacao-desacelera-em-outubro-mas-continua-acima-do-teto-da-meta\/","url":"https:\/\/www.notibras.com\/site\/inflacao-desacelera-em-outubro-mas-continua-acima-do-teto-da-meta\/","name":"Infla\u00e7\u00e3o desacelera a 0,42% em outubro, mas continua acima da meta do BC - Notibras","isPartOf":{"@id":"https:\/\/www.notibras.com\/site\/#website"},"primaryImageOfPage":{"@id":"https:\/\/www.notibras.com\/site\/inflacao-desacelera-em-outubro-mas-continua-acima-do-teto-da-meta\/#primaryimage"},"image":{"@id":"https:\/\/www.notibras.com\/site\/inflacao-desacelera-em-outubro-mas-continua-acima-do-teto-da-meta\/#primaryimage"},"thumbnailUrl":"https:\/\/www.notibras.com\/site\/wp-content\/uploads\/2014\/11\/Sem-t\u00edtulo-140.jpg","datePublished":"2014-11-07T11:51:04+00:00","dateModified":"2014-11-07T13:24:11+00:00","breadcrumb":{"@id":"https:\/\/www.notibras.com\/site\/inflacao-desacelera-em-outubro-mas-continua-acima-do-teto-da-meta\/#breadcrumb"},"inLanguage":"pt-BR","potentialAction":[{"@type":"ReadAction","target":["https:\/\/www.notibras.com\/site\/inflacao-desacelera-em-outubro-mas-continua-acima-do-teto-da-meta\/"]}]},{"@type":"ImageObject","inLanguage":"pt-BR","@id":"https:\/\/www.notibras.com\/site\/inflacao-desacelera-em-outubro-mas-continua-acima-do-teto-da-meta\/#primaryimage","url":"https:\/\/www.notibras.com\/site\/wp-content\/uploads\/2014\/11\/Sem-t\u00edtulo-140.jpg","contentUrl":"https:\/\/www.notibras.com\/site\/wp-content\/uploads\/2014\/11\/Sem-t\u00edtulo-140.jpg","width":600,"height":400},{"@type":"BreadcrumbList","@id":"https:\/\/www.notibras.com\/site\/inflacao-desacelera-em-outubro-mas-continua-acima-do-teto-da-meta\/#breadcrumb","itemListElement":[{"@type":"ListItem","position":1,"name":"In\u00edcio","item":"https:\/\/www.notibras.com\/site\/"},{"@type":"ListItem","position":2,"name":"Infla\u00e7\u00e3o desacelera a 0,42% em outubro, mas continua acima da meta do BC"}]},{"@type":"WebSite","@id":"https:\/\/www.notibras.com\/site\/#website","url":"https:\/\/www.notibras.com\/site\/","name":"Notibras","description":"Not\u00edcias de Bras\u00edlia, do Brasil e do Mundo","publisher":{"@id":"https:\/\/www.notibras.com\/site\/#organization"},"potentialAction":[{"@type":"SearchAction","target":{"@type":"EntryPoint","urlTemplate":"https:\/\/www.notibras.com\/site\/?s={search_term_string}"},"query-input":{"@type":"PropertyValueSpecification","valueRequired":true,"valueName":"search_term_string"}}],"inLanguage":"pt-BR"},{"@type":"Organization","@id":"https:\/\/www.notibras.com\/site\/#organization","name":"Grupo Notibras de Comunica\u00e7\u00e3o","url":"https:\/\/www.notibras.com\/site\/","logo":{"@type":"ImageObject","inLanguage":"pt-BR","@id":"https:\/\/www.notibras.com\/site\/#\/schema\/logo\/image\/","url":"https:\/\/www.notibras.com\/site\/wp-content\/uploads\/2023\/01\/notibras23.png","contentUrl":"https:\/\/www.notibras.com\/site\/wp-content\/uploads\/2023\/01\/notibras23.png","width":350,"height":87,"caption":"Grupo Notibras de Comunica\u00e7\u00e3o"},"image":{"@id":"https:\/\/www.notibras.com\/site\/#\/schema\/logo\/image\/"},"sameAs":["https:\/\/www.facebook.com\/notibras\/","https:\/\/x.com\/Notibras","https:\/\/www.instagram.com\/notibras\/"]},{"@type":"Person","@id":"https:\/\/www.notibras.com\/site\/#\/schema\/person\/00b8e1aa08f9ef6563e878c5159d01cf","name":"Reda\u00e7\u00e3o","image":{"@type":"ImageObject","inLanguage":"pt-BR","@id":"https:\/\/secure.gravatar.com\/avatar\/ac5a707d5b47784a5ed426c6e213e201423c750890f64e4c379114dade67dfb9?s=96&d=mm&r=g","url":"https:\/\/secure.gravatar.com\/avatar\/ac5a707d5b47784a5ed426c6e213e201423c750890f64e4c379114dade67dfb9?s=96&d=mm&r=g","contentUrl":"https:\/\/secure.gravatar.com\/avatar\/ac5a707d5b47784a5ed426c6e213e201423c750890f64e4c379114dade67dfb9?s=96&d=mm&r=g","caption":"Reda\u00e7\u00e3o"}}]}},"amp_enabled":true,"_links":{"self":[{"href":"https:\/\/www.notibras.com\/site\/wp-json\/wp\/v2\/posts\/27282","targetHints":{"allow":["GET"]}}],"collection":[{"href":"https:\/\/www.notibras.com\/site\/wp-json\/wp\/v2\/posts"}],"about":[{"href":"https:\/\/www.notibras.com\/site\/wp-json\/wp\/v2\/types\/post"}],"author":[{"embeddable":true,"href":"https:\/\/www.notibras.com\/site\/wp-json\/wp\/v2\/users\/1"}],"replies":[{"embeddable":true,"href":"https:\/\/www.notibras.com\/site\/wp-json\/wp\/v2\/comments?post=27282"}],"version-history":[{"count":0,"href":"https:\/\/www.notibras.com\/site\/wp-json\/wp\/v2\/posts\/27282\/revisions"}],"wp:featuredmedia":[{"embeddable":true,"href":"https:\/\/www.notibras.com\/site\/wp-json\/wp\/v2\/media\/27283"}],"wp:attachment":[{"href":"https:\/\/www.notibras.com\/site\/wp-json\/wp\/v2\/media?parent=27282"}],"wp:term":[{"taxonomy":"category","embeddable":true,"href":"https:\/\/www.notibras.com\/site\/wp-json\/wp\/v2\/categories?post=27282"},{"taxonomy":"post_tag","embeddable":true,"href":"https:\/\/www.notibras.com\/site\/wp-json\/wp\/v2\/tags?post=27282"}],"curies":[{"name":"wp","href":"https:\/\/api.w.org\/{rel}","templated":true}]}}