{"id":27312,"date":"2014-11-07T10:22:24","date_gmt":"2014-11-07T13:22:24","guid":{"rendered":"http:\/\/www.notibras.com\/site\/?p=27312"},"modified":"2014-11-08T05:48:35","modified_gmt":"2014-11-08T08:48:35","slug":"producao-industrial-recua-em-6-de-14-regioes-em-setembro","status":"publish","type":"post","link":"https:\/\/www.notibras.com\/site\/producao-industrial-recua-em-6-de-14-regioes-em-setembro\/","title":{"rendered":"Produ\u00e7\u00e3o industrial vai parando e recua em seis de 14 regi\u00f5es pesquisadas"},"content":{"rendered":"<p>A redu\u00e7\u00e3o de ritmo da produ\u00e7\u00e3o industrial nacional, de agosto para setembro, na s\u00e9rie com ajuste sazonal, foi acompanhada por seis dos 14 locais pesquisados. Os recuos mais acentuados foram no Rio de Janeiro (-5,6%) e Pernambuco (-2,2%).<\/p>\n<blockquote><p>Com os resultados de setembro, o Rio de Janeiro assinalou o segundo m\u00eas seguido de queda, acumulando no per\u00edodo perda de 7,7%. J\u00e1 Pernambuco eliminou parte da expans\u00e3o de 6,0% acumulada em julho e agosto.<\/p><\/blockquote>\n<p>S\u00e3o Paulo (-0,7%), Paran\u00e1 (-0,5%) e Cear\u00e1 (-0,4%) tamb\u00e9m apontaram taxas negativas abaixo da m\u00e9dia nacional, de 0,2% na compara\u00e7\u00e3o com agosto. A Regi\u00e3o Nordeste (-0,2%) completou o conjunto de locais com redu\u00e7\u00e3o na produ\u00e7\u00e3o.<\/p>\n<p>Rio Grande do Sul (3,5%), Santa Catarina (2,9%), Minas Gerais (1,8%), Goi\u00e1s (1,2%), Par\u00e1 (0,8%), Amazonas (0,5%), Bahia (0,3%) e Esp\u00edrito Santo (0,1%) registraram alta na produ\u00e7\u00e3o industrial entre agosto e setembro.<\/p>\n<p>A m\u00e9dia m\u00f3vel trimestral na s\u00e9rie com ajuste sazonal apresentou alta no Rio Grande do Sul (3,3%), Cear\u00e1 (3,1%), Amazonas (2,8%), Paran\u00e1 (2,8%), Esp\u00edrito Santo (2,3%) e Santa Catarina (2,1%). Rio de Janeiro (-2,5%) e S\u00e3o Paulo (-0,6%) tiveram queda na m\u00e9dia m\u00f3vel trimestral em setembro de 2014.<\/p>\n","protected":false},"excerpt":{"rendered":"<p>A redu\u00e7\u00e3o de ritmo da produ\u00e7\u00e3o industrial nacional, de agosto para setembro, na s\u00e9rie com ajuste sazonal, foi acompanhada por seis dos 14 locais pesquisados. Os recuos mais acentuados foram no Rio de Janeiro (-5,6%) e Pernambuco (-2,2%). Com os resultados de setembro, o Rio de Janeiro assinalou o segundo m\u00eas seguido de queda, acumulando [&hellip;]<\/p>\n","protected":false},"author":1,"featured_media":27313,"comment_status":"open","ping_status":"closed","sticky":false,"template":"","format":"standard","meta":{"_acf_changed":false,"footnotes":""},"categories":[16],"tags":[],"class_list":["post-27312","post","type-post","status-publish","format-standard","has-post-thumbnail","hentry","category-brasil"],"acf":[],"yoast_head":"<!-- This site is optimized with the Yoast SEO plugin v27.2 - https:\/\/yoast.com\/product\/yoast-seo-wordpress\/ -->\n<title>Produ\u00e7\u00e3o industrial vai parando e recua em seis de 14 regi\u00f5es pesquisadas - Notibras<\/title>\n<meta name=\"robots\" content=\"index, follow, max-snippet:-1, max-image-preview:large, max-video-preview:-1\" \/>\n<link rel=\"canonical\" href=\"https:\/\/www.notibras.com\/site\/producao-industrial-recua-em-6-de-14-regioes-em-setembro\/\" \/>\n<meta property=\"og:locale\" content=\"pt_BR\" \/>\n<meta property=\"og:type\" content=\"article\" \/>\n<meta property=\"og:title\" content=\"Produ\u00e7\u00e3o industrial vai parando e recua em seis de 14 regi\u00f5es pesquisadas - Notibras\" \/>\n<meta property=\"og:description\" content=\"A redu\u00e7\u00e3o de ritmo da produ\u00e7\u00e3o industrial nacional, de agosto para setembro, na s\u00e9rie com ajuste sazonal, foi acompanhada por seis dos 14 locais pesquisados. Os recuos mais acentuados foram no Rio de Janeiro (-5,6%) e Pernambuco (-2,2%). Com os resultados de setembro, o Rio de Janeiro assinalou o segundo m\u00eas seguido de queda, acumulando [&hellip;]\" \/>\n<meta property=\"og:url\" content=\"https:\/\/www.notibras.com\/site\/producao-industrial-recua-em-6-de-14-regioes-em-setembro\/\" \/>\n<meta property=\"og:site_name\" content=\"Notibras\" \/>\n<meta property=\"article:publisher\" content=\"https:\/\/www.facebook.com\/notibras\/\" \/>\n<meta property=\"article:published_time\" content=\"2014-11-07T13:22:24+00:00\" \/>\n<meta property=\"article:modified_time\" content=\"2014-11-08T08:48:35+00:00\" \/>\n<meta property=\"og:image\" content=\"https:\/\/www.notibras.com\/site\/wp-content\/uploads\/2014\/11\/Sem-t\u00edtulo-143.jpg\" \/>\n\t<meta property=\"og:image:width\" content=\"883\" \/>\n\t<meta property=\"og:image:height\" content=\"578\" \/>\n\t<meta property=\"og:image:type\" content=\"image\/jpeg\" \/>\n<meta name=\"author\" content=\"Reda\u00e7\u00e3o\" \/>\n<meta name=\"twitter:card\" content=\"summary_large_image\" \/>\n<meta name=\"twitter:creator\" content=\"@Notibras\" \/>\n<meta name=\"twitter:site\" content=\"@Notibras\" \/>\n<meta name=\"twitter:label1\" content=\"Escrito por\" \/>\n\t<meta name=\"twitter:data1\" content=\"Reda\u00e7\u00e3o\" \/>\n\t<meta name=\"twitter:label2\" content=\"Est. tempo de leitura\" \/>\n\t<meta name=\"twitter:data2\" content=\"1 minuto\" \/>\n<script type=\"application\/ld+json\" class=\"yoast-schema-graph\">{\"@context\":\"https:\/\/schema.org\",\"@graph\":[{\"@type\":\"Article\",\"@id\":\"https:\/\/www.notibras.com\/site\/producao-industrial-recua-em-6-de-14-regioes-em-setembro\/#article\",\"isPartOf\":{\"@id\":\"https:\/\/www.notibras.com\/site\/producao-industrial-recua-em-6-de-14-regioes-em-setembro\/\"},\"author\":{\"name\":\"Reda\u00e7\u00e3o\",\"@id\":\"https:\/\/www.notibras.com\/site\/#\/schema\/person\/00b8e1aa08f9ef6563e878c5159d01cf\"},\"headline\":\"Produ\u00e7\u00e3o industrial vai parando e recua em seis de 14 regi\u00f5es pesquisadas\",\"datePublished\":\"2014-11-07T13:22:24+00:00\",\"dateModified\":\"2014-11-08T08:48:35+00:00\",\"mainEntityOfPage\":{\"@id\":\"https:\/\/www.notibras.com\/site\/producao-industrial-recua-em-6-de-14-regioes-em-setembro\/\"},\"wordCount\":205,\"commentCount\":0,\"publisher\":{\"@id\":\"https:\/\/www.notibras.com\/site\/#organization\"},\"image\":{\"@id\":\"https:\/\/www.notibras.com\/site\/producao-industrial-recua-em-6-de-14-regioes-em-setembro\/#primaryimage\"},\"thumbnailUrl\":\"https:\/\/www.notibras.com\/site\/wp-content\/uploads\/2014\/11\/Sem-t\u00edtulo-143.jpg\",\"articleSection\":[\"Brasil\"],\"inLanguage\":\"pt-BR\",\"potentialAction\":[{\"@type\":\"CommentAction\",\"name\":\"Comment\",\"target\":[\"https:\/\/www.notibras.com\/site\/producao-industrial-recua-em-6-de-14-regioes-em-setembro\/#respond\"]}]},{\"@type\":\"WebPage\",\"@id\":\"https:\/\/www.notibras.com\/site\/producao-industrial-recua-em-6-de-14-regioes-em-setembro\/\",\"url\":\"https:\/\/www.notibras.com\/site\/producao-industrial-recua-em-6-de-14-regioes-em-setembro\/\",\"name\":\"Produ\u00e7\u00e3o industrial vai parando e recua em seis de 14 regi\u00f5es pesquisadas - Notibras\",\"isPartOf\":{\"@id\":\"https:\/\/www.notibras.com\/site\/#website\"},\"primaryImageOfPage\":{\"@id\":\"https:\/\/www.notibras.com\/site\/producao-industrial-recua-em-6-de-14-regioes-em-setembro\/#primaryimage\"},\"image\":{\"@id\":\"https:\/\/www.notibras.com\/site\/producao-industrial-recua-em-6-de-14-regioes-em-setembro\/#primaryimage\"},\"thumbnailUrl\":\"https:\/\/www.notibras.com\/site\/wp-content\/uploads\/2014\/11\/Sem-t\u00edtulo-143.jpg\",\"datePublished\":\"2014-11-07T13:22:24+00:00\",\"dateModified\":\"2014-11-08T08:48:35+00:00\",\"breadcrumb\":{\"@id\":\"https:\/\/www.notibras.com\/site\/producao-industrial-recua-em-6-de-14-regioes-em-setembro\/#breadcrumb\"},\"inLanguage\":\"pt-BR\",\"potentialAction\":[{\"@type\":\"ReadAction\",\"target\":[\"https:\/\/www.notibras.com\/site\/producao-industrial-recua-em-6-de-14-regioes-em-setembro\/\"]}]},{\"@type\":\"ImageObject\",\"inLanguage\":\"pt-BR\",\"@id\":\"https:\/\/www.notibras.com\/site\/producao-industrial-recua-em-6-de-14-regioes-em-setembro\/#primaryimage\",\"url\":\"https:\/\/www.notibras.com\/site\/wp-content\/uploads\/2014\/11\/Sem-t\u00edtulo-143.jpg\",\"contentUrl\":\"https:\/\/www.notibras.com\/site\/wp-content\/uploads\/2014\/11\/Sem-t\u00edtulo-143.jpg\",\"width\":883,\"height\":578},{\"@type\":\"BreadcrumbList\",\"@id\":\"https:\/\/www.notibras.com\/site\/producao-industrial-recua-em-6-de-14-regioes-em-setembro\/#breadcrumb\",\"itemListElement\":[{\"@type\":\"ListItem\",\"position\":1,\"name\":\"In\u00edcio\",\"item\":\"https:\/\/www.notibras.com\/site\/\"},{\"@type\":\"ListItem\",\"position\":2,\"name\":\"Produ\u00e7\u00e3o industrial vai parando e recua em seis de 14 regi\u00f5es pesquisadas\"}]},{\"@type\":\"WebSite\",\"@id\":\"https:\/\/www.notibras.com\/site\/#website\",\"url\":\"https:\/\/www.notibras.com\/site\/\",\"name\":\"Notibras\",\"description\":\"Not\u00edcias de Bras\u00edlia, do Brasil e do Mundo\",\"publisher\":{\"@id\":\"https:\/\/www.notibras.com\/site\/#organization\"},\"potentialAction\":[{\"@type\":\"SearchAction\",\"target\":{\"@type\":\"EntryPoint\",\"urlTemplate\":\"https:\/\/www.notibras.com\/site\/?s={search_term_string}\"},\"query-input\":{\"@type\":\"PropertyValueSpecification\",\"valueRequired\":true,\"valueName\":\"search_term_string\"}}],\"inLanguage\":\"pt-BR\"},{\"@type\":\"Organization\",\"@id\":\"https:\/\/www.notibras.com\/site\/#organization\",\"name\":\"Grupo Notibras de Comunica\u00e7\u00e3o\",\"url\":\"https:\/\/www.notibras.com\/site\/\",\"logo\":{\"@type\":\"ImageObject\",\"inLanguage\":\"pt-BR\",\"@id\":\"https:\/\/www.notibras.com\/site\/#\/schema\/logo\/image\/\",\"url\":\"https:\/\/www.notibras.com\/site\/wp-content\/uploads\/2023\/01\/notibras23.png\",\"contentUrl\":\"https:\/\/www.notibras.com\/site\/wp-content\/uploads\/2023\/01\/notibras23.png\",\"width\":350,\"height\":87,\"caption\":\"Grupo Notibras de Comunica\u00e7\u00e3o\"},\"image\":{\"@id\":\"https:\/\/www.notibras.com\/site\/#\/schema\/logo\/image\/\"},\"sameAs\":[\"https:\/\/www.facebook.com\/notibras\/\",\"https:\/\/x.com\/Notibras\",\"https:\/\/www.instagram.com\/notibras\/\"]},{\"@type\":\"Person\",\"@id\":\"https:\/\/www.notibras.com\/site\/#\/schema\/person\/00b8e1aa08f9ef6563e878c5159d01cf\",\"name\":\"Reda\u00e7\u00e3o\",\"image\":{\"@type\":\"ImageObject\",\"inLanguage\":\"pt-BR\",\"@id\":\"https:\/\/secure.gravatar.com\/avatar\/ac5a707d5b47784a5ed426c6e213e201423c750890f64e4c379114dade67dfb9?s=96&d=mm&r=g\",\"url\":\"https:\/\/secure.gravatar.com\/avatar\/ac5a707d5b47784a5ed426c6e213e201423c750890f64e4c379114dade67dfb9?s=96&d=mm&r=g\",\"contentUrl\":\"https:\/\/secure.gravatar.com\/avatar\/ac5a707d5b47784a5ed426c6e213e201423c750890f64e4c379114dade67dfb9?s=96&d=mm&r=g\",\"caption\":\"Reda\u00e7\u00e3o\"}}]}<\/script>\n<!-- \/ Yoast SEO plugin. -->","yoast_head_json":{"title":"Produ\u00e7\u00e3o industrial vai parando e recua em seis de 14 regi\u00f5es pesquisadas - Notibras","robots":{"index":"index","follow":"follow","max-snippet":"max-snippet:-1","max-image-preview":"max-image-preview:large","max-video-preview":"max-video-preview:-1"},"canonical":"https:\/\/www.notibras.com\/site\/producao-industrial-recua-em-6-de-14-regioes-em-setembro\/","og_locale":"pt_BR","og_type":"article","og_title":"Produ\u00e7\u00e3o industrial vai parando e recua em seis de 14 regi\u00f5es pesquisadas - Notibras","og_description":"A redu\u00e7\u00e3o de ritmo da produ\u00e7\u00e3o industrial nacional, de agosto para setembro, na s\u00e9rie com ajuste sazonal, foi acompanhada por seis dos 14 locais pesquisados. Os recuos mais acentuados foram no Rio de Janeiro (-5,6%) e Pernambuco (-2,2%). Com os resultados de setembro, o Rio de Janeiro assinalou o segundo m\u00eas seguido de queda, acumulando [&hellip;]","og_url":"https:\/\/www.notibras.com\/site\/producao-industrial-recua-em-6-de-14-regioes-em-setembro\/","og_site_name":"Notibras","article_publisher":"https:\/\/www.facebook.com\/notibras\/","article_published_time":"2014-11-07T13:22:24+00:00","article_modified_time":"2014-11-08T08:48:35+00:00","og_image":[{"width":883,"height":578,"url":"https:\/\/www.notibras.com\/site\/wp-content\/uploads\/2014\/11\/Sem-t\u00edtulo-143.jpg","type":"image\/jpeg"}],"author":"Reda\u00e7\u00e3o","twitter_card":"summary_large_image","twitter_creator":"@Notibras","twitter_site":"@Notibras","twitter_misc":{"Escrito por":"Reda\u00e7\u00e3o","Est. tempo de leitura":"1 minuto"},"schema":{"@context":"https:\/\/schema.org","@graph":[{"@type":"Article","@id":"https:\/\/www.notibras.com\/site\/producao-industrial-recua-em-6-de-14-regioes-em-setembro\/#article","isPartOf":{"@id":"https:\/\/www.notibras.com\/site\/producao-industrial-recua-em-6-de-14-regioes-em-setembro\/"},"author":{"name":"Reda\u00e7\u00e3o","@id":"https:\/\/www.notibras.com\/site\/#\/schema\/person\/00b8e1aa08f9ef6563e878c5159d01cf"},"headline":"Produ\u00e7\u00e3o industrial vai parando e recua em seis de 14 regi\u00f5es pesquisadas","datePublished":"2014-11-07T13:22:24+00:00","dateModified":"2014-11-08T08:48:35+00:00","mainEntityOfPage":{"@id":"https:\/\/www.notibras.com\/site\/producao-industrial-recua-em-6-de-14-regioes-em-setembro\/"},"wordCount":205,"commentCount":0,"publisher":{"@id":"https:\/\/www.notibras.com\/site\/#organization"},"image":{"@id":"https:\/\/www.notibras.com\/site\/producao-industrial-recua-em-6-de-14-regioes-em-setembro\/#primaryimage"},"thumbnailUrl":"https:\/\/www.notibras.com\/site\/wp-content\/uploads\/2014\/11\/Sem-t\u00edtulo-143.jpg","articleSection":["Brasil"],"inLanguage":"pt-BR","potentialAction":[{"@type":"CommentAction","name":"Comment","target":["https:\/\/www.notibras.com\/site\/producao-industrial-recua-em-6-de-14-regioes-em-setembro\/#respond"]}]},{"@type":"WebPage","@id":"https:\/\/www.notibras.com\/site\/producao-industrial-recua-em-6-de-14-regioes-em-setembro\/","url":"https:\/\/www.notibras.com\/site\/producao-industrial-recua-em-6-de-14-regioes-em-setembro\/","name":"Produ\u00e7\u00e3o industrial vai parando e recua em seis de 14 regi\u00f5es pesquisadas - Notibras","isPartOf":{"@id":"https:\/\/www.notibras.com\/site\/#website"},"primaryImageOfPage":{"@id":"https:\/\/www.notibras.com\/site\/producao-industrial-recua-em-6-de-14-regioes-em-setembro\/#primaryimage"},"image":{"@id":"https:\/\/www.notibras.com\/site\/producao-industrial-recua-em-6-de-14-regioes-em-setembro\/#primaryimage"},"thumbnailUrl":"https:\/\/www.notibras.com\/site\/wp-content\/uploads\/2014\/11\/Sem-t\u00edtulo-143.jpg","datePublished":"2014-11-07T13:22:24+00:00","dateModified":"2014-11-08T08:48:35+00:00","breadcrumb":{"@id":"https:\/\/www.notibras.com\/site\/producao-industrial-recua-em-6-de-14-regioes-em-setembro\/#breadcrumb"},"inLanguage":"pt-BR","potentialAction":[{"@type":"ReadAction","target":["https:\/\/www.notibras.com\/site\/producao-industrial-recua-em-6-de-14-regioes-em-setembro\/"]}]},{"@type":"ImageObject","inLanguage":"pt-BR","@id":"https:\/\/www.notibras.com\/site\/producao-industrial-recua-em-6-de-14-regioes-em-setembro\/#primaryimage","url":"https:\/\/www.notibras.com\/site\/wp-content\/uploads\/2014\/11\/Sem-t\u00edtulo-143.jpg","contentUrl":"https:\/\/www.notibras.com\/site\/wp-content\/uploads\/2014\/11\/Sem-t\u00edtulo-143.jpg","width":883,"height":578},{"@type":"BreadcrumbList","@id":"https:\/\/www.notibras.com\/site\/producao-industrial-recua-em-6-de-14-regioes-em-setembro\/#breadcrumb","itemListElement":[{"@type":"ListItem","position":1,"name":"In\u00edcio","item":"https:\/\/www.notibras.com\/site\/"},{"@type":"ListItem","position":2,"name":"Produ\u00e7\u00e3o industrial vai parando e recua em seis de 14 regi\u00f5es pesquisadas"}]},{"@type":"WebSite","@id":"https:\/\/www.notibras.com\/site\/#website","url":"https:\/\/www.notibras.com\/site\/","name":"Notibras","description":"Not\u00edcias de Bras\u00edlia, do Brasil e do Mundo","publisher":{"@id":"https:\/\/www.notibras.com\/site\/#organization"},"potentialAction":[{"@type":"SearchAction","target":{"@type":"EntryPoint","urlTemplate":"https:\/\/www.notibras.com\/site\/?s={search_term_string}"},"query-input":{"@type":"PropertyValueSpecification","valueRequired":true,"valueName":"search_term_string"}}],"inLanguage":"pt-BR"},{"@type":"Organization","@id":"https:\/\/www.notibras.com\/site\/#organization","name":"Grupo Notibras de Comunica\u00e7\u00e3o","url":"https:\/\/www.notibras.com\/site\/","logo":{"@type":"ImageObject","inLanguage":"pt-BR","@id":"https:\/\/www.notibras.com\/site\/#\/schema\/logo\/image\/","url":"https:\/\/www.notibras.com\/site\/wp-content\/uploads\/2023\/01\/notibras23.png","contentUrl":"https:\/\/www.notibras.com\/site\/wp-content\/uploads\/2023\/01\/notibras23.png","width":350,"height":87,"caption":"Grupo Notibras de Comunica\u00e7\u00e3o"},"image":{"@id":"https:\/\/www.notibras.com\/site\/#\/schema\/logo\/image\/"},"sameAs":["https:\/\/www.facebook.com\/notibras\/","https:\/\/x.com\/Notibras","https:\/\/www.instagram.com\/notibras\/"]},{"@type":"Person","@id":"https:\/\/www.notibras.com\/site\/#\/schema\/person\/00b8e1aa08f9ef6563e878c5159d01cf","name":"Reda\u00e7\u00e3o","image":{"@type":"ImageObject","inLanguage":"pt-BR","@id":"https:\/\/secure.gravatar.com\/avatar\/ac5a707d5b47784a5ed426c6e213e201423c750890f64e4c379114dade67dfb9?s=96&d=mm&r=g","url":"https:\/\/secure.gravatar.com\/avatar\/ac5a707d5b47784a5ed426c6e213e201423c750890f64e4c379114dade67dfb9?s=96&d=mm&r=g","contentUrl":"https:\/\/secure.gravatar.com\/avatar\/ac5a707d5b47784a5ed426c6e213e201423c750890f64e4c379114dade67dfb9?s=96&d=mm&r=g","caption":"Reda\u00e7\u00e3o"}}]}},"amp_enabled":true,"_links":{"self":[{"href":"https:\/\/www.notibras.com\/site\/wp-json\/wp\/v2\/posts\/27312","targetHints":{"allow":["GET"]}}],"collection":[{"href":"https:\/\/www.notibras.com\/site\/wp-json\/wp\/v2\/posts"}],"about":[{"href":"https:\/\/www.notibras.com\/site\/wp-json\/wp\/v2\/types\/post"}],"author":[{"embeddable":true,"href":"https:\/\/www.notibras.com\/site\/wp-json\/wp\/v2\/users\/1"}],"replies":[{"embeddable":true,"href":"https:\/\/www.notibras.com\/site\/wp-json\/wp\/v2\/comments?post=27312"}],"version-history":[{"count":0,"href":"https:\/\/www.notibras.com\/site\/wp-json\/wp\/v2\/posts\/27312\/revisions"}],"wp:featuredmedia":[{"embeddable":true,"href":"https:\/\/www.notibras.com\/site\/wp-json\/wp\/v2\/media\/27313"}],"wp:attachment":[{"href":"https:\/\/www.notibras.com\/site\/wp-json\/wp\/v2\/media?parent=27312"}],"wp:term":[{"taxonomy":"category","embeddable":true,"href":"https:\/\/www.notibras.com\/site\/wp-json\/wp\/v2\/categories?post=27312"},{"taxonomy":"post_tag","embeddable":true,"href":"https:\/\/www.notibras.com\/site\/wp-json\/wp\/v2\/tags?post=27312"}],"curies":[{"name":"wp","href":"https:\/\/api.w.org\/{rel}","templated":true}]}}