{"id":27329,"date":"2014-11-07T14:38:34","date_gmt":"2014-11-07T17:38:34","guid":{"rendered":"http:\/\/www.notibras.com\/site\/?p=27329"},"modified":"2014-11-08T06:02:24","modified_gmt":"2014-11-08T09:02:24","slug":"justica-decide-fazer-devassa-na-vida-do-juiz-que-se-achou-deus-em-blitz-e-recusou-bafometro","status":"publish","type":"post","link":"https:\/\/www.notibras.com\/site\/justica-decide-fazer-devassa-na-vida-do-juiz-que-se-achou-deus-em-blitz-e-recusou-bafometro\/","title":{"rendered":"Justi\u00e7a faz devassa na vida de juiz que se achou Deus em blitz e recusou baf\u00f4metro"},"content":{"rendered":"<p>O Conselho Nacional de Justi\u00e7a est\u00e1 investigando a vida do juiz Jo\u00e3o Carlos de Souza Correa. S\u00e3o duas linhas de frente: a primeira, pela atitude ao ser parado em uma blitz da Lei Seca no Rio de Janeiro; a segunda, por sua atua\u00e7\u00e3o em B\u00fazios, na regi\u00e3o dos Lagos. At\u00e9 o patrim\u00f4nio de Souza Correa passar\u00e1 por uma devassa.<\/p>\n<p>O CNJ entende que com um sal\u00e1rio de\u00a0 de R$ 15.092,54 l\u00edquidos, o juiz, supostamente, n\u00e3o teria condi\u00e7\u00f5es de ser propriet\u00e1rio muitos bens. H\u00e1 uma discrep\u00e2ncia entre o sal\u00e1rio e o patrim\u00f4nio, que inclui carro de luxo.<\/p>\n<p>Foi com um carro desses, de luxo e sem placa, sem documento e sem carteira, que Jo\u00e3o Carlos foi parado pela agente de tr\u00e2nsito do Detran-RJ, Luciana Tamborini, que comparou o juiz a Deus, foi processada e condenada a pagar R$ 5 mil de indeniza\u00e7\u00e3o por danos morais.<\/p>\n<blockquote><p>O curr\u00edculo do magistrado \u00e9 repleto de pol\u00eamicas. Juiz desde 1998, Jo\u00e3o Carlos \u00e9 investigado por senten\u00e7as favor\u00e1veis a um grande empres\u00e1rio de B\u00fazios, dono de terras na localidade de Tucuns, considerada \u00e1rea de prote\u00e7\u00e3o ambiental. Denunciado pela jornalista local, Elisabeth Prata, atrav\u00e9s da ouvidoria do TJ-RJ, tomou conhecimento da den\u00fancia e mandou prender a jornalista, que ficou presa por poucas horas e acabou absolvida.<\/p><\/blockquote>\n<p>Em outro epis\u00f3dio, Jo\u00e3o Carlos tamb\u00e9m resolveu entrar num navio de cruzeiro fundeado em B\u00fazios para fazer suas compras de Natal no freeshop. Como sua entrada foi negada, chamou a Pol\u00edcia Federal para autorizar sua entrada. O juiz n\u00e3o gostou de ser contrariado.<\/p>\n<p>Mesmo com muitas pol\u00eamicas em sua carreira como magistrado, o juiz j\u00e1 passou por promo\u00e7\u00f5es. Em 2012, saiu da Comarca de B\u00fazios para assumir o Juizado Especial Criminal de Campo Grande, na capital carioca. N\u00e3o \u00e9 muito, porque n\u00e3o traz grande destaque e nem um grande sal\u00e1rio em termos de magistratura, mas n\u00e3o deixa de ser uma promo\u00e7\u00e3o.<\/p>\n<blockquote><p>Por enquanto, a Corregedoria do Tribunal de Justi\u00e7a do Rio de Janeiro n\u00e3o vai tomar nenhuma medida contra o juiz. De acordo com a assessoria de imprensa do \u00f3rg\u00e3o, at\u00e9 o momento n\u00e3o h\u00e1 nenhum movimento para que ele receba algum tipo de investiga\u00e7\u00e3o, nem mesmo receberam nenhum comunicado do Conselho Nacional de Justi\u00e7a pedindo que isso aconte\u00e7a. Mesmo porque o CNJ n\u00e3o \u00e9 hierarquicamente superior aos TJs e n\u00e3o tem poder de mudar qualquer decis\u00e3o judicial.<\/p><\/blockquote>\n<p>A Associa\u00e7\u00e3o de Magistrados do Estado do RJ divulgou uma nota t\u00edmida, afirmando que ju\u00edzes devem se \u201ccomportar como qualquer cidad\u00e3o\u201d quando parado na Lei Seca. No entanto, afirma que agentes p\u00fablicos devem \u201ctratar com respeito e urbanidade, qualquer pessoa, independente se for autoridade ou n\u00e3o\u201d.<\/p>\n","protected":false},"excerpt":{"rendered":"<p>O Conselho Nacional de Justi\u00e7a est\u00e1 investigando a vida do juiz Jo\u00e3o Carlos de Souza Correa. S\u00e3o duas linhas de frente: a primeira, pela atitude ao ser parado em uma blitz da Lei Seca no Rio de Janeiro; a segunda, por sua atua\u00e7\u00e3o em B\u00fazios, na regi\u00e3o dos Lagos. At\u00e9 o patrim\u00f4nio de Souza Correa [&hellip;]<\/p>\n","protected":false},"author":2,"featured_media":27330,"comment_status":"open","ping_status":"closed","sticky":false,"template":"","format":"standard","meta":{"_acf_changed":false,"footnotes":""},"categories":[16],"tags":[],"class_list":["post-27329","post","type-post","status-publish","format-standard","has-post-thumbnail","hentry","category-brasil"],"acf":[],"yoast_head":"<!-- This site is optimized with the Yoast SEO plugin v27.2 - https:\/\/yoast.com\/product\/yoast-seo-wordpress\/ -->\n<title>Justi\u00e7a faz devassa na vida de juiz que se achou Deus em blitz e recusou baf\u00f4metro - Notibras<\/title>\n<meta name=\"robots\" content=\"index, follow, max-snippet:-1, max-image-preview:large, max-video-preview:-1\" \/>\n<link rel=\"canonical\" href=\"https:\/\/www.notibras.com\/site\/justica-decide-fazer-devassa-na-vida-do-juiz-que-se-achou-deus-em-blitz-e-recusou-bafometro\/\" \/>\n<meta property=\"og:locale\" content=\"pt_BR\" \/>\n<meta property=\"og:type\" content=\"article\" \/>\n<meta property=\"og:title\" content=\"Justi\u00e7a faz devassa na vida de juiz que se achou Deus em blitz e recusou baf\u00f4metro - Notibras\" \/>\n<meta property=\"og:description\" content=\"O Conselho Nacional de Justi\u00e7a est\u00e1 investigando a vida do juiz Jo\u00e3o Carlos de Souza Correa. S\u00e3o duas linhas de frente: a primeira, pela atitude ao ser parado em uma blitz da Lei Seca no Rio de Janeiro; a segunda, por sua atua\u00e7\u00e3o em B\u00fazios, na regi\u00e3o dos Lagos. At\u00e9 o patrim\u00f4nio de Souza Correa [&hellip;]\" \/>\n<meta property=\"og:url\" content=\"https:\/\/www.notibras.com\/site\/justica-decide-fazer-devassa-na-vida-do-juiz-que-se-achou-deus-em-blitz-e-recusou-bafometro\/\" \/>\n<meta property=\"og:site_name\" content=\"Notibras\" \/>\n<meta property=\"article:publisher\" content=\"https:\/\/www.facebook.com\/notibras\/\" \/>\n<meta property=\"article:published_time\" content=\"2014-11-07T17:38:34+00:00\" \/>\n<meta property=\"article:modified_time\" content=\"2014-11-08T09:02:24+00:00\" \/>\n<meta property=\"og:image\" content=\"https:\/\/www.notibras.com\/site\/wp-content\/uploads\/2014\/11\/brasiljuizjoaocarlos.jpg\" \/>\n\t<meta property=\"og:image:width\" content=\"460\" \/>\n\t<meta property=\"og:image:height\" content=\"340\" \/>\n\t<meta property=\"og:image:type\" content=\"image\/jpeg\" \/>\n<meta name=\"author\" content=\"Reda\u00e7\u00e3o\" \/>\n<meta name=\"twitter:card\" content=\"summary_large_image\" \/>\n<meta name=\"twitter:creator\" content=\"@Notibras\" \/>\n<meta name=\"twitter:site\" content=\"@Notibras\" \/>\n<meta name=\"twitter:label1\" content=\"Escrito por\" \/>\n\t<meta name=\"twitter:data1\" content=\"Reda\u00e7\u00e3o\" \/>\n\t<meta name=\"twitter:label2\" content=\"Est. tempo de leitura\" \/>\n\t<meta name=\"twitter:data2\" content=\"2 minutos\" \/>\n<script type=\"application\/ld+json\" class=\"yoast-schema-graph\">{\"@context\":\"https:\/\/schema.org\",\"@graph\":[{\"@type\":\"Article\",\"@id\":\"https:\/\/www.notibras.com\/site\/justica-decide-fazer-devassa-na-vida-do-juiz-que-se-achou-deus-em-blitz-e-recusou-bafometro\/#article\",\"isPartOf\":{\"@id\":\"https:\/\/www.notibras.com\/site\/justica-decide-fazer-devassa-na-vida-do-juiz-que-se-achou-deus-em-blitz-e-recusou-bafometro\/\"},\"author\":{\"name\":\"Reda\u00e7\u00e3o\",\"@id\":\"https:\/\/www.notibras.com\/site\/#\/schema\/person\/36ab0979449956132d3e5b517ea76ac8\"},\"headline\":\"Justi\u00e7a faz devassa na vida de juiz que se achou Deus em blitz e recusou baf\u00f4metro\",\"datePublished\":\"2014-11-07T17:38:34+00:00\",\"dateModified\":\"2014-11-08T09:02:24+00:00\",\"mainEntityOfPage\":{\"@id\":\"https:\/\/www.notibras.com\/site\/justica-decide-fazer-devassa-na-vida-do-juiz-que-se-achou-deus-em-blitz-e-recusou-bafometro\/\"},\"wordCount\":501,\"commentCount\":0,\"publisher\":{\"@id\":\"https:\/\/www.notibras.com\/site\/#organization\"},\"image\":{\"@id\":\"https:\/\/www.notibras.com\/site\/justica-decide-fazer-devassa-na-vida-do-juiz-que-se-achou-deus-em-blitz-e-recusou-bafometro\/#primaryimage\"},\"thumbnailUrl\":\"https:\/\/www.notibras.com\/site\/wp-content\/uploads\/2014\/11\/brasiljuizjoaocarlos.jpg\",\"articleSection\":[\"Brasil\"],\"inLanguage\":\"pt-BR\",\"potentialAction\":[{\"@type\":\"CommentAction\",\"name\":\"Comment\",\"target\":[\"https:\/\/www.notibras.com\/site\/justica-decide-fazer-devassa-na-vida-do-juiz-que-se-achou-deus-em-blitz-e-recusou-bafometro\/#respond\"]}]},{\"@type\":\"WebPage\",\"@id\":\"https:\/\/www.notibras.com\/site\/justica-decide-fazer-devassa-na-vida-do-juiz-que-se-achou-deus-em-blitz-e-recusou-bafometro\/\",\"url\":\"https:\/\/www.notibras.com\/site\/justica-decide-fazer-devassa-na-vida-do-juiz-que-se-achou-deus-em-blitz-e-recusou-bafometro\/\",\"name\":\"Justi\u00e7a faz devassa na vida de juiz que se achou Deus em blitz e recusou baf\u00f4metro - Notibras\",\"isPartOf\":{\"@id\":\"https:\/\/www.notibras.com\/site\/#website\"},\"primaryImageOfPage\":{\"@id\":\"https:\/\/www.notibras.com\/site\/justica-decide-fazer-devassa-na-vida-do-juiz-que-se-achou-deus-em-blitz-e-recusou-bafometro\/#primaryimage\"},\"image\":{\"@id\":\"https:\/\/www.notibras.com\/site\/justica-decide-fazer-devassa-na-vida-do-juiz-que-se-achou-deus-em-blitz-e-recusou-bafometro\/#primaryimage\"},\"thumbnailUrl\":\"https:\/\/www.notibras.com\/site\/wp-content\/uploads\/2014\/11\/brasiljuizjoaocarlos.jpg\",\"datePublished\":\"2014-11-07T17:38:34+00:00\",\"dateModified\":\"2014-11-08T09:02:24+00:00\",\"breadcrumb\":{\"@id\":\"https:\/\/www.notibras.com\/site\/justica-decide-fazer-devassa-na-vida-do-juiz-que-se-achou-deus-em-blitz-e-recusou-bafometro\/#breadcrumb\"},\"inLanguage\":\"pt-BR\",\"potentialAction\":[{\"@type\":\"ReadAction\",\"target\":[\"https:\/\/www.notibras.com\/site\/justica-decide-fazer-devassa-na-vida-do-juiz-que-se-achou-deus-em-blitz-e-recusou-bafometro\/\"]}]},{\"@type\":\"ImageObject\",\"inLanguage\":\"pt-BR\",\"@id\":\"https:\/\/www.notibras.com\/site\/justica-decide-fazer-devassa-na-vida-do-juiz-que-se-achou-deus-em-blitz-e-recusou-bafometro\/#primaryimage\",\"url\":\"https:\/\/www.notibras.com\/site\/wp-content\/uploads\/2014\/11\/brasiljuizjoaocarlos.jpg\",\"contentUrl\":\"https:\/\/www.notibras.com\/site\/wp-content\/uploads\/2014\/11\/brasiljuizjoaocarlos.jpg\",\"width\":460,\"height\":340},{\"@type\":\"BreadcrumbList\",\"@id\":\"https:\/\/www.notibras.com\/site\/justica-decide-fazer-devassa-na-vida-do-juiz-que-se-achou-deus-em-blitz-e-recusou-bafometro\/#breadcrumb\",\"itemListElement\":[{\"@type\":\"ListItem\",\"position\":1,\"name\":\"In\u00edcio\",\"item\":\"https:\/\/www.notibras.com\/site\/\"},{\"@type\":\"ListItem\",\"position\":2,\"name\":\"Justi\u00e7a faz devassa na vida de juiz que se achou Deus em blitz e recusou baf\u00f4metro\"}]},{\"@type\":\"WebSite\",\"@id\":\"https:\/\/www.notibras.com\/site\/#website\",\"url\":\"https:\/\/www.notibras.com\/site\/\",\"name\":\"Notibras\",\"description\":\"Not\u00edcias de Bras\u00edlia, do Brasil e do Mundo\",\"publisher\":{\"@id\":\"https:\/\/www.notibras.com\/site\/#organization\"},\"potentialAction\":[{\"@type\":\"SearchAction\",\"target\":{\"@type\":\"EntryPoint\",\"urlTemplate\":\"https:\/\/www.notibras.com\/site\/?s={search_term_string}\"},\"query-input\":{\"@type\":\"PropertyValueSpecification\",\"valueRequired\":true,\"valueName\":\"search_term_string\"}}],\"inLanguage\":\"pt-BR\"},{\"@type\":\"Organization\",\"@id\":\"https:\/\/www.notibras.com\/site\/#organization\",\"name\":\"Grupo Notibras de Comunica\u00e7\u00e3o\",\"url\":\"https:\/\/www.notibras.com\/site\/\",\"logo\":{\"@type\":\"ImageObject\",\"inLanguage\":\"pt-BR\",\"@id\":\"https:\/\/www.notibras.com\/site\/#\/schema\/logo\/image\/\",\"url\":\"https:\/\/www.notibras.com\/site\/wp-content\/uploads\/2023\/01\/notibras23.png\",\"contentUrl\":\"https:\/\/www.notibras.com\/site\/wp-content\/uploads\/2023\/01\/notibras23.png\",\"width\":350,\"height\":87,\"caption\":\"Grupo Notibras de Comunica\u00e7\u00e3o\"},\"image\":{\"@id\":\"https:\/\/www.notibras.com\/site\/#\/schema\/logo\/image\/\"},\"sameAs\":[\"https:\/\/www.facebook.com\/notibras\/\",\"https:\/\/x.com\/Notibras\",\"https:\/\/www.instagram.com\/notibras\/\"]},{\"@type\":\"Person\",\"@id\":\"https:\/\/www.notibras.com\/site\/#\/schema\/person\/36ab0979449956132d3e5b517ea76ac8\",\"name\":\"Reda\u00e7\u00e3o\",\"image\":{\"@type\":\"ImageObject\",\"inLanguage\":\"pt-BR\",\"@id\":\"https:\/\/secure.gravatar.com\/avatar\/e0a867bdedb85fd243eadf09663511f96fc81e0720a4a42581f334ad4303aa6b?s=96&d=mm&r=g\",\"url\":\"https:\/\/secure.gravatar.com\/avatar\/e0a867bdedb85fd243eadf09663511f96fc81e0720a4a42581f334ad4303aa6b?s=96&d=mm&r=g\",\"contentUrl\":\"https:\/\/secure.gravatar.com\/avatar\/e0a867bdedb85fd243eadf09663511f96fc81e0720a4a42581f334ad4303aa6b?s=96&d=mm&r=g\",\"caption\":\"Reda\u00e7\u00e3o\"}}]}<\/script>\n<!-- \/ Yoast SEO plugin. -->","yoast_head_json":{"title":"Justi\u00e7a faz devassa na vida de juiz que se achou Deus em blitz e recusou baf\u00f4metro - Notibras","robots":{"index":"index","follow":"follow","max-snippet":"max-snippet:-1","max-image-preview":"max-image-preview:large","max-video-preview":"max-video-preview:-1"},"canonical":"https:\/\/www.notibras.com\/site\/justica-decide-fazer-devassa-na-vida-do-juiz-que-se-achou-deus-em-blitz-e-recusou-bafometro\/","og_locale":"pt_BR","og_type":"article","og_title":"Justi\u00e7a faz devassa na vida de juiz que se achou Deus em blitz e recusou baf\u00f4metro - Notibras","og_description":"O Conselho Nacional de Justi\u00e7a est\u00e1 investigando a vida do juiz Jo\u00e3o Carlos de Souza Correa. S\u00e3o duas linhas de frente: a primeira, pela atitude ao ser parado em uma blitz da Lei Seca no Rio de Janeiro; a segunda, por sua atua\u00e7\u00e3o em B\u00fazios, na regi\u00e3o dos Lagos. At\u00e9 o patrim\u00f4nio de Souza Correa [&hellip;]","og_url":"https:\/\/www.notibras.com\/site\/justica-decide-fazer-devassa-na-vida-do-juiz-que-se-achou-deus-em-blitz-e-recusou-bafometro\/","og_site_name":"Notibras","article_publisher":"https:\/\/www.facebook.com\/notibras\/","article_published_time":"2014-11-07T17:38:34+00:00","article_modified_time":"2014-11-08T09:02:24+00:00","og_image":[{"width":460,"height":340,"url":"https:\/\/www.notibras.com\/site\/wp-content\/uploads\/2014\/11\/brasiljuizjoaocarlos.jpg","type":"image\/jpeg"}],"author":"Reda\u00e7\u00e3o","twitter_card":"summary_large_image","twitter_creator":"@Notibras","twitter_site":"@Notibras","twitter_misc":{"Escrito por":"Reda\u00e7\u00e3o","Est. tempo de leitura":"2 minutos"},"schema":{"@context":"https:\/\/schema.org","@graph":[{"@type":"Article","@id":"https:\/\/www.notibras.com\/site\/justica-decide-fazer-devassa-na-vida-do-juiz-que-se-achou-deus-em-blitz-e-recusou-bafometro\/#article","isPartOf":{"@id":"https:\/\/www.notibras.com\/site\/justica-decide-fazer-devassa-na-vida-do-juiz-que-se-achou-deus-em-blitz-e-recusou-bafometro\/"},"author":{"name":"Reda\u00e7\u00e3o","@id":"https:\/\/www.notibras.com\/site\/#\/schema\/person\/36ab0979449956132d3e5b517ea76ac8"},"headline":"Justi\u00e7a faz devassa na vida de juiz que se achou Deus em blitz e recusou baf\u00f4metro","datePublished":"2014-11-07T17:38:34+00:00","dateModified":"2014-11-08T09:02:24+00:00","mainEntityOfPage":{"@id":"https:\/\/www.notibras.com\/site\/justica-decide-fazer-devassa-na-vida-do-juiz-que-se-achou-deus-em-blitz-e-recusou-bafometro\/"},"wordCount":501,"commentCount":0,"publisher":{"@id":"https:\/\/www.notibras.com\/site\/#organization"},"image":{"@id":"https:\/\/www.notibras.com\/site\/justica-decide-fazer-devassa-na-vida-do-juiz-que-se-achou-deus-em-blitz-e-recusou-bafometro\/#primaryimage"},"thumbnailUrl":"https:\/\/www.notibras.com\/site\/wp-content\/uploads\/2014\/11\/brasiljuizjoaocarlos.jpg","articleSection":["Brasil"],"inLanguage":"pt-BR","potentialAction":[{"@type":"CommentAction","name":"Comment","target":["https:\/\/www.notibras.com\/site\/justica-decide-fazer-devassa-na-vida-do-juiz-que-se-achou-deus-em-blitz-e-recusou-bafometro\/#respond"]}]},{"@type":"WebPage","@id":"https:\/\/www.notibras.com\/site\/justica-decide-fazer-devassa-na-vida-do-juiz-que-se-achou-deus-em-blitz-e-recusou-bafometro\/","url":"https:\/\/www.notibras.com\/site\/justica-decide-fazer-devassa-na-vida-do-juiz-que-se-achou-deus-em-blitz-e-recusou-bafometro\/","name":"Justi\u00e7a faz devassa na vida de juiz que se achou Deus em blitz e recusou baf\u00f4metro - Notibras","isPartOf":{"@id":"https:\/\/www.notibras.com\/site\/#website"},"primaryImageOfPage":{"@id":"https:\/\/www.notibras.com\/site\/justica-decide-fazer-devassa-na-vida-do-juiz-que-se-achou-deus-em-blitz-e-recusou-bafometro\/#primaryimage"},"image":{"@id":"https:\/\/www.notibras.com\/site\/justica-decide-fazer-devassa-na-vida-do-juiz-que-se-achou-deus-em-blitz-e-recusou-bafometro\/#primaryimage"},"thumbnailUrl":"https:\/\/www.notibras.com\/site\/wp-content\/uploads\/2014\/11\/brasiljuizjoaocarlos.jpg","datePublished":"2014-11-07T17:38:34+00:00","dateModified":"2014-11-08T09:02:24+00:00","breadcrumb":{"@id":"https:\/\/www.notibras.com\/site\/justica-decide-fazer-devassa-na-vida-do-juiz-que-se-achou-deus-em-blitz-e-recusou-bafometro\/#breadcrumb"},"inLanguage":"pt-BR","potentialAction":[{"@type":"ReadAction","target":["https:\/\/www.notibras.com\/site\/justica-decide-fazer-devassa-na-vida-do-juiz-que-se-achou-deus-em-blitz-e-recusou-bafometro\/"]}]},{"@type":"ImageObject","inLanguage":"pt-BR","@id":"https:\/\/www.notibras.com\/site\/justica-decide-fazer-devassa-na-vida-do-juiz-que-se-achou-deus-em-blitz-e-recusou-bafometro\/#primaryimage","url":"https:\/\/www.notibras.com\/site\/wp-content\/uploads\/2014\/11\/brasiljuizjoaocarlos.jpg","contentUrl":"https:\/\/www.notibras.com\/site\/wp-content\/uploads\/2014\/11\/brasiljuizjoaocarlos.jpg","width":460,"height":340},{"@type":"BreadcrumbList","@id":"https:\/\/www.notibras.com\/site\/justica-decide-fazer-devassa-na-vida-do-juiz-que-se-achou-deus-em-blitz-e-recusou-bafometro\/#breadcrumb","itemListElement":[{"@type":"ListItem","position":1,"name":"In\u00edcio","item":"https:\/\/www.notibras.com\/site\/"},{"@type":"ListItem","position":2,"name":"Justi\u00e7a faz devassa na vida de juiz que se achou Deus em blitz e recusou baf\u00f4metro"}]},{"@type":"WebSite","@id":"https:\/\/www.notibras.com\/site\/#website","url":"https:\/\/www.notibras.com\/site\/","name":"Notibras","description":"Not\u00edcias de Bras\u00edlia, do Brasil e do Mundo","publisher":{"@id":"https:\/\/www.notibras.com\/site\/#organization"},"potentialAction":[{"@type":"SearchAction","target":{"@type":"EntryPoint","urlTemplate":"https:\/\/www.notibras.com\/site\/?s={search_term_string}"},"query-input":{"@type":"PropertyValueSpecification","valueRequired":true,"valueName":"search_term_string"}}],"inLanguage":"pt-BR"},{"@type":"Organization","@id":"https:\/\/www.notibras.com\/site\/#organization","name":"Grupo Notibras de Comunica\u00e7\u00e3o","url":"https:\/\/www.notibras.com\/site\/","logo":{"@type":"ImageObject","inLanguage":"pt-BR","@id":"https:\/\/www.notibras.com\/site\/#\/schema\/logo\/image\/","url":"https:\/\/www.notibras.com\/site\/wp-content\/uploads\/2023\/01\/notibras23.png","contentUrl":"https:\/\/www.notibras.com\/site\/wp-content\/uploads\/2023\/01\/notibras23.png","width":350,"height":87,"caption":"Grupo Notibras de Comunica\u00e7\u00e3o"},"image":{"@id":"https:\/\/www.notibras.com\/site\/#\/schema\/logo\/image\/"},"sameAs":["https:\/\/www.facebook.com\/notibras\/","https:\/\/x.com\/Notibras","https:\/\/www.instagram.com\/notibras\/"]},{"@type":"Person","@id":"https:\/\/www.notibras.com\/site\/#\/schema\/person\/36ab0979449956132d3e5b517ea76ac8","name":"Reda\u00e7\u00e3o","image":{"@type":"ImageObject","inLanguage":"pt-BR","@id":"https:\/\/secure.gravatar.com\/avatar\/e0a867bdedb85fd243eadf09663511f96fc81e0720a4a42581f334ad4303aa6b?s=96&d=mm&r=g","url":"https:\/\/secure.gravatar.com\/avatar\/e0a867bdedb85fd243eadf09663511f96fc81e0720a4a42581f334ad4303aa6b?s=96&d=mm&r=g","contentUrl":"https:\/\/secure.gravatar.com\/avatar\/e0a867bdedb85fd243eadf09663511f96fc81e0720a4a42581f334ad4303aa6b?s=96&d=mm&r=g","caption":"Reda\u00e7\u00e3o"}}]}},"amp_enabled":true,"_links":{"self":[{"href":"https:\/\/www.notibras.com\/site\/wp-json\/wp\/v2\/posts\/27329","targetHints":{"allow":["GET"]}}],"collection":[{"href":"https:\/\/www.notibras.com\/site\/wp-json\/wp\/v2\/posts"}],"about":[{"href":"https:\/\/www.notibras.com\/site\/wp-json\/wp\/v2\/types\/post"}],"author":[{"embeddable":true,"href":"https:\/\/www.notibras.com\/site\/wp-json\/wp\/v2\/users\/2"}],"replies":[{"embeddable":true,"href":"https:\/\/www.notibras.com\/site\/wp-json\/wp\/v2\/comments?post=27329"}],"version-history":[{"count":0,"href":"https:\/\/www.notibras.com\/site\/wp-json\/wp\/v2\/posts\/27329\/revisions"}],"wp:featuredmedia":[{"embeddable":true,"href":"https:\/\/www.notibras.com\/site\/wp-json\/wp\/v2\/media\/27330"}],"wp:attachment":[{"href":"https:\/\/www.notibras.com\/site\/wp-json\/wp\/v2\/media?parent=27329"}],"wp:term":[{"taxonomy":"category","embeddable":true,"href":"https:\/\/www.notibras.com\/site\/wp-json\/wp\/v2\/categories?post=27329"},{"taxonomy":"post_tag","embeddable":true,"href":"https:\/\/www.notibras.com\/site\/wp-json\/wp\/v2\/tags?post=27329"}],"curies":[{"name":"wp","href":"https:\/\/api.w.org\/{rel}","templated":true}]}}