{"id":27395,"date":"2014-11-08T06:54:16","date_gmt":"2014-11-08T09:54:16","guid":{"rendered":"http:\/\/www.notibras.com\/site\/?p=27395"},"modified":"2014-11-08T06:54:16","modified_gmt":"2014-11-08T09:54:16","slug":"povo-que-aprende-a-se-defender-ajuda-a-combater-a-violencia","status":"publish","type":"post","link":"https:\/\/www.notibras.com\/site\/povo-que-aprende-a-se-defender-ajuda-a-combater-a-violencia\/","title":{"rendered":"Povo que aprende a se defender ajuda a combater a viol\u00eancia"},"content":{"rendered":"<p>O cen\u00e1rio da viol\u00eancia no Brasil tem mudado ao longo dos anos. Mas n\u00e3o s\u00f3 isso. Mudou tamb\u00e9m a forma de se olhar para essa viol\u00eancia.<\/p>\n<p>Se por um lado o pa\u00eds bate recordes em n\u00fameros de homic\u00eddios, agress\u00f5es, roubos e furtos &#8211; que hoje sa\u00edram dos grandes centros e chegaram a localidades antes tidas como pacatas -, por outro lado esses assuntos hoje s\u00e3o tratados de forma mais aberta, na busca pela solu\u00e7\u00e3o.<\/p>\n<p>Nos dias atuais, temas como agress\u00e3o \u00e0s mulheres, bullying com crian\u00e7as e adolescentes e o aumento dos \u00edndices de viol\u00eancia na popula\u00e7\u00e3o cada vez mais jovem s\u00e3o menos tolerados e j\u00e1 s\u00e3o abordados abertamente pela sociedade, que procura meios de resolv\u00ea-los.<\/p>\n<p>Quando cheguei ao Brasil, na d\u00e9cada de 1990, para difundir o krav mag\u00e1 &#8211; a defesa pessoal israelense &#8211; me deparei pela primeira vez com a imagem do medo.<\/p>\n<blockquote><p>Encontrei uma popula\u00e7\u00e3o amedrontada, que andava nas ruas sem joias ou roupas que representassem riqueza. Que carregava seus sapatos finos ou t\u00eanis de grife em sacolas de supermercado para serem utilizados apenas no local de trabalho ou em algum evento social.<\/p><\/blockquote>\n<p>Adolescentes n\u00e3o andavam sozinhos nas ruas, mesmo durante o dia, e se locomoviam levados por seus respons\u00e1veis de carro. Encontrei as entradas dos pr\u00e9dios cercadas de grades e port\u00f5es trancados. As pessoas viviam acuadas e se abstinham de seu poder aquisitivo por conta de um atuar passivo.<\/p>\n<p>Eu, que sou nascido em Israel, um pa\u00eds cercado por inimigos e onde batalhas e ataques terroristas fazem parte do cotidiano, e que passei por quatro guerras ao longo de minha vida, s\u00f3 vim conhecer o medo no Brasil, uma situa\u00e7\u00e3o estranha para mim.<\/p>\n<p>Isso porque, desde crian\u00e7a, aprendi que a \u00fanica chance de ganhar de uma situa\u00e7\u00e3o de viol\u00eancia \u00e9 enfrentando-a.<\/p>\n<p>Por toda a minha viv\u00eancia, acredito que a popula\u00e7\u00e3o pode ser parte atuante no combate \u00e0 viol\u00eancia enfrentando essas situa\u00e7\u00f5es com autoconfian\u00e7a.<\/p>\n<p>Quando se fala em defesa pessoal, se fala em direito \u00e0 vida. O krav mag\u00e1 foi desenvolvido na d\u00e9cada de 1940, por Imi Lichtenfeld, para permitir a qualquer pessoa, independente de for\u00e7a f\u00edsica, idade ou sexo, poder voltar em seguran\u00e7a para casa.<\/p>\n<p>Do ponto de vista f\u00edsico, o princ\u00edpio desta modalidade de defesa \u00e9 que a pr\u00e1tica seja exequ\u00edvel por qualquer pessoa, em seu ritmo pr\u00f3prio e respeitando o limite de seu corpo. Ainda assim h\u00e1 o est\u00edmulo para que os praticantes se exercitem diariamente para melhorar a agilidade, condicionamento e for\u00e7a.<\/p>\n<p>As grandes transforma\u00e7\u00f5es, no entanto, s\u00e3o emocionais. O krav mag\u00e1 forma pessoas mais seguras. Para enfrentar situa\u00e7\u00f5es de risco \u00e9 preciso capacidade mental, e isso se adquire por meio de pr\u00e1ticas orientadas pelo instrutor.<\/p>\n<p>A pr\u00e1tica tamb\u00e9m influencia no comportamento. Aten\u00e7\u00e3o, disciplina, seriedade, saber diferenciar o certo do errado, usar o autocontrole. Tudo isso \u00e9 praticado.<\/p>\n<p>O resultado extrapola os treinamentos e se reflete na qualidade de vida das pessoas. Por meio dos treinos, o praticante aprende a superar obst\u00e1culos f\u00edsicos e mentais e se torna uma pessoa melhor em todos os sentidos: ganha coragem e confian\u00e7a em si mesmo, equil\u00edbrio emocional e muda a postura diante da vida.<\/p>\n<p>E as pessoas adquirem confian\u00e7a quando descobrem que, mesmo quando n\u00e3o t\u00eam a mesma for\u00e7a f\u00edsica do seu oponente, s\u00e3o capazes de se defender de forma simples, com movimentos r\u00e1pidos e eficientes.<\/p>\n<p>Mais do que isso, o krav mag\u00e1 trabalha a defesa pessoal na raiz da palavra, ou seja, \u00e0s vezes, a defesa est\u00e1 em n\u00e3o se colocar em situa\u00e7\u00e3o de risco, em n\u00e3o agir impulsivamente e a reagir conforme o ataque.<\/p>\n<p>Eu comecei a praticar o krav mag\u00e1 aos tr\u00eas anos, com o criador desta arte, e fui o primeiro faixa-preta a sair do Estado de Israel para divulgar a modalidade.<\/p>\n<p>Em 2015, completaremos 25 anos de krav mag\u00e1 no Brasil e comemoramos com orgulho a evolu\u00e7\u00e3o desse trabalho, na forma\u00e7\u00e3o de militares que atuam na defesa assim como no treinamento e capacita\u00e7\u00e3o de civis, que hoje s\u00e3o agentes atuantes no combate \u00e0 viol\u00eancia no pa\u00eds. E tamb\u00e9m na Argentina e no Peru, onde estamos presentes por meio da federa\u00e7\u00e3o sulamericana.<\/p>\n<p>A quest\u00e3o da seguran\u00e7a envolve as esferas governamentais, mas tamb\u00e9m o setor privado e a popula\u00e7\u00e3o como um todo.<\/p>\n<p>A forma\u00e7\u00e3o de nosso jovens para serem pessoas de bem e a de nossa sociedade para estar atenta aos riscos, segura para denunciar \u00e0s agress\u00f5es e preparada para reagir conforme o ataque \u00e9 o que vai fazer com que tenhamos um ambiente mais seguro e saud\u00e1vel para vivermos.<\/p>\n<p><strong>Kobi Lichtenstein<\/strong><\/p>\n","protected":false},"excerpt":{"rendered":"<p>O cen\u00e1rio da viol\u00eancia no Brasil tem mudado ao longo dos anos. Mas n\u00e3o s\u00f3 isso. Mudou tamb\u00e9m a forma de se olhar para essa viol\u00eancia. Se por um lado o pa\u00eds bate recordes em n\u00fameros de homic\u00eddios, agress\u00f5es, roubos e furtos &#8211; que hoje sa\u00edram dos grandes centros e chegaram a localidades antes tidas [&hellip;]<\/p>\n","protected":false},"author":2,"featured_media":27396,"comment_status":"open","ping_status":"closed","sticky":false,"template":"","format":"standard","meta":{"_acf_changed":false,"footnotes":""},"categories":[25],"tags":[],"class_list":["post-27395","post","type-post","status-publish","format-standard","has-post-thumbnail","hentry","category-opina-ai"],"acf":[],"yoast_head":"<!-- This site is optimized with the Yoast SEO plugin v27.5 - https:\/\/yoast.com\/product\/yoast-seo-wordpress\/ -->\n<title>Povo que aprende a se defender ajuda a combater a viol\u00eancia - Notibras<\/title>\n<meta name=\"robots\" content=\"index, follow, max-snippet:-1, max-image-preview:large, max-video-preview:-1\" \/>\n<link rel=\"canonical\" href=\"https:\/\/www.notibras.com\/site\/povo-que-aprende-a-se-defender-ajuda-a-combater-a-violencia\/\" \/>\n<meta property=\"og:locale\" content=\"pt_BR\" \/>\n<meta property=\"og:type\" content=\"article\" \/>\n<meta property=\"og:title\" content=\"Povo que aprende a se defender ajuda a combater a viol\u00eancia - Notibras\" \/>\n<meta property=\"og:description\" content=\"O cen\u00e1rio da viol\u00eancia no Brasil tem mudado ao longo dos anos. Mas n\u00e3o s\u00f3 isso. Mudou tamb\u00e9m a forma de se olhar para essa viol\u00eancia. Se por um lado o pa\u00eds bate recordes em n\u00fameros de homic\u00eddios, agress\u00f5es, roubos e furtos &#8211; que hoje sa\u00edram dos grandes centros e chegaram a localidades antes tidas [&hellip;]\" \/>\n<meta property=\"og:url\" content=\"https:\/\/www.notibras.com\/site\/povo-que-aprende-a-se-defender-ajuda-a-combater-a-violencia\/\" \/>\n<meta property=\"og:site_name\" content=\"Notibras\" \/>\n<meta property=\"article:publisher\" content=\"https:\/\/www.facebook.com\/notibras\/\" \/>\n<meta property=\"article:published_time\" content=\"2014-11-08T09:54:16+00:00\" \/>\n<meta property=\"og:image\" content=\"https:\/\/www.notibras.com\/site\/wp-content\/uploads\/2014\/11\/09_MHG_judo.jpg\" \/>\n\t<meta property=\"og:image:width\" content=\"720\" \/>\n\t<meta property=\"og:image:height\" content=\"460\" \/>\n\t<meta property=\"og:image:type\" content=\"image\/jpeg\" \/>\n<meta name=\"author\" content=\"Reda\u00e7\u00e3o\" \/>\n<meta name=\"twitter:card\" content=\"summary_large_image\" \/>\n<meta name=\"twitter:creator\" content=\"@Notibras\" \/>\n<meta name=\"twitter:site\" content=\"@Notibras\" \/>\n<meta name=\"twitter:label1\" content=\"Escrito por\" \/>\n\t<meta name=\"twitter:data1\" content=\"Reda\u00e7\u00e3o\" \/>\n\t<meta name=\"twitter:label2\" content=\"Est. tempo de leitura\" \/>\n\t<meta name=\"twitter:data2\" content=\"4 minutos\" \/>\n<script type=\"application\/ld+json\" class=\"yoast-schema-graph\">{\"@context\":\"https:\\\/\\\/schema.org\",\"@graph\":[{\"@type\":\"Article\",\"@id\":\"https:\\\/\\\/www.notibras.com\\\/site\\\/povo-que-aprende-a-se-defender-ajuda-a-combater-a-violencia\\\/#article\",\"isPartOf\":{\"@id\":\"https:\\\/\\\/www.notibras.com\\\/site\\\/povo-que-aprende-a-se-defender-ajuda-a-combater-a-violencia\\\/\"},\"author\":{\"name\":\"Reda\u00e7\u00e3o\",\"@id\":\"https:\\\/\\\/www.notibras.com\\\/site\\\/#\\\/schema\\\/person\\\/36ab0979449956132d3e5b517ea76ac8\"},\"headline\":\"Povo que aprende a se defender ajuda a combater a viol\u00eancia\",\"datePublished\":\"2014-11-08T09:54:16+00:00\",\"mainEntityOfPage\":{\"@id\":\"https:\\\/\\\/www.notibras.com\\\/site\\\/povo-que-aprende-a-se-defender-ajuda-a-combater-a-violencia\\\/\"},\"wordCount\":832,\"commentCount\":0,\"publisher\":{\"@id\":\"https:\\\/\\\/www.notibras.com\\\/site\\\/#organization\"},\"image\":{\"@id\":\"https:\\\/\\\/www.notibras.com\\\/site\\\/povo-que-aprende-a-se-defender-ajuda-a-combater-a-violencia\\\/#primaryimage\"},\"thumbnailUrl\":\"https:\\\/\\\/www.notibras.com\\\/site\\\/wp-content\\\/uploads\\\/2014\\\/11\\\/09_MHG_judo.jpg\",\"articleSection\":[\"Opina a\u00ed\"],\"inLanguage\":\"pt-BR\",\"potentialAction\":[{\"@type\":\"CommentAction\",\"name\":\"Comment\",\"target\":[\"https:\\\/\\\/www.notibras.com\\\/site\\\/povo-que-aprende-a-se-defender-ajuda-a-combater-a-violencia\\\/#respond\"]}]},{\"@type\":\"WebPage\",\"@id\":\"https:\\\/\\\/www.notibras.com\\\/site\\\/povo-que-aprende-a-se-defender-ajuda-a-combater-a-violencia\\\/\",\"url\":\"https:\\\/\\\/www.notibras.com\\\/site\\\/povo-que-aprende-a-se-defender-ajuda-a-combater-a-violencia\\\/\",\"name\":\"Povo que aprende a se defender ajuda a combater a viol\u00eancia - Notibras\",\"isPartOf\":{\"@id\":\"https:\\\/\\\/www.notibras.com\\\/site\\\/#website\"},\"primaryImageOfPage\":{\"@id\":\"https:\\\/\\\/www.notibras.com\\\/site\\\/povo-que-aprende-a-se-defender-ajuda-a-combater-a-violencia\\\/#primaryimage\"},\"image\":{\"@id\":\"https:\\\/\\\/www.notibras.com\\\/site\\\/povo-que-aprende-a-se-defender-ajuda-a-combater-a-violencia\\\/#primaryimage\"},\"thumbnailUrl\":\"https:\\\/\\\/www.notibras.com\\\/site\\\/wp-content\\\/uploads\\\/2014\\\/11\\\/09_MHG_judo.jpg\",\"datePublished\":\"2014-11-08T09:54:16+00:00\",\"breadcrumb\":{\"@id\":\"https:\\\/\\\/www.notibras.com\\\/site\\\/povo-que-aprende-a-se-defender-ajuda-a-combater-a-violencia\\\/#breadcrumb\"},\"inLanguage\":\"pt-BR\",\"potentialAction\":[{\"@type\":\"ReadAction\",\"target\":[\"https:\\\/\\\/www.notibras.com\\\/site\\\/povo-que-aprende-a-se-defender-ajuda-a-combater-a-violencia\\\/\"]}]},{\"@type\":\"ImageObject\",\"inLanguage\":\"pt-BR\",\"@id\":\"https:\\\/\\\/www.notibras.com\\\/site\\\/povo-que-aprende-a-se-defender-ajuda-a-combater-a-violencia\\\/#primaryimage\",\"url\":\"https:\\\/\\\/www.notibras.com\\\/site\\\/wp-content\\\/uploads\\\/2014\\\/11\\\/09_MHG_judo.jpg\",\"contentUrl\":\"https:\\\/\\\/www.notibras.com\\\/site\\\/wp-content\\\/uploads\\\/2014\\\/11\\\/09_MHG_judo.jpg\",\"width\":720,\"height\":460},{\"@type\":\"BreadcrumbList\",\"@id\":\"https:\\\/\\\/www.notibras.com\\\/site\\\/povo-que-aprende-a-se-defender-ajuda-a-combater-a-violencia\\\/#breadcrumb\",\"itemListElement\":[{\"@type\":\"ListItem\",\"position\":1,\"name\":\"In\u00edcio\",\"item\":\"https:\\\/\\\/www.notibras.com\\\/site\\\/\"},{\"@type\":\"ListItem\",\"position\":2,\"name\":\"Povo que aprende a se defender ajuda a combater a viol\u00eancia\"}]},{\"@type\":\"WebSite\",\"@id\":\"https:\\\/\\\/www.notibras.com\\\/site\\\/#website\",\"url\":\"https:\\\/\\\/www.notibras.com\\\/site\\\/\",\"name\":\"Notibras\",\"description\":\"Not\u00edcias de Bras\u00edlia, do Brasil e do Mundo\",\"publisher\":{\"@id\":\"https:\\\/\\\/www.notibras.com\\\/site\\\/#organization\"},\"potentialAction\":[{\"@type\":\"SearchAction\",\"target\":{\"@type\":\"EntryPoint\",\"urlTemplate\":\"https:\\\/\\\/www.notibras.com\\\/site\\\/?s={search_term_string}\"},\"query-input\":{\"@type\":\"PropertyValueSpecification\",\"valueRequired\":true,\"valueName\":\"search_term_string\"}}],\"inLanguage\":\"pt-BR\"},{\"@type\":\"Organization\",\"@id\":\"https:\\\/\\\/www.notibras.com\\\/site\\\/#organization\",\"name\":\"Grupo Notibras de Comunica\u00e7\u00e3o\",\"url\":\"https:\\\/\\\/www.notibras.com\\\/site\\\/\",\"logo\":{\"@type\":\"ImageObject\",\"inLanguage\":\"pt-BR\",\"@id\":\"https:\\\/\\\/www.notibras.com\\\/site\\\/#\\\/schema\\\/logo\\\/image\\\/\",\"url\":\"https:\\\/\\\/www.notibras.com\\\/site\\\/wp-content\\\/uploads\\\/2023\\\/01\\\/notibras23.png\",\"contentUrl\":\"https:\\\/\\\/www.notibras.com\\\/site\\\/wp-content\\\/uploads\\\/2023\\\/01\\\/notibras23.png\",\"width\":350,\"height\":87,\"caption\":\"Grupo Notibras de Comunica\u00e7\u00e3o\"},\"image\":{\"@id\":\"https:\\\/\\\/www.notibras.com\\\/site\\\/#\\\/schema\\\/logo\\\/image\\\/\"},\"sameAs\":[\"https:\\\/\\\/www.facebook.com\\\/notibras\\\/\",\"https:\\\/\\\/x.com\\\/Notibras\",\"https:\\\/\\\/www.instagram.com\\\/notibras\\\/\"]},{\"@type\":\"Person\",\"@id\":\"https:\\\/\\\/www.notibras.com\\\/site\\\/#\\\/schema\\\/person\\\/36ab0979449956132d3e5b517ea76ac8\",\"name\":\"Reda\u00e7\u00e3o\",\"image\":{\"@type\":\"ImageObject\",\"inLanguage\":\"pt-BR\",\"@id\":\"https:\\\/\\\/secure.gravatar.com\\\/avatar\\\/e0a867bdedb85fd243eadf09663511f96fc81e0720a4a42581f334ad4303aa6b?s=96&d=mm&r=g\",\"url\":\"https:\\\/\\\/secure.gravatar.com\\\/avatar\\\/e0a867bdedb85fd243eadf09663511f96fc81e0720a4a42581f334ad4303aa6b?s=96&d=mm&r=g\",\"contentUrl\":\"https:\\\/\\\/secure.gravatar.com\\\/avatar\\\/e0a867bdedb85fd243eadf09663511f96fc81e0720a4a42581f334ad4303aa6b?s=96&d=mm&r=g\",\"caption\":\"Reda\u00e7\u00e3o\"}}]}<\/script>\n<!-- \/ Yoast SEO plugin. -->","yoast_head_json":{"title":"Povo que aprende a se defender ajuda a combater a viol\u00eancia - Notibras","robots":{"index":"index","follow":"follow","max-snippet":"max-snippet:-1","max-image-preview":"max-image-preview:large","max-video-preview":"max-video-preview:-1"},"canonical":"https:\/\/www.notibras.com\/site\/povo-que-aprende-a-se-defender-ajuda-a-combater-a-violencia\/","og_locale":"pt_BR","og_type":"article","og_title":"Povo que aprende a se defender ajuda a combater a viol\u00eancia - Notibras","og_description":"O cen\u00e1rio da viol\u00eancia no Brasil tem mudado ao longo dos anos. Mas n\u00e3o s\u00f3 isso. Mudou tamb\u00e9m a forma de se olhar para essa viol\u00eancia. Se por um lado o pa\u00eds bate recordes em n\u00fameros de homic\u00eddios, agress\u00f5es, roubos e furtos &#8211; que hoje sa\u00edram dos grandes centros e chegaram a localidades antes tidas [&hellip;]","og_url":"https:\/\/www.notibras.com\/site\/povo-que-aprende-a-se-defender-ajuda-a-combater-a-violencia\/","og_site_name":"Notibras","article_publisher":"https:\/\/www.facebook.com\/notibras\/","article_published_time":"2014-11-08T09:54:16+00:00","og_image":[{"width":720,"height":460,"url":"https:\/\/www.notibras.com\/site\/wp-content\/uploads\/2014\/11\/09_MHG_judo.jpg","type":"image\/jpeg"}],"author":"Reda\u00e7\u00e3o","twitter_card":"summary_large_image","twitter_creator":"@Notibras","twitter_site":"@Notibras","twitter_misc":{"Escrito por":"Reda\u00e7\u00e3o","Est. tempo de leitura":"4 minutos"},"schema":{"@context":"https:\/\/schema.org","@graph":[{"@type":"Article","@id":"https:\/\/www.notibras.com\/site\/povo-que-aprende-a-se-defender-ajuda-a-combater-a-violencia\/#article","isPartOf":{"@id":"https:\/\/www.notibras.com\/site\/povo-que-aprende-a-se-defender-ajuda-a-combater-a-violencia\/"},"author":{"name":"Reda\u00e7\u00e3o","@id":"https:\/\/www.notibras.com\/site\/#\/schema\/person\/36ab0979449956132d3e5b517ea76ac8"},"headline":"Povo que aprende a se defender ajuda a combater a viol\u00eancia","datePublished":"2014-11-08T09:54:16+00:00","mainEntityOfPage":{"@id":"https:\/\/www.notibras.com\/site\/povo-que-aprende-a-se-defender-ajuda-a-combater-a-violencia\/"},"wordCount":832,"commentCount":0,"publisher":{"@id":"https:\/\/www.notibras.com\/site\/#organization"},"image":{"@id":"https:\/\/www.notibras.com\/site\/povo-que-aprende-a-se-defender-ajuda-a-combater-a-violencia\/#primaryimage"},"thumbnailUrl":"https:\/\/www.notibras.com\/site\/wp-content\/uploads\/2014\/11\/09_MHG_judo.jpg","articleSection":["Opina a\u00ed"],"inLanguage":"pt-BR","potentialAction":[{"@type":"CommentAction","name":"Comment","target":["https:\/\/www.notibras.com\/site\/povo-que-aprende-a-se-defender-ajuda-a-combater-a-violencia\/#respond"]}]},{"@type":"WebPage","@id":"https:\/\/www.notibras.com\/site\/povo-que-aprende-a-se-defender-ajuda-a-combater-a-violencia\/","url":"https:\/\/www.notibras.com\/site\/povo-que-aprende-a-se-defender-ajuda-a-combater-a-violencia\/","name":"Povo que aprende a se defender ajuda a combater a viol\u00eancia - Notibras","isPartOf":{"@id":"https:\/\/www.notibras.com\/site\/#website"},"primaryImageOfPage":{"@id":"https:\/\/www.notibras.com\/site\/povo-que-aprende-a-se-defender-ajuda-a-combater-a-violencia\/#primaryimage"},"image":{"@id":"https:\/\/www.notibras.com\/site\/povo-que-aprende-a-se-defender-ajuda-a-combater-a-violencia\/#primaryimage"},"thumbnailUrl":"https:\/\/www.notibras.com\/site\/wp-content\/uploads\/2014\/11\/09_MHG_judo.jpg","datePublished":"2014-11-08T09:54:16+00:00","breadcrumb":{"@id":"https:\/\/www.notibras.com\/site\/povo-que-aprende-a-se-defender-ajuda-a-combater-a-violencia\/#breadcrumb"},"inLanguage":"pt-BR","potentialAction":[{"@type":"ReadAction","target":["https:\/\/www.notibras.com\/site\/povo-que-aprende-a-se-defender-ajuda-a-combater-a-violencia\/"]}]},{"@type":"ImageObject","inLanguage":"pt-BR","@id":"https:\/\/www.notibras.com\/site\/povo-que-aprende-a-se-defender-ajuda-a-combater-a-violencia\/#primaryimage","url":"https:\/\/www.notibras.com\/site\/wp-content\/uploads\/2014\/11\/09_MHG_judo.jpg","contentUrl":"https:\/\/www.notibras.com\/site\/wp-content\/uploads\/2014\/11\/09_MHG_judo.jpg","width":720,"height":460},{"@type":"BreadcrumbList","@id":"https:\/\/www.notibras.com\/site\/povo-que-aprende-a-se-defender-ajuda-a-combater-a-violencia\/#breadcrumb","itemListElement":[{"@type":"ListItem","position":1,"name":"In\u00edcio","item":"https:\/\/www.notibras.com\/site\/"},{"@type":"ListItem","position":2,"name":"Povo que aprende a se defender ajuda a combater a viol\u00eancia"}]},{"@type":"WebSite","@id":"https:\/\/www.notibras.com\/site\/#website","url":"https:\/\/www.notibras.com\/site\/","name":"Notibras","description":"Not\u00edcias de Bras\u00edlia, do Brasil e do Mundo","publisher":{"@id":"https:\/\/www.notibras.com\/site\/#organization"},"potentialAction":[{"@type":"SearchAction","target":{"@type":"EntryPoint","urlTemplate":"https:\/\/www.notibras.com\/site\/?s={search_term_string}"},"query-input":{"@type":"PropertyValueSpecification","valueRequired":true,"valueName":"search_term_string"}}],"inLanguage":"pt-BR"},{"@type":"Organization","@id":"https:\/\/www.notibras.com\/site\/#organization","name":"Grupo Notibras de Comunica\u00e7\u00e3o","url":"https:\/\/www.notibras.com\/site\/","logo":{"@type":"ImageObject","inLanguage":"pt-BR","@id":"https:\/\/www.notibras.com\/site\/#\/schema\/logo\/image\/","url":"https:\/\/www.notibras.com\/site\/wp-content\/uploads\/2023\/01\/notibras23.png","contentUrl":"https:\/\/www.notibras.com\/site\/wp-content\/uploads\/2023\/01\/notibras23.png","width":350,"height":87,"caption":"Grupo Notibras de Comunica\u00e7\u00e3o"},"image":{"@id":"https:\/\/www.notibras.com\/site\/#\/schema\/logo\/image\/"},"sameAs":["https:\/\/www.facebook.com\/notibras\/","https:\/\/x.com\/Notibras","https:\/\/www.instagram.com\/notibras\/"]},{"@type":"Person","@id":"https:\/\/www.notibras.com\/site\/#\/schema\/person\/36ab0979449956132d3e5b517ea76ac8","name":"Reda\u00e7\u00e3o","image":{"@type":"ImageObject","inLanguage":"pt-BR","@id":"https:\/\/secure.gravatar.com\/avatar\/e0a867bdedb85fd243eadf09663511f96fc81e0720a4a42581f334ad4303aa6b?s=96&d=mm&r=g","url":"https:\/\/secure.gravatar.com\/avatar\/e0a867bdedb85fd243eadf09663511f96fc81e0720a4a42581f334ad4303aa6b?s=96&d=mm&r=g","contentUrl":"https:\/\/secure.gravatar.com\/avatar\/e0a867bdedb85fd243eadf09663511f96fc81e0720a4a42581f334ad4303aa6b?s=96&d=mm&r=g","caption":"Reda\u00e7\u00e3o"}}]}},"amp_enabled":true,"_links":{"self":[{"href":"https:\/\/www.notibras.com\/site\/wp-json\/wp\/v2\/posts\/27395","targetHints":{"allow":["GET"]}}],"collection":[{"href":"https:\/\/www.notibras.com\/site\/wp-json\/wp\/v2\/posts"}],"about":[{"href":"https:\/\/www.notibras.com\/site\/wp-json\/wp\/v2\/types\/post"}],"author":[{"embeddable":true,"href":"https:\/\/www.notibras.com\/site\/wp-json\/wp\/v2\/users\/2"}],"replies":[{"embeddable":true,"href":"https:\/\/www.notibras.com\/site\/wp-json\/wp\/v2\/comments?post=27395"}],"version-history":[{"count":0,"href":"https:\/\/www.notibras.com\/site\/wp-json\/wp\/v2\/posts\/27395\/revisions"}],"wp:featuredmedia":[{"embeddable":true,"href":"https:\/\/www.notibras.com\/site\/wp-json\/wp\/v2\/media\/27396"}],"wp:attachment":[{"href":"https:\/\/www.notibras.com\/site\/wp-json\/wp\/v2\/media?parent=27395"}],"wp:term":[{"taxonomy":"category","embeddable":true,"href":"https:\/\/www.notibras.com\/site\/wp-json\/wp\/v2\/categories?post=27395"},{"taxonomy":"post_tag","embeddable":true,"href":"https:\/\/www.notibras.com\/site\/wp-json\/wp\/v2\/tags?post=27395"}],"curies":[{"name":"wp","href":"https:\/\/api.w.org\/{rel}","templated":true}]}}