{"id":27428,"date":"2014-11-08T18:32:06","date_gmt":"2014-11-08T21:32:06","guid":{"rendered":"http:\/\/www.notibras.com\/site\/?p=27428"},"modified":"2014-11-08T18:33:36","modified_gmt":"2014-11-08T21:33:36","slug":"gol-minguado-de-penalti-garante-vitoria-do-vasco-contra-abc","status":"publish","type":"post","link":"https:\/\/www.notibras.com\/site\/gol-minguado-de-penalti-garante-vitoria-do-vasco-contra-abc\/","title":{"rendered":"Gol minguado de p\u00eanalti garante vit\u00f3ria do Vasco contra ABC"},"content":{"rendered":"<p>Ap\u00f3s viver rodadas de instabilidade e drama na S\u00e9rie B, o Vasco da Gama finalmente conseguiu dar a resposta diante da torcida. Bastou uma vit\u00f3ria relativamente tranquila\u00a0contra o ABC, por 1 a 0, neste s\u00e1bado, para o time mostrar que deve conquistar o acesso para a S\u00e9rie A de 2015.<\/p>\n<p>Ainda em terceiro, o time cruzmaltino tem 59 pontos, abrindo\u00a0seis de vantagem em rela\u00e7\u00e3o ao \u00faltimo fora do G-4, o Atl\u00e9tico-GO.\u00a0J\u00e1 o ABC segue mergulhado na luta contra o rebaixamento, com 41 pontos.<\/p>\n<p class=\"text\">Com quase 50 mil torcedores no Maracan\u00e3, o Vasco come\u00e7ou o jogo em uma situa\u00e7\u00e3o delicada: se vencesse, estaria praticamente com o acesso pr\u00f3ximo, pois abriria cinco pontos de vantagem no G-4, faltando quatro rodadas para o fim. Mas se perdesse, teria que enfrentar uma crise e cinco times ficariam na cola dele, deixando a situa\u00e7\u00e3o apertada.<\/p>\n<p class=\"text\">J\u00e1 a situa\u00e7\u00e3o do ABC era mais clara: um empate j\u00e1 ajudaria o time a ficar mais tranquilo na luta contra o rebaixamento. Por isso os visitantes ficaram na defesa, deixaram a bola com o Vasco, que n\u00e3o soube aproveitar a vantagem. Pelo contr\u00e1rio: levou contra-ataques perigosos. Primeiro Rodrigo Silva falhou por pouco. Depois, o goleiro Martin Silva defendeu um bom\u00a0chute cruzado de Ronaldo Mendes.<\/p>\n<p class=\"text\">O dilema do Vasco s\u00f3 foi resolvido aos 45min, quando Gilvan derrubou Carlos C\u00e9sar na \u00e1rea. O juiz marcou p\u00eanalti e expulsou o goleiro, pois era uma chance leg\u00edtima. Douglas acertou a trave na cobran\u00e7a, mas mesmo assim a bola entrou. O Vasco foi para o vesti\u00e1rio tranquilo, sabendo que agora teria um jogador a mais e\u00a0poderia apenas atacar para garantir a vit\u00f3ria.<\/p>\n<p>Joel Santana mostrou isso na substitui\u00e7\u00e3o: tirou o meio-campista Pedro Ken e colocou o centroavante Thalles. E foi ele que teve a primeira grande chance do segundo tempo. Ap\u00f3s um giro na \u00e1rea, chutou bem, mas o goleiro Camilo foi melhor e agarrou.<\/p>\n<p>Nos \u00faltimos 20 minutos o jogo esfriou. Douglas ainda acertou um chute perigoso, Rafael Silva perdeu uma oportunidade nos acr\u00e9scimos e assim o Vasco partiu para fazer a grande festa junto a torcida. Em breve essa comemora\u00e7\u00e3o deve ser ainda maior.<\/p>\n","protected":false},"excerpt":{"rendered":"<p>Ap\u00f3s viver rodadas de instabilidade e drama na S\u00e9rie B, o Vasco da Gama finalmente conseguiu dar a resposta diante da torcida. Bastou uma vit\u00f3ria relativamente tranquila\u00a0contra o ABC, por 1 a 0, neste s\u00e1bado, para o time mostrar que deve conquistar o acesso para a S\u00e9rie A de 2015. Ainda em terceiro, o time [&hellip;]<\/p>\n","protected":false},"author":2,"featured_media":27429,"comment_status":"open","ping_status":"closed","sticky":false,"template":"","format":"standard","meta":{"_acf_changed":false,"footnotes":""},"categories":[19,29],"tags":[],"class_list":["post-27428","post","type-post","status-publish","format-standard","has-post-thumbnail","hentry","category-esportes","category-futebol"],"acf":[],"yoast_head":"<!-- This site is optimized with the Yoast SEO plugin v27.2 - https:\/\/yoast.com\/product\/yoast-seo-wordpress\/ -->\n<title>Gol minguado de p\u00eanalti garante vit\u00f3ria do Vasco contra ABC - Notibras<\/title>\n<meta name=\"robots\" content=\"index, follow, max-snippet:-1, max-image-preview:large, max-video-preview:-1\" \/>\n<link rel=\"canonical\" href=\"https:\/\/www.notibras.com\/site\/gol-minguado-de-penalti-garante-vitoria-do-vasco-contra-abc\/\" \/>\n<meta property=\"og:locale\" content=\"pt_BR\" \/>\n<meta property=\"og:type\" content=\"article\" \/>\n<meta property=\"og:title\" content=\"Gol minguado de p\u00eanalti garante vit\u00f3ria do Vasco contra ABC - Notibras\" \/>\n<meta property=\"og:description\" content=\"Ap\u00f3s viver rodadas de instabilidade e drama na S\u00e9rie B, o Vasco da Gama finalmente conseguiu dar a resposta diante da torcida. Bastou uma vit\u00f3ria relativamente tranquila\u00a0contra o ABC, por 1 a 0, neste s\u00e1bado, para o time mostrar que deve conquistar o acesso para a S\u00e9rie A de 2015. Ainda em terceiro, o time [&hellip;]\" \/>\n<meta property=\"og:url\" content=\"https:\/\/www.notibras.com\/site\/gol-minguado-de-penalti-garante-vitoria-do-vasco-contra-abc\/\" \/>\n<meta property=\"og:site_name\" content=\"Notibras\" \/>\n<meta property=\"article:publisher\" content=\"https:\/\/www.facebook.com\/notibras\/\" \/>\n<meta property=\"article:published_time\" content=\"2014-11-08T21:32:06+00:00\" \/>\n<meta property=\"article:modified_time\" content=\"2014-11-08T21:33:36+00:00\" \/>\n<meta property=\"og:image\" content=\"https:\/\/www.notibras.com\/site\/wp-content\/uploads\/2014\/11\/e1.jpg\" \/>\n\t<meta property=\"og:image:width\" content=\"850\" \/>\n\t<meta property=\"og:image:height\" content=\"567\" \/>\n\t<meta property=\"og:image:type\" content=\"image\/jpeg\" \/>\n<meta name=\"author\" content=\"Reda\u00e7\u00e3o\" \/>\n<meta name=\"twitter:card\" content=\"summary_large_image\" \/>\n<meta name=\"twitter:creator\" content=\"@Notibras\" \/>\n<meta name=\"twitter:site\" content=\"@Notibras\" \/>\n<meta name=\"twitter:label1\" content=\"Escrito por\" \/>\n\t<meta name=\"twitter:data1\" content=\"Reda\u00e7\u00e3o\" \/>\n\t<meta name=\"twitter:label2\" content=\"Est. tempo de leitura\" \/>\n\t<meta name=\"twitter:data2\" content=\"2 minutos\" \/>\n<script type=\"application\/ld+json\" class=\"yoast-schema-graph\">{\"@context\":\"https:\/\/schema.org\",\"@graph\":[{\"@type\":\"Article\",\"@id\":\"https:\/\/www.notibras.com\/site\/gol-minguado-de-penalti-garante-vitoria-do-vasco-contra-abc\/#article\",\"isPartOf\":{\"@id\":\"https:\/\/www.notibras.com\/site\/gol-minguado-de-penalti-garante-vitoria-do-vasco-contra-abc\/\"},\"author\":{\"name\":\"Reda\u00e7\u00e3o\",\"@id\":\"https:\/\/www.notibras.com\/site\/#\/schema\/person\/36ab0979449956132d3e5b517ea76ac8\"},\"headline\":\"Gol minguado de p\u00eanalti garante vit\u00f3ria do Vasco contra ABC\",\"datePublished\":\"2014-11-08T21:32:06+00:00\",\"dateModified\":\"2014-11-08T21:33:36+00:00\",\"mainEntityOfPage\":{\"@id\":\"https:\/\/www.notibras.com\/site\/gol-minguado-de-penalti-garante-vitoria-do-vasco-contra-abc\/\"},\"wordCount\":386,\"commentCount\":0,\"publisher\":{\"@id\":\"https:\/\/www.notibras.com\/site\/#organization\"},\"image\":{\"@id\":\"https:\/\/www.notibras.com\/site\/gol-minguado-de-penalti-garante-vitoria-do-vasco-contra-abc\/#primaryimage\"},\"thumbnailUrl\":\"https:\/\/www.notibras.com\/site\/wp-content\/uploads\/2014\/11\/e1.jpg\",\"articleSection\":[\"Esportes\",\"Futebol\"],\"inLanguage\":\"pt-BR\",\"potentialAction\":[{\"@type\":\"CommentAction\",\"name\":\"Comment\",\"target\":[\"https:\/\/www.notibras.com\/site\/gol-minguado-de-penalti-garante-vitoria-do-vasco-contra-abc\/#respond\"]}]},{\"@type\":\"WebPage\",\"@id\":\"https:\/\/www.notibras.com\/site\/gol-minguado-de-penalti-garante-vitoria-do-vasco-contra-abc\/\",\"url\":\"https:\/\/www.notibras.com\/site\/gol-minguado-de-penalti-garante-vitoria-do-vasco-contra-abc\/\",\"name\":\"Gol minguado de p\u00eanalti garante vit\u00f3ria do Vasco contra ABC - Notibras\",\"isPartOf\":{\"@id\":\"https:\/\/www.notibras.com\/site\/#website\"},\"primaryImageOfPage\":{\"@id\":\"https:\/\/www.notibras.com\/site\/gol-minguado-de-penalti-garante-vitoria-do-vasco-contra-abc\/#primaryimage\"},\"image\":{\"@id\":\"https:\/\/www.notibras.com\/site\/gol-minguado-de-penalti-garante-vitoria-do-vasco-contra-abc\/#primaryimage\"},\"thumbnailUrl\":\"https:\/\/www.notibras.com\/site\/wp-content\/uploads\/2014\/11\/e1.jpg\",\"datePublished\":\"2014-11-08T21:32:06+00:00\",\"dateModified\":\"2014-11-08T21:33:36+00:00\",\"breadcrumb\":{\"@id\":\"https:\/\/www.notibras.com\/site\/gol-minguado-de-penalti-garante-vitoria-do-vasco-contra-abc\/#breadcrumb\"},\"inLanguage\":\"pt-BR\",\"potentialAction\":[{\"@type\":\"ReadAction\",\"target\":[\"https:\/\/www.notibras.com\/site\/gol-minguado-de-penalti-garante-vitoria-do-vasco-contra-abc\/\"]}]},{\"@type\":\"ImageObject\",\"inLanguage\":\"pt-BR\",\"@id\":\"https:\/\/www.notibras.com\/site\/gol-minguado-de-penalti-garante-vitoria-do-vasco-contra-abc\/#primaryimage\",\"url\":\"https:\/\/www.notibras.com\/site\/wp-content\/uploads\/2014\/11\/e1.jpg\",\"contentUrl\":\"https:\/\/www.notibras.com\/site\/wp-content\/uploads\/2014\/11\/e1.jpg\",\"width\":850,\"height\":567},{\"@type\":\"BreadcrumbList\",\"@id\":\"https:\/\/www.notibras.com\/site\/gol-minguado-de-penalti-garante-vitoria-do-vasco-contra-abc\/#breadcrumb\",\"itemListElement\":[{\"@type\":\"ListItem\",\"position\":1,\"name\":\"In\u00edcio\",\"item\":\"https:\/\/www.notibras.com\/site\/\"},{\"@type\":\"ListItem\",\"position\":2,\"name\":\"Gol minguado de p\u00eanalti garante vit\u00f3ria do Vasco contra ABC\"}]},{\"@type\":\"WebSite\",\"@id\":\"https:\/\/www.notibras.com\/site\/#website\",\"url\":\"https:\/\/www.notibras.com\/site\/\",\"name\":\"Notibras\",\"description\":\"Not\u00edcias de Bras\u00edlia, do Brasil e do Mundo\",\"publisher\":{\"@id\":\"https:\/\/www.notibras.com\/site\/#organization\"},\"potentialAction\":[{\"@type\":\"SearchAction\",\"target\":{\"@type\":\"EntryPoint\",\"urlTemplate\":\"https:\/\/www.notibras.com\/site\/?s={search_term_string}\"},\"query-input\":{\"@type\":\"PropertyValueSpecification\",\"valueRequired\":true,\"valueName\":\"search_term_string\"}}],\"inLanguage\":\"pt-BR\"},{\"@type\":\"Organization\",\"@id\":\"https:\/\/www.notibras.com\/site\/#organization\",\"name\":\"Grupo Notibras de Comunica\u00e7\u00e3o\",\"url\":\"https:\/\/www.notibras.com\/site\/\",\"logo\":{\"@type\":\"ImageObject\",\"inLanguage\":\"pt-BR\",\"@id\":\"https:\/\/www.notibras.com\/site\/#\/schema\/logo\/image\/\",\"url\":\"https:\/\/www.notibras.com\/site\/wp-content\/uploads\/2023\/01\/notibras23.png\",\"contentUrl\":\"https:\/\/www.notibras.com\/site\/wp-content\/uploads\/2023\/01\/notibras23.png\",\"width\":350,\"height\":87,\"caption\":\"Grupo Notibras de Comunica\u00e7\u00e3o\"},\"image\":{\"@id\":\"https:\/\/www.notibras.com\/site\/#\/schema\/logo\/image\/\"},\"sameAs\":[\"https:\/\/www.facebook.com\/notibras\/\",\"https:\/\/x.com\/Notibras\",\"https:\/\/www.instagram.com\/notibras\/\"]},{\"@type\":\"Person\",\"@id\":\"https:\/\/www.notibras.com\/site\/#\/schema\/person\/36ab0979449956132d3e5b517ea76ac8\",\"name\":\"Reda\u00e7\u00e3o\",\"image\":{\"@type\":\"ImageObject\",\"inLanguage\":\"pt-BR\",\"@id\":\"https:\/\/secure.gravatar.com\/avatar\/e0a867bdedb85fd243eadf09663511f96fc81e0720a4a42581f334ad4303aa6b?s=96&d=mm&r=g\",\"url\":\"https:\/\/secure.gravatar.com\/avatar\/e0a867bdedb85fd243eadf09663511f96fc81e0720a4a42581f334ad4303aa6b?s=96&d=mm&r=g\",\"contentUrl\":\"https:\/\/secure.gravatar.com\/avatar\/e0a867bdedb85fd243eadf09663511f96fc81e0720a4a42581f334ad4303aa6b?s=96&d=mm&r=g\",\"caption\":\"Reda\u00e7\u00e3o\"}}]}<\/script>\n<!-- \/ Yoast SEO plugin. -->","yoast_head_json":{"title":"Gol minguado de p\u00eanalti garante vit\u00f3ria do Vasco contra ABC - Notibras","robots":{"index":"index","follow":"follow","max-snippet":"max-snippet:-1","max-image-preview":"max-image-preview:large","max-video-preview":"max-video-preview:-1"},"canonical":"https:\/\/www.notibras.com\/site\/gol-minguado-de-penalti-garante-vitoria-do-vasco-contra-abc\/","og_locale":"pt_BR","og_type":"article","og_title":"Gol minguado de p\u00eanalti garante vit\u00f3ria do Vasco contra ABC - Notibras","og_description":"Ap\u00f3s viver rodadas de instabilidade e drama na S\u00e9rie B, o Vasco da Gama finalmente conseguiu dar a resposta diante da torcida. Bastou uma vit\u00f3ria relativamente tranquila\u00a0contra o ABC, por 1 a 0, neste s\u00e1bado, para o time mostrar que deve conquistar o acesso para a S\u00e9rie A de 2015. Ainda em terceiro, o time [&hellip;]","og_url":"https:\/\/www.notibras.com\/site\/gol-minguado-de-penalti-garante-vitoria-do-vasco-contra-abc\/","og_site_name":"Notibras","article_publisher":"https:\/\/www.facebook.com\/notibras\/","article_published_time":"2014-11-08T21:32:06+00:00","article_modified_time":"2014-11-08T21:33:36+00:00","og_image":[{"width":850,"height":567,"url":"https:\/\/www.notibras.com\/site\/wp-content\/uploads\/2014\/11\/e1.jpg","type":"image\/jpeg"}],"author":"Reda\u00e7\u00e3o","twitter_card":"summary_large_image","twitter_creator":"@Notibras","twitter_site":"@Notibras","twitter_misc":{"Escrito por":"Reda\u00e7\u00e3o","Est. tempo de leitura":"2 minutos"},"schema":{"@context":"https:\/\/schema.org","@graph":[{"@type":"Article","@id":"https:\/\/www.notibras.com\/site\/gol-minguado-de-penalti-garante-vitoria-do-vasco-contra-abc\/#article","isPartOf":{"@id":"https:\/\/www.notibras.com\/site\/gol-minguado-de-penalti-garante-vitoria-do-vasco-contra-abc\/"},"author":{"name":"Reda\u00e7\u00e3o","@id":"https:\/\/www.notibras.com\/site\/#\/schema\/person\/36ab0979449956132d3e5b517ea76ac8"},"headline":"Gol minguado de p\u00eanalti garante vit\u00f3ria do Vasco contra ABC","datePublished":"2014-11-08T21:32:06+00:00","dateModified":"2014-11-08T21:33:36+00:00","mainEntityOfPage":{"@id":"https:\/\/www.notibras.com\/site\/gol-minguado-de-penalti-garante-vitoria-do-vasco-contra-abc\/"},"wordCount":386,"commentCount":0,"publisher":{"@id":"https:\/\/www.notibras.com\/site\/#organization"},"image":{"@id":"https:\/\/www.notibras.com\/site\/gol-minguado-de-penalti-garante-vitoria-do-vasco-contra-abc\/#primaryimage"},"thumbnailUrl":"https:\/\/www.notibras.com\/site\/wp-content\/uploads\/2014\/11\/e1.jpg","articleSection":["Esportes","Futebol"],"inLanguage":"pt-BR","potentialAction":[{"@type":"CommentAction","name":"Comment","target":["https:\/\/www.notibras.com\/site\/gol-minguado-de-penalti-garante-vitoria-do-vasco-contra-abc\/#respond"]}]},{"@type":"WebPage","@id":"https:\/\/www.notibras.com\/site\/gol-minguado-de-penalti-garante-vitoria-do-vasco-contra-abc\/","url":"https:\/\/www.notibras.com\/site\/gol-minguado-de-penalti-garante-vitoria-do-vasco-contra-abc\/","name":"Gol minguado de p\u00eanalti garante vit\u00f3ria do Vasco contra ABC - Notibras","isPartOf":{"@id":"https:\/\/www.notibras.com\/site\/#website"},"primaryImageOfPage":{"@id":"https:\/\/www.notibras.com\/site\/gol-minguado-de-penalti-garante-vitoria-do-vasco-contra-abc\/#primaryimage"},"image":{"@id":"https:\/\/www.notibras.com\/site\/gol-minguado-de-penalti-garante-vitoria-do-vasco-contra-abc\/#primaryimage"},"thumbnailUrl":"https:\/\/www.notibras.com\/site\/wp-content\/uploads\/2014\/11\/e1.jpg","datePublished":"2014-11-08T21:32:06+00:00","dateModified":"2014-11-08T21:33:36+00:00","breadcrumb":{"@id":"https:\/\/www.notibras.com\/site\/gol-minguado-de-penalti-garante-vitoria-do-vasco-contra-abc\/#breadcrumb"},"inLanguage":"pt-BR","potentialAction":[{"@type":"ReadAction","target":["https:\/\/www.notibras.com\/site\/gol-minguado-de-penalti-garante-vitoria-do-vasco-contra-abc\/"]}]},{"@type":"ImageObject","inLanguage":"pt-BR","@id":"https:\/\/www.notibras.com\/site\/gol-minguado-de-penalti-garante-vitoria-do-vasco-contra-abc\/#primaryimage","url":"https:\/\/www.notibras.com\/site\/wp-content\/uploads\/2014\/11\/e1.jpg","contentUrl":"https:\/\/www.notibras.com\/site\/wp-content\/uploads\/2014\/11\/e1.jpg","width":850,"height":567},{"@type":"BreadcrumbList","@id":"https:\/\/www.notibras.com\/site\/gol-minguado-de-penalti-garante-vitoria-do-vasco-contra-abc\/#breadcrumb","itemListElement":[{"@type":"ListItem","position":1,"name":"In\u00edcio","item":"https:\/\/www.notibras.com\/site\/"},{"@type":"ListItem","position":2,"name":"Gol minguado de p\u00eanalti garante vit\u00f3ria do Vasco contra ABC"}]},{"@type":"WebSite","@id":"https:\/\/www.notibras.com\/site\/#website","url":"https:\/\/www.notibras.com\/site\/","name":"Notibras","description":"Not\u00edcias de Bras\u00edlia, do Brasil e do Mundo","publisher":{"@id":"https:\/\/www.notibras.com\/site\/#organization"},"potentialAction":[{"@type":"SearchAction","target":{"@type":"EntryPoint","urlTemplate":"https:\/\/www.notibras.com\/site\/?s={search_term_string}"},"query-input":{"@type":"PropertyValueSpecification","valueRequired":true,"valueName":"search_term_string"}}],"inLanguage":"pt-BR"},{"@type":"Organization","@id":"https:\/\/www.notibras.com\/site\/#organization","name":"Grupo Notibras de Comunica\u00e7\u00e3o","url":"https:\/\/www.notibras.com\/site\/","logo":{"@type":"ImageObject","inLanguage":"pt-BR","@id":"https:\/\/www.notibras.com\/site\/#\/schema\/logo\/image\/","url":"https:\/\/www.notibras.com\/site\/wp-content\/uploads\/2023\/01\/notibras23.png","contentUrl":"https:\/\/www.notibras.com\/site\/wp-content\/uploads\/2023\/01\/notibras23.png","width":350,"height":87,"caption":"Grupo Notibras de Comunica\u00e7\u00e3o"},"image":{"@id":"https:\/\/www.notibras.com\/site\/#\/schema\/logo\/image\/"},"sameAs":["https:\/\/www.facebook.com\/notibras\/","https:\/\/x.com\/Notibras","https:\/\/www.instagram.com\/notibras\/"]},{"@type":"Person","@id":"https:\/\/www.notibras.com\/site\/#\/schema\/person\/36ab0979449956132d3e5b517ea76ac8","name":"Reda\u00e7\u00e3o","image":{"@type":"ImageObject","inLanguage":"pt-BR","@id":"https:\/\/secure.gravatar.com\/avatar\/e0a867bdedb85fd243eadf09663511f96fc81e0720a4a42581f334ad4303aa6b?s=96&d=mm&r=g","url":"https:\/\/secure.gravatar.com\/avatar\/e0a867bdedb85fd243eadf09663511f96fc81e0720a4a42581f334ad4303aa6b?s=96&d=mm&r=g","contentUrl":"https:\/\/secure.gravatar.com\/avatar\/e0a867bdedb85fd243eadf09663511f96fc81e0720a4a42581f334ad4303aa6b?s=96&d=mm&r=g","caption":"Reda\u00e7\u00e3o"}}]}},"amp_enabled":true,"_links":{"self":[{"href":"https:\/\/www.notibras.com\/site\/wp-json\/wp\/v2\/posts\/27428","targetHints":{"allow":["GET"]}}],"collection":[{"href":"https:\/\/www.notibras.com\/site\/wp-json\/wp\/v2\/posts"}],"about":[{"href":"https:\/\/www.notibras.com\/site\/wp-json\/wp\/v2\/types\/post"}],"author":[{"embeddable":true,"href":"https:\/\/www.notibras.com\/site\/wp-json\/wp\/v2\/users\/2"}],"replies":[{"embeddable":true,"href":"https:\/\/www.notibras.com\/site\/wp-json\/wp\/v2\/comments?post=27428"}],"version-history":[{"count":0,"href":"https:\/\/www.notibras.com\/site\/wp-json\/wp\/v2\/posts\/27428\/revisions"}],"wp:featuredmedia":[{"embeddable":true,"href":"https:\/\/www.notibras.com\/site\/wp-json\/wp\/v2\/media\/27429"}],"wp:attachment":[{"href":"https:\/\/www.notibras.com\/site\/wp-json\/wp\/v2\/media?parent=27428"}],"wp:term":[{"taxonomy":"category","embeddable":true,"href":"https:\/\/www.notibras.com\/site\/wp-json\/wp\/v2\/categories?post=27428"},{"taxonomy":"post_tag","embeddable":true,"href":"https:\/\/www.notibras.com\/site\/wp-json\/wp\/v2\/tags?post=27428"}],"curies":[{"name":"wp","href":"https:\/\/api.w.org\/{rel}","templated":true}]}}