{"id":27434,"date":"2014-11-08T17:40:08","date_gmt":"2014-11-08T20:40:08","guid":{"rendered":"http:\/\/www.notibras.com\/site\/?p=27434"},"modified":"2014-11-08T18:42:41","modified_gmt":"2014-11-08T21:42:41","slug":"torcida-invade-braganca-ponte-vence-e-volta-para-a-serie-a","status":"publish","type":"post","link":"https:\/\/www.notibras.com\/site\/torcida-invade-braganca-ponte-vence-e-volta-para-a-serie-a\/","title":{"rendered":"Torcida invade Bragan\u00e7a, Ponte vence e volta para a S\u00e9rie A"},"content":{"rendered":"<p class=\"text\">A Ponte Preta est\u00e1 de volta \u00e0 S\u00e9rie A do Campeonato Brasileiro. Com quatro rodadas de anteced\u00eancia, a equipe foi at\u00e9 Bragan\u00e7a Paulista neste s\u00e1bado e conquistou o resultado que precisava: o 2 a 0 sobre o Bragantino, alcan\u00e7ado no segundo tempo com Alexandro, em cobran\u00e7a de p\u00eanalti que n\u00e3o existiu, e gola\u00e7o de Roni, devolve o time de Campinas ao primeiro escal\u00e3o do futebol brasileiro para del\u00edrio dos torcedores,\u00a0que superlotaram o setor visitante com mais de cinco mil pessoas\u00a0no p\u00fablico de aproximadamente oito mil. A &#8220;macacada&#8221; voltou e fez muita festa.<\/p>\n<p class=\"text\">O mart\u00edrio na segunda divis\u00e3o foi r\u00e1pido: ap\u00f3s queda em 2013, quando ainda levou o vice-campeonato da Copa Sul-Americana, a Ponte j\u00e1 conseguiu o acesso no ano seguinte. Contudo, a equipe de Guto Ferreira, que n\u00e3o pode comandar o time em campo por puni\u00e7\u00e3o do STJD,\u00a0segue em clima de decis\u00e3o na S\u00e9rie B: com 67 pontos e\u00a0h\u00e1 13 rodadas invicta, tem \u201cfinal\u00a0antecipada&#8221; no pr\u00f3ximo s\u00e1bado, \u00e0s 16h20 (de Bras\u00edlia), diante do vice-l\u00edder Joinville, que tem apenas um ponto a menos. Seria a primeira grande conquista da Ponte em 114 anos.<\/p>\n<p>A equipe de Bragan\u00e7a, por sua vez, tem muito a reclamar do p\u00eanalti marcado para os pontepretanos. A luta do Bragantino para fugir da S\u00e9rie C continua: o time segue com 39 pontos, em 15\u00ba, a apenas um da zona da degola. Na pr\u00f3xima rodada, recebe o Santa Cruz, que briga para subir, \u00e0s 17h20 de s\u00e1bado.<\/p>\n<blockquote><p>Com o apoio de um grande n\u00famero de torcedores nas arquibancadas, a Ponte foi superior desde os primeiros minutos da truncada etapa inicial. A equipe campineira teve chances com Alexandro, de cabe\u00e7a, e Rafael Costa, de meia-bicicleta, nos primeiros 20 minutos, mas sofreu enorme susto aos 39min, quando L\u00e9o Jaime achou Luisinho sozinho quase na pequena \u00e1rea, mas o jogador do Bragantino perdeu gol incr\u00edvel.<\/p><\/blockquote>\n<p>Ap\u00f3s a grande oportunidade do time da casa, a Ponte voltou a assustar. E em lance magn\u00edfico. Em contra-ataque, Alexandro recebeu na entrada da \u00e1rea, cortou para o meio e chutou colocado no canto esquerdo do goleiro. A bola caprichosamente bateu no lado de dentro da trave e passou em frente ao gol para manter o placar zerado at\u00e9 o intervalo.<\/p>\n<p>A etapa final seguiu animada e logo aos 5min Fernando Bob obrigou o goleiro Matheus, do time de Bragan\u00e7a, a fazer grande defesa ap\u00f3s boa trama do ataque. O Bragantino, contudo, cresceu ap\u00f3s a entrada de Erick e teve tr\u00eas chances de abrir o placar em lances sequenciais com a participa\u00e7\u00e3o do atacante. Os donos da casa ainda tiveram outra chance com Magno Cruz, mas a Ponte retomou o dom\u00ednio do jogo.<\/p>\n<p>Aos 28min, um lance pol\u00eamico mudou o destino do duelo. O pontepretano Roni recebeu na \u00e1rea, limpou um zagueiro e se jogou. Erroneamente, o \u00e1rbitro Fl\u00e1vio Rodrigues Guerra marcou p\u00eanalti. Na cobran\u00e7a. Alexandro deslocou o goleiro e levou o del\u00edrio \u00e0 torcida, que passou a entoar &#8220;a macacada voltou\u201d. Roni, aos 42min, fez gola\u00e7o de fora da \u00e1rea para fechar o placar e amenizar a pol\u00eamica no sonhado dia do acesso da equipe.<\/p>\n","protected":false},"excerpt":{"rendered":"<p>A Ponte Preta est\u00e1 de volta \u00e0 S\u00e9rie A do Campeonato Brasileiro. Com quatro rodadas de anteced\u00eancia, a equipe foi at\u00e9 Bragan\u00e7a Paulista neste s\u00e1bado e conquistou o resultado que precisava: o 2 a 0 sobre o Bragantino, alcan\u00e7ado no segundo tempo com Alexandro, em cobran\u00e7a de p\u00eanalti que n\u00e3o existiu, e gola\u00e7o de Roni, [&hellip;]<\/p>\n","protected":false},"author":2,"featured_media":27435,"comment_status":"open","ping_status":"closed","sticky":false,"template":"","format":"standard","meta":{"_acf_changed":false,"footnotes":""},"categories":[19,29],"tags":[],"class_list":["post-27434","post","type-post","status-publish","format-standard","has-post-thumbnail","hentry","category-esportes","category-futebol"],"acf":[],"yoast_head":"<!-- This site is optimized with the Yoast SEO plugin v27.2 - https:\/\/yoast.com\/product\/yoast-seo-wordpress\/ -->\n<title>Torcida invade Bragan\u00e7a, Ponte vence e volta para a S\u00e9rie A - Notibras<\/title>\n<meta name=\"robots\" content=\"index, follow, max-snippet:-1, max-image-preview:large, max-video-preview:-1\" \/>\n<link rel=\"canonical\" href=\"https:\/\/www.notibras.com\/site\/torcida-invade-braganca-ponte-vence-e-volta-para-a-serie-a\/\" \/>\n<meta property=\"og:locale\" content=\"pt_BR\" \/>\n<meta property=\"og:type\" content=\"article\" \/>\n<meta property=\"og:title\" content=\"Torcida invade Bragan\u00e7a, Ponte vence e volta para a S\u00e9rie A - Notibras\" \/>\n<meta property=\"og:description\" content=\"A Ponte Preta est\u00e1 de volta \u00e0 S\u00e9rie A do Campeonato Brasileiro. Com quatro rodadas de anteced\u00eancia, a equipe foi at\u00e9 Bragan\u00e7a Paulista neste s\u00e1bado e conquistou o resultado que precisava: o 2 a 0 sobre o Bragantino, alcan\u00e7ado no segundo tempo com Alexandro, em cobran\u00e7a de p\u00eanalti que n\u00e3o existiu, e gola\u00e7o de Roni, [&hellip;]\" \/>\n<meta property=\"og:url\" content=\"https:\/\/www.notibras.com\/site\/torcida-invade-braganca-ponte-vence-e-volta-para-a-serie-a\/\" \/>\n<meta property=\"og:site_name\" content=\"Notibras\" \/>\n<meta property=\"article:publisher\" content=\"https:\/\/www.facebook.com\/notibras\/\" \/>\n<meta property=\"article:published_time\" content=\"2014-11-08T20:40:08+00:00\" \/>\n<meta property=\"article:modified_time\" content=\"2014-11-08T21:42:41+00:00\" \/>\n<meta property=\"og:image\" content=\"https:\/\/www.notibras.com\/site\/wp-content\/uploads\/2014\/11\/02pontefestejagolrodrigovillalbafp.jpg\" \/>\n\t<meta property=\"og:image:width\" content=\"460\" \/>\n\t<meta property=\"og:image:height\" content=\"340\" \/>\n\t<meta property=\"og:image:type\" content=\"image\/jpeg\" \/>\n<meta name=\"author\" content=\"Reda\u00e7\u00e3o\" \/>\n<meta name=\"twitter:card\" content=\"summary_large_image\" \/>\n<meta name=\"twitter:creator\" content=\"@Notibras\" \/>\n<meta name=\"twitter:site\" content=\"@Notibras\" \/>\n<meta name=\"twitter:label1\" content=\"Escrito por\" \/>\n\t<meta name=\"twitter:data1\" content=\"Reda\u00e7\u00e3o\" \/>\n\t<meta name=\"twitter:label2\" content=\"Est. tempo de leitura\" \/>\n\t<meta name=\"twitter:data2\" content=\"3 minutos\" \/>\n<script type=\"application\/ld+json\" class=\"yoast-schema-graph\">{\"@context\":\"https:\/\/schema.org\",\"@graph\":[{\"@type\":\"Article\",\"@id\":\"https:\/\/www.notibras.com\/site\/torcida-invade-braganca-ponte-vence-e-volta-para-a-serie-a\/#article\",\"isPartOf\":{\"@id\":\"https:\/\/www.notibras.com\/site\/torcida-invade-braganca-ponte-vence-e-volta-para-a-serie-a\/\"},\"author\":{\"name\":\"Reda\u00e7\u00e3o\",\"@id\":\"https:\/\/www.notibras.com\/site\/#\/schema\/person\/36ab0979449956132d3e5b517ea76ac8\"},\"headline\":\"Torcida invade Bragan\u00e7a, Ponte vence e volta para a S\u00e9rie A\",\"datePublished\":\"2014-11-08T20:40:08+00:00\",\"dateModified\":\"2014-11-08T21:42:41+00:00\",\"mainEntityOfPage\":{\"@id\":\"https:\/\/www.notibras.com\/site\/torcida-invade-braganca-ponte-vence-e-volta-para-a-serie-a\/\"},\"wordCount\":565,\"commentCount\":0,\"publisher\":{\"@id\":\"https:\/\/www.notibras.com\/site\/#organization\"},\"image\":{\"@id\":\"https:\/\/www.notibras.com\/site\/torcida-invade-braganca-ponte-vence-e-volta-para-a-serie-a\/#primaryimage\"},\"thumbnailUrl\":\"https:\/\/www.notibras.com\/site\/wp-content\/uploads\/2014\/11\/02pontefestejagolrodrigovillalbafp.jpg\",\"articleSection\":[\"Esportes\",\"Futebol\"],\"inLanguage\":\"pt-BR\",\"potentialAction\":[{\"@type\":\"CommentAction\",\"name\":\"Comment\",\"target\":[\"https:\/\/www.notibras.com\/site\/torcida-invade-braganca-ponte-vence-e-volta-para-a-serie-a\/#respond\"]}]},{\"@type\":\"WebPage\",\"@id\":\"https:\/\/www.notibras.com\/site\/torcida-invade-braganca-ponte-vence-e-volta-para-a-serie-a\/\",\"url\":\"https:\/\/www.notibras.com\/site\/torcida-invade-braganca-ponte-vence-e-volta-para-a-serie-a\/\",\"name\":\"Torcida invade Bragan\u00e7a, Ponte vence e volta para a S\u00e9rie A - Notibras\",\"isPartOf\":{\"@id\":\"https:\/\/www.notibras.com\/site\/#website\"},\"primaryImageOfPage\":{\"@id\":\"https:\/\/www.notibras.com\/site\/torcida-invade-braganca-ponte-vence-e-volta-para-a-serie-a\/#primaryimage\"},\"image\":{\"@id\":\"https:\/\/www.notibras.com\/site\/torcida-invade-braganca-ponte-vence-e-volta-para-a-serie-a\/#primaryimage\"},\"thumbnailUrl\":\"https:\/\/www.notibras.com\/site\/wp-content\/uploads\/2014\/11\/02pontefestejagolrodrigovillalbafp.jpg\",\"datePublished\":\"2014-11-08T20:40:08+00:00\",\"dateModified\":\"2014-11-08T21:42:41+00:00\",\"breadcrumb\":{\"@id\":\"https:\/\/www.notibras.com\/site\/torcida-invade-braganca-ponte-vence-e-volta-para-a-serie-a\/#breadcrumb\"},\"inLanguage\":\"pt-BR\",\"potentialAction\":[{\"@type\":\"ReadAction\",\"target\":[\"https:\/\/www.notibras.com\/site\/torcida-invade-braganca-ponte-vence-e-volta-para-a-serie-a\/\"]}]},{\"@type\":\"ImageObject\",\"inLanguage\":\"pt-BR\",\"@id\":\"https:\/\/www.notibras.com\/site\/torcida-invade-braganca-ponte-vence-e-volta-para-a-serie-a\/#primaryimage\",\"url\":\"https:\/\/www.notibras.com\/site\/wp-content\/uploads\/2014\/11\/02pontefestejagolrodrigovillalbafp.jpg\",\"contentUrl\":\"https:\/\/www.notibras.com\/site\/wp-content\/uploads\/2014\/11\/02pontefestejagolrodrigovillalbafp.jpg\",\"width\":460,\"height\":340},{\"@type\":\"BreadcrumbList\",\"@id\":\"https:\/\/www.notibras.com\/site\/torcida-invade-braganca-ponte-vence-e-volta-para-a-serie-a\/#breadcrumb\",\"itemListElement\":[{\"@type\":\"ListItem\",\"position\":1,\"name\":\"In\u00edcio\",\"item\":\"https:\/\/www.notibras.com\/site\/\"},{\"@type\":\"ListItem\",\"position\":2,\"name\":\"Torcida invade Bragan\u00e7a, Ponte vence e volta para a S\u00e9rie A\"}]},{\"@type\":\"WebSite\",\"@id\":\"https:\/\/www.notibras.com\/site\/#website\",\"url\":\"https:\/\/www.notibras.com\/site\/\",\"name\":\"Notibras\",\"description\":\"Not\u00edcias de Bras\u00edlia, do Brasil e do Mundo\",\"publisher\":{\"@id\":\"https:\/\/www.notibras.com\/site\/#organization\"},\"potentialAction\":[{\"@type\":\"SearchAction\",\"target\":{\"@type\":\"EntryPoint\",\"urlTemplate\":\"https:\/\/www.notibras.com\/site\/?s={search_term_string}\"},\"query-input\":{\"@type\":\"PropertyValueSpecification\",\"valueRequired\":true,\"valueName\":\"search_term_string\"}}],\"inLanguage\":\"pt-BR\"},{\"@type\":\"Organization\",\"@id\":\"https:\/\/www.notibras.com\/site\/#organization\",\"name\":\"Grupo Notibras de Comunica\u00e7\u00e3o\",\"url\":\"https:\/\/www.notibras.com\/site\/\",\"logo\":{\"@type\":\"ImageObject\",\"inLanguage\":\"pt-BR\",\"@id\":\"https:\/\/www.notibras.com\/site\/#\/schema\/logo\/image\/\",\"url\":\"https:\/\/www.notibras.com\/site\/wp-content\/uploads\/2023\/01\/notibras23.png\",\"contentUrl\":\"https:\/\/www.notibras.com\/site\/wp-content\/uploads\/2023\/01\/notibras23.png\",\"width\":350,\"height\":87,\"caption\":\"Grupo Notibras de Comunica\u00e7\u00e3o\"},\"image\":{\"@id\":\"https:\/\/www.notibras.com\/site\/#\/schema\/logo\/image\/\"},\"sameAs\":[\"https:\/\/www.facebook.com\/notibras\/\",\"https:\/\/x.com\/Notibras\",\"https:\/\/www.instagram.com\/notibras\/\"]},{\"@type\":\"Person\",\"@id\":\"https:\/\/www.notibras.com\/site\/#\/schema\/person\/36ab0979449956132d3e5b517ea76ac8\",\"name\":\"Reda\u00e7\u00e3o\",\"image\":{\"@type\":\"ImageObject\",\"inLanguage\":\"pt-BR\",\"@id\":\"https:\/\/secure.gravatar.com\/avatar\/e0a867bdedb85fd243eadf09663511f96fc81e0720a4a42581f334ad4303aa6b?s=96&d=mm&r=g\",\"url\":\"https:\/\/secure.gravatar.com\/avatar\/e0a867bdedb85fd243eadf09663511f96fc81e0720a4a42581f334ad4303aa6b?s=96&d=mm&r=g\",\"contentUrl\":\"https:\/\/secure.gravatar.com\/avatar\/e0a867bdedb85fd243eadf09663511f96fc81e0720a4a42581f334ad4303aa6b?s=96&d=mm&r=g\",\"caption\":\"Reda\u00e7\u00e3o\"}}]}<\/script>\n<!-- \/ Yoast SEO plugin. -->","yoast_head_json":{"title":"Torcida invade Bragan\u00e7a, Ponte vence e volta para a S\u00e9rie A - Notibras","robots":{"index":"index","follow":"follow","max-snippet":"max-snippet:-1","max-image-preview":"max-image-preview:large","max-video-preview":"max-video-preview:-1"},"canonical":"https:\/\/www.notibras.com\/site\/torcida-invade-braganca-ponte-vence-e-volta-para-a-serie-a\/","og_locale":"pt_BR","og_type":"article","og_title":"Torcida invade Bragan\u00e7a, Ponte vence e volta para a S\u00e9rie A - Notibras","og_description":"A Ponte Preta est\u00e1 de volta \u00e0 S\u00e9rie A do Campeonato Brasileiro. Com quatro rodadas de anteced\u00eancia, a equipe foi at\u00e9 Bragan\u00e7a Paulista neste s\u00e1bado e conquistou o resultado que precisava: o 2 a 0 sobre o Bragantino, alcan\u00e7ado no segundo tempo com Alexandro, em cobran\u00e7a de p\u00eanalti que n\u00e3o existiu, e gola\u00e7o de Roni, [&hellip;]","og_url":"https:\/\/www.notibras.com\/site\/torcida-invade-braganca-ponte-vence-e-volta-para-a-serie-a\/","og_site_name":"Notibras","article_publisher":"https:\/\/www.facebook.com\/notibras\/","article_published_time":"2014-11-08T20:40:08+00:00","article_modified_time":"2014-11-08T21:42:41+00:00","og_image":[{"width":460,"height":340,"url":"https:\/\/www.notibras.com\/site\/wp-content\/uploads\/2014\/11\/02pontefestejagolrodrigovillalbafp.jpg","type":"image\/jpeg"}],"author":"Reda\u00e7\u00e3o","twitter_card":"summary_large_image","twitter_creator":"@Notibras","twitter_site":"@Notibras","twitter_misc":{"Escrito por":"Reda\u00e7\u00e3o","Est. tempo de leitura":"3 minutos"},"schema":{"@context":"https:\/\/schema.org","@graph":[{"@type":"Article","@id":"https:\/\/www.notibras.com\/site\/torcida-invade-braganca-ponte-vence-e-volta-para-a-serie-a\/#article","isPartOf":{"@id":"https:\/\/www.notibras.com\/site\/torcida-invade-braganca-ponte-vence-e-volta-para-a-serie-a\/"},"author":{"name":"Reda\u00e7\u00e3o","@id":"https:\/\/www.notibras.com\/site\/#\/schema\/person\/36ab0979449956132d3e5b517ea76ac8"},"headline":"Torcida invade Bragan\u00e7a, Ponte vence e volta para a S\u00e9rie A","datePublished":"2014-11-08T20:40:08+00:00","dateModified":"2014-11-08T21:42:41+00:00","mainEntityOfPage":{"@id":"https:\/\/www.notibras.com\/site\/torcida-invade-braganca-ponte-vence-e-volta-para-a-serie-a\/"},"wordCount":565,"commentCount":0,"publisher":{"@id":"https:\/\/www.notibras.com\/site\/#organization"},"image":{"@id":"https:\/\/www.notibras.com\/site\/torcida-invade-braganca-ponte-vence-e-volta-para-a-serie-a\/#primaryimage"},"thumbnailUrl":"https:\/\/www.notibras.com\/site\/wp-content\/uploads\/2014\/11\/02pontefestejagolrodrigovillalbafp.jpg","articleSection":["Esportes","Futebol"],"inLanguage":"pt-BR","potentialAction":[{"@type":"CommentAction","name":"Comment","target":["https:\/\/www.notibras.com\/site\/torcida-invade-braganca-ponte-vence-e-volta-para-a-serie-a\/#respond"]}]},{"@type":"WebPage","@id":"https:\/\/www.notibras.com\/site\/torcida-invade-braganca-ponte-vence-e-volta-para-a-serie-a\/","url":"https:\/\/www.notibras.com\/site\/torcida-invade-braganca-ponte-vence-e-volta-para-a-serie-a\/","name":"Torcida invade Bragan\u00e7a, Ponte vence e volta para a S\u00e9rie A - Notibras","isPartOf":{"@id":"https:\/\/www.notibras.com\/site\/#website"},"primaryImageOfPage":{"@id":"https:\/\/www.notibras.com\/site\/torcida-invade-braganca-ponte-vence-e-volta-para-a-serie-a\/#primaryimage"},"image":{"@id":"https:\/\/www.notibras.com\/site\/torcida-invade-braganca-ponte-vence-e-volta-para-a-serie-a\/#primaryimage"},"thumbnailUrl":"https:\/\/www.notibras.com\/site\/wp-content\/uploads\/2014\/11\/02pontefestejagolrodrigovillalbafp.jpg","datePublished":"2014-11-08T20:40:08+00:00","dateModified":"2014-11-08T21:42:41+00:00","breadcrumb":{"@id":"https:\/\/www.notibras.com\/site\/torcida-invade-braganca-ponte-vence-e-volta-para-a-serie-a\/#breadcrumb"},"inLanguage":"pt-BR","potentialAction":[{"@type":"ReadAction","target":["https:\/\/www.notibras.com\/site\/torcida-invade-braganca-ponte-vence-e-volta-para-a-serie-a\/"]}]},{"@type":"ImageObject","inLanguage":"pt-BR","@id":"https:\/\/www.notibras.com\/site\/torcida-invade-braganca-ponte-vence-e-volta-para-a-serie-a\/#primaryimage","url":"https:\/\/www.notibras.com\/site\/wp-content\/uploads\/2014\/11\/02pontefestejagolrodrigovillalbafp.jpg","contentUrl":"https:\/\/www.notibras.com\/site\/wp-content\/uploads\/2014\/11\/02pontefestejagolrodrigovillalbafp.jpg","width":460,"height":340},{"@type":"BreadcrumbList","@id":"https:\/\/www.notibras.com\/site\/torcida-invade-braganca-ponte-vence-e-volta-para-a-serie-a\/#breadcrumb","itemListElement":[{"@type":"ListItem","position":1,"name":"In\u00edcio","item":"https:\/\/www.notibras.com\/site\/"},{"@type":"ListItem","position":2,"name":"Torcida invade Bragan\u00e7a, Ponte vence e volta para a S\u00e9rie A"}]},{"@type":"WebSite","@id":"https:\/\/www.notibras.com\/site\/#website","url":"https:\/\/www.notibras.com\/site\/","name":"Notibras","description":"Not\u00edcias de Bras\u00edlia, do Brasil e do Mundo","publisher":{"@id":"https:\/\/www.notibras.com\/site\/#organization"},"potentialAction":[{"@type":"SearchAction","target":{"@type":"EntryPoint","urlTemplate":"https:\/\/www.notibras.com\/site\/?s={search_term_string}"},"query-input":{"@type":"PropertyValueSpecification","valueRequired":true,"valueName":"search_term_string"}}],"inLanguage":"pt-BR"},{"@type":"Organization","@id":"https:\/\/www.notibras.com\/site\/#organization","name":"Grupo Notibras de Comunica\u00e7\u00e3o","url":"https:\/\/www.notibras.com\/site\/","logo":{"@type":"ImageObject","inLanguage":"pt-BR","@id":"https:\/\/www.notibras.com\/site\/#\/schema\/logo\/image\/","url":"https:\/\/www.notibras.com\/site\/wp-content\/uploads\/2023\/01\/notibras23.png","contentUrl":"https:\/\/www.notibras.com\/site\/wp-content\/uploads\/2023\/01\/notibras23.png","width":350,"height":87,"caption":"Grupo Notibras de Comunica\u00e7\u00e3o"},"image":{"@id":"https:\/\/www.notibras.com\/site\/#\/schema\/logo\/image\/"},"sameAs":["https:\/\/www.facebook.com\/notibras\/","https:\/\/x.com\/Notibras","https:\/\/www.instagram.com\/notibras\/"]},{"@type":"Person","@id":"https:\/\/www.notibras.com\/site\/#\/schema\/person\/36ab0979449956132d3e5b517ea76ac8","name":"Reda\u00e7\u00e3o","image":{"@type":"ImageObject","inLanguage":"pt-BR","@id":"https:\/\/secure.gravatar.com\/avatar\/e0a867bdedb85fd243eadf09663511f96fc81e0720a4a42581f334ad4303aa6b?s=96&d=mm&r=g","url":"https:\/\/secure.gravatar.com\/avatar\/e0a867bdedb85fd243eadf09663511f96fc81e0720a4a42581f334ad4303aa6b?s=96&d=mm&r=g","contentUrl":"https:\/\/secure.gravatar.com\/avatar\/e0a867bdedb85fd243eadf09663511f96fc81e0720a4a42581f334ad4303aa6b?s=96&d=mm&r=g","caption":"Reda\u00e7\u00e3o"}}]}},"amp_enabled":true,"_links":{"self":[{"href":"https:\/\/www.notibras.com\/site\/wp-json\/wp\/v2\/posts\/27434","targetHints":{"allow":["GET"]}}],"collection":[{"href":"https:\/\/www.notibras.com\/site\/wp-json\/wp\/v2\/posts"}],"about":[{"href":"https:\/\/www.notibras.com\/site\/wp-json\/wp\/v2\/types\/post"}],"author":[{"embeddable":true,"href":"https:\/\/www.notibras.com\/site\/wp-json\/wp\/v2\/users\/2"}],"replies":[{"embeddable":true,"href":"https:\/\/www.notibras.com\/site\/wp-json\/wp\/v2\/comments?post=27434"}],"version-history":[{"count":0,"href":"https:\/\/www.notibras.com\/site\/wp-json\/wp\/v2\/posts\/27434\/revisions"}],"wp:featuredmedia":[{"embeddable":true,"href":"https:\/\/www.notibras.com\/site\/wp-json\/wp\/v2\/media\/27435"}],"wp:attachment":[{"href":"https:\/\/www.notibras.com\/site\/wp-json\/wp\/v2\/media?parent=27434"}],"wp:term":[{"taxonomy":"category","embeddable":true,"href":"https:\/\/www.notibras.com\/site\/wp-json\/wp\/v2\/categories?post=27434"},{"taxonomy":"post_tag","embeddable":true,"href":"https:\/\/www.notibras.com\/site\/wp-json\/wp\/v2\/tags?post=27434"}],"curies":[{"name":"wp","href":"https:\/\/api.w.org\/{rel}","templated":true}]}}