{"id":27473,"date":"2014-11-08T21:01:16","date_gmt":"2014-11-09T00:01:16","guid":{"rendered":"http:\/\/www.notibras.com\/site\/?p=27473"},"modified":"2014-11-09T11:26:41","modified_gmt":"2014-11-09T14:26:41","slug":"galo-coloca-pintinhos-em-campo-vence-entra-no-g4-e-complica-vida-do-porco","status":"publish","type":"post","link":"https:\/\/www.notibras.com\/site\/galo-coloca-pintinhos-em-campo-vence-entra-no-g4-e-complica-vida-do-porco\/","title":{"rendered":"Galo coloca pintinhos em campo, entra no G4 e complica Porco"},"content":{"rendered":"<p class=\"text\">O Palmeiras provou neste s\u00e1bado que realmente n\u00e3o est\u00e1 pronto para festas neste Campeonato Brasileiro. O time paulista tinha se afastado\u00a0da zona de rebaixamento, mas n\u00e3o conseguiu comemorar na despedida do Est\u00e1dio do Pacaembu.<\/p>\n<p class=\"text\">Por outro lado, o\u00a0Atl\u00e9tico-MG mostrou a for\u00e7a do seu elenco e\u00a0provou que merece brigar pelo G-4 na S\u00e9rie A e ainda estar na final da Copa do Brasil: mesmo com reservas em campo,\u00a0venceu por 2 a 0 sem dar chances para o Palmeiras.<\/p>\n<p class=\"text\">O Palmeiras ficou com 39 pontos e est\u00e1 a cinco pontos da zona de rebaixamento. Os dois pr\u00f3ximos jogos do time s\u00e3o muito importantes: um cl\u00e1ssico contra o S\u00e3o Paulo, no pr\u00f3ximo domingo, e a estreia do Allianz Parque no dia 19, diante do Sport.<\/p>\n<p class=\"text\">J\u00e1 o Atl\u00e9tico-MG tem 57 pontos e entrou no G-4<a href=\"http:\/\/esportes.terra.com.br\/coritiba\/coritiba-respira-com-vitoria-no-couto-e-freia-fluminense,ab825c1e08199410VgnVCM20000099cceb0aRCRD.html\" target=\"_blank\">.<\/a> Agora com o time titular,\u00a0vai enfrentar o Cruzeiro no meio de semana, pela final da Copa do Brasil, e s\u00f3 voltar\u00e1 o foco para a S\u00e9rie A no domingo, contra o Figueirense.<\/p>\n<p>O primeiro tempo j\u00e1 deixou a impress\u00e3o de que tudo estava invertido: os titulares do Palmeiras pareciam reservas, pois jogaram muito mal, erraram lances f\u00e1ceis e tomaram muitos sustos. J\u00e1 os reservas do Atl\u00e9tico-MG mostraram calma, foram melhores e abriram o placar.<\/p>\n<blockquote><p>O Palmeiras at\u00e9 poderia ter sa\u00eddo na frente, mas Henrique desperdi\u00e7ou duas boas chances. Em uma delas, chegou a driblar o goleiro Victor, mas chutou para longe, mesmo com o gol aberto. Depois, aos 32min, tentou finalizar na pequena \u00e1rea, mas n\u00e3o alcan\u00e7ou a bola e se jogou.<\/p><\/blockquote>\n<p>Mas o Atl\u00e9tico-MG n\u00e3o se assustou com isso e nem com as defesas de Fernando Prass, que salvou o Palmeiras at\u00e9 os 38min. Foi quando Tiago subiu sozinho na \u00e1rea e fez o gol de cabe\u00e7a.<\/p>\n<p>O t\u00e9cnico Dorival J\u00fanior entendeu que o problema do time estava no ataque e mudou seus dois pontas no intervalo: Mouche e Diogo entraram. A ideia era dar mais companhia para Valdivia, que ficou sozinho armando as jogadas do time no primeiro tempo, enquanto Allione e Mazinho sumiam ou erravam demais.<\/p>\n<p>O Palmeiras passou a ter mais presen\u00e7a na frente, mas o Atl\u00e9tico-MG acertou um contra-ataque fatal aos 19min: Dod\u00f4 abriu pra Pedro Botelho na esquerda, recebeu de volta e passou facilmente pela marca\u00e7\u00e3o bizarra de Renato. De frente para Prass, o jovem de 20 anos finalizou con sucesso para o gol.<\/p>\n<p>Ent\u00e3o o jogo ficou do jeito que o Atl\u00e9tico-MG queria, pois podia apenas se fechar na defesa para segurar o resultado. Apesar de estar bem compactuado e concentrado, nem sempre a marca\u00e7\u00e3o deu certo. Juninho ficou de frente para o gol aos 32min, mas chutou fraco demais e mostrou que o Atl\u00e9tico-MG nem precisava se preocupar, pois o Palmeiras se complicava sozinho, como tem feito em todo Campeonato Brasileiro.<\/p>\n","protected":false},"excerpt":{"rendered":"<p>O Palmeiras provou neste s\u00e1bado que realmente n\u00e3o est\u00e1 pronto para festas neste Campeonato Brasileiro. O time paulista tinha se afastado\u00a0da zona de rebaixamento, mas n\u00e3o conseguiu comemorar na despedida do Est\u00e1dio do Pacaembu. Por outro lado, o\u00a0Atl\u00e9tico-MG mostrou a for\u00e7a do seu elenco e\u00a0provou que merece brigar pelo G-4 na S\u00e9rie A e ainda [&hellip;]<\/p>\n","protected":false},"author":2,"featured_media":27474,"comment_status":"open","ping_status":"closed","sticky":false,"template":"","format":"standard","meta":{"_acf_changed":false,"footnotes":""},"categories":[19,29],"tags":[],"class_list":["post-27473","post","type-post","status-publish","format-standard","has-post-thumbnail","hentry","category-esportes","category-futebol"],"acf":[],"yoast_head":"<!-- This site is optimized with the Yoast SEO plugin v27.2 - https:\/\/yoast.com\/product\/yoast-seo-wordpress\/ -->\n<title>Galo coloca pintinhos em campo, entra no G4 e complica Porco - Notibras<\/title>\n<meta name=\"robots\" content=\"index, follow, max-snippet:-1, max-image-preview:large, max-video-preview:-1\" \/>\n<link rel=\"canonical\" href=\"https:\/\/www.notibras.com\/site\/galo-coloca-pintinhos-em-campo-vence-entra-no-g4-e-complica-vida-do-porco\/\" \/>\n<meta property=\"og:locale\" content=\"pt_BR\" \/>\n<meta property=\"og:type\" content=\"article\" \/>\n<meta property=\"og:title\" content=\"Galo coloca pintinhos em campo, entra no G4 e complica Porco - Notibras\" \/>\n<meta property=\"og:description\" content=\"O Palmeiras provou neste s\u00e1bado que realmente n\u00e3o est\u00e1 pronto para festas neste Campeonato Brasileiro. O time paulista tinha se afastado\u00a0da zona de rebaixamento, mas n\u00e3o conseguiu comemorar na despedida do Est\u00e1dio do Pacaembu. Por outro lado, o\u00a0Atl\u00e9tico-MG mostrou a for\u00e7a do seu elenco e\u00a0provou que merece brigar pelo G-4 na S\u00e9rie A e ainda [&hellip;]\" \/>\n<meta property=\"og:url\" content=\"https:\/\/www.notibras.com\/site\/galo-coloca-pintinhos-em-campo-vence-entra-no-g4-e-complica-vida-do-porco\/\" \/>\n<meta property=\"og:site_name\" content=\"Notibras\" \/>\n<meta property=\"article:publisher\" content=\"https:\/\/www.facebook.com\/notibras\/\" \/>\n<meta property=\"article:published_time\" content=\"2014-11-09T00:01:16+00:00\" \/>\n<meta property=\"article:modified_time\" content=\"2014-11-09T14:26:41+00:00\" \/>\n<meta property=\"og:image\" content=\"https:\/\/www.notibras.com\/site\/wp-content\/uploads\/2014\/11\/10henriquesentecaidofriedemannvogelgetty.jpg\" \/>\n\t<meta property=\"og:image:width\" content=\"460\" \/>\n\t<meta property=\"og:image:height\" content=\"340\" \/>\n\t<meta property=\"og:image:type\" content=\"image\/jpeg\" \/>\n<meta name=\"author\" content=\"Reda\u00e7\u00e3o\" \/>\n<meta name=\"twitter:card\" content=\"summary_large_image\" \/>\n<meta name=\"twitter:creator\" content=\"@Notibras\" \/>\n<meta name=\"twitter:site\" content=\"@Notibras\" \/>\n<meta name=\"twitter:label1\" content=\"Escrito por\" \/>\n\t<meta name=\"twitter:data1\" content=\"Reda\u00e7\u00e3o\" \/>\n\t<meta name=\"twitter:label2\" content=\"Est. tempo de leitura\" \/>\n\t<meta name=\"twitter:data2\" content=\"2 minutos\" \/>\n<script type=\"application\/ld+json\" class=\"yoast-schema-graph\">{\"@context\":\"https:\/\/schema.org\",\"@graph\":[{\"@type\":\"Article\",\"@id\":\"https:\/\/www.notibras.com\/site\/galo-coloca-pintinhos-em-campo-vence-entra-no-g4-e-complica-vida-do-porco\/#article\",\"isPartOf\":{\"@id\":\"https:\/\/www.notibras.com\/site\/galo-coloca-pintinhos-em-campo-vence-entra-no-g4-e-complica-vida-do-porco\/\"},\"author\":{\"name\":\"Reda\u00e7\u00e3o\",\"@id\":\"https:\/\/www.notibras.com\/site\/#\/schema\/person\/36ab0979449956132d3e5b517ea76ac8\"},\"headline\":\"Galo coloca pintinhos em campo, entra no G4 e complica Porco\",\"datePublished\":\"2014-11-09T00:01:16+00:00\",\"dateModified\":\"2014-11-09T14:26:41+00:00\",\"mainEntityOfPage\":{\"@id\":\"https:\/\/www.notibras.com\/site\/galo-coloca-pintinhos-em-campo-vence-entra-no-g4-e-complica-vida-do-porco\/\"},\"wordCount\":504,\"commentCount\":0,\"publisher\":{\"@id\":\"https:\/\/www.notibras.com\/site\/#organization\"},\"image\":{\"@id\":\"https:\/\/www.notibras.com\/site\/galo-coloca-pintinhos-em-campo-vence-entra-no-g4-e-complica-vida-do-porco\/#primaryimage\"},\"thumbnailUrl\":\"https:\/\/www.notibras.com\/site\/wp-content\/uploads\/2014\/11\/10henriquesentecaidofriedemannvogelgetty.jpg\",\"articleSection\":[\"Esportes\",\"Futebol\"],\"inLanguage\":\"pt-BR\",\"potentialAction\":[{\"@type\":\"CommentAction\",\"name\":\"Comment\",\"target\":[\"https:\/\/www.notibras.com\/site\/galo-coloca-pintinhos-em-campo-vence-entra-no-g4-e-complica-vida-do-porco\/#respond\"]}]},{\"@type\":\"WebPage\",\"@id\":\"https:\/\/www.notibras.com\/site\/galo-coloca-pintinhos-em-campo-vence-entra-no-g4-e-complica-vida-do-porco\/\",\"url\":\"https:\/\/www.notibras.com\/site\/galo-coloca-pintinhos-em-campo-vence-entra-no-g4-e-complica-vida-do-porco\/\",\"name\":\"Galo coloca pintinhos em campo, entra no G4 e complica Porco - Notibras\",\"isPartOf\":{\"@id\":\"https:\/\/www.notibras.com\/site\/#website\"},\"primaryImageOfPage\":{\"@id\":\"https:\/\/www.notibras.com\/site\/galo-coloca-pintinhos-em-campo-vence-entra-no-g4-e-complica-vida-do-porco\/#primaryimage\"},\"image\":{\"@id\":\"https:\/\/www.notibras.com\/site\/galo-coloca-pintinhos-em-campo-vence-entra-no-g4-e-complica-vida-do-porco\/#primaryimage\"},\"thumbnailUrl\":\"https:\/\/www.notibras.com\/site\/wp-content\/uploads\/2014\/11\/10henriquesentecaidofriedemannvogelgetty.jpg\",\"datePublished\":\"2014-11-09T00:01:16+00:00\",\"dateModified\":\"2014-11-09T14:26:41+00:00\",\"breadcrumb\":{\"@id\":\"https:\/\/www.notibras.com\/site\/galo-coloca-pintinhos-em-campo-vence-entra-no-g4-e-complica-vida-do-porco\/#breadcrumb\"},\"inLanguage\":\"pt-BR\",\"potentialAction\":[{\"@type\":\"ReadAction\",\"target\":[\"https:\/\/www.notibras.com\/site\/galo-coloca-pintinhos-em-campo-vence-entra-no-g4-e-complica-vida-do-porco\/\"]}]},{\"@type\":\"ImageObject\",\"inLanguage\":\"pt-BR\",\"@id\":\"https:\/\/www.notibras.com\/site\/galo-coloca-pintinhos-em-campo-vence-entra-no-g4-e-complica-vida-do-porco\/#primaryimage\",\"url\":\"https:\/\/www.notibras.com\/site\/wp-content\/uploads\/2014\/11\/10henriquesentecaidofriedemannvogelgetty.jpg\",\"contentUrl\":\"https:\/\/www.notibras.com\/site\/wp-content\/uploads\/2014\/11\/10henriquesentecaidofriedemannvogelgetty.jpg\",\"width\":460,\"height\":340},{\"@type\":\"BreadcrumbList\",\"@id\":\"https:\/\/www.notibras.com\/site\/galo-coloca-pintinhos-em-campo-vence-entra-no-g4-e-complica-vida-do-porco\/#breadcrumb\",\"itemListElement\":[{\"@type\":\"ListItem\",\"position\":1,\"name\":\"In\u00edcio\",\"item\":\"https:\/\/www.notibras.com\/site\/\"},{\"@type\":\"ListItem\",\"position\":2,\"name\":\"Galo coloca pintinhos em campo, entra no G4 e complica Porco\"}]},{\"@type\":\"WebSite\",\"@id\":\"https:\/\/www.notibras.com\/site\/#website\",\"url\":\"https:\/\/www.notibras.com\/site\/\",\"name\":\"Notibras\",\"description\":\"Not\u00edcias de Bras\u00edlia, do Brasil e do Mundo\",\"publisher\":{\"@id\":\"https:\/\/www.notibras.com\/site\/#organization\"},\"potentialAction\":[{\"@type\":\"SearchAction\",\"target\":{\"@type\":\"EntryPoint\",\"urlTemplate\":\"https:\/\/www.notibras.com\/site\/?s={search_term_string}\"},\"query-input\":{\"@type\":\"PropertyValueSpecification\",\"valueRequired\":true,\"valueName\":\"search_term_string\"}}],\"inLanguage\":\"pt-BR\"},{\"@type\":\"Organization\",\"@id\":\"https:\/\/www.notibras.com\/site\/#organization\",\"name\":\"Grupo Notibras de Comunica\u00e7\u00e3o\",\"url\":\"https:\/\/www.notibras.com\/site\/\",\"logo\":{\"@type\":\"ImageObject\",\"inLanguage\":\"pt-BR\",\"@id\":\"https:\/\/www.notibras.com\/site\/#\/schema\/logo\/image\/\",\"url\":\"https:\/\/www.notibras.com\/site\/wp-content\/uploads\/2023\/01\/notibras23.png\",\"contentUrl\":\"https:\/\/www.notibras.com\/site\/wp-content\/uploads\/2023\/01\/notibras23.png\",\"width\":350,\"height\":87,\"caption\":\"Grupo Notibras de Comunica\u00e7\u00e3o\"},\"image\":{\"@id\":\"https:\/\/www.notibras.com\/site\/#\/schema\/logo\/image\/\"},\"sameAs\":[\"https:\/\/www.facebook.com\/notibras\/\",\"https:\/\/x.com\/Notibras\",\"https:\/\/www.instagram.com\/notibras\/\"]},{\"@type\":\"Person\",\"@id\":\"https:\/\/www.notibras.com\/site\/#\/schema\/person\/36ab0979449956132d3e5b517ea76ac8\",\"name\":\"Reda\u00e7\u00e3o\",\"image\":{\"@type\":\"ImageObject\",\"inLanguage\":\"pt-BR\",\"@id\":\"https:\/\/secure.gravatar.com\/avatar\/e0a867bdedb85fd243eadf09663511f96fc81e0720a4a42581f334ad4303aa6b?s=96&d=mm&r=g\",\"url\":\"https:\/\/secure.gravatar.com\/avatar\/e0a867bdedb85fd243eadf09663511f96fc81e0720a4a42581f334ad4303aa6b?s=96&d=mm&r=g\",\"contentUrl\":\"https:\/\/secure.gravatar.com\/avatar\/e0a867bdedb85fd243eadf09663511f96fc81e0720a4a42581f334ad4303aa6b?s=96&d=mm&r=g\",\"caption\":\"Reda\u00e7\u00e3o\"}}]}<\/script>\n<!-- \/ Yoast SEO plugin. -->","yoast_head_json":{"title":"Galo coloca pintinhos em campo, entra no G4 e complica Porco - Notibras","robots":{"index":"index","follow":"follow","max-snippet":"max-snippet:-1","max-image-preview":"max-image-preview:large","max-video-preview":"max-video-preview:-1"},"canonical":"https:\/\/www.notibras.com\/site\/galo-coloca-pintinhos-em-campo-vence-entra-no-g4-e-complica-vida-do-porco\/","og_locale":"pt_BR","og_type":"article","og_title":"Galo coloca pintinhos em campo, entra no G4 e complica Porco - Notibras","og_description":"O Palmeiras provou neste s\u00e1bado que realmente n\u00e3o est\u00e1 pronto para festas neste Campeonato Brasileiro. O time paulista tinha se afastado\u00a0da zona de rebaixamento, mas n\u00e3o conseguiu comemorar na despedida do Est\u00e1dio do Pacaembu. Por outro lado, o\u00a0Atl\u00e9tico-MG mostrou a for\u00e7a do seu elenco e\u00a0provou que merece brigar pelo G-4 na S\u00e9rie A e ainda [&hellip;]","og_url":"https:\/\/www.notibras.com\/site\/galo-coloca-pintinhos-em-campo-vence-entra-no-g4-e-complica-vida-do-porco\/","og_site_name":"Notibras","article_publisher":"https:\/\/www.facebook.com\/notibras\/","article_published_time":"2014-11-09T00:01:16+00:00","article_modified_time":"2014-11-09T14:26:41+00:00","og_image":[{"width":460,"height":340,"url":"https:\/\/www.notibras.com\/site\/wp-content\/uploads\/2014\/11\/10henriquesentecaidofriedemannvogelgetty.jpg","type":"image\/jpeg"}],"author":"Reda\u00e7\u00e3o","twitter_card":"summary_large_image","twitter_creator":"@Notibras","twitter_site":"@Notibras","twitter_misc":{"Escrito por":"Reda\u00e7\u00e3o","Est. tempo de leitura":"2 minutos"},"schema":{"@context":"https:\/\/schema.org","@graph":[{"@type":"Article","@id":"https:\/\/www.notibras.com\/site\/galo-coloca-pintinhos-em-campo-vence-entra-no-g4-e-complica-vida-do-porco\/#article","isPartOf":{"@id":"https:\/\/www.notibras.com\/site\/galo-coloca-pintinhos-em-campo-vence-entra-no-g4-e-complica-vida-do-porco\/"},"author":{"name":"Reda\u00e7\u00e3o","@id":"https:\/\/www.notibras.com\/site\/#\/schema\/person\/36ab0979449956132d3e5b517ea76ac8"},"headline":"Galo coloca pintinhos em campo, entra no G4 e complica Porco","datePublished":"2014-11-09T00:01:16+00:00","dateModified":"2014-11-09T14:26:41+00:00","mainEntityOfPage":{"@id":"https:\/\/www.notibras.com\/site\/galo-coloca-pintinhos-em-campo-vence-entra-no-g4-e-complica-vida-do-porco\/"},"wordCount":504,"commentCount":0,"publisher":{"@id":"https:\/\/www.notibras.com\/site\/#organization"},"image":{"@id":"https:\/\/www.notibras.com\/site\/galo-coloca-pintinhos-em-campo-vence-entra-no-g4-e-complica-vida-do-porco\/#primaryimage"},"thumbnailUrl":"https:\/\/www.notibras.com\/site\/wp-content\/uploads\/2014\/11\/10henriquesentecaidofriedemannvogelgetty.jpg","articleSection":["Esportes","Futebol"],"inLanguage":"pt-BR","potentialAction":[{"@type":"CommentAction","name":"Comment","target":["https:\/\/www.notibras.com\/site\/galo-coloca-pintinhos-em-campo-vence-entra-no-g4-e-complica-vida-do-porco\/#respond"]}]},{"@type":"WebPage","@id":"https:\/\/www.notibras.com\/site\/galo-coloca-pintinhos-em-campo-vence-entra-no-g4-e-complica-vida-do-porco\/","url":"https:\/\/www.notibras.com\/site\/galo-coloca-pintinhos-em-campo-vence-entra-no-g4-e-complica-vida-do-porco\/","name":"Galo coloca pintinhos em campo, entra no G4 e complica Porco - Notibras","isPartOf":{"@id":"https:\/\/www.notibras.com\/site\/#website"},"primaryImageOfPage":{"@id":"https:\/\/www.notibras.com\/site\/galo-coloca-pintinhos-em-campo-vence-entra-no-g4-e-complica-vida-do-porco\/#primaryimage"},"image":{"@id":"https:\/\/www.notibras.com\/site\/galo-coloca-pintinhos-em-campo-vence-entra-no-g4-e-complica-vida-do-porco\/#primaryimage"},"thumbnailUrl":"https:\/\/www.notibras.com\/site\/wp-content\/uploads\/2014\/11\/10henriquesentecaidofriedemannvogelgetty.jpg","datePublished":"2014-11-09T00:01:16+00:00","dateModified":"2014-11-09T14:26:41+00:00","breadcrumb":{"@id":"https:\/\/www.notibras.com\/site\/galo-coloca-pintinhos-em-campo-vence-entra-no-g4-e-complica-vida-do-porco\/#breadcrumb"},"inLanguage":"pt-BR","potentialAction":[{"@type":"ReadAction","target":["https:\/\/www.notibras.com\/site\/galo-coloca-pintinhos-em-campo-vence-entra-no-g4-e-complica-vida-do-porco\/"]}]},{"@type":"ImageObject","inLanguage":"pt-BR","@id":"https:\/\/www.notibras.com\/site\/galo-coloca-pintinhos-em-campo-vence-entra-no-g4-e-complica-vida-do-porco\/#primaryimage","url":"https:\/\/www.notibras.com\/site\/wp-content\/uploads\/2014\/11\/10henriquesentecaidofriedemannvogelgetty.jpg","contentUrl":"https:\/\/www.notibras.com\/site\/wp-content\/uploads\/2014\/11\/10henriquesentecaidofriedemannvogelgetty.jpg","width":460,"height":340},{"@type":"BreadcrumbList","@id":"https:\/\/www.notibras.com\/site\/galo-coloca-pintinhos-em-campo-vence-entra-no-g4-e-complica-vida-do-porco\/#breadcrumb","itemListElement":[{"@type":"ListItem","position":1,"name":"In\u00edcio","item":"https:\/\/www.notibras.com\/site\/"},{"@type":"ListItem","position":2,"name":"Galo coloca pintinhos em campo, entra no G4 e complica Porco"}]},{"@type":"WebSite","@id":"https:\/\/www.notibras.com\/site\/#website","url":"https:\/\/www.notibras.com\/site\/","name":"Notibras","description":"Not\u00edcias de Bras\u00edlia, do Brasil e do Mundo","publisher":{"@id":"https:\/\/www.notibras.com\/site\/#organization"},"potentialAction":[{"@type":"SearchAction","target":{"@type":"EntryPoint","urlTemplate":"https:\/\/www.notibras.com\/site\/?s={search_term_string}"},"query-input":{"@type":"PropertyValueSpecification","valueRequired":true,"valueName":"search_term_string"}}],"inLanguage":"pt-BR"},{"@type":"Organization","@id":"https:\/\/www.notibras.com\/site\/#organization","name":"Grupo Notibras de Comunica\u00e7\u00e3o","url":"https:\/\/www.notibras.com\/site\/","logo":{"@type":"ImageObject","inLanguage":"pt-BR","@id":"https:\/\/www.notibras.com\/site\/#\/schema\/logo\/image\/","url":"https:\/\/www.notibras.com\/site\/wp-content\/uploads\/2023\/01\/notibras23.png","contentUrl":"https:\/\/www.notibras.com\/site\/wp-content\/uploads\/2023\/01\/notibras23.png","width":350,"height":87,"caption":"Grupo Notibras de Comunica\u00e7\u00e3o"},"image":{"@id":"https:\/\/www.notibras.com\/site\/#\/schema\/logo\/image\/"},"sameAs":["https:\/\/www.facebook.com\/notibras\/","https:\/\/x.com\/Notibras","https:\/\/www.instagram.com\/notibras\/"]},{"@type":"Person","@id":"https:\/\/www.notibras.com\/site\/#\/schema\/person\/36ab0979449956132d3e5b517ea76ac8","name":"Reda\u00e7\u00e3o","image":{"@type":"ImageObject","inLanguage":"pt-BR","@id":"https:\/\/secure.gravatar.com\/avatar\/e0a867bdedb85fd243eadf09663511f96fc81e0720a4a42581f334ad4303aa6b?s=96&d=mm&r=g","url":"https:\/\/secure.gravatar.com\/avatar\/e0a867bdedb85fd243eadf09663511f96fc81e0720a4a42581f334ad4303aa6b?s=96&d=mm&r=g","contentUrl":"https:\/\/secure.gravatar.com\/avatar\/e0a867bdedb85fd243eadf09663511f96fc81e0720a4a42581f334ad4303aa6b?s=96&d=mm&r=g","caption":"Reda\u00e7\u00e3o"}}]}},"amp_enabled":true,"_links":{"self":[{"href":"https:\/\/www.notibras.com\/site\/wp-json\/wp\/v2\/posts\/27473","targetHints":{"allow":["GET"]}}],"collection":[{"href":"https:\/\/www.notibras.com\/site\/wp-json\/wp\/v2\/posts"}],"about":[{"href":"https:\/\/www.notibras.com\/site\/wp-json\/wp\/v2\/types\/post"}],"author":[{"embeddable":true,"href":"https:\/\/www.notibras.com\/site\/wp-json\/wp\/v2\/users\/2"}],"replies":[{"embeddable":true,"href":"https:\/\/www.notibras.com\/site\/wp-json\/wp\/v2\/comments?post=27473"}],"version-history":[{"count":0,"href":"https:\/\/www.notibras.com\/site\/wp-json\/wp\/v2\/posts\/27473\/revisions"}],"wp:featuredmedia":[{"embeddable":true,"href":"https:\/\/www.notibras.com\/site\/wp-json\/wp\/v2\/media\/27474"}],"wp:attachment":[{"href":"https:\/\/www.notibras.com\/site\/wp-json\/wp\/v2\/media?parent=27473"}],"wp:term":[{"taxonomy":"category","embeddable":true,"href":"https:\/\/www.notibras.com\/site\/wp-json\/wp\/v2\/categories?post=27473"},{"taxonomy":"post_tag","embeddable":true,"href":"https:\/\/www.notibras.com\/site\/wp-json\/wp\/v2\/tags?post=27473"}],"curies":[{"name":"wp","href":"https:\/\/api.w.org\/{rel}","templated":true}]}}