{"id":27483,"date":"2014-11-09T05:40:05","date_gmt":"2014-11-09T08:40:05","guid":{"rendered":"http:\/\/www.notibras.com\/site\/?p=27483"},"modified":"2014-11-10T02:33:33","modified_gmt":"2014-11-10T05:33:33","slug":"quem-vai-engolir-o-brasil-compondo-a-patria-bolivariana-de-chavez","status":"publish","type":"post","link":"https:\/\/www.notibras.com\/site\/quem-vai-engolir-o-brasil-compondo-a-patria-bolivariana-de-chavez\/","title":{"rendered":"Quem vai engolir o Brasil na p\u00e1tria bolivariana de Ch\u00e1vez?"},"content":{"rendered":"<p>A inclus\u00e3o do Brasil num projeto socialista bolivariano, que transformaria o continente numa p\u00e1tria \u00fanica \u2013 a \u201cGrande P\u00e1tria\u201d, de que falava Hugo Ch\u00e1vez -, subverte n\u00e3o apenas o princ\u00edpio da soberania, mas sobretudo for\u00e7a uma unidade pol\u00edtica artificial.<\/p>\n<p>Nada temos com Simon Bol\u00edvar, que \u00e9 her\u00f3i de outro mundo, forjado numa mitologia pol\u00edtica que n\u00e3o nos diz respeito. Vale tanto para n\u00f3s quanto Tiradentes, por exemplo, para os bolivianos.<\/p>\n<p>Sublimar personagens hist\u00f3ricos para, a partir deles, criar s\u00edmbolos de unidade nacional \u00e9 recurso usual \u2013 e de certa forma leg\u00edtimo -, vigente em todas as na\u00e7\u00f5es. Os norte-americanos t\u00eam seus Pais Fundadores, cultivados at\u00e9 hoje como fator de uni\u00e3o cultural e pol\u00edtica. N\u00e3o h\u00e1 presidente que n\u00e3o os mencione. Idem os europeus \u2013 franceses, alem\u00e3es, ingleses, italianos etc.<\/p>\n<blockquote><p>Temos tamb\u00e9m nossos Pais Fundadores, embora j\u00e1 h\u00e1 algumas d\u00e9cadas submetidos a um processo de deprecia\u00e7\u00e3o ideol\u00f3gica. Mas figuras como Jos\u00e9 Bonif\u00e1cio, Gon\u00e7alves Ledo, Pedro I e II, Tiradentes, Joaquim Nabuco, Duque de Caxias e Ruy Barbosa (para citar apenas alguns) est\u00e3o na origem de nossa forma\u00e7\u00e3o nacional &#8211; obra complexa e em curso, dadas as dimens\u00f5es continentais e a \u00edndole multicultural do pa\u00eds.<\/p><\/blockquote>\n<p>Quando, por\u00e9m, se afirma que \u201cnunca antes neste pa\u00eds\u201d se fez nada de relevante, e se busca anular todo o passado \u2013 dispensando-se inclusive de conhec\u00ea-lo -, empastelando seu meio mil\u00eanio de hist\u00f3ria como um transe equivocado, conspira-se contra sua mem\u00f3ria, o maior patrim\u00f4nio civilizat\u00f3rio de qualquer na\u00e7\u00e3o.<\/p>\n<p>Note-se que, \u00e0 exce\u00e7\u00e3o de Caxias \u2013 e mais pelo seu papel de pacificador que de guerreiro -, os nossos Pais Fundadores s\u00e3o todos civis, n\u00e3o obstante os recorrentes golpes militares da Rep\u00fablica.<\/p>\n<p>Mas n\u00e3o temos a tradi\u00e7\u00e3o guerreira dos hispano-americanos. Nosso elo comum \u00e9 o subdesenvolvimento, o DNA cat\u00f3lico e o h\u00e1bito de terceirizar nossas mazelas, debitando-as \u00e0 conta das pot\u00eancias hegem\u00f4nicas. No mais, nossas rela\u00e7\u00f5es jamais foram \u00edntimas. Somos vistos como um corpo estranho ao continente, portadores de outro idioma e de outras tradi\u00e7\u00f5es.<\/p>\n<p>O conquistador portugu\u00eas logrou um feito em sua col\u00f4nia americana que o colonizador espanhol n\u00e3o conseguiu: a preserva\u00e7\u00e3o de sua unidade pol\u00edtica.<\/p>\n<p>A independ\u00eancia da Am\u00e9rica espanhola resultou no surgimento de diversas rep\u00fablicas que, n\u00e3o obstante a l\u00edngua comum, n\u00e3o superaram suas diverg\u00eancias regionais. Protagonizaram guerras entre si e at\u00e9 hoje discutem quest\u00f5es de fronteiras. O \u00fanico conflito regional em que o Brasil se envolveu, em resposta \u00e0 invas\u00e3o de seu territ\u00f3rio, foi com o Paraguai, na d\u00e9cada dos 60 do s\u00e9culo 19.<\/p>\n<p>O Foro de S\u00e3o Paulo, entidade fundada em 1990 por Lula e Fidel Castro, intenta a unidade do continente a partir do elo ideol\u00f3gico \u2013 bolivarismo \u00e9 sin\u00f4nimo de socialismo -, o que \u00e9, em si, um fator beligerante, como se tem visto.<\/p>\n<p>Tenta-se resolver a disparidade social pela via do populismo, desconhecendo-se o fato de que apenas a gera\u00e7\u00e3o de riqueza pode banir \u2013 ou ao menos reduzir significativamente \u2013 a pobreza.<\/p>\n<p>N\u00e3o se conhece outro meio, e quanto a isso o socialismo n\u00e3o deixou d\u00favidas. O insucesso econ\u00f4mico e a diplomacia ideol\u00f3gica agravam as dificuldades. Mas, mais que isso, a tentativa de inclus\u00e3o do Brasil nesse contexto &#8211; pa\u00eds bem mais complexo que seus vizinhos &#8211; sofre a limita\u00e7\u00e3o adicional de a ele n\u00e3o pertencer, nem hist\u00f3rica, nem cultural, nem politicamente.<\/p>\n<blockquote><p>A maior parte da popula\u00e7\u00e3o nem desconfia da exist\u00eancia do Foro de S\u00e3o Paulo e de seus prop\u00f3sitos. Os dirigentes do PT s\u00e3o cautelosos quando tratam do tema, pois querem contornar essa estranheza. Mas basta conferir sua proposta de reforma pol\u00edtica, seu brado revolucion\u00e1rio continental e os caminhos que sugere para n\u00e3o haver d\u00favida quanto \u00e0 trajet\u00f3ria pretendida, j\u00e1 trilhada pela Venezuela, Equador e Bol\u00edvia, entre outros.<\/p><\/blockquote>\n<p>Lula mesmo j\u00e1 se jactou de ter \u201cinventado Hugo Ch\u00e1vez\u201d. E Nicolas Maduro, em v\u00eddeo que pode ser apreciado no Youtube, em que sa\u00fada a vit\u00f3ria de Dilma Roussef, deixa clara a decisiva import\u00e2ncia do Brasil ao projeto da \u201cGrande P\u00e1tria\u201d bolivariana.<\/p>\n<p>O interc\u00e2mbio pol\u00edtico entre as duas na\u00e7\u00f5es, que n\u00e3o tem correspond\u00eancia no plano econ\u00f4mico, evidencia essa parceria saudada por Maduro. E n\u00e3o \u00e9 casual que os dois pa\u00edses tenham feito de suas respectivas empresas de petr\u00f3leo \u2013 a PDVSA e a Petrobras \u2013 o mesmo bordel financeiro.<\/p>\n<p>S\u00e3o (foram), ali\u00e1s, parceiras no desastroso empreendimento da refinaria de Abreu Lima (PE), nome que homenageia o \u00fanico general brasileiro a aderir \u00e0s tropas de Bol\u00edvar na independ\u00eancia hispano-americana. O bolivarismo levou as na\u00e7\u00f5es que a ele aderiram ao desastre econ\u00f4mico. O Brasil j\u00e1 chegaria ao clube com o desastre previamente consumado. \u00c9 improv\u00e1vel que a meta se concretize, mas a insist\u00eancia em alcan\u00e7\u00e1-la promete muito barulho.<\/p>\n<p><strong>Ruy Fabiano<\/strong><\/p>\n","protected":false},"excerpt":{"rendered":"<p>A inclus\u00e3o do Brasil num projeto socialista bolivariano, que transformaria o continente numa p\u00e1tria \u00fanica \u2013 a \u201cGrande P\u00e1tria\u201d, de que falava Hugo Ch\u00e1vez -, subverte n\u00e3o apenas o princ\u00edpio da soberania, mas sobretudo for\u00e7a uma unidade pol\u00edtica artificial. Nada temos com Simon Bol\u00edvar, que \u00e9 her\u00f3i de outro mundo, forjado numa mitologia pol\u00edtica que [&hellip;]<\/p>\n","protected":false},"author":2,"featured_media":27484,"comment_status":"open","ping_status":"closed","sticky":false,"template":"","format":"standard","meta":{"_acf_changed":false,"footnotes":""},"categories":[25],"tags":[],"class_list":["post-27483","post","type-post","status-publish","format-standard","has-post-thumbnail","hentry","category-opina-ai"],"acf":[],"yoast_head":"<!-- This site is optimized with the Yoast SEO plugin v27.5 - https:\/\/yoast.com\/product\/yoast-seo-wordpress\/ -->\n<title>Quem vai engolir o Brasil na p\u00e1tria bolivariana de Ch\u00e1vez? - Notibras<\/title>\n<meta name=\"robots\" content=\"index, follow, max-snippet:-1, max-image-preview:large, max-video-preview:-1\" \/>\n<link rel=\"canonical\" href=\"https:\/\/www.notibras.com\/site\/quem-vai-engolir-o-brasil-compondo-a-patria-bolivariana-de-chavez\/\" \/>\n<meta property=\"og:locale\" content=\"pt_BR\" \/>\n<meta property=\"og:type\" content=\"article\" \/>\n<meta property=\"og:title\" content=\"Quem vai engolir o Brasil na p\u00e1tria bolivariana de Ch\u00e1vez? - Notibras\" \/>\n<meta property=\"og:description\" content=\"A inclus\u00e3o do Brasil num projeto socialista bolivariano, que transformaria o continente numa p\u00e1tria \u00fanica \u2013 a \u201cGrande P\u00e1tria\u201d, de que falava Hugo Ch\u00e1vez -, subverte n\u00e3o apenas o princ\u00edpio da soberania, mas sobretudo for\u00e7a uma unidade pol\u00edtica artificial. Nada temos com Simon Bol\u00edvar, que \u00e9 her\u00f3i de outro mundo, forjado numa mitologia pol\u00edtica que [&hellip;]\" \/>\n<meta property=\"og:url\" content=\"https:\/\/www.notibras.com\/site\/quem-vai-engolir-o-brasil-compondo-a-patria-bolivariana-de-chavez\/\" \/>\n<meta property=\"og:site_name\" content=\"Notibras\" \/>\n<meta property=\"article:publisher\" content=\"https:\/\/www.facebook.com\/notibras\/\" \/>\n<meta property=\"article:published_time\" content=\"2014-11-09T08:40:05+00:00\" \/>\n<meta property=\"article:modified_time\" content=\"2014-11-10T05:33:33+00:00\" \/>\n<meta property=\"og:image\" content=\"https:\/\/www.notibras.com\/site\/wp-content\/uploads\/2014\/11\/512x.jpg\" \/>\n\t<meta property=\"og:image:width\" content=\"512\" \/>\n\t<meta property=\"og:image:height\" content=\"341\" \/>\n\t<meta property=\"og:image:type\" content=\"image\/jpeg\" \/>\n<meta name=\"author\" content=\"Reda\u00e7\u00e3o\" \/>\n<meta name=\"twitter:card\" content=\"summary_large_image\" \/>\n<meta name=\"twitter:creator\" content=\"@Notibras\" \/>\n<meta name=\"twitter:site\" content=\"@Notibras\" \/>\n<meta name=\"twitter:label1\" content=\"Escrito por\" \/>\n\t<meta name=\"twitter:data1\" content=\"Reda\u00e7\u00e3o\" \/>\n\t<meta name=\"twitter:label2\" content=\"Est. tempo de leitura\" \/>\n\t<meta name=\"twitter:data2\" content=\"4 minutos\" \/>\n<script type=\"application\/ld+json\" class=\"yoast-schema-graph\">{\"@context\":\"https:\\\/\\\/schema.org\",\"@graph\":[{\"@type\":\"Article\",\"@id\":\"https:\\\/\\\/www.notibras.com\\\/site\\\/quem-vai-engolir-o-brasil-compondo-a-patria-bolivariana-de-chavez\\\/#article\",\"isPartOf\":{\"@id\":\"https:\\\/\\\/www.notibras.com\\\/site\\\/quem-vai-engolir-o-brasil-compondo-a-patria-bolivariana-de-chavez\\\/\"},\"author\":{\"name\":\"Reda\u00e7\u00e3o\",\"@id\":\"https:\\\/\\\/www.notibras.com\\\/site\\\/#\\\/schema\\\/person\\\/36ab0979449956132d3e5b517ea76ac8\"},\"headline\":\"Quem vai engolir o Brasil na p\u00e1tria bolivariana de Ch\u00e1vez?\",\"datePublished\":\"2014-11-09T08:40:05+00:00\",\"dateModified\":\"2014-11-10T05:33:33+00:00\",\"mainEntityOfPage\":{\"@id\":\"https:\\\/\\\/www.notibras.com\\\/site\\\/quem-vai-engolir-o-brasil-compondo-a-patria-bolivariana-de-chavez\\\/\"},\"wordCount\":876,\"commentCount\":0,\"publisher\":{\"@id\":\"https:\\\/\\\/www.notibras.com\\\/site\\\/#organization\"},\"image\":{\"@id\":\"https:\\\/\\\/www.notibras.com\\\/site\\\/quem-vai-engolir-o-brasil-compondo-a-patria-bolivariana-de-chavez\\\/#primaryimage\"},\"thumbnailUrl\":\"https:\\\/\\\/www.notibras.com\\\/site\\\/wp-content\\\/uploads\\\/2014\\\/11\\\/512x.jpg\",\"articleSection\":[\"Opina a\u00ed\"],\"inLanguage\":\"pt-BR\",\"potentialAction\":[{\"@type\":\"CommentAction\",\"name\":\"Comment\",\"target\":[\"https:\\\/\\\/www.notibras.com\\\/site\\\/quem-vai-engolir-o-brasil-compondo-a-patria-bolivariana-de-chavez\\\/#respond\"]}]},{\"@type\":\"WebPage\",\"@id\":\"https:\\\/\\\/www.notibras.com\\\/site\\\/quem-vai-engolir-o-brasil-compondo-a-patria-bolivariana-de-chavez\\\/\",\"url\":\"https:\\\/\\\/www.notibras.com\\\/site\\\/quem-vai-engolir-o-brasil-compondo-a-patria-bolivariana-de-chavez\\\/\",\"name\":\"Quem vai engolir o Brasil na p\u00e1tria bolivariana de Ch\u00e1vez? - Notibras\",\"isPartOf\":{\"@id\":\"https:\\\/\\\/www.notibras.com\\\/site\\\/#website\"},\"primaryImageOfPage\":{\"@id\":\"https:\\\/\\\/www.notibras.com\\\/site\\\/quem-vai-engolir-o-brasil-compondo-a-patria-bolivariana-de-chavez\\\/#primaryimage\"},\"image\":{\"@id\":\"https:\\\/\\\/www.notibras.com\\\/site\\\/quem-vai-engolir-o-brasil-compondo-a-patria-bolivariana-de-chavez\\\/#primaryimage\"},\"thumbnailUrl\":\"https:\\\/\\\/www.notibras.com\\\/site\\\/wp-content\\\/uploads\\\/2014\\\/11\\\/512x.jpg\",\"datePublished\":\"2014-11-09T08:40:05+00:00\",\"dateModified\":\"2014-11-10T05:33:33+00:00\",\"breadcrumb\":{\"@id\":\"https:\\\/\\\/www.notibras.com\\\/site\\\/quem-vai-engolir-o-brasil-compondo-a-patria-bolivariana-de-chavez\\\/#breadcrumb\"},\"inLanguage\":\"pt-BR\",\"potentialAction\":[{\"@type\":\"ReadAction\",\"target\":[\"https:\\\/\\\/www.notibras.com\\\/site\\\/quem-vai-engolir-o-brasil-compondo-a-patria-bolivariana-de-chavez\\\/\"]}]},{\"@type\":\"ImageObject\",\"inLanguage\":\"pt-BR\",\"@id\":\"https:\\\/\\\/www.notibras.com\\\/site\\\/quem-vai-engolir-o-brasil-compondo-a-patria-bolivariana-de-chavez\\\/#primaryimage\",\"url\":\"https:\\\/\\\/www.notibras.com\\\/site\\\/wp-content\\\/uploads\\\/2014\\\/11\\\/512x.jpg\",\"contentUrl\":\"https:\\\/\\\/www.notibras.com\\\/site\\\/wp-content\\\/uploads\\\/2014\\\/11\\\/512x.jpg\",\"width\":512,\"height\":341},{\"@type\":\"BreadcrumbList\",\"@id\":\"https:\\\/\\\/www.notibras.com\\\/site\\\/quem-vai-engolir-o-brasil-compondo-a-patria-bolivariana-de-chavez\\\/#breadcrumb\",\"itemListElement\":[{\"@type\":\"ListItem\",\"position\":1,\"name\":\"In\u00edcio\",\"item\":\"https:\\\/\\\/www.notibras.com\\\/site\\\/\"},{\"@type\":\"ListItem\",\"position\":2,\"name\":\"Quem vai engolir o Brasil na p\u00e1tria bolivariana de Ch\u00e1vez?\"}]},{\"@type\":\"WebSite\",\"@id\":\"https:\\\/\\\/www.notibras.com\\\/site\\\/#website\",\"url\":\"https:\\\/\\\/www.notibras.com\\\/site\\\/\",\"name\":\"Notibras\",\"description\":\"Not\u00edcias de Bras\u00edlia, do Brasil e do Mundo\",\"publisher\":{\"@id\":\"https:\\\/\\\/www.notibras.com\\\/site\\\/#organization\"},\"potentialAction\":[{\"@type\":\"SearchAction\",\"target\":{\"@type\":\"EntryPoint\",\"urlTemplate\":\"https:\\\/\\\/www.notibras.com\\\/site\\\/?s={search_term_string}\"},\"query-input\":{\"@type\":\"PropertyValueSpecification\",\"valueRequired\":true,\"valueName\":\"search_term_string\"}}],\"inLanguage\":\"pt-BR\"},{\"@type\":\"Organization\",\"@id\":\"https:\\\/\\\/www.notibras.com\\\/site\\\/#organization\",\"name\":\"Grupo Notibras de Comunica\u00e7\u00e3o\",\"url\":\"https:\\\/\\\/www.notibras.com\\\/site\\\/\",\"logo\":{\"@type\":\"ImageObject\",\"inLanguage\":\"pt-BR\",\"@id\":\"https:\\\/\\\/www.notibras.com\\\/site\\\/#\\\/schema\\\/logo\\\/image\\\/\",\"url\":\"https:\\\/\\\/www.notibras.com\\\/site\\\/wp-content\\\/uploads\\\/2023\\\/01\\\/notibras23.png\",\"contentUrl\":\"https:\\\/\\\/www.notibras.com\\\/site\\\/wp-content\\\/uploads\\\/2023\\\/01\\\/notibras23.png\",\"width\":350,\"height\":87,\"caption\":\"Grupo Notibras de Comunica\u00e7\u00e3o\"},\"image\":{\"@id\":\"https:\\\/\\\/www.notibras.com\\\/site\\\/#\\\/schema\\\/logo\\\/image\\\/\"},\"sameAs\":[\"https:\\\/\\\/www.facebook.com\\\/notibras\\\/\",\"https:\\\/\\\/x.com\\\/Notibras\",\"https:\\\/\\\/www.instagram.com\\\/notibras\\\/\"]},{\"@type\":\"Person\",\"@id\":\"https:\\\/\\\/www.notibras.com\\\/site\\\/#\\\/schema\\\/person\\\/36ab0979449956132d3e5b517ea76ac8\",\"name\":\"Reda\u00e7\u00e3o\",\"image\":{\"@type\":\"ImageObject\",\"inLanguage\":\"pt-BR\",\"@id\":\"https:\\\/\\\/secure.gravatar.com\\\/avatar\\\/e0a867bdedb85fd243eadf09663511f96fc81e0720a4a42581f334ad4303aa6b?s=96&d=mm&r=g\",\"url\":\"https:\\\/\\\/secure.gravatar.com\\\/avatar\\\/e0a867bdedb85fd243eadf09663511f96fc81e0720a4a42581f334ad4303aa6b?s=96&d=mm&r=g\",\"contentUrl\":\"https:\\\/\\\/secure.gravatar.com\\\/avatar\\\/e0a867bdedb85fd243eadf09663511f96fc81e0720a4a42581f334ad4303aa6b?s=96&d=mm&r=g\",\"caption\":\"Reda\u00e7\u00e3o\"}}]}<\/script>\n<!-- \/ Yoast SEO plugin. -->","yoast_head_json":{"title":"Quem vai engolir o Brasil na p\u00e1tria bolivariana de Ch\u00e1vez? - Notibras","robots":{"index":"index","follow":"follow","max-snippet":"max-snippet:-1","max-image-preview":"max-image-preview:large","max-video-preview":"max-video-preview:-1"},"canonical":"https:\/\/www.notibras.com\/site\/quem-vai-engolir-o-brasil-compondo-a-patria-bolivariana-de-chavez\/","og_locale":"pt_BR","og_type":"article","og_title":"Quem vai engolir o Brasil na p\u00e1tria bolivariana de Ch\u00e1vez? - Notibras","og_description":"A inclus\u00e3o do Brasil num projeto socialista bolivariano, que transformaria o continente numa p\u00e1tria \u00fanica \u2013 a \u201cGrande P\u00e1tria\u201d, de que falava Hugo Ch\u00e1vez -, subverte n\u00e3o apenas o princ\u00edpio da soberania, mas sobretudo for\u00e7a uma unidade pol\u00edtica artificial. Nada temos com Simon Bol\u00edvar, que \u00e9 her\u00f3i de outro mundo, forjado numa mitologia pol\u00edtica que [&hellip;]","og_url":"https:\/\/www.notibras.com\/site\/quem-vai-engolir-o-brasil-compondo-a-patria-bolivariana-de-chavez\/","og_site_name":"Notibras","article_publisher":"https:\/\/www.facebook.com\/notibras\/","article_published_time":"2014-11-09T08:40:05+00:00","article_modified_time":"2014-11-10T05:33:33+00:00","og_image":[{"width":512,"height":341,"url":"https:\/\/www.notibras.com\/site\/wp-content\/uploads\/2014\/11\/512x.jpg","type":"image\/jpeg"}],"author":"Reda\u00e7\u00e3o","twitter_card":"summary_large_image","twitter_creator":"@Notibras","twitter_site":"@Notibras","twitter_misc":{"Escrito por":"Reda\u00e7\u00e3o","Est. tempo de leitura":"4 minutos"},"schema":{"@context":"https:\/\/schema.org","@graph":[{"@type":"Article","@id":"https:\/\/www.notibras.com\/site\/quem-vai-engolir-o-brasil-compondo-a-patria-bolivariana-de-chavez\/#article","isPartOf":{"@id":"https:\/\/www.notibras.com\/site\/quem-vai-engolir-o-brasil-compondo-a-patria-bolivariana-de-chavez\/"},"author":{"name":"Reda\u00e7\u00e3o","@id":"https:\/\/www.notibras.com\/site\/#\/schema\/person\/36ab0979449956132d3e5b517ea76ac8"},"headline":"Quem vai engolir o Brasil na p\u00e1tria bolivariana de Ch\u00e1vez?","datePublished":"2014-11-09T08:40:05+00:00","dateModified":"2014-11-10T05:33:33+00:00","mainEntityOfPage":{"@id":"https:\/\/www.notibras.com\/site\/quem-vai-engolir-o-brasil-compondo-a-patria-bolivariana-de-chavez\/"},"wordCount":876,"commentCount":0,"publisher":{"@id":"https:\/\/www.notibras.com\/site\/#organization"},"image":{"@id":"https:\/\/www.notibras.com\/site\/quem-vai-engolir-o-brasil-compondo-a-patria-bolivariana-de-chavez\/#primaryimage"},"thumbnailUrl":"https:\/\/www.notibras.com\/site\/wp-content\/uploads\/2014\/11\/512x.jpg","articleSection":["Opina a\u00ed"],"inLanguage":"pt-BR","potentialAction":[{"@type":"CommentAction","name":"Comment","target":["https:\/\/www.notibras.com\/site\/quem-vai-engolir-o-brasil-compondo-a-patria-bolivariana-de-chavez\/#respond"]}]},{"@type":"WebPage","@id":"https:\/\/www.notibras.com\/site\/quem-vai-engolir-o-brasil-compondo-a-patria-bolivariana-de-chavez\/","url":"https:\/\/www.notibras.com\/site\/quem-vai-engolir-o-brasil-compondo-a-patria-bolivariana-de-chavez\/","name":"Quem vai engolir o Brasil na p\u00e1tria bolivariana de Ch\u00e1vez? - Notibras","isPartOf":{"@id":"https:\/\/www.notibras.com\/site\/#website"},"primaryImageOfPage":{"@id":"https:\/\/www.notibras.com\/site\/quem-vai-engolir-o-brasil-compondo-a-patria-bolivariana-de-chavez\/#primaryimage"},"image":{"@id":"https:\/\/www.notibras.com\/site\/quem-vai-engolir-o-brasil-compondo-a-patria-bolivariana-de-chavez\/#primaryimage"},"thumbnailUrl":"https:\/\/www.notibras.com\/site\/wp-content\/uploads\/2014\/11\/512x.jpg","datePublished":"2014-11-09T08:40:05+00:00","dateModified":"2014-11-10T05:33:33+00:00","breadcrumb":{"@id":"https:\/\/www.notibras.com\/site\/quem-vai-engolir-o-brasil-compondo-a-patria-bolivariana-de-chavez\/#breadcrumb"},"inLanguage":"pt-BR","potentialAction":[{"@type":"ReadAction","target":["https:\/\/www.notibras.com\/site\/quem-vai-engolir-o-brasil-compondo-a-patria-bolivariana-de-chavez\/"]}]},{"@type":"ImageObject","inLanguage":"pt-BR","@id":"https:\/\/www.notibras.com\/site\/quem-vai-engolir-o-brasil-compondo-a-patria-bolivariana-de-chavez\/#primaryimage","url":"https:\/\/www.notibras.com\/site\/wp-content\/uploads\/2014\/11\/512x.jpg","contentUrl":"https:\/\/www.notibras.com\/site\/wp-content\/uploads\/2014\/11\/512x.jpg","width":512,"height":341},{"@type":"BreadcrumbList","@id":"https:\/\/www.notibras.com\/site\/quem-vai-engolir-o-brasil-compondo-a-patria-bolivariana-de-chavez\/#breadcrumb","itemListElement":[{"@type":"ListItem","position":1,"name":"In\u00edcio","item":"https:\/\/www.notibras.com\/site\/"},{"@type":"ListItem","position":2,"name":"Quem vai engolir o Brasil na p\u00e1tria bolivariana de Ch\u00e1vez?"}]},{"@type":"WebSite","@id":"https:\/\/www.notibras.com\/site\/#website","url":"https:\/\/www.notibras.com\/site\/","name":"Notibras","description":"Not\u00edcias de Bras\u00edlia, do Brasil e do Mundo","publisher":{"@id":"https:\/\/www.notibras.com\/site\/#organization"},"potentialAction":[{"@type":"SearchAction","target":{"@type":"EntryPoint","urlTemplate":"https:\/\/www.notibras.com\/site\/?s={search_term_string}"},"query-input":{"@type":"PropertyValueSpecification","valueRequired":true,"valueName":"search_term_string"}}],"inLanguage":"pt-BR"},{"@type":"Organization","@id":"https:\/\/www.notibras.com\/site\/#organization","name":"Grupo Notibras de Comunica\u00e7\u00e3o","url":"https:\/\/www.notibras.com\/site\/","logo":{"@type":"ImageObject","inLanguage":"pt-BR","@id":"https:\/\/www.notibras.com\/site\/#\/schema\/logo\/image\/","url":"https:\/\/www.notibras.com\/site\/wp-content\/uploads\/2023\/01\/notibras23.png","contentUrl":"https:\/\/www.notibras.com\/site\/wp-content\/uploads\/2023\/01\/notibras23.png","width":350,"height":87,"caption":"Grupo Notibras de Comunica\u00e7\u00e3o"},"image":{"@id":"https:\/\/www.notibras.com\/site\/#\/schema\/logo\/image\/"},"sameAs":["https:\/\/www.facebook.com\/notibras\/","https:\/\/x.com\/Notibras","https:\/\/www.instagram.com\/notibras\/"]},{"@type":"Person","@id":"https:\/\/www.notibras.com\/site\/#\/schema\/person\/36ab0979449956132d3e5b517ea76ac8","name":"Reda\u00e7\u00e3o","image":{"@type":"ImageObject","inLanguage":"pt-BR","@id":"https:\/\/secure.gravatar.com\/avatar\/e0a867bdedb85fd243eadf09663511f96fc81e0720a4a42581f334ad4303aa6b?s=96&d=mm&r=g","url":"https:\/\/secure.gravatar.com\/avatar\/e0a867bdedb85fd243eadf09663511f96fc81e0720a4a42581f334ad4303aa6b?s=96&d=mm&r=g","contentUrl":"https:\/\/secure.gravatar.com\/avatar\/e0a867bdedb85fd243eadf09663511f96fc81e0720a4a42581f334ad4303aa6b?s=96&d=mm&r=g","caption":"Reda\u00e7\u00e3o"}}]}},"amp_enabled":true,"_links":{"self":[{"href":"https:\/\/www.notibras.com\/site\/wp-json\/wp\/v2\/posts\/27483","targetHints":{"allow":["GET"]}}],"collection":[{"href":"https:\/\/www.notibras.com\/site\/wp-json\/wp\/v2\/posts"}],"about":[{"href":"https:\/\/www.notibras.com\/site\/wp-json\/wp\/v2\/types\/post"}],"author":[{"embeddable":true,"href":"https:\/\/www.notibras.com\/site\/wp-json\/wp\/v2\/users\/2"}],"replies":[{"embeddable":true,"href":"https:\/\/www.notibras.com\/site\/wp-json\/wp\/v2\/comments?post=27483"}],"version-history":[{"count":0,"href":"https:\/\/www.notibras.com\/site\/wp-json\/wp\/v2\/posts\/27483\/revisions"}],"wp:featuredmedia":[{"embeddable":true,"href":"https:\/\/www.notibras.com\/site\/wp-json\/wp\/v2\/media\/27484"}],"wp:attachment":[{"href":"https:\/\/www.notibras.com\/site\/wp-json\/wp\/v2\/media?parent=27483"}],"wp:term":[{"taxonomy":"category","embeddable":true,"href":"https:\/\/www.notibras.com\/site\/wp-json\/wp\/v2\/categories?post=27483"},{"taxonomy":"post_tag","embeddable":true,"href":"https:\/\/www.notibras.com\/site\/wp-json\/wp\/v2\/tags?post=27483"}],"curies":[{"name":"wp","href":"https:\/\/api.w.org\/{rel}","templated":true}]}}