{"id":27574,"date":"2014-11-09T18:08:15","date_gmt":"2014-11-09T21:08:15","guid":{"rendered":"http:\/\/www.notibras.com\/site\/?p=27574"},"modified":"2014-11-10T08:23:22","modified_gmt":"2014-11-10T11:23:22","slug":"gremio-humilha-internacional-com-goleada-de-4-a-1-e-se-fixa-de-vez-no-g4","status":"publish","type":"post","link":"https:\/\/www.notibras.com\/site\/gremio-humilha-internacional-com-goleada-de-4-a-1-e-se-fixa-de-vez-no-g4\/","title":{"rendered":"Gr\u00eamio humilha o Internacional com 4 a 1 e se fixa de vez no G4"},"content":{"rendered":"<p>O Gr\u00eamio voltou a vencer Gre-Nal. Foi neste domingo, ao aplicar uma goleada de 4 a 1 em seu tradicional advers\u00e1rio. Os gols foram de Ramiro, Al\u00e1n Ruiz duas vezes e Dudu. Rafael Moura descontou para o Internacional.<\/p>\n<p>O resultado quebra tabu de jamais ter superado o Inter na Arena, acaba com jejum de dois anos em cl\u00e1ssico e simboliza entrada no G-4, tirando de l\u00e1 exatamente o arquirrival.<\/p>\n<p>Com 57 pontos, o Gr\u00eamio assume a terceira coloca\u00e7\u00e3o desbancando o Inter do G-4, que com 56 fica em quinto. A ultrapassagem ocorre quando faltam apenas cinco jogos para o fim do Brasileiro.<\/p>\n<blockquote><p>H\u00e1 dois anos que o Gr\u00eamio n\u00e3o vencia o Inter. A \u00faltima vit\u00f3ria havia ocorrido em agosto de 2012. Pela primeira vez superou o tradicional oponente na Arena, dando presente de anivers\u00e1rio ao t\u00e9cnico Luiz Felipe Scolari, que completa 66 anos neste domingo. Foi a primeira vez no certame nacional deste ano que a equipe ga\u00facha fez quatro gols em um jogo.<\/p><\/blockquote>\n<p>Na pr\u00f3xima rodada o Gr\u00eamio ter\u00e1 pela frente o Crici\u00fama, em Santa Catarina, s\u00e1bado \u00e0s 19h30. J\u00e1 o Inter recebe Goi\u00e1s no domingo \u00e0s 17h.<\/p>\n<p>O Gr\u00eamio come\u00e7ou melhor. Com a marca\u00e7\u00e3o adiantada, o time tricolor n\u00e3o precisou nem de um minuto para criar a primeira chance de gol. Aos 20 segundos de partida, Barcos encontrou Dudu dentro da \u00e1rea. O atacante bateu e Alisson pegou.<\/p>\n<p>A press\u00e3o exercida na sa\u00edda de bola for\u00e7ou o Inter a uma s\u00e9rie de erros. Os visitantes n\u00e3o criaram nada. Ramiro, aos 5 minutos, chutou por cima a segunda boa chance gremista. Barcos, aos 13, tamb\u00e9m esteve perto de marcar.<\/p>\n<p>Sem conseguir organizar boas jogadas ofensivas, o Inter tratou de recuar. E sofreu o gol. Aos 27 minutos, Willians perdeu para Dudu, tabelou com Barcos, driblou Ar\u00e1nguiz e cruzou. Luan entrou de carrinho e colocou na rede.<\/p>\n<p>E o primeiro chute do Inter s\u00f3 aconteceu aos 32 minutos. Cobran\u00e7a de falta de Alan Patrick bateu na barreira e subiu, Alan Costa escorou e Nilmar deu uma bicicleta para fora. A resposta veio aos 36. Luan ganhou de Alan Rushel e bateu. Alisson pegou. Marcelo Grohe s\u00f3 fez a primeira defesa aos 40. Alex bateu de fora da \u00e1rea e o camisa 1 espalmou.<\/p>\n<p>O Inter emparelhou no fim do jogo. Aos 44, Alan Patrick obrigou Grohe a espalmar de novo. Nilmar, no rebote, n\u00e3o chegou a tempo. Mas n\u00e3o igualou o placar na metade inicial.<\/p>\n<p>E logo no come\u00e7o do segundo tempo, o Tricolor ampliou a vantagem. Uma troca de passes com Dudu e Luan acabou nos p\u00e9s de Ramiro, que rolou para a rede marcando o segundo gol gremista, aos 3 minutos. Abel Braga resolveu atuar. Tirou Alan Patrick e botou Rafael Moura. Deu certo. Aos 15 minutos, o He-Man acertou uma pancada de fora da \u00e1rea e descontou.<\/p>\n<p>Aos 18, Dudu foi lan\u00e7ado por Barcos e cruzou para Luan. Wellington Silva salvou o Inter. O quadro do primeiro tempo se inverteu. Foi o Inter que mandou nos 45 finais. Mas ao mesmo tempo que atacou, o Inter deu espa\u00e7os. Giuliano, aos 27, entrou a dribles na \u00e1rea e Alisson defendeu um forte chute. Quatro minutos mais tarde, Z\u00e9 Roberto cobrou falta cruzada, ningu\u00e9m afastou e na segunda trave Al\u00e1n Ruiz sacramentou a vit\u00f3ria gremista.<\/p>\n<p>O que j\u00e1 era bom para os gremistas ficou ainda melhor aos 36 minutos da etapa final. Giuliano rolou para Al\u00e1n Ruiz fazer o quarto. O argentino foi comemorar em frente ao banco do Inter e gerou revolta. Ap\u00f3s minutos de confus\u00e3o, o jogo teve sequ\u00eancia para vibra\u00e7\u00e3o gremista. Ao som de &#8216;Ol\u00e9&#8217;, o Gr\u00eamio celebrou a vit\u00f3ria.<\/p>\n","protected":false},"excerpt":{"rendered":"<p>O Gr\u00eamio voltou a vencer Gre-Nal. Foi neste domingo, ao aplicar uma goleada de 4 a 1 em seu tradicional advers\u00e1rio. Os gols foram de Ramiro, Al\u00e1n Ruiz duas vezes e Dudu. Rafael Moura descontou para o Internacional. O resultado quebra tabu de jamais ter superado o Inter na Arena, acaba com jejum de dois [&hellip;]<\/p>\n","protected":false},"author":2,"featured_media":27575,"comment_status":"open","ping_status":"closed","sticky":false,"template":"","format":"standard","meta":{"_acf_changed":false,"footnotes":""},"categories":[19,29],"tags":[],"class_list":["post-27574","post","type-post","status-publish","format-standard","has-post-thumbnail","hentry","category-esportes","category-futebol"],"acf":[],"yoast_head":"<!-- This site is optimized with the Yoast SEO plugin v27.2 - https:\/\/yoast.com\/product\/yoast-seo-wordpress\/ -->\n<title>Gr\u00eamio humilha o Internacional com 4 a 1 e se fixa de vez no G4 - Notibras<\/title>\n<meta name=\"robots\" content=\"index, follow, max-snippet:-1, max-image-preview:large, max-video-preview:-1\" \/>\n<link rel=\"canonical\" href=\"https:\/\/www.notibras.com\/site\/gremio-humilha-internacional-com-goleada-de-4-a-1-e-se-fixa-de-vez-no-g4\/\" \/>\n<meta property=\"og:locale\" content=\"pt_BR\" \/>\n<meta property=\"og:type\" content=\"article\" \/>\n<meta property=\"og:title\" content=\"Gr\u00eamio humilha o Internacional com 4 a 1 e se fixa de vez no G4 - Notibras\" \/>\n<meta property=\"og:description\" content=\"O Gr\u00eamio voltou a vencer Gre-Nal. Foi neste domingo, ao aplicar uma goleada de 4 a 1 em seu tradicional advers\u00e1rio. Os gols foram de Ramiro, Al\u00e1n Ruiz duas vezes e Dudu. Rafael Moura descontou para o Internacional. O resultado quebra tabu de jamais ter superado o Inter na Arena, acaba com jejum de dois [&hellip;]\" \/>\n<meta property=\"og:url\" content=\"https:\/\/www.notibras.com\/site\/gremio-humilha-internacional-com-goleada-de-4-a-1-e-se-fixa-de-vez-no-g4\/\" \/>\n<meta property=\"og:site_name\" content=\"Notibras\" \/>\n<meta property=\"article:publisher\" content=\"https:\/\/www.facebook.com\/notibras\/\" \/>\n<meta property=\"article:published_time\" content=\"2014-11-09T21:08:15+00:00\" \/>\n<meta property=\"article:modified_time\" content=\"2014-11-10T11:23:22+00:00\" \/>\n<meta property=\"og:image\" content=\"https:\/\/www.notibras.com\/site\/wp-content\/uploads\/2014\/11\/gre.jpg\" \/>\n\t<meta property=\"og:image:width\" content=\"300\" \/>\n\t<meta property=\"og:image:height\" content=\"200\" \/>\n\t<meta property=\"og:image:type\" content=\"image\/jpeg\" \/>\n<meta name=\"author\" content=\"Reda\u00e7\u00e3o\" \/>\n<meta name=\"twitter:card\" content=\"summary_large_image\" \/>\n<meta name=\"twitter:creator\" content=\"@Notibras\" \/>\n<meta name=\"twitter:site\" content=\"@Notibras\" \/>\n<meta name=\"twitter:label1\" content=\"Escrito por\" \/>\n\t<meta name=\"twitter:data1\" content=\"Reda\u00e7\u00e3o\" \/>\n\t<meta name=\"twitter:label2\" content=\"Est. tempo de leitura\" \/>\n\t<meta name=\"twitter:data2\" content=\"3 minutos\" \/>\n<script type=\"application\/ld+json\" class=\"yoast-schema-graph\">{\"@context\":\"https:\/\/schema.org\",\"@graph\":[{\"@type\":\"Article\",\"@id\":\"https:\/\/www.notibras.com\/site\/gremio-humilha-internacional-com-goleada-de-4-a-1-e-se-fixa-de-vez-no-g4\/#article\",\"isPartOf\":{\"@id\":\"https:\/\/www.notibras.com\/site\/gremio-humilha-internacional-com-goleada-de-4-a-1-e-se-fixa-de-vez-no-g4\/\"},\"author\":{\"name\":\"Reda\u00e7\u00e3o\",\"@id\":\"https:\/\/www.notibras.com\/site\/#\/schema\/person\/36ab0979449956132d3e5b517ea76ac8\"},\"headline\":\"Gr\u00eamio humilha o Internacional com 4 a 1 e se fixa de vez no G4\",\"datePublished\":\"2014-11-09T21:08:15+00:00\",\"dateModified\":\"2014-11-10T11:23:22+00:00\",\"mainEntityOfPage\":{\"@id\":\"https:\/\/www.notibras.com\/site\/gremio-humilha-internacional-com-goleada-de-4-a-1-e-se-fixa-de-vez-no-g4\/\"},\"wordCount\":643,\"commentCount\":0,\"publisher\":{\"@id\":\"https:\/\/www.notibras.com\/site\/#organization\"},\"image\":{\"@id\":\"https:\/\/www.notibras.com\/site\/gremio-humilha-internacional-com-goleada-de-4-a-1-e-se-fixa-de-vez-no-g4\/#primaryimage\"},\"thumbnailUrl\":\"https:\/\/www.notibras.com\/site\/wp-content\/uploads\/2014\/11\/gre.jpg\",\"articleSection\":[\"Esportes\",\"Futebol\"],\"inLanguage\":\"pt-BR\",\"potentialAction\":[{\"@type\":\"CommentAction\",\"name\":\"Comment\",\"target\":[\"https:\/\/www.notibras.com\/site\/gremio-humilha-internacional-com-goleada-de-4-a-1-e-se-fixa-de-vez-no-g4\/#respond\"]}]},{\"@type\":\"WebPage\",\"@id\":\"https:\/\/www.notibras.com\/site\/gremio-humilha-internacional-com-goleada-de-4-a-1-e-se-fixa-de-vez-no-g4\/\",\"url\":\"https:\/\/www.notibras.com\/site\/gremio-humilha-internacional-com-goleada-de-4-a-1-e-se-fixa-de-vez-no-g4\/\",\"name\":\"Gr\u00eamio humilha o Internacional com 4 a 1 e se fixa de vez no G4 - Notibras\",\"isPartOf\":{\"@id\":\"https:\/\/www.notibras.com\/site\/#website\"},\"primaryImageOfPage\":{\"@id\":\"https:\/\/www.notibras.com\/site\/gremio-humilha-internacional-com-goleada-de-4-a-1-e-se-fixa-de-vez-no-g4\/#primaryimage\"},\"image\":{\"@id\":\"https:\/\/www.notibras.com\/site\/gremio-humilha-internacional-com-goleada-de-4-a-1-e-se-fixa-de-vez-no-g4\/#primaryimage\"},\"thumbnailUrl\":\"https:\/\/www.notibras.com\/site\/wp-content\/uploads\/2014\/11\/gre.jpg\",\"datePublished\":\"2014-11-09T21:08:15+00:00\",\"dateModified\":\"2014-11-10T11:23:22+00:00\",\"breadcrumb\":{\"@id\":\"https:\/\/www.notibras.com\/site\/gremio-humilha-internacional-com-goleada-de-4-a-1-e-se-fixa-de-vez-no-g4\/#breadcrumb\"},\"inLanguage\":\"pt-BR\",\"potentialAction\":[{\"@type\":\"ReadAction\",\"target\":[\"https:\/\/www.notibras.com\/site\/gremio-humilha-internacional-com-goleada-de-4-a-1-e-se-fixa-de-vez-no-g4\/\"]}]},{\"@type\":\"ImageObject\",\"inLanguage\":\"pt-BR\",\"@id\":\"https:\/\/www.notibras.com\/site\/gremio-humilha-internacional-com-goleada-de-4-a-1-e-se-fixa-de-vez-no-g4\/#primaryimage\",\"url\":\"https:\/\/www.notibras.com\/site\/wp-content\/uploads\/2014\/11\/gre.jpg\",\"contentUrl\":\"https:\/\/www.notibras.com\/site\/wp-content\/uploads\/2014\/11\/gre.jpg\",\"width\":300,\"height\":200},{\"@type\":\"BreadcrumbList\",\"@id\":\"https:\/\/www.notibras.com\/site\/gremio-humilha-internacional-com-goleada-de-4-a-1-e-se-fixa-de-vez-no-g4\/#breadcrumb\",\"itemListElement\":[{\"@type\":\"ListItem\",\"position\":1,\"name\":\"In\u00edcio\",\"item\":\"https:\/\/www.notibras.com\/site\/\"},{\"@type\":\"ListItem\",\"position\":2,\"name\":\"Gr\u00eamio humilha o Internacional com 4 a 1 e se fixa de vez no G4\"}]},{\"@type\":\"WebSite\",\"@id\":\"https:\/\/www.notibras.com\/site\/#website\",\"url\":\"https:\/\/www.notibras.com\/site\/\",\"name\":\"Notibras\",\"description\":\"Not\u00edcias de Bras\u00edlia, do Brasil e do Mundo\",\"publisher\":{\"@id\":\"https:\/\/www.notibras.com\/site\/#organization\"},\"potentialAction\":[{\"@type\":\"SearchAction\",\"target\":{\"@type\":\"EntryPoint\",\"urlTemplate\":\"https:\/\/www.notibras.com\/site\/?s={search_term_string}\"},\"query-input\":{\"@type\":\"PropertyValueSpecification\",\"valueRequired\":true,\"valueName\":\"search_term_string\"}}],\"inLanguage\":\"pt-BR\"},{\"@type\":\"Organization\",\"@id\":\"https:\/\/www.notibras.com\/site\/#organization\",\"name\":\"Grupo Notibras de Comunica\u00e7\u00e3o\",\"url\":\"https:\/\/www.notibras.com\/site\/\",\"logo\":{\"@type\":\"ImageObject\",\"inLanguage\":\"pt-BR\",\"@id\":\"https:\/\/www.notibras.com\/site\/#\/schema\/logo\/image\/\",\"url\":\"https:\/\/www.notibras.com\/site\/wp-content\/uploads\/2023\/01\/notibras23.png\",\"contentUrl\":\"https:\/\/www.notibras.com\/site\/wp-content\/uploads\/2023\/01\/notibras23.png\",\"width\":350,\"height\":87,\"caption\":\"Grupo Notibras de Comunica\u00e7\u00e3o\"},\"image\":{\"@id\":\"https:\/\/www.notibras.com\/site\/#\/schema\/logo\/image\/\"},\"sameAs\":[\"https:\/\/www.facebook.com\/notibras\/\",\"https:\/\/x.com\/Notibras\",\"https:\/\/www.instagram.com\/notibras\/\"]},{\"@type\":\"Person\",\"@id\":\"https:\/\/www.notibras.com\/site\/#\/schema\/person\/36ab0979449956132d3e5b517ea76ac8\",\"name\":\"Reda\u00e7\u00e3o\",\"image\":{\"@type\":\"ImageObject\",\"inLanguage\":\"pt-BR\",\"@id\":\"https:\/\/secure.gravatar.com\/avatar\/e0a867bdedb85fd243eadf09663511f96fc81e0720a4a42581f334ad4303aa6b?s=96&d=mm&r=g\",\"url\":\"https:\/\/secure.gravatar.com\/avatar\/e0a867bdedb85fd243eadf09663511f96fc81e0720a4a42581f334ad4303aa6b?s=96&d=mm&r=g\",\"contentUrl\":\"https:\/\/secure.gravatar.com\/avatar\/e0a867bdedb85fd243eadf09663511f96fc81e0720a4a42581f334ad4303aa6b?s=96&d=mm&r=g\",\"caption\":\"Reda\u00e7\u00e3o\"}}]}<\/script>\n<!-- \/ Yoast SEO plugin. -->","yoast_head_json":{"title":"Gr\u00eamio humilha o Internacional com 4 a 1 e se fixa de vez no G4 - Notibras","robots":{"index":"index","follow":"follow","max-snippet":"max-snippet:-1","max-image-preview":"max-image-preview:large","max-video-preview":"max-video-preview:-1"},"canonical":"https:\/\/www.notibras.com\/site\/gremio-humilha-internacional-com-goleada-de-4-a-1-e-se-fixa-de-vez-no-g4\/","og_locale":"pt_BR","og_type":"article","og_title":"Gr\u00eamio humilha o Internacional com 4 a 1 e se fixa de vez no G4 - Notibras","og_description":"O Gr\u00eamio voltou a vencer Gre-Nal. Foi neste domingo, ao aplicar uma goleada de 4 a 1 em seu tradicional advers\u00e1rio. Os gols foram de Ramiro, Al\u00e1n Ruiz duas vezes e Dudu. Rafael Moura descontou para o Internacional. O resultado quebra tabu de jamais ter superado o Inter na Arena, acaba com jejum de dois [&hellip;]","og_url":"https:\/\/www.notibras.com\/site\/gremio-humilha-internacional-com-goleada-de-4-a-1-e-se-fixa-de-vez-no-g4\/","og_site_name":"Notibras","article_publisher":"https:\/\/www.facebook.com\/notibras\/","article_published_time":"2014-11-09T21:08:15+00:00","article_modified_time":"2014-11-10T11:23:22+00:00","og_image":[{"width":300,"height":200,"url":"https:\/\/www.notibras.com\/site\/wp-content\/uploads\/2014\/11\/gre.jpg","type":"image\/jpeg"}],"author":"Reda\u00e7\u00e3o","twitter_card":"summary_large_image","twitter_creator":"@Notibras","twitter_site":"@Notibras","twitter_misc":{"Escrito por":"Reda\u00e7\u00e3o","Est. tempo de leitura":"3 minutos"},"schema":{"@context":"https:\/\/schema.org","@graph":[{"@type":"Article","@id":"https:\/\/www.notibras.com\/site\/gremio-humilha-internacional-com-goleada-de-4-a-1-e-se-fixa-de-vez-no-g4\/#article","isPartOf":{"@id":"https:\/\/www.notibras.com\/site\/gremio-humilha-internacional-com-goleada-de-4-a-1-e-se-fixa-de-vez-no-g4\/"},"author":{"name":"Reda\u00e7\u00e3o","@id":"https:\/\/www.notibras.com\/site\/#\/schema\/person\/36ab0979449956132d3e5b517ea76ac8"},"headline":"Gr\u00eamio humilha o Internacional com 4 a 1 e se fixa de vez no G4","datePublished":"2014-11-09T21:08:15+00:00","dateModified":"2014-11-10T11:23:22+00:00","mainEntityOfPage":{"@id":"https:\/\/www.notibras.com\/site\/gremio-humilha-internacional-com-goleada-de-4-a-1-e-se-fixa-de-vez-no-g4\/"},"wordCount":643,"commentCount":0,"publisher":{"@id":"https:\/\/www.notibras.com\/site\/#organization"},"image":{"@id":"https:\/\/www.notibras.com\/site\/gremio-humilha-internacional-com-goleada-de-4-a-1-e-se-fixa-de-vez-no-g4\/#primaryimage"},"thumbnailUrl":"https:\/\/www.notibras.com\/site\/wp-content\/uploads\/2014\/11\/gre.jpg","articleSection":["Esportes","Futebol"],"inLanguage":"pt-BR","potentialAction":[{"@type":"CommentAction","name":"Comment","target":["https:\/\/www.notibras.com\/site\/gremio-humilha-internacional-com-goleada-de-4-a-1-e-se-fixa-de-vez-no-g4\/#respond"]}]},{"@type":"WebPage","@id":"https:\/\/www.notibras.com\/site\/gremio-humilha-internacional-com-goleada-de-4-a-1-e-se-fixa-de-vez-no-g4\/","url":"https:\/\/www.notibras.com\/site\/gremio-humilha-internacional-com-goleada-de-4-a-1-e-se-fixa-de-vez-no-g4\/","name":"Gr\u00eamio humilha o Internacional com 4 a 1 e se fixa de vez no G4 - Notibras","isPartOf":{"@id":"https:\/\/www.notibras.com\/site\/#website"},"primaryImageOfPage":{"@id":"https:\/\/www.notibras.com\/site\/gremio-humilha-internacional-com-goleada-de-4-a-1-e-se-fixa-de-vez-no-g4\/#primaryimage"},"image":{"@id":"https:\/\/www.notibras.com\/site\/gremio-humilha-internacional-com-goleada-de-4-a-1-e-se-fixa-de-vez-no-g4\/#primaryimage"},"thumbnailUrl":"https:\/\/www.notibras.com\/site\/wp-content\/uploads\/2014\/11\/gre.jpg","datePublished":"2014-11-09T21:08:15+00:00","dateModified":"2014-11-10T11:23:22+00:00","breadcrumb":{"@id":"https:\/\/www.notibras.com\/site\/gremio-humilha-internacional-com-goleada-de-4-a-1-e-se-fixa-de-vez-no-g4\/#breadcrumb"},"inLanguage":"pt-BR","potentialAction":[{"@type":"ReadAction","target":["https:\/\/www.notibras.com\/site\/gremio-humilha-internacional-com-goleada-de-4-a-1-e-se-fixa-de-vez-no-g4\/"]}]},{"@type":"ImageObject","inLanguage":"pt-BR","@id":"https:\/\/www.notibras.com\/site\/gremio-humilha-internacional-com-goleada-de-4-a-1-e-se-fixa-de-vez-no-g4\/#primaryimage","url":"https:\/\/www.notibras.com\/site\/wp-content\/uploads\/2014\/11\/gre.jpg","contentUrl":"https:\/\/www.notibras.com\/site\/wp-content\/uploads\/2014\/11\/gre.jpg","width":300,"height":200},{"@type":"BreadcrumbList","@id":"https:\/\/www.notibras.com\/site\/gremio-humilha-internacional-com-goleada-de-4-a-1-e-se-fixa-de-vez-no-g4\/#breadcrumb","itemListElement":[{"@type":"ListItem","position":1,"name":"In\u00edcio","item":"https:\/\/www.notibras.com\/site\/"},{"@type":"ListItem","position":2,"name":"Gr\u00eamio humilha o Internacional com 4 a 1 e se fixa de vez no G4"}]},{"@type":"WebSite","@id":"https:\/\/www.notibras.com\/site\/#website","url":"https:\/\/www.notibras.com\/site\/","name":"Notibras","description":"Not\u00edcias de Bras\u00edlia, do Brasil e do Mundo","publisher":{"@id":"https:\/\/www.notibras.com\/site\/#organization"},"potentialAction":[{"@type":"SearchAction","target":{"@type":"EntryPoint","urlTemplate":"https:\/\/www.notibras.com\/site\/?s={search_term_string}"},"query-input":{"@type":"PropertyValueSpecification","valueRequired":true,"valueName":"search_term_string"}}],"inLanguage":"pt-BR"},{"@type":"Organization","@id":"https:\/\/www.notibras.com\/site\/#organization","name":"Grupo Notibras de Comunica\u00e7\u00e3o","url":"https:\/\/www.notibras.com\/site\/","logo":{"@type":"ImageObject","inLanguage":"pt-BR","@id":"https:\/\/www.notibras.com\/site\/#\/schema\/logo\/image\/","url":"https:\/\/www.notibras.com\/site\/wp-content\/uploads\/2023\/01\/notibras23.png","contentUrl":"https:\/\/www.notibras.com\/site\/wp-content\/uploads\/2023\/01\/notibras23.png","width":350,"height":87,"caption":"Grupo Notibras de Comunica\u00e7\u00e3o"},"image":{"@id":"https:\/\/www.notibras.com\/site\/#\/schema\/logo\/image\/"},"sameAs":["https:\/\/www.facebook.com\/notibras\/","https:\/\/x.com\/Notibras","https:\/\/www.instagram.com\/notibras\/"]},{"@type":"Person","@id":"https:\/\/www.notibras.com\/site\/#\/schema\/person\/36ab0979449956132d3e5b517ea76ac8","name":"Reda\u00e7\u00e3o","image":{"@type":"ImageObject","inLanguage":"pt-BR","@id":"https:\/\/secure.gravatar.com\/avatar\/e0a867bdedb85fd243eadf09663511f96fc81e0720a4a42581f334ad4303aa6b?s=96&d=mm&r=g","url":"https:\/\/secure.gravatar.com\/avatar\/e0a867bdedb85fd243eadf09663511f96fc81e0720a4a42581f334ad4303aa6b?s=96&d=mm&r=g","contentUrl":"https:\/\/secure.gravatar.com\/avatar\/e0a867bdedb85fd243eadf09663511f96fc81e0720a4a42581f334ad4303aa6b?s=96&d=mm&r=g","caption":"Reda\u00e7\u00e3o"}}]}},"amp_enabled":true,"_links":{"self":[{"href":"https:\/\/www.notibras.com\/site\/wp-json\/wp\/v2\/posts\/27574","targetHints":{"allow":["GET"]}}],"collection":[{"href":"https:\/\/www.notibras.com\/site\/wp-json\/wp\/v2\/posts"}],"about":[{"href":"https:\/\/www.notibras.com\/site\/wp-json\/wp\/v2\/types\/post"}],"author":[{"embeddable":true,"href":"https:\/\/www.notibras.com\/site\/wp-json\/wp\/v2\/users\/2"}],"replies":[{"embeddable":true,"href":"https:\/\/www.notibras.com\/site\/wp-json\/wp\/v2\/comments?post=27574"}],"version-history":[{"count":0,"href":"https:\/\/www.notibras.com\/site\/wp-json\/wp\/v2\/posts\/27574\/revisions"}],"wp:featuredmedia":[{"embeddable":true,"href":"https:\/\/www.notibras.com\/site\/wp-json\/wp\/v2\/media\/27575"}],"wp:attachment":[{"href":"https:\/\/www.notibras.com\/site\/wp-json\/wp\/v2\/media?parent=27574"}],"wp:term":[{"taxonomy":"category","embeddable":true,"href":"https:\/\/www.notibras.com\/site\/wp-json\/wp\/v2\/categories?post=27574"},{"taxonomy":"post_tag","embeddable":true,"href":"https:\/\/www.notibras.com\/site\/wp-json\/wp\/v2\/tags?post=27574"}],"curies":[{"name":"wp","href":"https:\/\/api.w.org\/{rel}","templated":true}]}}