{"id":27597,"date":"2014-11-09T16:37:41","date_gmt":"2014-11-09T19:37:41","guid":{"rendered":"http:\/\/www.notibras.com\/site\/?p=27597"},"modified":"2014-11-09T20:42:35","modified_gmt":"2014-11-09T23:42:35","slug":"goias-encerra-jejum-de-vitorias-e-afunda-bahia-no-serra-dourada","status":"publish","type":"post","link":"https:\/\/www.notibras.com\/site\/goias-encerra-jejum-de-vitorias-e-afunda-bahia-no-serra-dourada\/","title":{"rendered":"Goi\u00e1s encerra jejum de vit\u00f3rias e afunda Bahia no Serra Dourada"},"content":{"rendered":"<p>Acabou o jejum de vit\u00f3rias do Goi\u00e1s acabou encerrado. Ap\u00f3s ser derrotado por S\u00e3o Paulo e Fluminense, o Esmeraldino recebeu o Bahia, no Serra Dourada, e triunfou, pelo placar de 3 a 0. Os gols da vit\u00f3ria mandante, em compromisso v\u00e1lido pela 33\u00aa rodada do Campeonato Brasileiro, foram anotados por Thiago Mendes e \u00c9rik (duas vezes), na segunda etapa.<\/p>\n<p>Com o importante resultado conquistado, a representa\u00e7\u00e3o do Centro-Oeste chega aos 44 pontos, figurando em posi\u00e7\u00e3o intermedi\u00e1ria, com 12 vit\u00f3rias, oito empates e 13 derrotas. Por sua vez, o amea\u00e7ado Esquadr\u00e3o de A\u00e7o segue estacionado nas 31 unidades, na preocupante pen\u00faltima posi\u00e7\u00e3o, \u00e0 frente apenas do Crici\u00fama (30).<\/p>\n<p>O pr\u00f3ximo desafio da equipe dirigida por Ricardo Drubscky ser\u00e1 no dia 16 de novembro, domingo, \u00e0s 17 horas (de Bras\u00edlia), diante do Internacional, no Est\u00e1dio Beira-Rio. J\u00e1 os comandados de G\u00edlson Kleina ter\u00e3o pela frente o Corinthians, no mesmo dia e hor\u00e1rio, na Arena Fonte Nova.<\/p>\n<blockquote><p>Atuando em seus dom\u00ednios, o Goi\u00e1s criou a primeira boa chance da partida, aos 15 minutos: Ram\u00f3n dominou na regi\u00e3o central e finalizou firme, rasteiro. Entretanto, bem postado, Marcelo Lomba caiu no canto direito para espalmar. Com 23 jogados, Thiago Mendes fez boa jogada e acionou \u00c9rik na \u00e1rea. O jovem atacante fintou a marca\u00e7\u00e3o e concluiu colocado, por\u00e9m, viu a bola tomar o caminho da linha de fundo.<\/p><\/blockquote>\n<p>Quando o rel\u00f3gio apontou a marca dos 32, o Bahia carimbou a trave de Renan, em cabe\u00e7ada firme do volante Rafael Miranda, ap\u00f3s cruzamento de Guilherme Santos. Contudo, o \u00e1rbitro paulista Raphael Claus invalidou o lance, enxergando irregularidade na jogada. Tr\u00eas minutos mais tarde, o Esmeraldino respondeu: Thiago Mendes dominou na intermedi\u00e1ria e tocou para tr\u00e1s, buscando David. O experiente meia finalizou de primeira e exigiu interven\u00e7\u00e3o providencial de Marcelo Lomba, que caiu no canto direito para segurar firme.<\/p>\n<p>A \u00faltima chance do primeiro per\u00edodo coube aos esfor\u00e7ados comandados de Ricardo Drubscky. David dominou na intermedi\u00e1ria, ergueu a cabe\u00e7a e realizou belo passe para Esquerdinha. O meia-atacante, campe\u00e3o paulista pelo Ituano, finalizou firme e colocado. Por\u00e9m, viu a bola passar rente ao \u00e2ngulo direito dos nordestinos.<\/p>\n<p>Logo aos quatro jogados, o Goi\u00e1s criou uma bela chance para inaugurar o marcador no Serra Dourada: Felipe Macedo recebeu na ponta direita, ergueu a cabe\u00e7a e cruzou na \u00e1rea. Esquerdinha emendou um acrob\u00e1tico voleio, por\u00e9m, parou em grande interven\u00e7\u00e3o de Marcelo Lomba. Entretanto, com 16 minutos, quando Ricardo Drubscky j\u00e1 havia trocado Ram\u00f3n por Bruno Mineiro, o tento mandante saiu. Thiago Mendes dominou na regi\u00e3o central e realizou um belo passe para \u00c9rik, que concluiu com firmeza e categoria, na sa\u00edda de Renan.<\/p>\n<p>Quando o rel\u00f3gio apontou a marca dos 18, G\u00edlson Kleina sacou o volante L\u00e9o Gago e promoveu a entrada do atacante William Barbio, configurando o Bahia no esquema 4-3-3. Mais ofensivo, o Esquadr\u00e3o de A\u00e7o apresentou sobras no setor de marca\u00e7\u00e3o, que o clube da casa soube aproveitar. Aos 24 minutos, \u00c9rik, acionado em liberdade, invadiu a \u00e1rea e concluiu com sutileza, na sa\u00edda de Marcelo Lomba, para ampliar a vantagem.<\/p>\n<p>A \u00faltima cartada de Kleina foi trocar seis por meia d\u00fazia, sacando Rafinha e promovendo a entrada de Henrique, com passagens por S\u00e3o Paulo e Botafogo. Todavia, foi o Goi\u00e1s o clube que balan\u00e7ou a rede: aos 29 minutos, \u00c9rik dominou na intermedi\u00e1ria e acabou derrubado por Lucas Fonseca. Na cobran\u00e7a, Thiago Mendes, com t\u00e9cnica e malandragem, surpreendeu a barreira tricolor e concluiu rasteiro, \u00e0 Ronaldinho Ga\u00facho. Marcelo Lomba se esticou no canto direito, mas em v\u00e3o.<\/p>\n","protected":false},"excerpt":{"rendered":"<p>Acabou o jejum de vit\u00f3rias do Goi\u00e1s acabou encerrado. Ap\u00f3s ser derrotado por S\u00e3o Paulo e Fluminense, o Esmeraldino recebeu o Bahia, no Serra Dourada, e triunfou, pelo placar de 3 a 0. Os gols da vit\u00f3ria mandante, em compromisso v\u00e1lido pela 33\u00aa rodada do Campeonato Brasileiro, foram anotados por Thiago Mendes e \u00c9rik (duas [&hellip;]<\/p>\n","protected":false},"author":2,"featured_media":27598,"comment_status":"open","ping_status":"closed","sticky":false,"template":"","format":"standard","meta":{"_acf_changed":false,"footnotes":""},"categories":[19,29],"tags":[],"class_list":["post-27597","post","type-post","status-publish","format-standard","has-post-thumbnail","hentry","category-esportes","category-futebol"],"acf":[],"yoast_head":"<!-- This site is optimized with the Yoast SEO plugin v27.2 - https:\/\/yoast.com\/product\/yoast-seo-wordpress\/ -->\n<title>Goi\u00e1s encerra jejum de vit\u00f3rias e afunda Bahia no Serra Dourada - Notibras<\/title>\n<meta name=\"robots\" content=\"index, follow, max-snippet:-1, max-image-preview:large, max-video-preview:-1\" \/>\n<link rel=\"canonical\" href=\"https:\/\/www.notibras.com\/site\/goias-encerra-jejum-de-vitorias-e-afunda-bahia-no-serra-dourada\/\" \/>\n<meta property=\"og:locale\" content=\"pt_BR\" \/>\n<meta property=\"og:type\" content=\"article\" \/>\n<meta property=\"og:title\" content=\"Goi\u00e1s encerra jejum de vit\u00f3rias e afunda Bahia no Serra Dourada - Notibras\" \/>\n<meta property=\"og:description\" content=\"Acabou o jejum de vit\u00f3rias do Goi\u00e1s acabou encerrado. Ap\u00f3s ser derrotado por S\u00e3o Paulo e Fluminense, o Esmeraldino recebeu o Bahia, no Serra Dourada, e triunfou, pelo placar de 3 a 0. Os gols da vit\u00f3ria mandante, em compromisso v\u00e1lido pela 33\u00aa rodada do Campeonato Brasileiro, foram anotados por Thiago Mendes e \u00c9rik (duas [&hellip;]\" \/>\n<meta property=\"og:url\" content=\"https:\/\/www.notibras.com\/site\/goias-encerra-jejum-de-vitorias-e-afunda-bahia-no-serra-dourada\/\" \/>\n<meta property=\"og:site_name\" content=\"Notibras\" \/>\n<meta property=\"article:publisher\" content=\"https:\/\/www.facebook.com\/notibras\/\" \/>\n<meta property=\"article:published_time\" content=\"2014-11-09T19:37:41+00:00\" \/>\n<meta property=\"article:modified_time\" content=\"2014-11-09T23:42:35+00:00\" \/>\n<meta property=\"og:image\" content=\"https:\/\/www.notibras.com\/site\/wp-content\/uploads\/2014\/11\/ba.jpeg\" \/>\n\t<meta property=\"og:image:width\" content=\"259\" \/>\n\t<meta property=\"og:image:height\" content=\"194\" \/>\n\t<meta property=\"og:image:type\" content=\"image\/jpeg\" \/>\n<meta name=\"author\" content=\"Reda\u00e7\u00e3o\" \/>\n<meta name=\"twitter:card\" content=\"summary_large_image\" \/>\n<meta name=\"twitter:creator\" content=\"@Notibras\" \/>\n<meta name=\"twitter:site\" content=\"@Notibras\" \/>\n<meta name=\"twitter:label1\" content=\"Escrito por\" \/>\n\t<meta name=\"twitter:data1\" content=\"Reda\u00e7\u00e3o\" \/>\n\t<meta name=\"twitter:label2\" content=\"Est. tempo de leitura\" \/>\n\t<meta name=\"twitter:data2\" content=\"3 minutos\" \/>\n<script type=\"application\/ld+json\" class=\"yoast-schema-graph\">{\"@context\":\"https:\/\/schema.org\",\"@graph\":[{\"@type\":\"Article\",\"@id\":\"https:\/\/www.notibras.com\/site\/goias-encerra-jejum-de-vitorias-e-afunda-bahia-no-serra-dourada\/#article\",\"isPartOf\":{\"@id\":\"https:\/\/www.notibras.com\/site\/goias-encerra-jejum-de-vitorias-e-afunda-bahia-no-serra-dourada\/\"},\"author\":{\"name\":\"Reda\u00e7\u00e3o\",\"@id\":\"https:\/\/www.notibras.com\/site\/#\/schema\/person\/36ab0979449956132d3e5b517ea76ac8\"},\"headline\":\"Goi\u00e1s encerra jejum de vit\u00f3rias e afunda Bahia no Serra Dourada\",\"datePublished\":\"2014-11-09T19:37:41+00:00\",\"dateModified\":\"2014-11-09T23:42:35+00:00\",\"mainEntityOfPage\":{\"@id\":\"https:\/\/www.notibras.com\/site\/goias-encerra-jejum-de-vitorias-e-afunda-bahia-no-serra-dourada\/\"},\"wordCount\":641,\"commentCount\":0,\"publisher\":{\"@id\":\"https:\/\/www.notibras.com\/site\/#organization\"},\"image\":{\"@id\":\"https:\/\/www.notibras.com\/site\/goias-encerra-jejum-de-vitorias-e-afunda-bahia-no-serra-dourada\/#primaryimage\"},\"thumbnailUrl\":\"https:\/\/www.notibras.com\/site\/wp-content\/uploads\/2014\/11\/ba.jpeg\",\"articleSection\":[\"Esportes\",\"Futebol\"],\"inLanguage\":\"pt-BR\",\"potentialAction\":[{\"@type\":\"CommentAction\",\"name\":\"Comment\",\"target\":[\"https:\/\/www.notibras.com\/site\/goias-encerra-jejum-de-vitorias-e-afunda-bahia-no-serra-dourada\/#respond\"]}]},{\"@type\":\"WebPage\",\"@id\":\"https:\/\/www.notibras.com\/site\/goias-encerra-jejum-de-vitorias-e-afunda-bahia-no-serra-dourada\/\",\"url\":\"https:\/\/www.notibras.com\/site\/goias-encerra-jejum-de-vitorias-e-afunda-bahia-no-serra-dourada\/\",\"name\":\"Goi\u00e1s encerra jejum de vit\u00f3rias e afunda Bahia no Serra Dourada - Notibras\",\"isPartOf\":{\"@id\":\"https:\/\/www.notibras.com\/site\/#website\"},\"primaryImageOfPage\":{\"@id\":\"https:\/\/www.notibras.com\/site\/goias-encerra-jejum-de-vitorias-e-afunda-bahia-no-serra-dourada\/#primaryimage\"},\"image\":{\"@id\":\"https:\/\/www.notibras.com\/site\/goias-encerra-jejum-de-vitorias-e-afunda-bahia-no-serra-dourada\/#primaryimage\"},\"thumbnailUrl\":\"https:\/\/www.notibras.com\/site\/wp-content\/uploads\/2014\/11\/ba.jpeg\",\"datePublished\":\"2014-11-09T19:37:41+00:00\",\"dateModified\":\"2014-11-09T23:42:35+00:00\",\"breadcrumb\":{\"@id\":\"https:\/\/www.notibras.com\/site\/goias-encerra-jejum-de-vitorias-e-afunda-bahia-no-serra-dourada\/#breadcrumb\"},\"inLanguage\":\"pt-BR\",\"potentialAction\":[{\"@type\":\"ReadAction\",\"target\":[\"https:\/\/www.notibras.com\/site\/goias-encerra-jejum-de-vitorias-e-afunda-bahia-no-serra-dourada\/\"]}]},{\"@type\":\"ImageObject\",\"inLanguage\":\"pt-BR\",\"@id\":\"https:\/\/www.notibras.com\/site\/goias-encerra-jejum-de-vitorias-e-afunda-bahia-no-serra-dourada\/#primaryimage\",\"url\":\"https:\/\/www.notibras.com\/site\/wp-content\/uploads\/2014\/11\/ba.jpeg\",\"contentUrl\":\"https:\/\/www.notibras.com\/site\/wp-content\/uploads\/2014\/11\/ba.jpeg\",\"width\":259,\"height\":194},{\"@type\":\"BreadcrumbList\",\"@id\":\"https:\/\/www.notibras.com\/site\/goias-encerra-jejum-de-vitorias-e-afunda-bahia-no-serra-dourada\/#breadcrumb\",\"itemListElement\":[{\"@type\":\"ListItem\",\"position\":1,\"name\":\"In\u00edcio\",\"item\":\"https:\/\/www.notibras.com\/site\/\"},{\"@type\":\"ListItem\",\"position\":2,\"name\":\"Goi\u00e1s encerra jejum de vit\u00f3rias e afunda Bahia no Serra Dourada\"}]},{\"@type\":\"WebSite\",\"@id\":\"https:\/\/www.notibras.com\/site\/#website\",\"url\":\"https:\/\/www.notibras.com\/site\/\",\"name\":\"Notibras\",\"description\":\"Not\u00edcias de Bras\u00edlia, do Brasil e do Mundo\",\"publisher\":{\"@id\":\"https:\/\/www.notibras.com\/site\/#organization\"},\"potentialAction\":[{\"@type\":\"SearchAction\",\"target\":{\"@type\":\"EntryPoint\",\"urlTemplate\":\"https:\/\/www.notibras.com\/site\/?s={search_term_string}\"},\"query-input\":{\"@type\":\"PropertyValueSpecification\",\"valueRequired\":true,\"valueName\":\"search_term_string\"}}],\"inLanguage\":\"pt-BR\"},{\"@type\":\"Organization\",\"@id\":\"https:\/\/www.notibras.com\/site\/#organization\",\"name\":\"Grupo Notibras de Comunica\u00e7\u00e3o\",\"url\":\"https:\/\/www.notibras.com\/site\/\",\"logo\":{\"@type\":\"ImageObject\",\"inLanguage\":\"pt-BR\",\"@id\":\"https:\/\/www.notibras.com\/site\/#\/schema\/logo\/image\/\",\"url\":\"https:\/\/www.notibras.com\/site\/wp-content\/uploads\/2023\/01\/notibras23.png\",\"contentUrl\":\"https:\/\/www.notibras.com\/site\/wp-content\/uploads\/2023\/01\/notibras23.png\",\"width\":350,\"height\":87,\"caption\":\"Grupo Notibras de Comunica\u00e7\u00e3o\"},\"image\":{\"@id\":\"https:\/\/www.notibras.com\/site\/#\/schema\/logo\/image\/\"},\"sameAs\":[\"https:\/\/www.facebook.com\/notibras\/\",\"https:\/\/x.com\/Notibras\",\"https:\/\/www.instagram.com\/notibras\/\"]},{\"@type\":\"Person\",\"@id\":\"https:\/\/www.notibras.com\/site\/#\/schema\/person\/36ab0979449956132d3e5b517ea76ac8\",\"name\":\"Reda\u00e7\u00e3o\",\"image\":{\"@type\":\"ImageObject\",\"inLanguage\":\"pt-BR\",\"@id\":\"https:\/\/secure.gravatar.com\/avatar\/e0a867bdedb85fd243eadf09663511f96fc81e0720a4a42581f334ad4303aa6b?s=96&d=mm&r=g\",\"url\":\"https:\/\/secure.gravatar.com\/avatar\/e0a867bdedb85fd243eadf09663511f96fc81e0720a4a42581f334ad4303aa6b?s=96&d=mm&r=g\",\"contentUrl\":\"https:\/\/secure.gravatar.com\/avatar\/e0a867bdedb85fd243eadf09663511f96fc81e0720a4a42581f334ad4303aa6b?s=96&d=mm&r=g\",\"caption\":\"Reda\u00e7\u00e3o\"}}]}<\/script>\n<!-- \/ Yoast SEO plugin. -->","yoast_head_json":{"title":"Goi\u00e1s encerra jejum de vit\u00f3rias e afunda Bahia no Serra Dourada - Notibras","robots":{"index":"index","follow":"follow","max-snippet":"max-snippet:-1","max-image-preview":"max-image-preview:large","max-video-preview":"max-video-preview:-1"},"canonical":"https:\/\/www.notibras.com\/site\/goias-encerra-jejum-de-vitorias-e-afunda-bahia-no-serra-dourada\/","og_locale":"pt_BR","og_type":"article","og_title":"Goi\u00e1s encerra jejum de vit\u00f3rias e afunda Bahia no Serra Dourada - Notibras","og_description":"Acabou o jejum de vit\u00f3rias do Goi\u00e1s acabou encerrado. Ap\u00f3s ser derrotado por S\u00e3o Paulo e Fluminense, o Esmeraldino recebeu o Bahia, no Serra Dourada, e triunfou, pelo placar de 3 a 0. Os gols da vit\u00f3ria mandante, em compromisso v\u00e1lido pela 33\u00aa rodada do Campeonato Brasileiro, foram anotados por Thiago Mendes e \u00c9rik (duas [&hellip;]","og_url":"https:\/\/www.notibras.com\/site\/goias-encerra-jejum-de-vitorias-e-afunda-bahia-no-serra-dourada\/","og_site_name":"Notibras","article_publisher":"https:\/\/www.facebook.com\/notibras\/","article_published_time":"2014-11-09T19:37:41+00:00","article_modified_time":"2014-11-09T23:42:35+00:00","og_image":[{"width":259,"height":194,"url":"https:\/\/www.notibras.com\/site\/wp-content\/uploads\/2014\/11\/ba.jpeg","type":"image\/jpeg"}],"author":"Reda\u00e7\u00e3o","twitter_card":"summary_large_image","twitter_creator":"@Notibras","twitter_site":"@Notibras","twitter_misc":{"Escrito por":"Reda\u00e7\u00e3o","Est. tempo de leitura":"3 minutos"},"schema":{"@context":"https:\/\/schema.org","@graph":[{"@type":"Article","@id":"https:\/\/www.notibras.com\/site\/goias-encerra-jejum-de-vitorias-e-afunda-bahia-no-serra-dourada\/#article","isPartOf":{"@id":"https:\/\/www.notibras.com\/site\/goias-encerra-jejum-de-vitorias-e-afunda-bahia-no-serra-dourada\/"},"author":{"name":"Reda\u00e7\u00e3o","@id":"https:\/\/www.notibras.com\/site\/#\/schema\/person\/36ab0979449956132d3e5b517ea76ac8"},"headline":"Goi\u00e1s encerra jejum de vit\u00f3rias e afunda Bahia no Serra Dourada","datePublished":"2014-11-09T19:37:41+00:00","dateModified":"2014-11-09T23:42:35+00:00","mainEntityOfPage":{"@id":"https:\/\/www.notibras.com\/site\/goias-encerra-jejum-de-vitorias-e-afunda-bahia-no-serra-dourada\/"},"wordCount":641,"commentCount":0,"publisher":{"@id":"https:\/\/www.notibras.com\/site\/#organization"},"image":{"@id":"https:\/\/www.notibras.com\/site\/goias-encerra-jejum-de-vitorias-e-afunda-bahia-no-serra-dourada\/#primaryimage"},"thumbnailUrl":"https:\/\/www.notibras.com\/site\/wp-content\/uploads\/2014\/11\/ba.jpeg","articleSection":["Esportes","Futebol"],"inLanguage":"pt-BR","potentialAction":[{"@type":"CommentAction","name":"Comment","target":["https:\/\/www.notibras.com\/site\/goias-encerra-jejum-de-vitorias-e-afunda-bahia-no-serra-dourada\/#respond"]}]},{"@type":"WebPage","@id":"https:\/\/www.notibras.com\/site\/goias-encerra-jejum-de-vitorias-e-afunda-bahia-no-serra-dourada\/","url":"https:\/\/www.notibras.com\/site\/goias-encerra-jejum-de-vitorias-e-afunda-bahia-no-serra-dourada\/","name":"Goi\u00e1s encerra jejum de vit\u00f3rias e afunda Bahia no Serra Dourada - Notibras","isPartOf":{"@id":"https:\/\/www.notibras.com\/site\/#website"},"primaryImageOfPage":{"@id":"https:\/\/www.notibras.com\/site\/goias-encerra-jejum-de-vitorias-e-afunda-bahia-no-serra-dourada\/#primaryimage"},"image":{"@id":"https:\/\/www.notibras.com\/site\/goias-encerra-jejum-de-vitorias-e-afunda-bahia-no-serra-dourada\/#primaryimage"},"thumbnailUrl":"https:\/\/www.notibras.com\/site\/wp-content\/uploads\/2014\/11\/ba.jpeg","datePublished":"2014-11-09T19:37:41+00:00","dateModified":"2014-11-09T23:42:35+00:00","breadcrumb":{"@id":"https:\/\/www.notibras.com\/site\/goias-encerra-jejum-de-vitorias-e-afunda-bahia-no-serra-dourada\/#breadcrumb"},"inLanguage":"pt-BR","potentialAction":[{"@type":"ReadAction","target":["https:\/\/www.notibras.com\/site\/goias-encerra-jejum-de-vitorias-e-afunda-bahia-no-serra-dourada\/"]}]},{"@type":"ImageObject","inLanguage":"pt-BR","@id":"https:\/\/www.notibras.com\/site\/goias-encerra-jejum-de-vitorias-e-afunda-bahia-no-serra-dourada\/#primaryimage","url":"https:\/\/www.notibras.com\/site\/wp-content\/uploads\/2014\/11\/ba.jpeg","contentUrl":"https:\/\/www.notibras.com\/site\/wp-content\/uploads\/2014\/11\/ba.jpeg","width":259,"height":194},{"@type":"BreadcrumbList","@id":"https:\/\/www.notibras.com\/site\/goias-encerra-jejum-de-vitorias-e-afunda-bahia-no-serra-dourada\/#breadcrumb","itemListElement":[{"@type":"ListItem","position":1,"name":"In\u00edcio","item":"https:\/\/www.notibras.com\/site\/"},{"@type":"ListItem","position":2,"name":"Goi\u00e1s encerra jejum de vit\u00f3rias e afunda Bahia no Serra Dourada"}]},{"@type":"WebSite","@id":"https:\/\/www.notibras.com\/site\/#website","url":"https:\/\/www.notibras.com\/site\/","name":"Notibras","description":"Not\u00edcias de Bras\u00edlia, do Brasil e do Mundo","publisher":{"@id":"https:\/\/www.notibras.com\/site\/#organization"},"potentialAction":[{"@type":"SearchAction","target":{"@type":"EntryPoint","urlTemplate":"https:\/\/www.notibras.com\/site\/?s={search_term_string}"},"query-input":{"@type":"PropertyValueSpecification","valueRequired":true,"valueName":"search_term_string"}}],"inLanguage":"pt-BR"},{"@type":"Organization","@id":"https:\/\/www.notibras.com\/site\/#organization","name":"Grupo Notibras de Comunica\u00e7\u00e3o","url":"https:\/\/www.notibras.com\/site\/","logo":{"@type":"ImageObject","inLanguage":"pt-BR","@id":"https:\/\/www.notibras.com\/site\/#\/schema\/logo\/image\/","url":"https:\/\/www.notibras.com\/site\/wp-content\/uploads\/2023\/01\/notibras23.png","contentUrl":"https:\/\/www.notibras.com\/site\/wp-content\/uploads\/2023\/01\/notibras23.png","width":350,"height":87,"caption":"Grupo Notibras de Comunica\u00e7\u00e3o"},"image":{"@id":"https:\/\/www.notibras.com\/site\/#\/schema\/logo\/image\/"},"sameAs":["https:\/\/www.facebook.com\/notibras\/","https:\/\/x.com\/Notibras","https:\/\/www.instagram.com\/notibras\/"]},{"@type":"Person","@id":"https:\/\/www.notibras.com\/site\/#\/schema\/person\/36ab0979449956132d3e5b517ea76ac8","name":"Reda\u00e7\u00e3o","image":{"@type":"ImageObject","inLanguage":"pt-BR","@id":"https:\/\/secure.gravatar.com\/avatar\/e0a867bdedb85fd243eadf09663511f96fc81e0720a4a42581f334ad4303aa6b?s=96&d=mm&r=g","url":"https:\/\/secure.gravatar.com\/avatar\/e0a867bdedb85fd243eadf09663511f96fc81e0720a4a42581f334ad4303aa6b?s=96&d=mm&r=g","contentUrl":"https:\/\/secure.gravatar.com\/avatar\/e0a867bdedb85fd243eadf09663511f96fc81e0720a4a42581f334ad4303aa6b?s=96&d=mm&r=g","caption":"Reda\u00e7\u00e3o"}}]}},"amp_enabled":true,"_links":{"self":[{"href":"https:\/\/www.notibras.com\/site\/wp-json\/wp\/v2\/posts\/27597","targetHints":{"allow":["GET"]}}],"collection":[{"href":"https:\/\/www.notibras.com\/site\/wp-json\/wp\/v2\/posts"}],"about":[{"href":"https:\/\/www.notibras.com\/site\/wp-json\/wp\/v2\/types\/post"}],"author":[{"embeddable":true,"href":"https:\/\/www.notibras.com\/site\/wp-json\/wp\/v2\/users\/2"}],"replies":[{"embeddable":true,"href":"https:\/\/www.notibras.com\/site\/wp-json\/wp\/v2\/comments?post=27597"}],"version-history":[{"count":0,"href":"https:\/\/www.notibras.com\/site\/wp-json\/wp\/v2\/posts\/27597\/revisions"}],"wp:featuredmedia":[{"embeddable":true,"href":"https:\/\/www.notibras.com\/site\/wp-json\/wp\/v2\/media\/27598"}],"wp:attachment":[{"href":"https:\/\/www.notibras.com\/site\/wp-json\/wp\/v2\/media?parent=27597"}],"wp:term":[{"taxonomy":"category","embeddable":true,"href":"https:\/\/www.notibras.com\/site\/wp-json\/wp\/v2\/categories?post=27597"},{"taxonomy":"post_tag","embeddable":true,"href":"https:\/\/www.notibras.com\/site\/wp-json\/wp\/v2\/tags?post=27597"}],"curies":[{"name":"wp","href":"https:\/\/api.w.org\/{rel}","templated":true}]}}